{"id":13659,"date":"2026-04-07T14:48:16","date_gmt":"2026-04-07T14:48:16","guid":{"rendered":"https:\/\/elhijodelllanero.mx\/?p=13659"},"modified":"2026-04-07T14:48:16","modified_gmt":"2026-04-07T14:48:16","slug":"saldo-blanco-en-semana-santa-mas-de-30-mil-asistentes-sin-incidentes","status":"publish","type":"post","link":"https:\/\/elhijodelllanero.mx\/index.php\/2026\/04\/07\/saldo-blanco-en-semana-santa-mas-de-30-mil-asistentes-sin-incidentes\/","title":{"rendered":"Saldo blanco en Semana Santa; m\u00e1s de 30 mil asistentes sin incidentes."},"content":{"rendered":"<p>Villagr\u00e1n, Gto. 7 de abril del 2026.-La Unidad de Protecci\u00f3n Civil report\u00f3 saldo blanco durante el periodo vacacional de Semana Santa, con una afluencia superior a las 30 mil personas entre balnearios y celebraciones religiosas.<\/p>\n<p>De acuerdo con su titular, Javier Villafuerte, del 25 de marzo al 6 de abril se registraron m\u00e1s de 23 mil visitantes en los tres balnearios del municipio, sin incidentes que reportar.<\/p>\n<p>En cuanto a las actividades religiosas, como el viacrucis y la Procesi\u00f3n del Silencio, se contabiliz\u00f3 la participaci\u00f3n de alrededor de 10 mil personas, tambi\u00e9n sin eventualidades relevantes.<\/p>\n<p>El funcionario destac\u00f3 la coordinaci\u00f3n entre Protecci\u00f3n Civil, Seguridad P\u00fablica, Tr\u00e1nsito y Movilidad, lo que permiti\u00f3 mantener vigilancia constante durante las actividades.<\/p>\n<p>Asimismo, inform\u00f3 que el operativo San Crist\u00f3bal continuar\u00e1 vigente esta semana, principalmente en balnearios y cuerpos de agua, con el objetivo de prevenir accidentes.<\/p>\n<p>Por su parte, Tr\u00e1nsito mantiene operativos para evitar que conductores circulen bajo los efectos del alcohol, con especial atenci\u00f3n en motociclistas.<\/p>\n","protected":false},"excerpt":{"rendered":"<p>Villagr\u00e1n, Gto. 7 de abril del 2026.-La Unidad de Protecci\u00f3n Civil report\u00f3 saldo blanco durante el periodo vacacional de Semana Santa, con una afluencia superior a las 30 mil personas entre balnearios y celebraciones religiosas. De acuerdo con su titular, Javier Villafuerte, del 25 de marzo al 6 de abril se registraron m\u00e1s de 23 [&hellip;]<\/p>\n","protected":false},"author":3,"featured_media":13660,"comment_status":"open","ping_status":"closed","sticky":false,"template":"","format":"standard","meta":{"_jetpack_newsletter_access":"","_jetpack_dont_email_post_to_subs":false,"_jetpack_newsletter_tier_id":0,"_jetpack_memberships_contains_paywalled_content":false,"_jetpack_memberships_contains_paid_content":false,"footnotes":""},"categories":[76,85],"tags":[],"class_list":{"0":"post-13659","1":"post","2":"type-post","3":"status-publish","4":"format-standard","5":"has-post-thumbnail","7":"category-municipios","8":"category-villagran"},"yoast_head":"<!-- This site is optimized with the Yoast SEO plugin v27.3 - https:\/\/yoast.com\/product\/yoast-seo-wordpress\/ -->\n<title>Saldo blanco en Semana Santa; m\u00e1s de 30 mil asistentes sin incidentes. - El Hijo del llanero solititito<\/title>\n<meta name=\"robots\" content=\"index, follow, max-snippet:-1, max-image-preview:large, max-video-preview:-1\" \/>\n<link rel=\"canonical\" href=\"https:\/\/elhijodelllanero.mx\/index.php\/2026\/04\/07\/saldo-blanco-en-semana-santa-mas-de-30-mil-asistentes-sin-incidentes\/\" \/>\n<meta property=\"og:locale\" content=\"es_ES\" \/>\n<meta property=\"og:type\" content=\"article\" \/>\n<meta property=\"og:title\" content=\"Saldo blanco en Semana Santa; m\u00e1s de 30 mil asistentes sin incidentes. - El Hijo del llanero solititito\" \/>\n<meta property=\"og:description\" content=\"Villagr\u00e1n, Gto. 7 de abril del 2026.-La Unidad de Protecci\u00f3n Civil report\u00f3 saldo blanco durante el periodo vacacional de Semana Santa, con una afluencia superior a las 30 mil personas entre balnearios y celebraciones religiosas. De acuerdo con su titular, Javier Villafuerte, del 25 de marzo al 6 de abril se registraron m\u00e1s de 23 [&hellip;]\" \/>\n<meta property=\"og:url\" content=\"https:\/\/elhijodelllanero.mx\/index.php\/2026\/04\/07\/saldo-blanco-en-semana-santa-mas-de-30-mil-asistentes-sin-incidentes\/\" \/>\n<meta property=\"og:site_name\" content=\"El Hijo del llanero solititito\" \/>\n<meta property=\"article:published_time\" content=\"2026-04-07T14:48:16+00:00\" \/>\n<meta property=\"og:image\" content=\"https:\/\/elhijodelllanero.mx\/wp-content\/uploads\/2026\/04\/IMG-20260407-WA0001.jpg\" \/>\n\t<meta property=\"og:image:width\" content=\"1280\" \/>\n\t<meta property=\"og:image:height\" content=\"938\" \/>\n\t<meta property=\"og:image:type\" content=\"image\/jpeg\" \/>\n<meta name=\"author\" content=\"Mar\u00eda de la Paz Rodarte Ram\u00edrez\" \/>\n<meta name=\"twitter:card\" content=\"summary_large_image\" \/>\n<meta name=\"twitter:label1\" content=\"Escrito por\" \/>\n\t<meta name=\"twitter:data1\" content=\"Mar\u00eda de la Paz Rodarte Ram\u00edrez\" \/>\n\t<meta name=\"twitter:label2\" content=\"Tiempo de lectura\" \/>\n\t<meta name=\"twitter:data2\" content=\"1 minuto\" \/>\n<script type=\"application\/ld+json\" class=\"yoast-schema-graph\">{\"@context\":\"https:\\\/\\\/schema.org\",\"@graph\":[{\"@type\":\"Article\",\"@id\":\"https:\\\/\\\/elhijodelllanero.mx\\\/index.php\\\/2026\\\/04\\\/07\\\/saldo-blanco-en-semana-santa-mas-de-30-mil-asistentes-sin-incidentes\\\/#article\",\"isPartOf\":{\"@id\":\"https:\\\/\\\/elhijodelllanero.mx\\\/index.php\\\/2026\\\/04\\\/07\\\/saldo-blanco-en-semana-santa-mas-de-30-mil-asistentes-sin-incidentes\\\/\"},\"author\":{\"name\":\"Mar\u00eda de la Paz Rodarte Ram\u00edrez\",\"@id\":\"https:\\\/\\\/elhijodelllanero.mx\\\/#\\\/schema\\\/person\\\/c7f8c86c55c1eab44ae2b93a9628245f\"},\"headline\":\"Saldo blanco en Semana Santa; m\u00e1s de 30 mil asistentes sin incidentes.\",\"datePublished\":\"2026-04-07T14:48:16+00:00\",\"mainEntityOfPage\":{\"@id\":\"https:\\\/\\\/elhijodelllanero.mx\\\/index.php\\\/2026\\\/04\\\/07\\\/saldo-blanco-en-semana-santa-mas-de-30-mil-asistentes-sin-incidentes\\\/\"},\"wordCount\":181,\"commentCount\":0,\"image\":{\"@id\":\"https:\\\/\\\/elhijodelllanero.mx\\\/index.php\\\/2026\\\/04\\\/07\\\/saldo-blanco-en-semana-santa-mas-de-30-mil-asistentes-sin-incidentes\\\/#primaryimage\"},\"thumbnailUrl\":\"https:\\\/\\\/i0.wp.com\\\/elhijodelllanero.mx\\\/wp-content\\\/uploads\\\/2026\\\/04\\\/IMG-20260407-WA0001.jpg?fit=1280%2C938&ssl=1\",\"articleSection\":[\"MUNICIPIOS\",\"Villagr\u00e1n\"],\"inLanguage\":\"es\",\"potentialAction\":[{\"@type\":\"CommentAction\",\"name\":\"Comment\",\"target\":[\"https:\\\/\\\/elhijodelllanero.mx\\\/index.php\\\/2026\\\/04\\\/07\\\/saldo-blanco-en-semana-santa-mas-de-30-mil-asistentes-sin-incidentes\\\/#respond\"]}]},{\"@type\":\"WebPage\",\"@id\":\"https:\\\/\\\/elhijodelllanero.mx\\\/index.php\\\/2026\\\/04\\\/07\\\/saldo-blanco-en-semana-santa-mas-de-30-mil-asistentes-sin-incidentes\\\/\",\"url\":\"https:\\\/\\\/elhijodelllanero.mx\\\/index.php\\\/2026\\\/04\\\/07\\\/saldo-blanco-en-semana-santa-mas-de-30-mil-asistentes-sin-incidentes\\\/\",\"name\":\"Saldo blanco en Semana Santa; m\u00e1s de 30 mil asistentes sin incidentes. - El Hijo del llanero solititito\",\"isPartOf\":{\"@id\":\"https:\\\/\\\/elhijodelllanero.mx\\\/#website\"},\"primaryImageOfPage\":{\"@id\":\"https:\\\/\\\/elhijodelllanero.mx\\\/index.php\\\/2026\\\/04\\\/07\\\/saldo-blanco-en-semana-santa-mas-de-30-mil-asistentes-sin-incidentes\\\/#primaryimage\"},\"image\":{\"@id\":\"https:\\\/\\\/elhijodelllanero.mx\\\/index.php\\\/2026\\\/04\\\/07\\\/saldo-blanco-en-semana-santa-mas-de-30-mil-asistentes-sin-incidentes\\\/#primaryimage\"},\"thumbnailUrl\":\"https:\\\/\\\/i0.wp.com\\\/elhijodelllanero.mx\\\/wp-content\\\/uploads\\\/2026\\\/04\\\/IMG-20260407-WA0001.jpg?fit=1280%2C938&ssl=1\",\"datePublished\":\"2026-04-07T14:48:16+00:00\",\"author\":{\"@id\":\"https:\\\/\\\/elhijodelllanero.mx\\\/#\\\/schema\\\/person\\\/c7f8c86c55c1eab44ae2b93a9628245f\"},\"breadcrumb\":{\"@id\":\"https:\\\/\\\/elhijodelllanero.mx\\\/index.php\\\/2026\\\/04\\\/07\\\/saldo-blanco-en-semana-santa-mas-de-30-mil-asistentes-sin-incidentes\\\/#breadcrumb\"},\"inLanguage\":\"es\",\"potentialAction\":[{\"@type\":\"ReadAction\",\"target\":[\"https:\\\/\\\/elhijodelllanero.mx\\\/index.php\\\/2026\\\/04\\\/07\\\/saldo-blanco-en-semana-santa-mas-de-30-mil-asistentes-sin-incidentes\\\/\"]}]},{\"@type\":\"ImageObject\",\"inLanguage\":\"es\",\"@id\":\"https:\\\/\\\/elhijodelllanero.mx\\\/index.php\\\/2026\\\/04\\\/07\\\/saldo-blanco-en-semana-santa-mas-de-30-mil-asistentes-sin-incidentes\\\/#primaryimage\",\"url\":\"https:\\\/\\\/i0.wp.com\\\/elhijodelllanero.mx\\\/wp-content\\\/uploads\\\/2026\\\/04\\\/IMG-20260407-WA0001.jpg?fit=1280%2C938&ssl=1\",\"contentUrl\":\"https:\\\/\\\/i0.wp.com\\\/elhijodelllanero.mx\\\/wp-content\\\/uploads\\\/2026\\\/04\\\/IMG-20260407-WA0001.jpg?fit=1280%2C938&ssl=1\",\"width\":1280,\"height\":938},{\"@type\":\"BreadcrumbList\",\"@id\":\"https:\\\/\\\/elhijodelllanero.mx\\\/index.php\\\/2026\\\/04\\\/07\\\/saldo-blanco-en-semana-santa-mas-de-30-mil-asistentes-sin-incidentes\\\/#breadcrumb\",\"itemListElement\":[{\"@type\":\"ListItem\",\"position\":1,\"name\":\"Portada\",\"item\":\"https:\\\/\\\/elhijodelllanero.mx\\\/\"},{\"@type\":\"ListItem\",\"position\":2,\"name\":\"Saldo blanco en Semana Santa; m\u00e1s de 30 mil asistentes sin incidentes.\"}]},{\"@type\":\"WebSite\",\"@id\":\"https:\\\/\\\/elhijodelllanero.mx\\\/#website\",\"url\":\"https:\\\/\\\/elhijodelllanero.mx\\\/\",\"name\":\"El Hijo del llanero solititito\",\"description\":\"\",\"potentialAction\":[{\"@type\":\"SearchAction\",\"target\":{\"@type\":\"EntryPoint\",\"urlTemplate\":\"https:\\\/\\\/elhijodelllanero.mx\\\/?s={search_term_string}\"},\"query-input\":{\"@type\":\"PropertyValueSpecification\",\"valueRequired\":true,\"valueName\":\"search_term_string\"}}],\"inLanguage\":\"es\"},{\"@type\":\"Person\",\"@id\":\"https:\\\/\\\/elhijodelllanero.mx\\\/#\\\/schema\\\/person\\\/c7f8c86c55c1eab44ae2b93a9628245f\",\"name\":\"Mar\u00eda de la Paz Rodarte Ram\u00edrez\",\"image\":{\"@type\":\"ImageObject\",\"inLanguage\":\"es\",\"@id\":\"https:\\\/\\\/secure.gravatar.com\\\/avatar\\\/1f38f8518b09a266af73da2bce78d69e7d1275299970134ed62f572e0487e1d0?s=96&d=mm&r=g\",\"url\":\"https:\\\/\\\/secure.gravatar.com\\\/avatar\\\/1f38f8518b09a266af73da2bce78d69e7d1275299970134ed62f572e0487e1d0?s=96&d=mm&r=g\",\"contentUrl\":\"https:\\\/\\\/secure.gravatar.com\\\/avatar\\\/1f38f8518b09a266af73da2bce78d69e7d1275299970134ed62f572e0487e1d0?s=96&d=mm&r=g\",\"caption\":\"Mar\u00eda de la Paz Rodarte Ram\u00edrez\"},\"sameAs\":[\"https:\\\/\\\/www.elhijodelllanero.mx\"],\"url\":\"https:\\\/\\\/elhijodelllanero.mx\\\/index.php\\\/author\\\/maricuas\\\/\"}]}<\/script>\n<!-- \/ Yoast SEO plugin. -->","yoast_head_json":{"title":"Saldo blanco en Semana Santa; m\u00e1s de 30 mil asistentes sin incidentes. - El Hijo del llanero solititito","robots":{"index":"index","follow":"follow","max-snippet":"max-snippet:-1","max-image-preview":"max-image-preview:large","max-video-preview":"max-video-preview:-1"},"canonical":"https:\/\/elhijodelllanero.mx\/index.php\/2026\/04\/07\/saldo-blanco-en-semana-santa-mas-de-30-mil-asistentes-sin-incidentes\/","og_locale":"es_ES","og_type":"article","og_title":"Saldo blanco en Semana Santa; m\u00e1s de 30 mil asistentes sin incidentes. - El Hijo del llanero solititito","og_description":"Villagr\u00e1n, Gto. 7 de abril del 2026.-La Unidad de Protecci\u00f3n Civil report\u00f3 saldo blanco durante el periodo vacacional de Semana Santa, con una afluencia superior a las 30 mil personas entre balnearios y celebraciones religiosas. De acuerdo con su titular, Javier Villafuerte, del 25 de marzo al 6 de abril se registraron m\u00e1s de 23 [&hellip;]","og_url":"https:\/\/elhijodelllanero.mx\/index.php\/2026\/04\/07\/saldo-blanco-en-semana-santa-mas-de-30-mil-asistentes-sin-incidentes\/","og_site_name":"El Hijo del llanero solititito","article_published_time":"2026-04-07T14:48:16+00:00","og_image":[{"width":1280,"height":938,"url":"https:\/\/elhijodelllanero.mx\/wp-content\/uploads\/2026\/04\/IMG-20260407-WA0001.jpg","type":"image\/jpeg"}],"author":"Mar\u00eda de la Paz Rodarte Ram\u00edrez","twitter_card":"summary_large_image","twitter_misc":{"Escrito por":"Mar\u00eda de la Paz Rodarte Ram\u00edrez","Tiempo de lectura":"1 minuto"},"schema":{"@context":"https:\/\/schema.org","@graph":[{"@type":"Article","@id":"https:\/\/elhijodelllanero.mx\/index.php\/2026\/04\/07\/saldo-blanco-en-semana-santa-mas-de-30-mil-asistentes-sin-incidentes\/#article","isPartOf":{"@id":"https:\/\/elhijodelllanero.mx\/index.php\/2026\/04\/07\/saldo-blanco-en-semana-santa-mas-de-30-mil-asistentes-sin-incidentes\/"},"author":{"name":"Mar\u00eda de la Paz Rodarte Ram\u00edrez","@id":"https:\/\/elhijodelllanero.mx\/#\/schema\/person\/c7f8c86c55c1eab44ae2b93a9628245f"},"headline":"Saldo blanco en Semana Santa; m\u00e1s de 30 mil asistentes sin incidentes.","datePublished":"2026-04-07T14:48:16+00:00","mainEntityOfPage":{"@id":"https:\/\/elhijodelllanero.mx\/index.php\/2026\/04\/07\/saldo-blanco-en-semana-santa-mas-de-30-mil-asistentes-sin-incidentes\/"},"wordCount":181,"commentCount":0,"image":{"@id":"https:\/\/elhijodelllanero.mx\/index.php\/2026\/04\/07\/saldo-blanco-en-semana-santa-mas-de-30-mil-asistentes-sin-incidentes\/#primaryimage"},"thumbnailUrl":"https:\/\/i0.wp.com\/elhijodelllanero.mx\/wp-content\/uploads\/2026\/04\/IMG-20260407-WA0001.jpg?fit=1280%2C938&ssl=1","articleSection":["MUNICIPIOS","Villagr\u00e1n"],"inLanguage":"es","potentialAction":[{"@type":"CommentAction","name":"Comment","target":["https:\/\/elhijodelllanero.mx\/index.php\/2026\/04\/07\/saldo-blanco-en-semana-santa-mas-de-30-mil-asistentes-sin-incidentes\/#respond"]}]},{"@type":"WebPage","@id":"https:\/\/elhijodelllanero.mx\/index.php\/2026\/04\/07\/saldo-blanco-en-semana-santa-mas-de-30-mil-asistentes-sin-incidentes\/","url":"https:\/\/elhijodelllanero.mx\/index.php\/2026\/04\/07\/saldo-blanco-en-semana-santa-mas-de-30-mil-asistentes-sin-incidentes\/","name":"Saldo blanco en Semana Santa; m\u00e1s de 30 mil asistentes sin incidentes. - El Hijo del llanero solititito","isPartOf":{"@id":"https:\/\/elhijodelllanero.mx\/#website"},"primaryImageOfPage":{"@id":"https:\/\/elhijodelllanero.mx\/index.php\/2026\/04\/07\/saldo-blanco-en-semana-santa-mas-de-30-mil-asistentes-sin-incidentes\/#primaryimage"},"image":{"@id":"https:\/\/elhijodelllanero.mx\/index.php\/2026\/04\/07\/saldo-blanco-en-semana-santa-mas-de-30-mil-asistentes-sin-incidentes\/#primaryimage"},"thumbnailUrl":"https:\/\/i0.wp.com\/elhijodelllanero.mx\/wp-content\/uploads\/2026\/04\/IMG-20260407-WA0001.jpg?fit=1280%2C938&ssl=1","datePublished":"2026-04-07T14:48:16+00:00","author":{"@id":"https:\/\/elhijodelllanero.mx\/#\/schema\/person\/c7f8c86c55c1eab44ae2b93a9628245f"},"breadcrumb":{"@id":"https:\/\/elhijodelllanero.mx\/index.php\/2026\/04\/07\/saldo-blanco-en-semana-santa-mas-de-30-mil-asistentes-sin-incidentes\/#breadcrumb"},"inLanguage":"es","potentialAction":[{"@type":"ReadAction","target":["https:\/\/elhijodelllanero.mx\/index.php\/2026\/04\/07\/saldo-blanco-en-semana-santa-mas-de-30-mil-asistentes-sin-incidentes\/"]}]},{"@type":"ImageObject","inLanguage":"es","@id":"https:\/\/elhijodelllanero.mx\/index.php\/2026\/04\/07\/saldo-blanco-en-semana-santa-mas-de-30-mil-asistentes-sin-incidentes\/#primaryimage","url":"https:\/\/i0.wp.com\/elhijodelllanero.mx\/wp-content\/uploads\/2026\/04\/IMG-20260407-WA0001.jpg?fit=1280%2C938&ssl=1","contentUrl":"https:\/\/i0.wp.com\/elhijodelllanero.mx\/wp-content\/uploads\/2026\/04\/IMG-20260407-WA0001.jpg?fit=1280%2C938&ssl=1","width":1280,"height":938},{"@type":"BreadcrumbList","@id":"https:\/\/elhijodelllanero.mx\/index.php\/2026\/04\/07\/saldo-blanco-en-semana-santa-mas-de-30-mil-asistentes-sin-incidentes\/#breadcrumb","itemListElement":[{"@type":"ListItem","position":1,"name":"Portada","item":"https:\/\/elhijodelllanero.mx\/"},{"@type":"ListItem","position":2,"name":"Saldo blanco en Semana Santa; m\u00e1s de 30 mil asistentes sin incidentes."}]},{"@type":"WebSite","@id":"https:\/\/elhijodelllanero.mx\/#website","url":"https:\/\/elhijodelllanero.mx\/","name":"El Hijo del llanero solititito","description":"","potentialAction":[{"@type":"SearchAction","target":{"@type":"EntryPoint","urlTemplate":"https:\/\/elhijodelllanero.mx\/?s={search_term_string}"},"query-input":{"@type":"PropertyValueSpecification","valueRequired":true,"valueName":"search_term_string"}}],"inLanguage":"es"},{"@type":"Person","@id":"https:\/\/elhijodelllanero.mx\/#\/schema\/person\/c7f8c86c55c1eab44ae2b93a9628245f","name":"Mar\u00eda de la Paz Rodarte Ram\u00edrez","image":{"@type":"ImageObject","inLanguage":"es","@id":"https:\/\/secure.gravatar.com\/avatar\/1f38f8518b09a266af73da2bce78d69e7d1275299970134ed62f572e0487e1d0?s=96&d=mm&r=g","url":"https:\/\/secure.gravatar.com\/avatar\/1f38f8518b09a266af73da2bce78d69e7d1275299970134ed62f572e0487e1d0?s=96&d=mm&r=g","contentUrl":"https:\/\/secure.gravatar.com\/avatar\/1f38f8518b09a266af73da2bce78d69e7d1275299970134ed62f572e0487e1d0?s=96&d=mm&r=g","caption":"Mar\u00eda de la Paz Rodarte Ram\u00edrez"},"sameAs":["https:\/\/www.elhijodelllanero.mx"],"url":"https:\/\/elhijodelllanero.mx\/index.php\/author\/maricuas\/"}]}},"jetpack_featured_media_url":"https:\/\/i0.wp.com\/elhijodelllanero.mx\/wp-content\/uploads\/2026\/04\/IMG-20260407-WA0001.jpg?fit=1280%2C938&ssl=1","jetpack-related-posts":[],"jetpack_sharing_enabled":true,"_links":{"self":[{"href":"https:\/\/elhijodelllanero.mx\/index.php\/wp-json\/wp\/v2\/posts\/13659","targetHints":{"allow":["GET"]}}],"collection":[{"href":"https:\/\/elhijodelllanero.mx\/index.php\/wp-json\/wp\/v2\/posts"}],"about":[{"href":"https:\/\/elhijodelllanero.mx\/index.php\/wp-json\/wp\/v2\/types\/post"}],"author":[{"embeddable":true,"href":"https:\/\/elhijodelllanero.mx\/index.php\/wp-json\/wp\/v2\/users\/3"}],"replies":[{"embeddable":true,"href":"https:\/\/elhijodelllanero.mx\/index.php\/wp-json\/wp\/v2\/comments?post=13659"}],"version-history":[{"count":1,"href":"https:\/\/elhijodelllanero.mx\/index.php\/wp-json\/wp\/v2\/posts\/13659\/revisions"}],"predecessor-version":[{"id":13661,"href":"https:\/\/elhijodelllanero.mx\/index.php\/wp-json\/wp\/v2\/posts\/13659\/revisions\/13661"}],"wp:featuredmedia":[{"embeddable":true,"href":"https:\/\/elhijodelllanero.mx\/index.php\/wp-json\/wp\/v2\/media\/13660"}],"wp:attachment":[{"href":"https:\/\/elhijodelllanero.mx\/index.php\/wp-json\/wp\/v2\/media?parent=13659"}],"wp:term":[{"taxonomy":"category","embeddable":true,"href":"https:\/\/elhijodelllanero.mx\/index.php\/wp-json\/wp\/v2\/categories?post=13659"},{"taxonomy":"post_tag","embeddable":true,"href":"https:\/\/elhijodelllanero.mx\/index.php\/wp-json\/wp\/v2\/tags?post=13659"}],"curies":[{"name":"wp","href":"https:\/\/api.w.org\/{rel}","templated":true}]}}