{"id":13662,"date":"2026-04-07T14:49:23","date_gmt":"2026-04-07T14:49:23","guid":{"rendered":"https:\/\/elhijodelllanero.mx\/?p=13662"},"modified":"2026-04-07T14:49:23","modified_gmt":"2026-04-07T14:49:23","slug":"buscan-conexion-directa-a-la-federal-45-con-proyecto-del-tren","status":"publish","type":"post","link":"https:\/\/elhijodelllanero.mx\/index.php\/2026\/04\/07\/buscan-conexion-directa-a-la-federal-45-con-proyecto-del-tren\/","title":{"rendered":"Buscan conexi\u00f3n directa a la federal 45 con proyecto del tren."},"content":{"rendered":"<p>Cortazar, Gto. 7 de abril del 2026.-El municipio ser\u00e1 sede en pr\u00f3ximos d\u00edas de una mesa de trabajo clave sobre el tren interurbano Quer\u00e9taro\u2013Irapuato, donde adem\u00e1s de revisar avances, autoridades locales impulsar\u00e1n obras que mejoren la conectividad en la zona.<\/p>\n<p>El alcalde Mauricio Estefan\u00eda inform\u00f3 que una de las principales propuestas es habilitar un acceso que conecte la carretera alterna a Villagr\u00e1n con la federal 45, a la altura de la colonia La Fortaleza, con el objetivo de evitar rodeos largos para los habitantes.<\/p>\n<p>Se\u00f1al\u00f3 que estas mesas t\u00e9cnicas se realizan de forma peri\u00f3dica junto con autoridades federales y municipales involucradas, donde ya se han expuesto las necesidades y problem\u00e1ticas del municipio, adem\u00e1s de avanzar en estudios t\u00e9cnicos con especialistas.<\/p>\n<p>El edil reconoci\u00f3 que, aunque el proyecto a\u00fan no inicia, se prev\u00e9 que surjan nuevos retos conforme avance su ejecuci\u00f3n.<\/p>\n<p>Cortazar, junto con Villagr\u00e1n, tambi\u00e9n est\u00e1 considerado para contar con un paradero del tren en la regi\u00f3n, adem\u00e1s de la posible creaci\u00f3n de un museo en la antigua estaci\u00f3n ferroviaria, proyecto que ya se gestiona ante el INAH.<\/p>\n","protected":false},"excerpt":{"rendered":"<p>Cortazar, Gto. 7 de abril del 2026.-El municipio ser\u00e1 sede en pr\u00f3ximos d\u00edas de una mesa de trabajo clave sobre el tren interurbano Quer\u00e9taro\u2013Irapuato, donde adem\u00e1s de revisar avances, autoridades locales impulsar\u00e1n obras que mejoren la conectividad en la zona. El alcalde Mauricio Estefan\u00eda inform\u00f3 que una de las principales propuestas es habilitar un acceso [&hellip;]<\/p>\n","protected":false},"author":3,"featured_media":13663,"comment_status":"open","ping_status":"closed","sticky":false,"template":"","format":"standard","meta":{"_jetpack_newsletter_access":"","_jetpack_dont_email_post_to_subs":false,"_jetpack_newsletter_tier_id":0,"_jetpack_memberships_contains_paywalled_content":false,"_jetpack_memberships_contains_paid_content":false,"footnotes":""},"categories":[77,76],"tags":[],"class_list":{"0":"post-13662","1":"post","2":"type-post","3":"status-publish","4":"format-standard","5":"has-post-thumbnail","7":"category-cortazar","8":"category-municipios"},"yoast_head":"<!-- This site is optimized with the Yoast SEO plugin v27.3 - https:\/\/yoast.com\/product\/yoast-seo-wordpress\/ -->\n<title>Buscan conexi\u00f3n directa a la federal 45 con proyecto del tren. - El Hijo del llanero solititito<\/title>\n<meta name=\"robots\" content=\"index, follow, max-snippet:-1, max-image-preview:large, max-video-preview:-1\" \/>\n<link rel=\"canonical\" href=\"https:\/\/elhijodelllanero.mx\/index.php\/2026\/04\/07\/buscan-conexion-directa-a-la-federal-45-con-proyecto-del-tren\/\" \/>\n<meta property=\"og:locale\" content=\"es_ES\" \/>\n<meta property=\"og:type\" content=\"article\" \/>\n<meta property=\"og:title\" content=\"Buscan conexi\u00f3n directa a la federal 45 con proyecto del tren. - El Hijo del llanero solititito\" \/>\n<meta property=\"og:description\" content=\"Cortazar, Gto. 7 de abril del 2026.-El municipio ser\u00e1 sede en pr\u00f3ximos d\u00edas de una mesa de trabajo clave sobre el tren interurbano Quer\u00e9taro\u2013Irapuato, donde adem\u00e1s de revisar avances, autoridades locales impulsar\u00e1n obras que mejoren la conectividad en la zona. El alcalde Mauricio Estefan\u00eda inform\u00f3 que una de las principales propuestas es habilitar un acceso [&hellip;]\" \/>\n<meta property=\"og:url\" content=\"https:\/\/elhijodelllanero.mx\/index.php\/2026\/04\/07\/buscan-conexion-directa-a-la-federal-45-con-proyecto-del-tren\/\" \/>\n<meta property=\"og:site_name\" content=\"El Hijo del llanero solititito\" \/>\n<meta property=\"article:published_time\" content=\"2026-04-07T14:49:23+00:00\" \/>\n<meta property=\"og:image\" content=\"https:\/\/elhijodelllanero.mx\/wp-content\/uploads\/2026\/04\/IMG-20260407-WA0000.jpg\" \/>\n\t<meta property=\"og:image:width\" content=\"596\" \/>\n\t<meta property=\"og:image:height\" content=\"654\" \/>\n\t<meta property=\"og:image:type\" content=\"image\/jpeg\" \/>\n<meta name=\"author\" content=\"Mar\u00eda de la Paz Rodarte Ram\u00edrez\" \/>\n<meta name=\"twitter:card\" content=\"summary_large_image\" \/>\n<meta name=\"twitter:label1\" content=\"Escrito por\" \/>\n\t<meta name=\"twitter:data1\" content=\"Mar\u00eda de la Paz Rodarte Ram\u00edrez\" \/>\n\t<meta name=\"twitter:label2\" content=\"Tiempo de lectura\" \/>\n\t<meta name=\"twitter:data2\" content=\"1 minuto\" \/>\n<script type=\"application\/ld+json\" class=\"yoast-schema-graph\">{\"@context\":\"https:\\\/\\\/schema.org\",\"@graph\":[{\"@type\":\"Article\",\"@id\":\"https:\\\/\\\/elhijodelllanero.mx\\\/index.php\\\/2026\\\/04\\\/07\\\/buscan-conexion-directa-a-la-federal-45-con-proyecto-del-tren\\\/#article\",\"isPartOf\":{\"@id\":\"https:\\\/\\\/elhijodelllanero.mx\\\/index.php\\\/2026\\\/04\\\/07\\\/buscan-conexion-directa-a-la-federal-45-con-proyecto-del-tren\\\/\"},\"author\":{\"name\":\"Mar\u00eda de la Paz Rodarte Ram\u00edrez\",\"@id\":\"https:\\\/\\\/elhijodelllanero.mx\\\/#\\\/schema\\\/person\\\/c7f8c86c55c1eab44ae2b93a9628245f\"},\"headline\":\"Buscan conexi\u00f3n directa a la federal 45 con proyecto del tren.\",\"datePublished\":\"2026-04-07T14:49:23+00:00\",\"mainEntityOfPage\":{\"@id\":\"https:\\\/\\\/elhijodelllanero.mx\\\/index.php\\\/2026\\\/04\\\/07\\\/buscan-conexion-directa-a-la-federal-45-con-proyecto-del-tren\\\/\"},\"wordCount\":209,\"commentCount\":0,\"image\":{\"@id\":\"https:\\\/\\\/elhijodelllanero.mx\\\/index.php\\\/2026\\\/04\\\/07\\\/buscan-conexion-directa-a-la-federal-45-con-proyecto-del-tren\\\/#primaryimage\"},\"thumbnailUrl\":\"https:\\\/\\\/i0.wp.com\\\/elhijodelllanero.mx\\\/wp-content\\\/uploads\\\/2026\\\/04\\\/IMG-20260407-WA0000.jpg?fit=596%2C654&ssl=1\",\"articleSection\":[\"CORTAZAR\",\"MUNICIPIOS\"],\"inLanguage\":\"es\",\"potentialAction\":[{\"@type\":\"CommentAction\",\"name\":\"Comment\",\"target\":[\"https:\\\/\\\/elhijodelllanero.mx\\\/index.php\\\/2026\\\/04\\\/07\\\/buscan-conexion-directa-a-la-federal-45-con-proyecto-del-tren\\\/#respond\"]}]},{\"@type\":\"WebPage\",\"@id\":\"https:\\\/\\\/elhijodelllanero.mx\\\/index.php\\\/2026\\\/04\\\/07\\\/buscan-conexion-directa-a-la-federal-45-con-proyecto-del-tren\\\/\",\"url\":\"https:\\\/\\\/elhijodelllanero.mx\\\/index.php\\\/2026\\\/04\\\/07\\\/buscan-conexion-directa-a-la-federal-45-con-proyecto-del-tren\\\/\",\"name\":\"Buscan conexi\u00f3n directa a la federal 45 con proyecto del tren. - El Hijo del llanero solititito\",\"isPartOf\":{\"@id\":\"https:\\\/\\\/elhijodelllanero.mx\\\/#website\"},\"primaryImageOfPage\":{\"@id\":\"https:\\\/\\\/elhijodelllanero.mx\\\/index.php\\\/2026\\\/04\\\/07\\\/buscan-conexion-directa-a-la-federal-45-con-proyecto-del-tren\\\/#primaryimage\"},\"image\":{\"@id\":\"https:\\\/\\\/elhijodelllanero.mx\\\/index.php\\\/2026\\\/04\\\/07\\\/buscan-conexion-directa-a-la-federal-45-con-proyecto-del-tren\\\/#primaryimage\"},\"thumbnailUrl\":\"https:\\\/\\\/i0.wp.com\\\/elhijodelllanero.mx\\\/wp-content\\\/uploads\\\/2026\\\/04\\\/IMG-20260407-WA0000.jpg?fit=596%2C654&ssl=1\",\"datePublished\":\"2026-04-07T14:49:23+00:00\",\"author\":{\"@id\":\"https:\\\/\\\/elhijodelllanero.mx\\\/#\\\/schema\\\/person\\\/c7f8c86c55c1eab44ae2b93a9628245f\"},\"breadcrumb\":{\"@id\":\"https:\\\/\\\/elhijodelllanero.mx\\\/index.php\\\/2026\\\/04\\\/07\\\/buscan-conexion-directa-a-la-federal-45-con-proyecto-del-tren\\\/#breadcrumb\"},\"inLanguage\":\"es\",\"potentialAction\":[{\"@type\":\"ReadAction\",\"target\":[\"https:\\\/\\\/elhijodelllanero.mx\\\/index.php\\\/2026\\\/04\\\/07\\\/buscan-conexion-directa-a-la-federal-45-con-proyecto-del-tren\\\/\"]}]},{\"@type\":\"ImageObject\",\"inLanguage\":\"es\",\"@id\":\"https:\\\/\\\/elhijodelllanero.mx\\\/index.php\\\/2026\\\/04\\\/07\\\/buscan-conexion-directa-a-la-federal-45-con-proyecto-del-tren\\\/#primaryimage\",\"url\":\"https:\\\/\\\/i0.wp.com\\\/elhijodelllanero.mx\\\/wp-content\\\/uploads\\\/2026\\\/04\\\/IMG-20260407-WA0000.jpg?fit=596%2C654&ssl=1\",\"contentUrl\":\"https:\\\/\\\/i0.wp.com\\\/elhijodelllanero.mx\\\/wp-content\\\/uploads\\\/2026\\\/04\\\/IMG-20260407-WA0000.jpg?fit=596%2C654&ssl=1\",\"width\":596,\"height\":654},{\"@type\":\"BreadcrumbList\",\"@id\":\"https:\\\/\\\/elhijodelllanero.mx\\\/index.php\\\/2026\\\/04\\\/07\\\/buscan-conexion-directa-a-la-federal-45-con-proyecto-del-tren\\\/#breadcrumb\",\"itemListElement\":[{\"@type\":\"ListItem\",\"position\":1,\"name\":\"Portada\",\"item\":\"https:\\\/\\\/elhijodelllanero.mx\\\/\"},{\"@type\":\"ListItem\",\"position\":2,\"name\":\"Buscan conexi\u00f3n directa a la federal 45 con proyecto del tren.\"}]},{\"@type\":\"WebSite\",\"@id\":\"https:\\\/\\\/elhijodelllanero.mx\\\/#website\",\"url\":\"https:\\\/\\\/elhijodelllanero.mx\\\/\",\"name\":\"El Hijo del llanero solititito\",\"description\":\"\",\"potentialAction\":[{\"@type\":\"SearchAction\",\"target\":{\"@type\":\"EntryPoint\",\"urlTemplate\":\"https:\\\/\\\/elhijodelllanero.mx\\\/?s={search_term_string}\"},\"query-input\":{\"@type\":\"PropertyValueSpecification\",\"valueRequired\":true,\"valueName\":\"search_term_string\"}}],\"inLanguage\":\"es\"},{\"@type\":\"Person\",\"@id\":\"https:\\\/\\\/elhijodelllanero.mx\\\/#\\\/schema\\\/person\\\/c7f8c86c55c1eab44ae2b93a9628245f\",\"name\":\"Mar\u00eda de la Paz Rodarte Ram\u00edrez\",\"image\":{\"@type\":\"ImageObject\",\"inLanguage\":\"es\",\"@id\":\"https:\\\/\\\/secure.gravatar.com\\\/avatar\\\/1f38f8518b09a266af73da2bce78d69e7d1275299970134ed62f572e0487e1d0?s=96&d=mm&r=g\",\"url\":\"https:\\\/\\\/secure.gravatar.com\\\/avatar\\\/1f38f8518b09a266af73da2bce78d69e7d1275299970134ed62f572e0487e1d0?s=96&d=mm&r=g\",\"contentUrl\":\"https:\\\/\\\/secure.gravatar.com\\\/avatar\\\/1f38f8518b09a266af73da2bce78d69e7d1275299970134ed62f572e0487e1d0?s=96&d=mm&r=g\",\"caption\":\"Mar\u00eda de la Paz Rodarte Ram\u00edrez\"},\"sameAs\":[\"https:\\\/\\\/www.elhijodelllanero.mx\"],\"url\":\"https:\\\/\\\/elhijodelllanero.mx\\\/index.php\\\/author\\\/maricuas\\\/\"}]}<\/script>\n<!-- \/ Yoast SEO plugin. -->","yoast_head_json":{"title":"Buscan conexi\u00f3n directa a la federal 45 con proyecto del tren. - El Hijo del llanero solititito","robots":{"index":"index","follow":"follow","max-snippet":"max-snippet:-1","max-image-preview":"max-image-preview:large","max-video-preview":"max-video-preview:-1"},"canonical":"https:\/\/elhijodelllanero.mx\/index.php\/2026\/04\/07\/buscan-conexion-directa-a-la-federal-45-con-proyecto-del-tren\/","og_locale":"es_ES","og_type":"article","og_title":"Buscan conexi\u00f3n directa a la federal 45 con proyecto del tren. - El Hijo del llanero solititito","og_description":"Cortazar, Gto. 7 de abril del 2026.-El municipio ser\u00e1 sede en pr\u00f3ximos d\u00edas de una mesa de trabajo clave sobre el tren interurbano Quer\u00e9taro\u2013Irapuato, donde adem\u00e1s de revisar avances, autoridades locales impulsar\u00e1n obras que mejoren la conectividad en la zona. El alcalde Mauricio Estefan\u00eda inform\u00f3 que una de las principales propuestas es habilitar un acceso [&hellip;]","og_url":"https:\/\/elhijodelllanero.mx\/index.php\/2026\/04\/07\/buscan-conexion-directa-a-la-federal-45-con-proyecto-del-tren\/","og_site_name":"El Hijo del llanero solititito","article_published_time":"2026-04-07T14:49:23+00:00","og_image":[{"width":596,"height":654,"url":"https:\/\/elhijodelllanero.mx\/wp-content\/uploads\/2026\/04\/IMG-20260407-WA0000.jpg","type":"image\/jpeg"}],"author":"Mar\u00eda de la Paz Rodarte Ram\u00edrez","twitter_card":"summary_large_image","twitter_misc":{"Escrito por":"Mar\u00eda de la Paz Rodarte Ram\u00edrez","Tiempo de lectura":"1 minuto"},"schema":{"@context":"https:\/\/schema.org","@graph":[{"@type":"Article","@id":"https:\/\/elhijodelllanero.mx\/index.php\/2026\/04\/07\/buscan-conexion-directa-a-la-federal-45-con-proyecto-del-tren\/#article","isPartOf":{"@id":"https:\/\/elhijodelllanero.mx\/index.php\/2026\/04\/07\/buscan-conexion-directa-a-la-federal-45-con-proyecto-del-tren\/"},"author":{"name":"Mar\u00eda de la Paz Rodarte Ram\u00edrez","@id":"https:\/\/elhijodelllanero.mx\/#\/schema\/person\/c7f8c86c55c1eab44ae2b93a9628245f"},"headline":"Buscan conexi\u00f3n directa a la federal 45 con proyecto del tren.","datePublished":"2026-04-07T14:49:23+00:00","mainEntityOfPage":{"@id":"https:\/\/elhijodelllanero.mx\/index.php\/2026\/04\/07\/buscan-conexion-directa-a-la-federal-45-con-proyecto-del-tren\/"},"wordCount":209,"commentCount":0,"image":{"@id":"https:\/\/elhijodelllanero.mx\/index.php\/2026\/04\/07\/buscan-conexion-directa-a-la-federal-45-con-proyecto-del-tren\/#primaryimage"},"thumbnailUrl":"https:\/\/i0.wp.com\/elhijodelllanero.mx\/wp-content\/uploads\/2026\/04\/IMG-20260407-WA0000.jpg?fit=596%2C654&ssl=1","articleSection":["CORTAZAR","MUNICIPIOS"],"inLanguage":"es","potentialAction":[{"@type":"CommentAction","name":"Comment","target":["https:\/\/elhijodelllanero.mx\/index.php\/2026\/04\/07\/buscan-conexion-directa-a-la-federal-45-con-proyecto-del-tren\/#respond"]}]},{"@type":"WebPage","@id":"https:\/\/elhijodelllanero.mx\/index.php\/2026\/04\/07\/buscan-conexion-directa-a-la-federal-45-con-proyecto-del-tren\/","url":"https:\/\/elhijodelllanero.mx\/index.php\/2026\/04\/07\/buscan-conexion-directa-a-la-federal-45-con-proyecto-del-tren\/","name":"Buscan conexi\u00f3n directa a la federal 45 con proyecto del tren. - El Hijo del llanero solititito","isPartOf":{"@id":"https:\/\/elhijodelllanero.mx\/#website"},"primaryImageOfPage":{"@id":"https:\/\/elhijodelllanero.mx\/index.php\/2026\/04\/07\/buscan-conexion-directa-a-la-federal-45-con-proyecto-del-tren\/#primaryimage"},"image":{"@id":"https:\/\/elhijodelllanero.mx\/index.php\/2026\/04\/07\/buscan-conexion-directa-a-la-federal-45-con-proyecto-del-tren\/#primaryimage"},"thumbnailUrl":"https:\/\/i0.wp.com\/elhijodelllanero.mx\/wp-content\/uploads\/2026\/04\/IMG-20260407-WA0000.jpg?fit=596%2C654&ssl=1","datePublished":"2026-04-07T14:49:23+00:00","author":{"@id":"https:\/\/elhijodelllanero.mx\/#\/schema\/person\/c7f8c86c55c1eab44ae2b93a9628245f"},"breadcrumb":{"@id":"https:\/\/elhijodelllanero.mx\/index.php\/2026\/04\/07\/buscan-conexion-directa-a-la-federal-45-con-proyecto-del-tren\/#breadcrumb"},"inLanguage":"es","potentialAction":[{"@type":"ReadAction","target":["https:\/\/elhijodelllanero.mx\/index.php\/2026\/04\/07\/buscan-conexion-directa-a-la-federal-45-con-proyecto-del-tren\/"]}]},{"@type":"ImageObject","inLanguage":"es","@id":"https:\/\/elhijodelllanero.mx\/index.php\/2026\/04\/07\/buscan-conexion-directa-a-la-federal-45-con-proyecto-del-tren\/#primaryimage","url":"https:\/\/i0.wp.com\/elhijodelllanero.mx\/wp-content\/uploads\/2026\/04\/IMG-20260407-WA0000.jpg?fit=596%2C654&ssl=1","contentUrl":"https:\/\/i0.wp.com\/elhijodelllanero.mx\/wp-content\/uploads\/2026\/04\/IMG-20260407-WA0000.jpg?fit=596%2C654&ssl=1","width":596,"height":654},{"@type":"BreadcrumbList","@id":"https:\/\/elhijodelllanero.mx\/index.php\/2026\/04\/07\/buscan-conexion-directa-a-la-federal-45-con-proyecto-del-tren\/#breadcrumb","itemListElement":[{"@type":"ListItem","position":1,"name":"Portada","item":"https:\/\/elhijodelllanero.mx\/"},{"@type":"ListItem","position":2,"name":"Buscan conexi\u00f3n directa a la federal 45 con proyecto del tren."}]},{"@type":"WebSite","@id":"https:\/\/elhijodelllanero.mx\/#website","url":"https:\/\/elhijodelllanero.mx\/","name":"El Hijo del llanero solititito","description":"","potentialAction":[{"@type":"SearchAction","target":{"@type":"EntryPoint","urlTemplate":"https:\/\/elhijodelllanero.mx\/?s={search_term_string}"},"query-input":{"@type":"PropertyValueSpecification","valueRequired":true,"valueName":"search_term_string"}}],"inLanguage":"es"},{"@type":"Person","@id":"https:\/\/elhijodelllanero.mx\/#\/schema\/person\/c7f8c86c55c1eab44ae2b93a9628245f","name":"Mar\u00eda de la Paz Rodarte Ram\u00edrez","image":{"@type":"ImageObject","inLanguage":"es","@id":"https:\/\/secure.gravatar.com\/avatar\/1f38f8518b09a266af73da2bce78d69e7d1275299970134ed62f572e0487e1d0?s=96&d=mm&r=g","url":"https:\/\/secure.gravatar.com\/avatar\/1f38f8518b09a266af73da2bce78d69e7d1275299970134ed62f572e0487e1d0?s=96&d=mm&r=g","contentUrl":"https:\/\/secure.gravatar.com\/avatar\/1f38f8518b09a266af73da2bce78d69e7d1275299970134ed62f572e0487e1d0?s=96&d=mm&r=g","caption":"Mar\u00eda de la Paz Rodarte Ram\u00edrez"},"sameAs":["https:\/\/www.elhijodelllanero.mx"],"url":"https:\/\/elhijodelllanero.mx\/index.php\/author\/maricuas\/"}]}},"jetpack_featured_media_url":"https:\/\/i0.wp.com\/elhijodelllanero.mx\/wp-content\/uploads\/2026\/04\/IMG-20260407-WA0000.jpg?fit=596%2C654&ssl=1","jetpack-related-posts":[],"jetpack_sharing_enabled":true,"_links":{"self":[{"href":"https:\/\/elhijodelllanero.mx\/index.php\/wp-json\/wp\/v2\/posts\/13662","targetHints":{"allow":["GET"]}}],"collection":[{"href":"https:\/\/elhijodelllanero.mx\/index.php\/wp-json\/wp\/v2\/posts"}],"about":[{"href":"https:\/\/elhijodelllanero.mx\/index.php\/wp-json\/wp\/v2\/types\/post"}],"author":[{"embeddable":true,"href":"https:\/\/elhijodelllanero.mx\/index.php\/wp-json\/wp\/v2\/users\/3"}],"replies":[{"embeddable":true,"href":"https:\/\/elhijodelllanero.mx\/index.php\/wp-json\/wp\/v2\/comments?post=13662"}],"version-history":[{"count":1,"href":"https:\/\/elhijodelllanero.mx\/index.php\/wp-json\/wp\/v2\/posts\/13662\/revisions"}],"predecessor-version":[{"id":13664,"href":"https:\/\/elhijodelllanero.mx\/index.php\/wp-json\/wp\/v2\/posts\/13662\/revisions\/13664"}],"wp:featuredmedia":[{"embeddable":true,"href":"https:\/\/elhijodelllanero.mx\/index.php\/wp-json\/wp\/v2\/media\/13663"}],"wp:attachment":[{"href":"https:\/\/elhijodelllanero.mx\/index.php\/wp-json\/wp\/v2\/media?parent=13662"}],"wp:term":[{"taxonomy":"category","embeddable":true,"href":"https:\/\/elhijodelllanero.mx\/index.php\/wp-json\/wp\/v2\/categories?post=13662"},{"taxonomy":"post_tag","embeddable":true,"href":"https:\/\/elhijodelllanero.mx\/index.php\/wp-json\/wp\/v2\/tags?post=13662"}],"curies":[{"name":"wp","href":"https:\/\/api.w.org\/{rel}","templated":true}]}}