{"id":13665,"date":"2026-04-07T19:13:48","date_gmt":"2026-04-07T19:13:48","guid":{"rendered":"https:\/\/elhijodelllanero.mx\/?p=13665"},"modified":"2026-04-07T19:13:48","modified_gmt":"2026-04-07T19:13:48","slug":"presta-patrulla-hay-persecucion-y-ahora-no-quiere-firmar-su-baja","status":"publish","type":"post","link":"https:\/\/elhijodelllanero.mx\/index.php\/2026\/04\/07\/presta-patrulla-hay-persecucion-y-ahora-no-quiere-firmar-su-baja\/","title":{"rendered":"Presta patrulla, hay persecuci\u00f3n\u2026 y ahora no quiere firmar su baja."},"content":{"rendered":"<p>Celaya, Gto. 7 de abril del 2026.-La elemento de Tr\u00e1nsito involucrada en el uso indebido de una camioneta oficial, misma que termin\u00f3 en una persecuci\u00f3n y choque, se neg\u00f3 a firmar el acta administrativa que dar\u00eda paso a su baja, pese a reconocer que su hijo conduc\u00eda la unidad.<\/p>\n<p>El director de Tr\u00e1nsito y Polic\u00eda Vial, Mart\u00edn Filiberto Garc\u00eda Medina, confirm\u00f3 que el procedimiento ya fue turnado al Consejo de Honor y Justicia, donde se analizar\u00e1 la sanci\u00f3n correspondiente, adelantando que su postura es clara: buscar la baja de la elemento.<\/p>\n<p>\u201cEs una falta grave el que mueva el veh\u00edculo y m\u00e1s que alguien que no est\u00e1 autorizado lo haga. Yo s\u00ed busco la baja\u201d, declar\u00f3.<\/p>\n<p>De acuerdo con el funcionario, la unidad fue utilizada sin autorizaci\u00f3n, incumpliendo el protocolo que establece que los veh\u00edculos oficiales deben permanecer resguardados, salvo indicaci\u00f3n expresa. El resultado fue un choque contra un poste que dej\u00f3 la camioneta como p\u00e9rdida total, tras la activaci\u00f3n de las bolsas de aire.<\/p>\n<p>A pesar de ello, la elemento se neg\u00f3 a firmar el documento administrativo, por lo que el expediente fue enviado sin su r\u00fabrica a Asuntos Internos.<\/p>\n<p>\u201cNo lo quiso firmar la elemento\u2026 entonces se mand\u00f3 sin la firma de ella\u201d, explic\u00f3 el director, quien tambi\u00e9n se\u00f1al\u00f3 que, lejos de asumir la responsabilidad, la involucrada ha intentado justificarse.<\/p>\n<p>\u201cTodos cuando cometemos una falta tratamos de justificarnos, pero aqu\u00ed lo que se deber\u00eda es tomar conciencia\u201d, a\u00f1adi\u00f3.<\/p>\n<p>Mientras el proceso interno sigue su curso, tambi\u00e9n la Fiscal\u00eda abri\u00f3 una carpeta de investigaci\u00f3n para esclarecer los hechos ocurridos durante la persecuci\u00f3n.<\/p>\n","protected":false},"excerpt":{"rendered":"<p>Celaya, Gto. 7 de abril del 2026.-La elemento de Tr\u00e1nsito involucrada en el uso indebido de una camioneta oficial, misma que termin\u00f3 en una persecuci\u00f3n y choque, se neg\u00f3 a firmar el acta administrativa que dar\u00eda paso a su baja, pese a reconocer que su hijo conduc\u00eda la unidad. El director de Tr\u00e1nsito y Polic\u00eda [&hellip;]<\/p>\n","protected":false},"author":3,"featured_media":13609,"comment_status":"open","ping_status":"closed","sticky":false,"template":"","format":"standard","meta":{"_jetpack_newsletter_access":"","_jetpack_dont_email_post_to_subs":false,"_jetpack_newsletter_tier_id":0,"_jetpack_memberships_contains_paywalled_content":false,"_jetpack_memberships_contains_paid_content":false,"footnotes":""},"categories":[74],"tags":[],"class_list":{"0":"post-13665","1":"post","2":"type-post","3":"status-publish","4":"format-standard","5":"has-post-thumbnail","7":"category-celaya"},"yoast_head":"<!-- This site is optimized with the Yoast SEO plugin v27.3 - https:\/\/yoast.com\/product\/yoast-seo-wordpress\/ -->\n<title>Presta patrulla, hay persecuci\u00f3n\u2026 y ahora no quiere firmar su baja. - El Hijo del llanero solititito<\/title>\n<meta name=\"robots\" content=\"index, follow, max-snippet:-1, max-image-preview:large, max-video-preview:-1\" \/>\n<link rel=\"canonical\" href=\"https:\/\/elhijodelllanero.mx\/index.php\/2026\/04\/07\/presta-patrulla-hay-persecucion-y-ahora-no-quiere-firmar-su-baja\/\" \/>\n<meta property=\"og:locale\" content=\"es_ES\" \/>\n<meta property=\"og:type\" content=\"article\" \/>\n<meta property=\"og:title\" content=\"Presta patrulla, hay persecuci\u00f3n\u2026 y ahora no quiere firmar su baja. - El Hijo del llanero solititito\" \/>\n<meta property=\"og:description\" content=\"Celaya, Gto. 7 de abril del 2026.-La elemento de Tr\u00e1nsito involucrada en el uso indebido de una camioneta oficial, misma que termin\u00f3 en una persecuci\u00f3n y choque, se neg\u00f3 a firmar el acta administrativa que dar\u00eda paso a su baja, pese a reconocer que su hijo conduc\u00eda la unidad. El director de Tr\u00e1nsito y Polic\u00eda [&hellip;]\" \/>\n<meta property=\"og:url\" content=\"https:\/\/elhijodelllanero.mx\/index.php\/2026\/04\/07\/presta-patrulla-hay-persecucion-y-ahora-no-quiere-firmar-su-baja\/\" \/>\n<meta property=\"og:site_name\" content=\"El Hijo del llanero solititito\" \/>\n<meta property=\"article:published_time\" content=\"2026-04-07T19:13:48+00:00\" \/>\n<meta property=\"og:image\" content=\"https:\/\/elhijodelllanero.mx\/wp-content\/uploads\/2026\/04\/IMG-20260401-WA0001.jpg\" \/>\n\t<meta property=\"og:image:width\" content=\"1280\" \/>\n\t<meta property=\"og:image:height\" content=\"756\" \/>\n\t<meta property=\"og:image:type\" content=\"image\/jpeg\" \/>\n<meta name=\"author\" content=\"Mar\u00eda de la Paz Rodarte Ram\u00edrez\" \/>\n<meta name=\"twitter:card\" content=\"summary_large_image\" \/>\n<meta name=\"twitter:label1\" content=\"Escrito por\" \/>\n\t<meta name=\"twitter:data1\" content=\"Mar\u00eda de la Paz Rodarte Ram\u00edrez\" \/>\n\t<meta name=\"twitter:label2\" content=\"Tiempo de lectura\" \/>\n\t<meta name=\"twitter:data2\" content=\"2 minutos\" \/>\n<script type=\"application\/ld+json\" class=\"yoast-schema-graph\">{\"@context\":\"https:\\\/\\\/schema.org\",\"@graph\":[{\"@type\":\"Article\",\"@id\":\"https:\\\/\\\/elhijodelllanero.mx\\\/index.php\\\/2026\\\/04\\\/07\\\/presta-patrulla-hay-persecucion-y-ahora-no-quiere-firmar-su-baja\\\/#article\",\"isPartOf\":{\"@id\":\"https:\\\/\\\/elhijodelllanero.mx\\\/index.php\\\/2026\\\/04\\\/07\\\/presta-patrulla-hay-persecucion-y-ahora-no-quiere-firmar-su-baja\\\/\"},\"author\":{\"name\":\"Mar\u00eda de la Paz Rodarte Ram\u00edrez\",\"@id\":\"https:\\\/\\\/elhijodelllanero.mx\\\/#\\\/schema\\\/person\\\/c7f8c86c55c1eab44ae2b93a9628245f\"},\"headline\":\"Presta patrulla, hay persecuci\u00f3n\u2026 y ahora no quiere firmar su baja.\",\"datePublished\":\"2026-04-07T19:13:48+00:00\",\"mainEntityOfPage\":{\"@id\":\"https:\\\/\\\/elhijodelllanero.mx\\\/index.php\\\/2026\\\/04\\\/07\\\/presta-patrulla-hay-persecucion-y-ahora-no-quiere-firmar-su-baja\\\/\"},\"wordCount\":299,\"commentCount\":0,\"image\":{\"@id\":\"https:\\\/\\\/elhijodelllanero.mx\\\/index.php\\\/2026\\\/04\\\/07\\\/presta-patrulla-hay-persecucion-y-ahora-no-quiere-firmar-su-baja\\\/#primaryimage\"},\"thumbnailUrl\":\"https:\\\/\\\/i0.wp.com\\\/elhijodelllanero.mx\\\/wp-content\\\/uploads\\\/2026\\\/04\\\/IMG-20260401-WA0001.jpg?fit=1280%2C756&ssl=1\",\"articleSection\":[\"CELAYA\"],\"inLanguage\":\"es\",\"potentialAction\":[{\"@type\":\"CommentAction\",\"name\":\"Comment\",\"target\":[\"https:\\\/\\\/elhijodelllanero.mx\\\/index.php\\\/2026\\\/04\\\/07\\\/presta-patrulla-hay-persecucion-y-ahora-no-quiere-firmar-su-baja\\\/#respond\"]}]},{\"@type\":\"WebPage\",\"@id\":\"https:\\\/\\\/elhijodelllanero.mx\\\/index.php\\\/2026\\\/04\\\/07\\\/presta-patrulla-hay-persecucion-y-ahora-no-quiere-firmar-su-baja\\\/\",\"url\":\"https:\\\/\\\/elhijodelllanero.mx\\\/index.php\\\/2026\\\/04\\\/07\\\/presta-patrulla-hay-persecucion-y-ahora-no-quiere-firmar-su-baja\\\/\",\"name\":\"Presta patrulla, hay persecuci\u00f3n\u2026 y ahora no quiere firmar su baja. - El Hijo del llanero solititito\",\"isPartOf\":{\"@id\":\"https:\\\/\\\/elhijodelllanero.mx\\\/#website\"},\"primaryImageOfPage\":{\"@id\":\"https:\\\/\\\/elhijodelllanero.mx\\\/index.php\\\/2026\\\/04\\\/07\\\/presta-patrulla-hay-persecucion-y-ahora-no-quiere-firmar-su-baja\\\/#primaryimage\"},\"image\":{\"@id\":\"https:\\\/\\\/elhijodelllanero.mx\\\/index.php\\\/2026\\\/04\\\/07\\\/presta-patrulla-hay-persecucion-y-ahora-no-quiere-firmar-su-baja\\\/#primaryimage\"},\"thumbnailUrl\":\"https:\\\/\\\/i0.wp.com\\\/elhijodelllanero.mx\\\/wp-content\\\/uploads\\\/2026\\\/04\\\/IMG-20260401-WA0001.jpg?fit=1280%2C756&ssl=1\",\"datePublished\":\"2026-04-07T19:13:48+00:00\",\"author\":{\"@id\":\"https:\\\/\\\/elhijodelllanero.mx\\\/#\\\/schema\\\/person\\\/c7f8c86c55c1eab44ae2b93a9628245f\"},\"breadcrumb\":{\"@id\":\"https:\\\/\\\/elhijodelllanero.mx\\\/index.php\\\/2026\\\/04\\\/07\\\/presta-patrulla-hay-persecucion-y-ahora-no-quiere-firmar-su-baja\\\/#breadcrumb\"},\"inLanguage\":\"es\",\"potentialAction\":[{\"@type\":\"ReadAction\",\"target\":[\"https:\\\/\\\/elhijodelllanero.mx\\\/index.php\\\/2026\\\/04\\\/07\\\/presta-patrulla-hay-persecucion-y-ahora-no-quiere-firmar-su-baja\\\/\"]}]},{\"@type\":\"ImageObject\",\"inLanguage\":\"es\",\"@id\":\"https:\\\/\\\/elhijodelllanero.mx\\\/index.php\\\/2026\\\/04\\\/07\\\/presta-patrulla-hay-persecucion-y-ahora-no-quiere-firmar-su-baja\\\/#primaryimage\",\"url\":\"https:\\\/\\\/i0.wp.com\\\/elhijodelllanero.mx\\\/wp-content\\\/uploads\\\/2026\\\/04\\\/IMG-20260401-WA0001.jpg?fit=1280%2C756&ssl=1\",\"contentUrl\":\"https:\\\/\\\/i0.wp.com\\\/elhijodelllanero.mx\\\/wp-content\\\/uploads\\\/2026\\\/04\\\/IMG-20260401-WA0001.jpg?fit=1280%2C756&ssl=1\",\"width\":1280,\"height\":756},{\"@type\":\"BreadcrumbList\",\"@id\":\"https:\\\/\\\/elhijodelllanero.mx\\\/index.php\\\/2026\\\/04\\\/07\\\/presta-patrulla-hay-persecucion-y-ahora-no-quiere-firmar-su-baja\\\/#breadcrumb\",\"itemListElement\":[{\"@type\":\"ListItem\",\"position\":1,\"name\":\"Portada\",\"item\":\"https:\\\/\\\/elhijodelllanero.mx\\\/\"},{\"@type\":\"ListItem\",\"position\":2,\"name\":\"Presta patrulla, hay persecuci\u00f3n\u2026 y ahora no quiere firmar su baja.\"}]},{\"@type\":\"WebSite\",\"@id\":\"https:\\\/\\\/elhijodelllanero.mx\\\/#website\",\"url\":\"https:\\\/\\\/elhijodelllanero.mx\\\/\",\"name\":\"El Hijo del llanero solititito\",\"description\":\"\",\"potentialAction\":[{\"@type\":\"SearchAction\",\"target\":{\"@type\":\"EntryPoint\",\"urlTemplate\":\"https:\\\/\\\/elhijodelllanero.mx\\\/?s={search_term_string}\"},\"query-input\":{\"@type\":\"PropertyValueSpecification\",\"valueRequired\":true,\"valueName\":\"search_term_string\"}}],\"inLanguage\":\"es\"},{\"@type\":\"Person\",\"@id\":\"https:\\\/\\\/elhijodelllanero.mx\\\/#\\\/schema\\\/person\\\/c7f8c86c55c1eab44ae2b93a9628245f\",\"name\":\"Mar\u00eda de la Paz Rodarte Ram\u00edrez\",\"image\":{\"@type\":\"ImageObject\",\"inLanguage\":\"es\",\"@id\":\"https:\\\/\\\/secure.gravatar.com\\\/avatar\\\/1f38f8518b09a266af73da2bce78d69e7d1275299970134ed62f572e0487e1d0?s=96&d=mm&r=g\",\"url\":\"https:\\\/\\\/secure.gravatar.com\\\/avatar\\\/1f38f8518b09a266af73da2bce78d69e7d1275299970134ed62f572e0487e1d0?s=96&d=mm&r=g\",\"contentUrl\":\"https:\\\/\\\/secure.gravatar.com\\\/avatar\\\/1f38f8518b09a266af73da2bce78d69e7d1275299970134ed62f572e0487e1d0?s=96&d=mm&r=g\",\"caption\":\"Mar\u00eda de la Paz Rodarte Ram\u00edrez\"},\"sameAs\":[\"https:\\\/\\\/www.elhijodelllanero.mx\"],\"url\":\"https:\\\/\\\/elhijodelllanero.mx\\\/index.php\\\/author\\\/maricuas\\\/\"}]}<\/script>\n<!-- \/ Yoast SEO plugin. -->","yoast_head_json":{"title":"Presta patrulla, hay persecuci\u00f3n\u2026 y ahora no quiere firmar su baja. - El Hijo del llanero solititito","robots":{"index":"index","follow":"follow","max-snippet":"max-snippet:-1","max-image-preview":"max-image-preview:large","max-video-preview":"max-video-preview:-1"},"canonical":"https:\/\/elhijodelllanero.mx\/index.php\/2026\/04\/07\/presta-patrulla-hay-persecucion-y-ahora-no-quiere-firmar-su-baja\/","og_locale":"es_ES","og_type":"article","og_title":"Presta patrulla, hay persecuci\u00f3n\u2026 y ahora no quiere firmar su baja. - El Hijo del llanero solititito","og_description":"Celaya, Gto. 7 de abril del 2026.-La elemento de Tr\u00e1nsito involucrada en el uso indebido de una camioneta oficial, misma que termin\u00f3 en una persecuci\u00f3n y choque, se neg\u00f3 a firmar el acta administrativa que dar\u00eda paso a su baja, pese a reconocer que su hijo conduc\u00eda la unidad. El director de Tr\u00e1nsito y Polic\u00eda [&hellip;]","og_url":"https:\/\/elhijodelllanero.mx\/index.php\/2026\/04\/07\/presta-patrulla-hay-persecucion-y-ahora-no-quiere-firmar-su-baja\/","og_site_name":"El Hijo del llanero solititito","article_published_time":"2026-04-07T19:13:48+00:00","og_image":[{"width":1280,"height":756,"url":"https:\/\/elhijodelllanero.mx\/wp-content\/uploads\/2026\/04\/IMG-20260401-WA0001.jpg","type":"image\/jpeg"}],"author":"Mar\u00eda de la Paz Rodarte Ram\u00edrez","twitter_card":"summary_large_image","twitter_misc":{"Escrito por":"Mar\u00eda de la Paz Rodarte Ram\u00edrez","Tiempo de lectura":"2 minutos"},"schema":{"@context":"https:\/\/schema.org","@graph":[{"@type":"Article","@id":"https:\/\/elhijodelllanero.mx\/index.php\/2026\/04\/07\/presta-patrulla-hay-persecucion-y-ahora-no-quiere-firmar-su-baja\/#article","isPartOf":{"@id":"https:\/\/elhijodelllanero.mx\/index.php\/2026\/04\/07\/presta-patrulla-hay-persecucion-y-ahora-no-quiere-firmar-su-baja\/"},"author":{"name":"Mar\u00eda de la Paz Rodarte Ram\u00edrez","@id":"https:\/\/elhijodelllanero.mx\/#\/schema\/person\/c7f8c86c55c1eab44ae2b93a9628245f"},"headline":"Presta patrulla, hay persecuci\u00f3n\u2026 y ahora no quiere firmar su baja.","datePublished":"2026-04-07T19:13:48+00:00","mainEntityOfPage":{"@id":"https:\/\/elhijodelllanero.mx\/index.php\/2026\/04\/07\/presta-patrulla-hay-persecucion-y-ahora-no-quiere-firmar-su-baja\/"},"wordCount":299,"commentCount":0,"image":{"@id":"https:\/\/elhijodelllanero.mx\/index.php\/2026\/04\/07\/presta-patrulla-hay-persecucion-y-ahora-no-quiere-firmar-su-baja\/#primaryimage"},"thumbnailUrl":"https:\/\/i0.wp.com\/elhijodelllanero.mx\/wp-content\/uploads\/2026\/04\/IMG-20260401-WA0001.jpg?fit=1280%2C756&ssl=1","articleSection":["CELAYA"],"inLanguage":"es","potentialAction":[{"@type":"CommentAction","name":"Comment","target":["https:\/\/elhijodelllanero.mx\/index.php\/2026\/04\/07\/presta-patrulla-hay-persecucion-y-ahora-no-quiere-firmar-su-baja\/#respond"]}]},{"@type":"WebPage","@id":"https:\/\/elhijodelllanero.mx\/index.php\/2026\/04\/07\/presta-patrulla-hay-persecucion-y-ahora-no-quiere-firmar-su-baja\/","url":"https:\/\/elhijodelllanero.mx\/index.php\/2026\/04\/07\/presta-patrulla-hay-persecucion-y-ahora-no-quiere-firmar-su-baja\/","name":"Presta patrulla, hay persecuci\u00f3n\u2026 y ahora no quiere firmar su baja. - El Hijo del llanero solititito","isPartOf":{"@id":"https:\/\/elhijodelllanero.mx\/#website"},"primaryImageOfPage":{"@id":"https:\/\/elhijodelllanero.mx\/index.php\/2026\/04\/07\/presta-patrulla-hay-persecucion-y-ahora-no-quiere-firmar-su-baja\/#primaryimage"},"image":{"@id":"https:\/\/elhijodelllanero.mx\/index.php\/2026\/04\/07\/presta-patrulla-hay-persecucion-y-ahora-no-quiere-firmar-su-baja\/#primaryimage"},"thumbnailUrl":"https:\/\/i0.wp.com\/elhijodelllanero.mx\/wp-content\/uploads\/2026\/04\/IMG-20260401-WA0001.jpg?fit=1280%2C756&ssl=1","datePublished":"2026-04-07T19:13:48+00:00","author":{"@id":"https:\/\/elhijodelllanero.mx\/#\/schema\/person\/c7f8c86c55c1eab44ae2b93a9628245f"},"breadcrumb":{"@id":"https:\/\/elhijodelllanero.mx\/index.php\/2026\/04\/07\/presta-patrulla-hay-persecucion-y-ahora-no-quiere-firmar-su-baja\/#breadcrumb"},"inLanguage":"es","potentialAction":[{"@type":"ReadAction","target":["https:\/\/elhijodelllanero.mx\/index.php\/2026\/04\/07\/presta-patrulla-hay-persecucion-y-ahora-no-quiere-firmar-su-baja\/"]}]},{"@type":"ImageObject","inLanguage":"es","@id":"https:\/\/elhijodelllanero.mx\/index.php\/2026\/04\/07\/presta-patrulla-hay-persecucion-y-ahora-no-quiere-firmar-su-baja\/#primaryimage","url":"https:\/\/i0.wp.com\/elhijodelllanero.mx\/wp-content\/uploads\/2026\/04\/IMG-20260401-WA0001.jpg?fit=1280%2C756&ssl=1","contentUrl":"https:\/\/i0.wp.com\/elhijodelllanero.mx\/wp-content\/uploads\/2026\/04\/IMG-20260401-WA0001.jpg?fit=1280%2C756&ssl=1","width":1280,"height":756},{"@type":"BreadcrumbList","@id":"https:\/\/elhijodelllanero.mx\/index.php\/2026\/04\/07\/presta-patrulla-hay-persecucion-y-ahora-no-quiere-firmar-su-baja\/#breadcrumb","itemListElement":[{"@type":"ListItem","position":1,"name":"Portada","item":"https:\/\/elhijodelllanero.mx\/"},{"@type":"ListItem","position":2,"name":"Presta patrulla, hay persecuci\u00f3n\u2026 y ahora no quiere firmar su baja."}]},{"@type":"WebSite","@id":"https:\/\/elhijodelllanero.mx\/#website","url":"https:\/\/elhijodelllanero.mx\/","name":"El Hijo del llanero solititito","description":"","potentialAction":[{"@type":"SearchAction","target":{"@type":"EntryPoint","urlTemplate":"https:\/\/elhijodelllanero.mx\/?s={search_term_string}"},"query-input":{"@type":"PropertyValueSpecification","valueRequired":true,"valueName":"search_term_string"}}],"inLanguage":"es"},{"@type":"Person","@id":"https:\/\/elhijodelllanero.mx\/#\/schema\/person\/c7f8c86c55c1eab44ae2b93a9628245f","name":"Mar\u00eda de la Paz Rodarte Ram\u00edrez","image":{"@type":"ImageObject","inLanguage":"es","@id":"https:\/\/secure.gravatar.com\/avatar\/1f38f8518b09a266af73da2bce78d69e7d1275299970134ed62f572e0487e1d0?s=96&d=mm&r=g","url":"https:\/\/secure.gravatar.com\/avatar\/1f38f8518b09a266af73da2bce78d69e7d1275299970134ed62f572e0487e1d0?s=96&d=mm&r=g","contentUrl":"https:\/\/secure.gravatar.com\/avatar\/1f38f8518b09a266af73da2bce78d69e7d1275299970134ed62f572e0487e1d0?s=96&d=mm&r=g","caption":"Mar\u00eda de la Paz Rodarte Ram\u00edrez"},"sameAs":["https:\/\/www.elhijodelllanero.mx"],"url":"https:\/\/elhijodelllanero.mx\/index.php\/author\/maricuas\/"}]}},"jetpack_featured_media_url":"https:\/\/i0.wp.com\/elhijodelllanero.mx\/wp-content\/uploads\/2026\/04\/IMG-20260401-WA0001.jpg?fit=1280%2C756&ssl=1","jetpack-related-posts":[],"jetpack_sharing_enabled":true,"_links":{"self":[{"href":"https:\/\/elhijodelllanero.mx\/index.php\/wp-json\/wp\/v2\/posts\/13665","targetHints":{"allow":["GET"]}}],"collection":[{"href":"https:\/\/elhijodelllanero.mx\/index.php\/wp-json\/wp\/v2\/posts"}],"about":[{"href":"https:\/\/elhijodelllanero.mx\/index.php\/wp-json\/wp\/v2\/types\/post"}],"author":[{"embeddable":true,"href":"https:\/\/elhijodelllanero.mx\/index.php\/wp-json\/wp\/v2\/users\/3"}],"replies":[{"embeddable":true,"href":"https:\/\/elhijodelllanero.mx\/index.php\/wp-json\/wp\/v2\/comments?post=13665"}],"version-history":[{"count":1,"href":"https:\/\/elhijodelllanero.mx\/index.php\/wp-json\/wp\/v2\/posts\/13665\/revisions"}],"predecessor-version":[{"id":13667,"href":"https:\/\/elhijodelllanero.mx\/index.php\/wp-json\/wp\/v2\/posts\/13665\/revisions\/13667"}],"wp:featuredmedia":[{"embeddable":true,"href":"https:\/\/elhijodelllanero.mx\/index.php\/wp-json\/wp\/v2\/media\/13609"}],"wp:attachment":[{"href":"https:\/\/elhijodelllanero.mx\/index.php\/wp-json\/wp\/v2\/media?parent=13665"}],"wp:term":[{"taxonomy":"category","embeddable":true,"href":"https:\/\/elhijodelllanero.mx\/index.php\/wp-json\/wp\/v2\/categories?post=13665"},{"taxonomy":"post_tag","embeddable":true,"href":"https:\/\/elhijodelllanero.mx\/index.php\/wp-json\/wp\/v2\/tags?post=13665"}],"curies":[{"name":"wp","href":"https:\/\/api.w.org\/{rel}","templated":true}]}}