{"id":13671,"date":"2026-04-07T20:11:48","date_gmt":"2026-04-07T20:11:48","guid":{"rendered":"https:\/\/elhijodelllanero.mx\/?p=13671"},"modified":"2026-04-07T20:11:48","modified_gmt":"2026-04-07T20:11:48","slug":"regidor-panista-reprocha-nombramiento-y-expresiones-del-alcalde","status":"publish","type":"post","link":"https:\/\/elhijodelllanero.mx\/index.php\/2026\/04\/07\/regidor-panista-reprocha-nombramiento-y-expresiones-del-alcalde\/","title":{"rendered":"Regidor panista reprocha nombramiento y expresiones del alcalde.\u00a0"},"content":{"rendered":"<p>Celaya, Gto. 7 de abril del 2026.- El regidor, Carlos Ruiz, dio a conocer su preocupaci\u00f3n por recientes cambios en la estructura del Sistema de Cultura F\u00edsica y Deporte (SIDEC), al considerar que contradicen el discurso previo del presidente municipal, quien hab\u00eda defendido el trabajo que se ven\u00eda realizando en dicha dependencia, reprob\u00f3 la expresi\u00f3n realizada por el alcalde en rueda de prensa, al se\u00f1alar que a la directora del Sidec \u201cle falta barrio\u201d.<\/p>\n<p>Ante el anuncio del alcalde de que Germ\u00e1n V\u00e1zquez tomar\u00eda el cargo de subdirector del Sidec, el regidor coment\u00f3: \u00abcreo que ya desafortunadamente los celayenses nos estamos mal acostumbrando ese tipo de situaciones que son a veces ya caprichos ocurrencias de cambiar a una persona por el favor o el compromiso que se tiene con otra, cuando ya se ha demostrado y \u00e9l tiene la informaci\u00f3n porque el mismo Xerm\u00e1n ha estado en su propia direcci\u00f3n en atenci\u00f3n a la ciudadan\u00eda y pues lo han cambiado precisamente por nada no dar los resultados y ahora lo premian con la subdirecci\u00f3n de Sidec y pues es preocupante porque al final del d\u00eda si por sus mismas palabras que defiende el trabajo de Sidec y que lo toma como un tema positivo ahora este desmantelando por sus compromisos\u201d.<\/p>\n<p>El regidor panista, Carlos Ru\u00edz, indic\u00f3 que este tipo de movimientos no pasan por el Ayuntamiento, ya que \u00fanicamente se somete a votaci\u00f3n el nombramiento de directores de organismos descentralizados, por lo que consider\u00f3 fundamental que el consejo de SIDEC revise y avale este tipo de decisiones.<\/p>\n<p>\u201cEntonces creo que la investidura de un alcalde no puede permitirse hacer este tipo de expresiones, creo que a veces se olvida que \u00e9l representa a los celayenses a la ciudad y pues hacer este tipo de expresiones para denostar o poner o poner en un mal momento y sentido a una persona, creo que no es correcto por tema de dignidad humana no ser\u00eda correcto hacer ese tipo de expresiones\u201d, concluy\u00f3.<\/p>\n","protected":false},"excerpt":{"rendered":"<p>Celaya, Gto. 7 de abril del 2026.- El regidor, Carlos Ruiz, dio a conocer su preocupaci\u00f3n por recientes cambios en la estructura del Sistema de Cultura F\u00edsica y Deporte (SIDEC), al considerar que contradicen el discurso previo del presidente municipal, quien hab\u00eda defendido el trabajo que se ven\u00eda realizando en dicha dependencia, reprob\u00f3 la expresi\u00f3n [&hellip;]<\/p>\n","protected":false},"author":3,"featured_media":13672,"comment_status":"open","ping_status":"closed","sticky":false,"template":"","format":"standard","meta":{"_jetpack_newsletter_access":"","_jetpack_dont_email_post_to_subs":false,"_jetpack_newsletter_tier_id":0,"_jetpack_memberships_contains_paywalled_content":false,"_jetpack_memberships_contains_paid_content":false,"footnotes":""},"categories":[74],"tags":[],"class_list":{"0":"post-13671","1":"post","2":"type-post","3":"status-publish","4":"format-standard","5":"has-post-thumbnail","7":"category-celaya"},"yoast_head":"<!-- This site is optimized with the Yoast SEO plugin v27.3 - https:\/\/yoast.com\/product\/yoast-seo-wordpress\/ -->\n<title>Regidor panista reprocha nombramiento y expresiones del alcalde.\u00a0 - El Hijo del llanero solititito<\/title>\n<meta name=\"robots\" content=\"index, follow, max-snippet:-1, max-image-preview:large, max-video-preview:-1\" \/>\n<link rel=\"canonical\" href=\"https:\/\/elhijodelllanero.mx\/index.php\/2026\/04\/07\/regidor-panista-reprocha-nombramiento-y-expresiones-del-alcalde\/\" \/>\n<meta property=\"og:locale\" content=\"es_ES\" \/>\n<meta property=\"og:type\" content=\"article\" \/>\n<meta property=\"og:title\" content=\"Regidor panista reprocha nombramiento y expresiones del alcalde.\u00a0 - El Hijo del llanero solititito\" \/>\n<meta property=\"og:description\" content=\"Celaya, Gto. 7 de abril del 2026.- El regidor, Carlos Ruiz, dio a conocer su preocupaci\u00f3n por recientes cambios en la estructura del Sistema de Cultura F\u00edsica y Deporte (SIDEC), al considerar que contradicen el discurso previo del presidente municipal, quien hab\u00eda defendido el trabajo que se ven\u00eda realizando en dicha dependencia, reprob\u00f3 la expresi\u00f3n [&hellip;]\" \/>\n<meta property=\"og:url\" content=\"https:\/\/elhijodelllanero.mx\/index.php\/2026\/04\/07\/regidor-panista-reprocha-nombramiento-y-expresiones-del-alcalde\/\" \/>\n<meta property=\"og:site_name\" content=\"El Hijo del llanero solititito\" \/>\n<meta property=\"article:published_time\" content=\"2026-04-07T20:11:48+00:00\" \/>\n<meta property=\"og:image\" content=\"https:\/\/elhijodelllanero.mx\/wp-content\/uploads\/2026\/04\/IMG-20260407-WA0004.jpg\" \/>\n\t<meta property=\"og:image:width\" content=\"1600\" \/>\n\t<meta property=\"og:image:height\" content=\"900\" \/>\n\t<meta property=\"og:image:type\" content=\"image\/jpeg\" \/>\n<meta name=\"author\" content=\"Mar\u00eda de la Paz Rodarte Ram\u00edrez\" \/>\n<meta name=\"twitter:card\" content=\"summary_large_image\" \/>\n<meta name=\"twitter:label1\" content=\"Escrito por\" \/>\n\t<meta name=\"twitter:data1\" content=\"Mar\u00eda de la Paz Rodarte Ram\u00edrez\" \/>\n\t<meta name=\"twitter:label2\" content=\"Tiempo de lectura\" \/>\n\t<meta name=\"twitter:data2\" content=\"2 minutos\" \/>\n<script type=\"application\/ld+json\" class=\"yoast-schema-graph\">{\"@context\":\"https:\\\/\\\/schema.org\",\"@graph\":[{\"@type\":\"Article\",\"@id\":\"https:\\\/\\\/elhijodelllanero.mx\\\/index.php\\\/2026\\\/04\\\/07\\\/regidor-panista-reprocha-nombramiento-y-expresiones-del-alcalde\\\/#article\",\"isPartOf\":{\"@id\":\"https:\\\/\\\/elhijodelllanero.mx\\\/index.php\\\/2026\\\/04\\\/07\\\/regidor-panista-reprocha-nombramiento-y-expresiones-del-alcalde\\\/\"},\"author\":{\"name\":\"Mar\u00eda de la Paz Rodarte Ram\u00edrez\",\"@id\":\"https:\\\/\\\/elhijodelllanero.mx\\\/#\\\/schema\\\/person\\\/c7f8c86c55c1eab44ae2b93a9628245f\"},\"headline\":\"Regidor panista reprocha nombramiento y expresiones del alcalde.\u00a0\",\"datePublished\":\"2026-04-07T20:11:48+00:00\",\"mainEntityOfPage\":{\"@id\":\"https:\\\/\\\/elhijodelllanero.mx\\\/index.php\\\/2026\\\/04\\\/07\\\/regidor-panista-reprocha-nombramiento-y-expresiones-del-alcalde\\\/\"},\"wordCount\":355,\"commentCount\":0,\"image\":{\"@id\":\"https:\\\/\\\/elhijodelllanero.mx\\\/index.php\\\/2026\\\/04\\\/07\\\/regidor-panista-reprocha-nombramiento-y-expresiones-del-alcalde\\\/#primaryimage\"},\"thumbnailUrl\":\"https:\\\/\\\/i0.wp.com\\\/elhijodelllanero.mx\\\/wp-content\\\/uploads\\\/2026\\\/04\\\/IMG-20260407-WA0004.jpg?fit=1600%2C900&ssl=1\",\"articleSection\":[\"CELAYA\"],\"inLanguage\":\"es\",\"potentialAction\":[{\"@type\":\"CommentAction\",\"name\":\"Comment\",\"target\":[\"https:\\\/\\\/elhijodelllanero.mx\\\/index.php\\\/2026\\\/04\\\/07\\\/regidor-panista-reprocha-nombramiento-y-expresiones-del-alcalde\\\/#respond\"]}]},{\"@type\":\"WebPage\",\"@id\":\"https:\\\/\\\/elhijodelllanero.mx\\\/index.php\\\/2026\\\/04\\\/07\\\/regidor-panista-reprocha-nombramiento-y-expresiones-del-alcalde\\\/\",\"url\":\"https:\\\/\\\/elhijodelllanero.mx\\\/index.php\\\/2026\\\/04\\\/07\\\/regidor-panista-reprocha-nombramiento-y-expresiones-del-alcalde\\\/\",\"name\":\"Regidor panista reprocha nombramiento y expresiones del alcalde.\u00a0 - El Hijo del llanero solititito\",\"isPartOf\":{\"@id\":\"https:\\\/\\\/elhijodelllanero.mx\\\/#website\"},\"primaryImageOfPage\":{\"@id\":\"https:\\\/\\\/elhijodelllanero.mx\\\/index.php\\\/2026\\\/04\\\/07\\\/regidor-panista-reprocha-nombramiento-y-expresiones-del-alcalde\\\/#primaryimage\"},\"image\":{\"@id\":\"https:\\\/\\\/elhijodelllanero.mx\\\/index.php\\\/2026\\\/04\\\/07\\\/regidor-panista-reprocha-nombramiento-y-expresiones-del-alcalde\\\/#primaryimage\"},\"thumbnailUrl\":\"https:\\\/\\\/i0.wp.com\\\/elhijodelllanero.mx\\\/wp-content\\\/uploads\\\/2026\\\/04\\\/IMG-20260407-WA0004.jpg?fit=1600%2C900&ssl=1\",\"datePublished\":\"2026-04-07T20:11:48+00:00\",\"author\":{\"@id\":\"https:\\\/\\\/elhijodelllanero.mx\\\/#\\\/schema\\\/person\\\/c7f8c86c55c1eab44ae2b93a9628245f\"},\"breadcrumb\":{\"@id\":\"https:\\\/\\\/elhijodelllanero.mx\\\/index.php\\\/2026\\\/04\\\/07\\\/regidor-panista-reprocha-nombramiento-y-expresiones-del-alcalde\\\/#breadcrumb\"},\"inLanguage\":\"es\",\"potentialAction\":[{\"@type\":\"ReadAction\",\"target\":[\"https:\\\/\\\/elhijodelllanero.mx\\\/index.php\\\/2026\\\/04\\\/07\\\/regidor-panista-reprocha-nombramiento-y-expresiones-del-alcalde\\\/\"]}]},{\"@type\":\"ImageObject\",\"inLanguage\":\"es\",\"@id\":\"https:\\\/\\\/elhijodelllanero.mx\\\/index.php\\\/2026\\\/04\\\/07\\\/regidor-panista-reprocha-nombramiento-y-expresiones-del-alcalde\\\/#primaryimage\",\"url\":\"https:\\\/\\\/i0.wp.com\\\/elhijodelllanero.mx\\\/wp-content\\\/uploads\\\/2026\\\/04\\\/IMG-20260407-WA0004.jpg?fit=1600%2C900&ssl=1\",\"contentUrl\":\"https:\\\/\\\/i0.wp.com\\\/elhijodelllanero.mx\\\/wp-content\\\/uploads\\\/2026\\\/04\\\/IMG-20260407-WA0004.jpg?fit=1600%2C900&ssl=1\",\"width\":1600,\"height\":900},{\"@type\":\"BreadcrumbList\",\"@id\":\"https:\\\/\\\/elhijodelllanero.mx\\\/index.php\\\/2026\\\/04\\\/07\\\/regidor-panista-reprocha-nombramiento-y-expresiones-del-alcalde\\\/#breadcrumb\",\"itemListElement\":[{\"@type\":\"ListItem\",\"position\":1,\"name\":\"Portada\",\"item\":\"https:\\\/\\\/elhijodelllanero.mx\\\/\"},{\"@type\":\"ListItem\",\"position\":2,\"name\":\"Regidor panista reprocha nombramiento y expresiones del alcalde.\u00a0\"}]},{\"@type\":\"WebSite\",\"@id\":\"https:\\\/\\\/elhijodelllanero.mx\\\/#website\",\"url\":\"https:\\\/\\\/elhijodelllanero.mx\\\/\",\"name\":\"El Hijo del llanero solititito\",\"description\":\"\",\"potentialAction\":[{\"@type\":\"SearchAction\",\"target\":{\"@type\":\"EntryPoint\",\"urlTemplate\":\"https:\\\/\\\/elhijodelllanero.mx\\\/?s={search_term_string}\"},\"query-input\":{\"@type\":\"PropertyValueSpecification\",\"valueRequired\":true,\"valueName\":\"search_term_string\"}}],\"inLanguage\":\"es\"},{\"@type\":\"Person\",\"@id\":\"https:\\\/\\\/elhijodelllanero.mx\\\/#\\\/schema\\\/person\\\/c7f8c86c55c1eab44ae2b93a9628245f\",\"name\":\"Mar\u00eda de la Paz Rodarte Ram\u00edrez\",\"image\":{\"@type\":\"ImageObject\",\"inLanguage\":\"es\",\"@id\":\"https:\\\/\\\/secure.gravatar.com\\\/avatar\\\/1f38f8518b09a266af73da2bce78d69e7d1275299970134ed62f572e0487e1d0?s=96&d=mm&r=g\",\"url\":\"https:\\\/\\\/secure.gravatar.com\\\/avatar\\\/1f38f8518b09a266af73da2bce78d69e7d1275299970134ed62f572e0487e1d0?s=96&d=mm&r=g\",\"contentUrl\":\"https:\\\/\\\/secure.gravatar.com\\\/avatar\\\/1f38f8518b09a266af73da2bce78d69e7d1275299970134ed62f572e0487e1d0?s=96&d=mm&r=g\",\"caption\":\"Mar\u00eda de la Paz Rodarte Ram\u00edrez\"},\"sameAs\":[\"https:\\\/\\\/www.elhijodelllanero.mx\"],\"url\":\"https:\\\/\\\/elhijodelllanero.mx\\\/index.php\\\/author\\\/maricuas\\\/\"}]}<\/script>\n<!-- \/ Yoast SEO plugin. -->","yoast_head_json":{"title":"Regidor panista reprocha nombramiento y expresiones del alcalde.\u00a0 - El Hijo del llanero solititito","robots":{"index":"index","follow":"follow","max-snippet":"max-snippet:-1","max-image-preview":"max-image-preview:large","max-video-preview":"max-video-preview:-1"},"canonical":"https:\/\/elhijodelllanero.mx\/index.php\/2026\/04\/07\/regidor-panista-reprocha-nombramiento-y-expresiones-del-alcalde\/","og_locale":"es_ES","og_type":"article","og_title":"Regidor panista reprocha nombramiento y expresiones del alcalde.\u00a0 - El Hijo del llanero solititito","og_description":"Celaya, Gto. 7 de abril del 2026.- El regidor, Carlos Ruiz, dio a conocer su preocupaci\u00f3n por recientes cambios en la estructura del Sistema de Cultura F\u00edsica y Deporte (SIDEC), al considerar que contradicen el discurso previo del presidente municipal, quien hab\u00eda defendido el trabajo que se ven\u00eda realizando en dicha dependencia, reprob\u00f3 la expresi\u00f3n [&hellip;]","og_url":"https:\/\/elhijodelllanero.mx\/index.php\/2026\/04\/07\/regidor-panista-reprocha-nombramiento-y-expresiones-del-alcalde\/","og_site_name":"El Hijo del llanero solititito","article_published_time":"2026-04-07T20:11:48+00:00","og_image":[{"width":1600,"height":900,"url":"https:\/\/elhijodelllanero.mx\/wp-content\/uploads\/2026\/04\/IMG-20260407-WA0004.jpg","type":"image\/jpeg"}],"author":"Mar\u00eda de la Paz Rodarte Ram\u00edrez","twitter_card":"summary_large_image","twitter_misc":{"Escrito por":"Mar\u00eda de la Paz Rodarte Ram\u00edrez","Tiempo de lectura":"2 minutos"},"schema":{"@context":"https:\/\/schema.org","@graph":[{"@type":"Article","@id":"https:\/\/elhijodelllanero.mx\/index.php\/2026\/04\/07\/regidor-panista-reprocha-nombramiento-y-expresiones-del-alcalde\/#article","isPartOf":{"@id":"https:\/\/elhijodelllanero.mx\/index.php\/2026\/04\/07\/regidor-panista-reprocha-nombramiento-y-expresiones-del-alcalde\/"},"author":{"name":"Mar\u00eda de la Paz Rodarte Ram\u00edrez","@id":"https:\/\/elhijodelllanero.mx\/#\/schema\/person\/c7f8c86c55c1eab44ae2b93a9628245f"},"headline":"Regidor panista reprocha nombramiento y expresiones del alcalde.\u00a0","datePublished":"2026-04-07T20:11:48+00:00","mainEntityOfPage":{"@id":"https:\/\/elhijodelllanero.mx\/index.php\/2026\/04\/07\/regidor-panista-reprocha-nombramiento-y-expresiones-del-alcalde\/"},"wordCount":355,"commentCount":0,"image":{"@id":"https:\/\/elhijodelllanero.mx\/index.php\/2026\/04\/07\/regidor-panista-reprocha-nombramiento-y-expresiones-del-alcalde\/#primaryimage"},"thumbnailUrl":"https:\/\/i0.wp.com\/elhijodelllanero.mx\/wp-content\/uploads\/2026\/04\/IMG-20260407-WA0004.jpg?fit=1600%2C900&ssl=1","articleSection":["CELAYA"],"inLanguage":"es","potentialAction":[{"@type":"CommentAction","name":"Comment","target":["https:\/\/elhijodelllanero.mx\/index.php\/2026\/04\/07\/regidor-panista-reprocha-nombramiento-y-expresiones-del-alcalde\/#respond"]}]},{"@type":"WebPage","@id":"https:\/\/elhijodelllanero.mx\/index.php\/2026\/04\/07\/regidor-panista-reprocha-nombramiento-y-expresiones-del-alcalde\/","url":"https:\/\/elhijodelllanero.mx\/index.php\/2026\/04\/07\/regidor-panista-reprocha-nombramiento-y-expresiones-del-alcalde\/","name":"Regidor panista reprocha nombramiento y expresiones del alcalde.\u00a0 - El Hijo del llanero solititito","isPartOf":{"@id":"https:\/\/elhijodelllanero.mx\/#website"},"primaryImageOfPage":{"@id":"https:\/\/elhijodelllanero.mx\/index.php\/2026\/04\/07\/regidor-panista-reprocha-nombramiento-y-expresiones-del-alcalde\/#primaryimage"},"image":{"@id":"https:\/\/elhijodelllanero.mx\/index.php\/2026\/04\/07\/regidor-panista-reprocha-nombramiento-y-expresiones-del-alcalde\/#primaryimage"},"thumbnailUrl":"https:\/\/i0.wp.com\/elhijodelllanero.mx\/wp-content\/uploads\/2026\/04\/IMG-20260407-WA0004.jpg?fit=1600%2C900&ssl=1","datePublished":"2026-04-07T20:11:48+00:00","author":{"@id":"https:\/\/elhijodelllanero.mx\/#\/schema\/person\/c7f8c86c55c1eab44ae2b93a9628245f"},"breadcrumb":{"@id":"https:\/\/elhijodelllanero.mx\/index.php\/2026\/04\/07\/regidor-panista-reprocha-nombramiento-y-expresiones-del-alcalde\/#breadcrumb"},"inLanguage":"es","potentialAction":[{"@type":"ReadAction","target":["https:\/\/elhijodelllanero.mx\/index.php\/2026\/04\/07\/regidor-panista-reprocha-nombramiento-y-expresiones-del-alcalde\/"]}]},{"@type":"ImageObject","inLanguage":"es","@id":"https:\/\/elhijodelllanero.mx\/index.php\/2026\/04\/07\/regidor-panista-reprocha-nombramiento-y-expresiones-del-alcalde\/#primaryimage","url":"https:\/\/i0.wp.com\/elhijodelllanero.mx\/wp-content\/uploads\/2026\/04\/IMG-20260407-WA0004.jpg?fit=1600%2C900&ssl=1","contentUrl":"https:\/\/i0.wp.com\/elhijodelllanero.mx\/wp-content\/uploads\/2026\/04\/IMG-20260407-WA0004.jpg?fit=1600%2C900&ssl=1","width":1600,"height":900},{"@type":"BreadcrumbList","@id":"https:\/\/elhijodelllanero.mx\/index.php\/2026\/04\/07\/regidor-panista-reprocha-nombramiento-y-expresiones-del-alcalde\/#breadcrumb","itemListElement":[{"@type":"ListItem","position":1,"name":"Portada","item":"https:\/\/elhijodelllanero.mx\/"},{"@type":"ListItem","position":2,"name":"Regidor panista reprocha nombramiento y expresiones del alcalde.\u00a0"}]},{"@type":"WebSite","@id":"https:\/\/elhijodelllanero.mx\/#website","url":"https:\/\/elhijodelllanero.mx\/","name":"El Hijo del llanero solititito","description":"","potentialAction":[{"@type":"SearchAction","target":{"@type":"EntryPoint","urlTemplate":"https:\/\/elhijodelllanero.mx\/?s={search_term_string}"},"query-input":{"@type":"PropertyValueSpecification","valueRequired":true,"valueName":"search_term_string"}}],"inLanguage":"es"},{"@type":"Person","@id":"https:\/\/elhijodelllanero.mx\/#\/schema\/person\/c7f8c86c55c1eab44ae2b93a9628245f","name":"Mar\u00eda de la Paz Rodarte Ram\u00edrez","image":{"@type":"ImageObject","inLanguage":"es","@id":"https:\/\/secure.gravatar.com\/avatar\/1f38f8518b09a266af73da2bce78d69e7d1275299970134ed62f572e0487e1d0?s=96&d=mm&r=g","url":"https:\/\/secure.gravatar.com\/avatar\/1f38f8518b09a266af73da2bce78d69e7d1275299970134ed62f572e0487e1d0?s=96&d=mm&r=g","contentUrl":"https:\/\/secure.gravatar.com\/avatar\/1f38f8518b09a266af73da2bce78d69e7d1275299970134ed62f572e0487e1d0?s=96&d=mm&r=g","caption":"Mar\u00eda de la Paz Rodarte Ram\u00edrez"},"sameAs":["https:\/\/www.elhijodelllanero.mx"],"url":"https:\/\/elhijodelllanero.mx\/index.php\/author\/maricuas\/"}]}},"jetpack_featured_media_url":"https:\/\/i0.wp.com\/elhijodelllanero.mx\/wp-content\/uploads\/2026\/04\/IMG-20260407-WA0004.jpg?fit=1600%2C900&ssl=1","jetpack-related-posts":[],"jetpack_sharing_enabled":true,"_links":{"self":[{"href":"https:\/\/elhijodelllanero.mx\/index.php\/wp-json\/wp\/v2\/posts\/13671","targetHints":{"allow":["GET"]}}],"collection":[{"href":"https:\/\/elhijodelllanero.mx\/index.php\/wp-json\/wp\/v2\/posts"}],"about":[{"href":"https:\/\/elhijodelllanero.mx\/index.php\/wp-json\/wp\/v2\/types\/post"}],"author":[{"embeddable":true,"href":"https:\/\/elhijodelllanero.mx\/index.php\/wp-json\/wp\/v2\/users\/3"}],"replies":[{"embeddable":true,"href":"https:\/\/elhijodelllanero.mx\/index.php\/wp-json\/wp\/v2\/comments?post=13671"}],"version-history":[{"count":2,"href":"https:\/\/elhijodelllanero.mx\/index.php\/wp-json\/wp\/v2\/posts\/13671\/revisions"}],"predecessor-version":[{"id":13674,"href":"https:\/\/elhijodelllanero.mx\/index.php\/wp-json\/wp\/v2\/posts\/13671\/revisions\/13674"}],"wp:featuredmedia":[{"embeddable":true,"href":"https:\/\/elhijodelllanero.mx\/index.php\/wp-json\/wp\/v2\/media\/13672"}],"wp:attachment":[{"href":"https:\/\/elhijodelllanero.mx\/index.php\/wp-json\/wp\/v2\/media?parent=13671"}],"wp:term":[{"taxonomy":"category","embeddable":true,"href":"https:\/\/elhijodelllanero.mx\/index.php\/wp-json\/wp\/v2\/categories?post=13671"},{"taxonomy":"post_tag","embeddable":true,"href":"https:\/\/elhijodelllanero.mx\/index.php\/wp-json\/wp\/v2\/tags?post=13671"}],"curies":[{"name":"wp","href":"https:\/\/api.w.org\/{rel}","templated":true}]}}