{"id":13678,"date":"2026-04-08T00:01:07","date_gmt":"2026-04-08T00:01:07","guid":{"rendered":"https:\/\/elhijodelllanero.mx\/?p=13678"},"modified":"2026-04-08T00:01:07","modified_gmt":"2026-04-08T00:01:07","slug":"la-esperanza-tambien-se-juega-arranca-liga-en-las-jacarandas","status":"publish","type":"post","link":"https:\/\/elhijodelllanero.mx\/index.php\/2026\/04\/08\/la-esperanza-tambien-se-juega-arranca-liga-en-las-jacarandas\/","title":{"rendered":"\u201cLa esperanza tambi\u00e9n se juega\u201d: arranca liga en Las Jacarandas."},"content":{"rendered":"<p>Celaya, Gto. 7 de abril del 2026.- Si alguien dudaba que el f\u00fatbol mueve m\u00e1s que discursos, bastaba darse una vuelta por Las Jacarandas. Ah\u00ed, entre gritos, balones y uno que otro rega\u00f1o desde la banda, arranc\u00f3 el programa \u201cLa Esperanza Nos Liga\u201d, y s\u00ed, esta vez no suena a frase bonita\u2026 suena a torneo de verdad.<\/p>\n<p>La Deportiva de la colonia se convirti\u00f3 en cancha, punto de encuentro y escaparate de talento local. Ni\u00f1os, j\u00f3venes y familias completas llegaron listos para lo importante: jugar, competir y, de paso, demostrar que en el barrio hay nivel.<\/p>\n<p>La directora del SIDEC, Alma Gorety Mart\u00ednez Garc\u00eda, solt\u00f3 el mensaje institucional, pero entre l\u00edneas qued\u00f3 claro algo m\u00e1s interesante: el deporte no solo entretiene, tambi\u00e9n ordena, conecta y hasta calma un poco el caos diario. Porque s\u00ed, el famoso \u201ctejido social\u201d no se arregla solo, pero con bal\u00f3n de por medio, al menos se intenta.<\/p>\n<p>En representaci\u00f3n del alcalde, el director de JUMAPA, Sa\u00fal Trejo Fuentes, fue el encargado de dar la patada inicial. Y no, no fall\u00f3 el tiro ceremonial, lo cual ya es ganancia en estos eventos.<\/p>\n<p>Tambi\u00e9n andaban por ah\u00ed gente clave del deporte municipal, como Christian Campos Regalado y el promotor Mart\u00edn Ram\u00edrez, respaldando el arranque de esta liga que promete m\u00e1s que partidos: promete identidad.<\/p>\n<p>Como buen inicio, no falt\u00f3 el detalle que siempre suma: entrega de material deportivo a los equipos. Porque s\u00ed, la motivaci\u00f3n ayuda, pero unos buenos balones y uniformes hacen que todo se juegue distinto.<\/p>\n<p>As\u00ed arranc\u00f3 \u201cLa Esperanza Nos Liga\u201d en Las Jacarandas: con cancha llena, barrio presente y esa sensaci\u00f3n rara pero bienvenida de que, al menos por 90 minutos, todo puede ir un poco mejor.<\/p>\n","protected":false},"excerpt":{"rendered":"<p>Celaya, Gto. 7 de abril del 2026.- Si alguien dudaba que el f\u00fatbol mueve m\u00e1s que discursos, bastaba darse una vuelta por Las Jacarandas. Ah\u00ed, entre gritos, balones y uno que otro rega\u00f1o desde la banda, arranc\u00f3 el programa \u201cLa Esperanza Nos Liga\u201d, y s\u00ed, esta vez no suena a frase bonita\u2026 suena a torneo [&hellip;]<\/p>\n","protected":false},"author":3,"featured_media":13679,"comment_status":"open","ping_status":"closed","sticky":false,"template":"","format":"standard","meta":{"_jetpack_newsletter_access":"","_jetpack_dont_email_post_to_subs":false,"_jetpack_newsletter_tier_id":0,"_jetpack_memberships_contains_paywalled_content":false,"_jetpack_memberships_contains_paid_content":false,"footnotes":""},"categories":[74,40],"tags":[],"class_list":{"0":"post-13678","1":"post","2":"type-post","3":"status-publish","4":"format-standard","5":"has-post-thumbnail","7":"category-celaya","8":"category-deportes"},"yoast_head":"<!-- This site is optimized with the Yoast SEO plugin v27.3 - https:\/\/yoast.com\/product\/yoast-seo-wordpress\/ -->\n<title>\u201cLa esperanza tambi\u00e9n se juega\u201d: arranca liga en Las Jacarandas. - El Hijo del llanero solititito<\/title>\n<meta name=\"robots\" content=\"index, follow, max-snippet:-1, max-image-preview:large, max-video-preview:-1\" \/>\n<link rel=\"canonical\" href=\"https:\/\/elhijodelllanero.mx\/index.php\/2026\/04\/08\/la-esperanza-tambien-se-juega-arranca-liga-en-las-jacarandas\/\" \/>\n<meta property=\"og:locale\" content=\"es_ES\" \/>\n<meta property=\"og:type\" content=\"article\" \/>\n<meta property=\"og:title\" content=\"\u201cLa esperanza tambi\u00e9n se juega\u201d: arranca liga en Las Jacarandas. - El Hijo del llanero solititito\" \/>\n<meta property=\"og:description\" content=\"Celaya, Gto. 7 de abril del 2026.- Si alguien dudaba que el f\u00fatbol mueve m\u00e1s que discursos, bastaba darse una vuelta por Las Jacarandas. Ah\u00ed, entre gritos, balones y uno que otro rega\u00f1o desde la banda, arranc\u00f3 el programa \u201cLa Esperanza Nos Liga\u201d, y s\u00ed, esta vez no suena a frase bonita\u2026 suena a torneo [&hellip;]\" \/>\n<meta property=\"og:url\" content=\"https:\/\/elhijodelllanero.mx\/index.php\/2026\/04\/08\/la-esperanza-tambien-se-juega-arranca-liga-en-las-jacarandas\/\" \/>\n<meta property=\"og:site_name\" content=\"El Hijo del llanero solititito\" \/>\n<meta property=\"article:published_time\" content=\"2026-04-08T00:01:07+00:00\" \/>\n<meta property=\"og:image\" content=\"https:\/\/elhijodelllanero.mx\/wp-content\/uploads\/2026\/04\/IMG-20260407-WA0009.jpg\" \/>\n\t<meta property=\"og:image:width\" content=\"1600\" \/>\n\t<meta property=\"og:image:height\" content=\"1200\" \/>\n\t<meta property=\"og:image:type\" content=\"image\/jpeg\" \/>\n<meta name=\"author\" content=\"Mar\u00eda de la Paz Rodarte Ram\u00edrez\" \/>\n<meta name=\"twitter:card\" content=\"summary_large_image\" \/>\n<meta name=\"twitter:label1\" content=\"Escrito por\" \/>\n\t<meta name=\"twitter:data1\" content=\"Mar\u00eda de la Paz Rodarte Ram\u00edrez\" \/>\n\t<meta name=\"twitter:label2\" content=\"Tiempo de lectura\" \/>\n\t<meta name=\"twitter:data2\" content=\"2 minutos\" \/>\n<script type=\"application\/ld+json\" class=\"yoast-schema-graph\">{\"@context\":\"https:\\\/\\\/schema.org\",\"@graph\":[{\"@type\":\"Article\",\"@id\":\"https:\\\/\\\/elhijodelllanero.mx\\\/index.php\\\/2026\\\/04\\\/08\\\/la-esperanza-tambien-se-juega-arranca-liga-en-las-jacarandas\\\/#article\",\"isPartOf\":{\"@id\":\"https:\\\/\\\/elhijodelllanero.mx\\\/index.php\\\/2026\\\/04\\\/08\\\/la-esperanza-tambien-se-juega-arranca-liga-en-las-jacarandas\\\/\"},\"author\":{\"name\":\"Mar\u00eda de la Paz Rodarte Ram\u00edrez\",\"@id\":\"https:\\\/\\\/elhijodelllanero.mx\\\/#\\\/schema\\\/person\\\/c7f8c86c55c1eab44ae2b93a9628245f\"},\"headline\":\"\u201cLa esperanza tambi\u00e9n se juega\u201d: arranca liga en Las Jacarandas.\",\"datePublished\":\"2026-04-08T00:01:07+00:00\",\"mainEntityOfPage\":{\"@id\":\"https:\\\/\\\/elhijodelllanero.mx\\\/index.php\\\/2026\\\/04\\\/08\\\/la-esperanza-tambien-se-juega-arranca-liga-en-las-jacarandas\\\/\"},\"wordCount\":312,\"commentCount\":0,\"image\":{\"@id\":\"https:\\\/\\\/elhijodelllanero.mx\\\/index.php\\\/2026\\\/04\\\/08\\\/la-esperanza-tambien-se-juega-arranca-liga-en-las-jacarandas\\\/#primaryimage\"},\"thumbnailUrl\":\"https:\\\/\\\/i0.wp.com\\\/elhijodelllanero.mx\\\/wp-content\\\/uploads\\\/2026\\\/04\\\/IMG-20260407-WA0009.jpg?fit=1600%2C1200&ssl=1\",\"articleSection\":[\"CELAYA\",\"DEPORTES\"],\"inLanguage\":\"es\",\"potentialAction\":[{\"@type\":\"CommentAction\",\"name\":\"Comment\",\"target\":[\"https:\\\/\\\/elhijodelllanero.mx\\\/index.php\\\/2026\\\/04\\\/08\\\/la-esperanza-tambien-se-juega-arranca-liga-en-las-jacarandas\\\/#respond\"]}]},{\"@type\":\"WebPage\",\"@id\":\"https:\\\/\\\/elhijodelllanero.mx\\\/index.php\\\/2026\\\/04\\\/08\\\/la-esperanza-tambien-se-juega-arranca-liga-en-las-jacarandas\\\/\",\"url\":\"https:\\\/\\\/elhijodelllanero.mx\\\/index.php\\\/2026\\\/04\\\/08\\\/la-esperanza-tambien-se-juega-arranca-liga-en-las-jacarandas\\\/\",\"name\":\"\u201cLa esperanza tambi\u00e9n se juega\u201d: arranca liga en Las Jacarandas. - El Hijo del llanero solititito\",\"isPartOf\":{\"@id\":\"https:\\\/\\\/elhijodelllanero.mx\\\/#website\"},\"primaryImageOfPage\":{\"@id\":\"https:\\\/\\\/elhijodelllanero.mx\\\/index.php\\\/2026\\\/04\\\/08\\\/la-esperanza-tambien-se-juega-arranca-liga-en-las-jacarandas\\\/#primaryimage\"},\"image\":{\"@id\":\"https:\\\/\\\/elhijodelllanero.mx\\\/index.php\\\/2026\\\/04\\\/08\\\/la-esperanza-tambien-se-juega-arranca-liga-en-las-jacarandas\\\/#primaryimage\"},\"thumbnailUrl\":\"https:\\\/\\\/i0.wp.com\\\/elhijodelllanero.mx\\\/wp-content\\\/uploads\\\/2026\\\/04\\\/IMG-20260407-WA0009.jpg?fit=1600%2C1200&ssl=1\",\"datePublished\":\"2026-04-08T00:01:07+00:00\",\"author\":{\"@id\":\"https:\\\/\\\/elhijodelllanero.mx\\\/#\\\/schema\\\/person\\\/c7f8c86c55c1eab44ae2b93a9628245f\"},\"breadcrumb\":{\"@id\":\"https:\\\/\\\/elhijodelllanero.mx\\\/index.php\\\/2026\\\/04\\\/08\\\/la-esperanza-tambien-se-juega-arranca-liga-en-las-jacarandas\\\/#breadcrumb\"},\"inLanguage\":\"es\",\"potentialAction\":[{\"@type\":\"ReadAction\",\"target\":[\"https:\\\/\\\/elhijodelllanero.mx\\\/index.php\\\/2026\\\/04\\\/08\\\/la-esperanza-tambien-se-juega-arranca-liga-en-las-jacarandas\\\/\"]}]},{\"@type\":\"ImageObject\",\"inLanguage\":\"es\",\"@id\":\"https:\\\/\\\/elhijodelllanero.mx\\\/index.php\\\/2026\\\/04\\\/08\\\/la-esperanza-tambien-se-juega-arranca-liga-en-las-jacarandas\\\/#primaryimage\",\"url\":\"https:\\\/\\\/i0.wp.com\\\/elhijodelllanero.mx\\\/wp-content\\\/uploads\\\/2026\\\/04\\\/IMG-20260407-WA0009.jpg?fit=1600%2C1200&ssl=1\",\"contentUrl\":\"https:\\\/\\\/i0.wp.com\\\/elhijodelllanero.mx\\\/wp-content\\\/uploads\\\/2026\\\/04\\\/IMG-20260407-WA0009.jpg?fit=1600%2C1200&ssl=1\",\"width\":1600,\"height\":1200},{\"@type\":\"BreadcrumbList\",\"@id\":\"https:\\\/\\\/elhijodelllanero.mx\\\/index.php\\\/2026\\\/04\\\/08\\\/la-esperanza-tambien-se-juega-arranca-liga-en-las-jacarandas\\\/#breadcrumb\",\"itemListElement\":[{\"@type\":\"ListItem\",\"position\":1,\"name\":\"Portada\",\"item\":\"https:\\\/\\\/elhijodelllanero.mx\\\/\"},{\"@type\":\"ListItem\",\"position\":2,\"name\":\"\u201cLa esperanza tambi\u00e9n se juega\u201d: arranca liga en Las Jacarandas.\"}]},{\"@type\":\"WebSite\",\"@id\":\"https:\\\/\\\/elhijodelllanero.mx\\\/#website\",\"url\":\"https:\\\/\\\/elhijodelllanero.mx\\\/\",\"name\":\"El Hijo del llanero solititito\",\"description\":\"\",\"potentialAction\":[{\"@type\":\"SearchAction\",\"target\":{\"@type\":\"EntryPoint\",\"urlTemplate\":\"https:\\\/\\\/elhijodelllanero.mx\\\/?s={search_term_string}\"},\"query-input\":{\"@type\":\"PropertyValueSpecification\",\"valueRequired\":true,\"valueName\":\"search_term_string\"}}],\"inLanguage\":\"es\"},{\"@type\":\"Person\",\"@id\":\"https:\\\/\\\/elhijodelllanero.mx\\\/#\\\/schema\\\/person\\\/c7f8c86c55c1eab44ae2b93a9628245f\",\"name\":\"Mar\u00eda de la Paz Rodarte Ram\u00edrez\",\"image\":{\"@type\":\"ImageObject\",\"inLanguage\":\"es\",\"@id\":\"https:\\\/\\\/secure.gravatar.com\\\/avatar\\\/1f38f8518b09a266af73da2bce78d69e7d1275299970134ed62f572e0487e1d0?s=96&d=mm&r=g\",\"url\":\"https:\\\/\\\/secure.gravatar.com\\\/avatar\\\/1f38f8518b09a266af73da2bce78d69e7d1275299970134ed62f572e0487e1d0?s=96&d=mm&r=g\",\"contentUrl\":\"https:\\\/\\\/secure.gravatar.com\\\/avatar\\\/1f38f8518b09a266af73da2bce78d69e7d1275299970134ed62f572e0487e1d0?s=96&d=mm&r=g\",\"caption\":\"Mar\u00eda de la Paz Rodarte Ram\u00edrez\"},\"sameAs\":[\"https:\\\/\\\/www.elhijodelllanero.mx\"],\"url\":\"https:\\\/\\\/elhijodelllanero.mx\\\/index.php\\\/author\\\/maricuas\\\/\"}]}<\/script>\n<!-- \/ Yoast SEO plugin. -->","yoast_head_json":{"title":"\u201cLa esperanza tambi\u00e9n se juega\u201d: arranca liga en Las Jacarandas. - El Hijo del llanero solititito","robots":{"index":"index","follow":"follow","max-snippet":"max-snippet:-1","max-image-preview":"max-image-preview:large","max-video-preview":"max-video-preview:-1"},"canonical":"https:\/\/elhijodelllanero.mx\/index.php\/2026\/04\/08\/la-esperanza-tambien-se-juega-arranca-liga-en-las-jacarandas\/","og_locale":"es_ES","og_type":"article","og_title":"\u201cLa esperanza tambi\u00e9n se juega\u201d: arranca liga en Las Jacarandas. - El Hijo del llanero solititito","og_description":"Celaya, Gto. 7 de abril del 2026.- Si alguien dudaba que el f\u00fatbol mueve m\u00e1s que discursos, bastaba darse una vuelta por Las Jacarandas. Ah\u00ed, entre gritos, balones y uno que otro rega\u00f1o desde la banda, arranc\u00f3 el programa \u201cLa Esperanza Nos Liga\u201d, y s\u00ed, esta vez no suena a frase bonita\u2026 suena a torneo [&hellip;]","og_url":"https:\/\/elhijodelllanero.mx\/index.php\/2026\/04\/08\/la-esperanza-tambien-se-juega-arranca-liga-en-las-jacarandas\/","og_site_name":"El Hijo del llanero solititito","article_published_time":"2026-04-08T00:01:07+00:00","og_image":[{"width":1600,"height":1200,"url":"https:\/\/elhijodelllanero.mx\/wp-content\/uploads\/2026\/04\/IMG-20260407-WA0009.jpg","type":"image\/jpeg"}],"author":"Mar\u00eda de la Paz Rodarte Ram\u00edrez","twitter_card":"summary_large_image","twitter_misc":{"Escrito por":"Mar\u00eda de la Paz Rodarte Ram\u00edrez","Tiempo de lectura":"2 minutos"},"schema":{"@context":"https:\/\/schema.org","@graph":[{"@type":"Article","@id":"https:\/\/elhijodelllanero.mx\/index.php\/2026\/04\/08\/la-esperanza-tambien-se-juega-arranca-liga-en-las-jacarandas\/#article","isPartOf":{"@id":"https:\/\/elhijodelllanero.mx\/index.php\/2026\/04\/08\/la-esperanza-tambien-se-juega-arranca-liga-en-las-jacarandas\/"},"author":{"name":"Mar\u00eda de la Paz Rodarte Ram\u00edrez","@id":"https:\/\/elhijodelllanero.mx\/#\/schema\/person\/c7f8c86c55c1eab44ae2b93a9628245f"},"headline":"\u201cLa esperanza tambi\u00e9n se juega\u201d: arranca liga en Las Jacarandas.","datePublished":"2026-04-08T00:01:07+00:00","mainEntityOfPage":{"@id":"https:\/\/elhijodelllanero.mx\/index.php\/2026\/04\/08\/la-esperanza-tambien-se-juega-arranca-liga-en-las-jacarandas\/"},"wordCount":312,"commentCount":0,"image":{"@id":"https:\/\/elhijodelllanero.mx\/index.php\/2026\/04\/08\/la-esperanza-tambien-se-juega-arranca-liga-en-las-jacarandas\/#primaryimage"},"thumbnailUrl":"https:\/\/i0.wp.com\/elhijodelllanero.mx\/wp-content\/uploads\/2026\/04\/IMG-20260407-WA0009.jpg?fit=1600%2C1200&ssl=1","articleSection":["CELAYA","DEPORTES"],"inLanguage":"es","potentialAction":[{"@type":"CommentAction","name":"Comment","target":["https:\/\/elhijodelllanero.mx\/index.php\/2026\/04\/08\/la-esperanza-tambien-se-juega-arranca-liga-en-las-jacarandas\/#respond"]}]},{"@type":"WebPage","@id":"https:\/\/elhijodelllanero.mx\/index.php\/2026\/04\/08\/la-esperanza-tambien-se-juega-arranca-liga-en-las-jacarandas\/","url":"https:\/\/elhijodelllanero.mx\/index.php\/2026\/04\/08\/la-esperanza-tambien-se-juega-arranca-liga-en-las-jacarandas\/","name":"\u201cLa esperanza tambi\u00e9n se juega\u201d: arranca liga en Las Jacarandas. - El Hijo del llanero solititito","isPartOf":{"@id":"https:\/\/elhijodelllanero.mx\/#website"},"primaryImageOfPage":{"@id":"https:\/\/elhijodelllanero.mx\/index.php\/2026\/04\/08\/la-esperanza-tambien-se-juega-arranca-liga-en-las-jacarandas\/#primaryimage"},"image":{"@id":"https:\/\/elhijodelllanero.mx\/index.php\/2026\/04\/08\/la-esperanza-tambien-se-juega-arranca-liga-en-las-jacarandas\/#primaryimage"},"thumbnailUrl":"https:\/\/i0.wp.com\/elhijodelllanero.mx\/wp-content\/uploads\/2026\/04\/IMG-20260407-WA0009.jpg?fit=1600%2C1200&ssl=1","datePublished":"2026-04-08T00:01:07+00:00","author":{"@id":"https:\/\/elhijodelllanero.mx\/#\/schema\/person\/c7f8c86c55c1eab44ae2b93a9628245f"},"breadcrumb":{"@id":"https:\/\/elhijodelllanero.mx\/index.php\/2026\/04\/08\/la-esperanza-tambien-se-juega-arranca-liga-en-las-jacarandas\/#breadcrumb"},"inLanguage":"es","potentialAction":[{"@type":"ReadAction","target":["https:\/\/elhijodelllanero.mx\/index.php\/2026\/04\/08\/la-esperanza-tambien-se-juega-arranca-liga-en-las-jacarandas\/"]}]},{"@type":"ImageObject","inLanguage":"es","@id":"https:\/\/elhijodelllanero.mx\/index.php\/2026\/04\/08\/la-esperanza-tambien-se-juega-arranca-liga-en-las-jacarandas\/#primaryimage","url":"https:\/\/i0.wp.com\/elhijodelllanero.mx\/wp-content\/uploads\/2026\/04\/IMG-20260407-WA0009.jpg?fit=1600%2C1200&ssl=1","contentUrl":"https:\/\/i0.wp.com\/elhijodelllanero.mx\/wp-content\/uploads\/2026\/04\/IMG-20260407-WA0009.jpg?fit=1600%2C1200&ssl=1","width":1600,"height":1200},{"@type":"BreadcrumbList","@id":"https:\/\/elhijodelllanero.mx\/index.php\/2026\/04\/08\/la-esperanza-tambien-se-juega-arranca-liga-en-las-jacarandas\/#breadcrumb","itemListElement":[{"@type":"ListItem","position":1,"name":"Portada","item":"https:\/\/elhijodelllanero.mx\/"},{"@type":"ListItem","position":2,"name":"\u201cLa esperanza tambi\u00e9n se juega\u201d: arranca liga en Las Jacarandas."}]},{"@type":"WebSite","@id":"https:\/\/elhijodelllanero.mx\/#website","url":"https:\/\/elhijodelllanero.mx\/","name":"El Hijo del llanero solititito","description":"","potentialAction":[{"@type":"SearchAction","target":{"@type":"EntryPoint","urlTemplate":"https:\/\/elhijodelllanero.mx\/?s={search_term_string}"},"query-input":{"@type":"PropertyValueSpecification","valueRequired":true,"valueName":"search_term_string"}}],"inLanguage":"es"},{"@type":"Person","@id":"https:\/\/elhijodelllanero.mx\/#\/schema\/person\/c7f8c86c55c1eab44ae2b93a9628245f","name":"Mar\u00eda de la Paz Rodarte Ram\u00edrez","image":{"@type":"ImageObject","inLanguage":"es","@id":"https:\/\/secure.gravatar.com\/avatar\/1f38f8518b09a266af73da2bce78d69e7d1275299970134ed62f572e0487e1d0?s=96&d=mm&r=g","url":"https:\/\/secure.gravatar.com\/avatar\/1f38f8518b09a266af73da2bce78d69e7d1275299970134ed62f572e0487e1d0?s=96&d=mm&r=g","contentUrl":"https:\/\/secure.gravatar.com\/avatar\/1f38f8518b09a266af73da2bce78d69e7d1275299970134ed62f572e0487e1d0?s=96&d=mm&r=g","caption":"Mar\u00eda de la Paz Rodarte Ram\u00edrez"},"sameAs":["https:\/\/www.elhijodelllanero.mx"],"url":"https:\/\/elhijodelllanero.mx\/index.php\/author\/maricuas\/"}]}},"jetpack_featured_media_url":"https:\/\/i0.wp.com\/elhijodelllanero.mx\/wp-content\/uploads\/2026\/04\/IMG-20260407-WA0009.jpg?fit=1600%2C1200&ssl=1","jetpack-related-posts":[],"jetpack_sharing_enabled":true,"_links":{"self":[{"href":"https:\/\/elhijodelllanero.mx\/index.php\/wp-json\/wp\/v2\/posts\/13678","targetHints":{"allow":["GET"]}}],"collection":[{"href":"https:\/\/elhijodelllanero.mx\/index.php\/wp-json\/wp\/v2\/posts"}],"about":[{"href":"https:\/\/elhijodelllanero.mx\/index.php\/wp-json\/wp\/v2\/types\/post"}],"author":[{"embeddable":true,"href":"https:\/\/elhijodelllanero.mx\/index.php\/wp-json\/wp\/v2\/users\/3"}],"replies":[{"embeddable":true,"href":"https:\/\/elhijodelllanero.mx\/index.php\/wp-json\/wp\/v2\/comments?post=13678"}],"version-history":[{"count":1,"href":"https:\/\/elhijodelllanero.mx\/index.php\/wp-json\/wp\/v2\/posts\/13678\/revisions"}],"predecessor-version":[{"id":13680,"href":"https:\/\/elhijodelllanero.mx\/index.php\/wp-json\/wp\/v2\/posts\/13678\/revisions\/13680"}],"wp:featuredmedia":[{"embeddable":true,"href":"https:\/\/elhijodelllanero.mx\/index.php\/wp-json\/wp\/v2\/media\/13679"}],"wp:attachment":[{"href":"https:\/\/elhijodelllanero.mx\/index.php\/wp-json\/wp\/v2\/media?parent=13678"}],"wp:term":[{"taxonomy":"category","embeddable":true,"href":"https:\/\/elhijodelllanero.mx\/index.php\/wp-json\/wp\/v2\/categories?post=13678"},{"taxonomy":"post_tag","embeddable":true,"href":"https:\/\/elhijodelllanero.mx\/index.php\/wp-json\/wp\/v2\/tags?post=13678"}],"curies":[{"name":"wp","href":"https:\/\/api.w.org\/{rel}","templated":true}]}}