{"id":13681,"date":"2026-04-08T00:05:31","date_gmt":"2026-04-08T00:05:31","guid":{"rendered":"https:\/\/elhijodelllanero.mx\/?p=13681"},"modified":"2026-04-08T00:05:31","modified_gmt":"2026-04-08T00:05:31","slug":"doce-medallas-y-cero-pretextos-cortazar-pisa-fuerte-en-el-mundo-del-taekwondo","status":"publish","type":"post","link":"https:\/\/elhijodelllanero.mx\/index.php\/2026\/04\/08\/doce-medallas-y-cero-pretextos-cortazar-pisa-fuerte-en-el-mundo-del-taekwondo\/","title":{"rendered":"Doce medallas y cero pretextos: Cortazar pisa fuerte en el mundo del taekwondo."},"content":{"rendered":"<p>Cortazar, Gto. 7 de abril del 2026.-\u2014 Mientras muchos apenas sobreviven a sus rutinas diarias, un grupo de j\u00f3venes decidi\u00f3 hacer algo un poco m\u00e1s ambicioso: subirse al tatami y traer medallas a casa. Y no una o dos para la foto. Fueron 12.<\/p>\n<p>La selecci\u00f3n FEM Espartanos DIMUDE Taekwondo Cortazar firm\u00f3 una participaci\u00f3n que no pasa desapercibida en el Abierto Mundial de Taekwondo, celebrado en el Centro de Alto Rendimiento La Loma, en San Luis Potos\u00ed. Ah\u00ed, entre atletas de nivel internacional avalados por la Uni\u00f3n Panamericana de Taekwondo, los cortazarenses no llegaron a ver qu\u00e9 pasaba. Llegaron a competir en serio.<\/p>\n<p>El resultado habla solo: cinco oros, tres platas y cuatro bronces. Doce veces subir al podio despu\u00e9s de jornadas donde lo \u00fanico seguro era el cansancio y uno que otro golpe bien acomodado.<\/p>\n<p>Pero esto no se cocina solo. Detr\u00e1s del brillo de las medallas hay horas de entrenamiento, disciplina y un equipo que no improvisa. Los atletas contin\u00faan su preparaci\u00f3n en la Deportiva Sur bajo la gu\u00eda del entrenador Gonzalo de Jes\u00fas Guzm\u00e1n Arellano, con el respaldo de un equipo que trabaja para que el talento no se quede a medias.<\/p>\n<p>Tambi\u00e9n hubo empuje institucional, porque aunque suene raro, a veces s\u00ed pasa: el Gobierno Municipal, a trav\u00e9s de DIMUDE, facilit\u00f3 el transporte para que la delegaci\u00f3n pudiera competir sin que la distancia fuera otro rival m\u00e1s.<\/p>\n<p>Y esto no termina aqu\u00ed. Dos de las campeonas ya tienen la mira puesta en la Olimpiada Nacional CONADE, que se celebrar\u00e1 en mayo en Tlaxcala. Lo de San Luis Potos\u00ed no fue meta, fue ensayo con p\u00fablico exigente.<\/p>\n<p>Cortazar, al menos en taekwondo, dej\u00f3 claro que no est\u00e1 jugando. Y viendo los resultados, ser\u00eda buena idea que nadie lo subestime.<\/p>\n","protected":false},"excerpt":{"rendered":"<p>Cortazar, Gto. 7 de abril del 2026.-\u2014 Mientras muchos apenas sobreviven a sus rutinas diarias, un grupo de j\u00f3venes decidi\u00f3 hacer algo un poco m\u00e1s ambicioso: subirse al tatami y traer medallas a casa. Y no una o dos para la foto. Fueron 12. La selecci\u00f3n FEM Espartanos DIMUDE Taekwondo Cortazar firm\u00f3 una participaci\u00f3n que [&hellip;]<\/p>\n","protected":false},"author":3,"featured_media":13682,"comment_status":"open","ping_status":"closed","sticky":false,"template":"","format":"standard","meta":{"_jetpack_newsletter_access":"","_jetpack_dont_email_post_to_subs":false,"_jetpack_newsletter_tier_id":0,"_jetpack_memberships_contains_paywalled_content":false,"_jetpack_memberships_contains_paid_content":false,"footnotes":""},"categories":[77,76],"tags":[],"class_list":{"0":"post-13681","1":"post","2":"type-post","3":"status-publish","4":"format-standard","5":"has-post-thumbnail","7":"category-cortazar","8":"category-municipios"},"yoast_head":"<!-- This site is optimized with the Yoast SEO plugin v27.3 - https:\/\/yoast.com\/product\/yoast-seo-wordpress\/ -->\n<title>Doce medallas y cero pretextos: Cortazar pisa fuerte en el mundo del taekwondo. - El Hijo del llanero solititito<\/title>\n<meta name=\"robots\" content=\"index, follow, max-snippet:-1, max-image-preview:large, max-video-preview:-1\" \/>\n<link rel=\"canonical\" href=\"https:\/\/elhijodelllanero.mx\/index.php\/2026\/04\/08\/doce-medallas-y-cero-pretextos-cortazar-pisa-fuerte-en-el-mundo-del-taekwondo\/\" \/>\n<meta property=\"og:locale\" content=\"es_ES\" \/>\n<meta property=\"og:type\" content=\"article\" \/>\n<meta property=\"og:title\" content=\"Doce medallas y cero pretextos: Cortazar pisa fuerte en el mundo del taekwondo. - El Hijo del llanero solititito\" \/>\n<meta property=\"og:description\" content=\"Cortazar, Gto. 7 de abril del 2026.-\u2014 Mientras muchos apenas sobreviven a sus rutinas diarias, un grupo de j\u00f3venes decidi\u00f3 hacer algo un poco m\u00e1s ambicioso: subirse al tatami y traer medallas a casa. Y no una o dos para la foto. Fueron 12. La selecci\u00f3n FEM Espartanos DIMUDE Taekwondo Cortazar firm\u00f3 una participaci\u00f3n que [&hellip;]\" \/>\n<meta property=\"og:url\" content=\"https:\/\/elhijodelllanero.mx\/index.php\/2026\/04\/08\/doce-medallas-y-cero-pretextos-cortazar-pisa-fuerte-en-el-mundo-del-taekwondo\/\" \/>\n<meta property=\"og:site_name\" content=\"El Hijo del llanero solititito\" \/>\n<meta property=\"article:published_time\" content=\"2026-04-08T00:05:31+00:00\" \/>\n<meta property=\"og:image\" content=\"https:\/\/elhijodelllanero.mx\/wp-content\/uploads\/2026\/04\/IMG-20260407-WA0007.jpg\" \/>\n\t<meta property=\"og:image:width\" content=\"1280\" \/>\n\t<meta property=\"og:image:height\" content=\"720\" \/>\n\t<meta property=\"og:image:type\" content=\"image\/jpeg\" \/>\n<meta name=\"author\" content=\"Mar\u00eda de la Paz Rodarte Ram\u00edrez\" \/>\n<meta name=\"twitter:card\" content=\"summary_large_image\" \/>\n<meta name=\"twitter:label1\" content=\"Escrito por\" \/>\n\t<meta name=\"twitter:data1\" content=\"Mar\u00eda de la Paz Rodarte Ram\u00edrez\" \/>\n\t<meta name=\"twitter:label2\" content=\"Tiempo de lectura\" \/>\n\t<meta name=\"twitter:data2\" content=\"2 minutos\" \/>\n<script type=\"application\/ld+json\" class=\"yoast-schema-graph\">{\"@context\":\"https:\\\/\\\/schema.org\",\"@graph\":[{\"@type\":\"Article\",\"@id\":\"https:\\\/\\\/elhijodelllanero.mx\\\/index.php\\\/2026\\\/04\\\/08\\\/doce-medallas-y-cero-pretextos-cortazar-pisa-fuerte-en-el-mundo-del-taekwondo\\\/#article\",\"isPartOf\":{\"@id\":\"https:\\\/\\\/elhijodelllanero.mx\\\/index.php\\\/2026\\\/04\\\/08\\\/doce-medallas-y-cero-pretextos-cortazar-pisa-fuerte-en-el-mundo-del-taekwondo\\\/\"},\"author\":{\"name\":\"Mar\u00eda de la Paz Rodarte Ram\u00edrez\",\"@id\":\"https:\\\/\\\/elhijodelllanero.mx\\\/#\\\/schema\\\/person\\\/c7f8c86c55c1eab44ae2b93a9628245f\"},\"headline\":\"Doce medallas y cero pretextos: Cortazar pisa fuerte en el mundo del taekwondo.\",\"datePublished\":\"2026-04-08T00:05:31+00:00\",\"mainEntityOfPage\":{\"@id\":\"https:\\\/\\\/elhijodelllanero.mx\\\/index.php\\\/2026\\\/04\\\/08\\\/doce-medallas-y-cero-pretextos-cortazar-pisa-fuerte-en-el-mundo-del-taekwondo\\\/\"},\"wordCount\":321,\"commentCount\":0,\"image\":{\"@id\":\"https:\\\/\\\/elhijodelllanero.mx\\\/index.php\\\/2026\\\/04\\\/08\\\/doce-medallas-y-cero-pretextos-cortazar-pisa-fuerte-en-el-mundo-del-taekwondo\\\/#primaryimage\"},\"thumbnailUrl\":\"https:\\\/\\\/i0.wp.com\\\/elhijodelllanero.mx\\\/wp-content\\\/uploads\\\/2026\\\/04\\\/IMG-20260407-WA0007.jpg?fit=1280%2C720&ssl=1\",\"articleSection\":[\"CORTAZAR\",\"MUNICIPIOS\"],\"inLanguage\":\"es\",\"potentialAction\":[{\"@type\":\"CommentAction\",\"name\":\"Comment\",\"target\":[\"https:\\\/\\\/elhijodelllanero.mx\\\/index.php\\\/2026\\\/04\\\/08\\\/doce-medallas-y-cero-pretextos-cortazar-pisa-fuerte-en-el-mundo-del-taekwondo\\\/#respond\"]}]},{\"@type\":\"WebPage\",\"@id\":\"https:\\\/\\\/elhijodelllanero.mx\\\/index.php\\\/2026\\\/04\\\/08\\\/doce-medallas-y-cero-pretextos-cortazar-pisa-fuerte-en-el-mundo-del-taekwondo\\\/\",\"url\":\"https:\\\/\\\/elhijodelllanero.mx\\\/index.php\\\/2026\\\/04\\\/08\\\/doce-medallas-y-cero-pretextos-cortazar-pisa-fuerte-en-el-mundo-del-taekwondo\\\/\",\"name\":\"Doce medallas y cero pretextos: Cortazar pisa fuerte en el mundo del taekwondo. - El Hijo del llanero solititito\",\"isPartOf\":{\"@id\":\"https:\\\/\\\/elhijodelllanero.mx\\\/#website\"},\"primaryImageOfPage\":{\"@id\":\"https:\\\/\\\/elhijodelllanero.mx\\\/index.php\\\/2026\\\/04\\\/08\\\/doce-medallas-y-cero-pretextos-cortazar-pisa-fuerte-en-el-mundo-del-taekwondo\\\/#primaryimage\"},\"image\":{\"@id\":\"https:\\\/\\\/elhijodelllanero.mx\\\/index.php\\\/2026\\\/04\\\/08\\\/doce-medallas-y-cero-pretextos-cortazar-pisa-fuerte-en-el-mundo-del-taekwondo\\\/#primaryimage\"},\"thumbnailUrl\":\"https:\\\/\\\/i0.wp.com\\\/elhijodelllanero.mx\\\/wp-content\\\/uploads\\\/2026\\\/04\\\/IMG-20260407-WA0007.jpg?fit=1280%2C720&ssl=1\",\"datePublished\":\"2026-04-08T00:05:31+00:00\",\"author\":{\"@id\":\"https:\\\/\\\/elhijodelllanero.mx\\\/#\\\/schema\\\/person\\\/c7f8c86c55c1eab44ae2b93a9628245f\"},\"breadcrumb\":{\"@id\":\"https:\\\/\\\/elhijodelllanero.mx\\\/index.php\\\/2026\\\/04\\\/08\\\/doce-medallas-y-cero-pretextos-cortazar-pisa-fuerte-en-el-mundo-del-taekwondo\\\/#breadcrumb\"},\"inLanguage\":\"es\",\"potentialAction\":[{\"@type\":\"ReadAction\",\"target\":[\"https:\\\/\\\/elhijodelllanero.mx\\\/index.php\\\/2026\\\/04\\\/08\\\/doce-medallas-y-cero-pretextos-cortazar-pisa-fuerte-en-el-mundo-del-taekwondo\\\/\"]}]},{\"@type\":\"ImageObject\",\"inLanguage\":\"es\",\"@id\":\"https:\\\/\\\/elhijodelllanero.mx\\\/index.php\\\/2026\\\/04\\\/08\\\/doce-medallas-y-cero-pretextos-cortazar-pisa-fuerte-en-el-mundo-del-taekwondo\\\/#primaryimage\",\"url\":\"https:\\\/\\\/i0.wp.com\\\/elhijodelllanero.mx\\\/wp-content\\\/uploads\\\/2026\\\/04\\\/IMG-20260407-WA0007.jpg?fit=1280%2C720&ssl=1\",\"contentUrl\":\"https:\\\/\\\/i0.wp.com\\\/elhijodelllanero.mx\\\/wp-content\\\/uploads\\\/2026\\\/04\\\/IMG-20260407-WA0007.jpg?fit=1280%2C720&ssl=1\",\"width\":1280,\"height\":720},{\"@type\":\"BreadcrumbList\",\"@id\":\"https:\\\/\\\/elhijodelllanero.mx\\\/index.php\\\/2026\\\/04\\\/08\\\/doce-medallas-y-cero-pretextos-cortazar-pisa-fuerte-en-el-mundo-del-taekwondo\\\/#breadcrumb\",\"itemListElement\":[{\"@type\":\"ListItem\",\"position\":1,\"name\":\"Portada\",\"item\":\"https:\\\/\\\/elhijodelllanero.mx\\\/\"},{\"@type\":\"ListItem\",\"position\":2,\"name\":\"Doce medallas y cero pretextos: Cortazar pisa fuerte en el mundo del taekwondo.\"}]},{\"@type\":\"WebSite\",\"@id\":\"https:\\\/\\\/elhijodelllanero.mx\\\/#website\",\"url\":\"https:\\\/\\\/elhijodelllanero.mx\\\/\",\"name\":\"El Hijo del llanero solititito\",\"description\":\"\",\"potentialAction\":[{\"@type\":\"SearchAction\",\"target\":{\"@type\":\"EntryPoint\",\"urlTemplate\":\"https:\\\/\\\/elhijodelllanero.mx\\\/?s={search_term_string}\"},\"query-input\":{\"@type\":\"PropertyValueSpecification\",\"valueRequired\":true,\"valueName\":\"search_term_string\"}}],\"inLanguage\":\"es\"},{\"@type\":\"Person\",\"@id\":\"https:\\\/\\\/elhijodelllanero.mx\\\/#\\\/schema\\\/person\\\/c7f8c86c55c1eab44ae2b93a9628245f\",\"name\":\"Mar\u00eda de la Paz Rodarte Ram\u00edrez\",\"image\":{\"@type\":\"ImageObject\",\"inLanguage\":\"es\",\"@id\":\"https:\\\/\\\/secure.gravatar.com\\\/avatar\\\/1f38f8518b09a266af73da2bce78d69e7d1275299970134ed62f572e0487e1d0?s=96&d=mm&r=g\",\"url\":\"https:\\\/\\\/secure.gravatar.com\\\/avatar\\\/1f38f8518b09a266af73da2bce78d69e7d1275299970134ed62f572e0487e1d0?s=96&d=mm&r=g\",\"contentUrl\":\"https:\\\/\\\/secure.gravatar.com\\\/avatar\\\/1f38f8518b09a266af73da2bce78d69e7d1275299970134ed62f572e0487e1d0?s=96&d=mm&r=g\",\"caption\":\"Mar\u00eda de la Paz Rodarte Ram\u00edrez\"},\"sameAs\":[\"https:\\\/\\\/www.elhijodelllanero.mx\"],\"url\":\"https:\\\/\\\/elhijodelllanero.mx\\\/index.php\\\/author\\\/maricuas\\\/\"}]}<\/script>\n<!-- \/ Yoast SEO plugin. -->","yoast_head_json":{"title":"Doce medallas y cero pretextos: Cortazar pisa fuerte en el mundo del taekwondo. - El Hijo del llanero solititito","robots":{"index":"index","follow":"follow","max-snippet":"max-snippet:-1","max-image-preview":"max-image-preview:large","max-video-preview":"max-video-preview:-1"},"canonical":"https:\/\/elhijodelllanero.mx\/index.php\/2026\/04\/08\/doce-medallas-y-cero-pretextos-cortazar-pisa-fuerte-en-el-mundo-del-taekwondo\/","og_locale":"es_ES","og_type":"article","og_title":"Doce medallas y cero pretextos: Cortazar pisa fuerte en el mundo del taekwondo. - El Hijo del llanero solititito","og_description":"Cortazar, Gto. 7 de abril del 2026.-\u2014 Mientras muchos apenas sobreviven a sus rutinas diarias, un grupo de j\u00f3venes decidi\u00f3 hacer algo un poco m\u00e1s ambicioso: subirse al tatami y traer medallas a casa. Y no una o dos para la foto. Fueron 12. La selecci\u00f3n FEM Espartanos DIMUDE Taekwondo Cortazar firm\u00f3 una participaci\u00f3n que [&hellip;]","og_url":"https:\/\/elhijodelllanero.mx\/index.php\/2026\/04\/08\/doce-medallas-y-cero-pretextos-cortazar-pisa-fuerte-en-el-mundo-del-taekwondo\/","og_site_name":"El Hijo del llanero solititito","article_published_time":"2026-04-08T00:05:31+00:00","og_image":[{"width":1280,"height":720,"url":"https:\/\/elhijodelllanero.mx\/wp-content\/uploads\/2026\/04\/IMG-20260407-WA0007.jpg","type":"image\/jpeg"}],"author":"Mar\u00eda de la Paz Rodarte Ram\u00edrez","twitter_card":"summary_large_image","twitter_misc":{"Escrito por":"Mar\u00eda de la Paz Rodarte Ram\u00edrez","Tiempo de lectura":"2 minutos"},"schema":{"@context":"https:\/\/schema.org","@graph":[{"@type":"Article","@id":"https:\/\/elhijodelllanero.mx\/index.php\/2026\/04\/08\/doce-medallas-y-cero-pretextos-cortazar-pisa-fuerte-en-el-mundo-del-taekwondo\/#article","isPartOf":{"@id":"https:\/\/elhijodelllanero.mx\/index.php\/2026\/04\/08\/doce-medallas-y-cero-pretextos-cortazar-pisa-fuerte-en-el-mundo-del-taekwondo\/"},"author":{"name":"Mar\u00eda de la Paz Rodarte Ram\u00edrez","@id":"https:\/\/elhijodelllanero.mx\/#\/schema\/person\/c7f8c86c55c1eab44ae2b93a9628245f"},"headline":"Doce medallas y cero pretextos: Cortazar pisa fuerte en el mundo del taekwondo.","datePublished":"2026-04-08T00:05:31+00:00","mainEntityOfPage":{"@id":"https:\/\/elhijodelllanero.mx\/index.php\/2026\/04\/08\/doce-medallas-y-cero-pretextos-cortazar-pisa-fuerte-en-el-mundo-del-taekwondo\/"},"wordCount":321,"commentCount":0,"image":{"@id":"https:\/\/elhijodelllanero.mx\/index.php\/2026\/04\/08\/doce-medallas-y-cero-pretextos-cortazar-pisa-fuerte-en-el-mundo-del-taekwondo\/#primaryimage"},"thumbnailUrl":"https:\/\/i0.wp.com\/elhijodelllanero.mx\/wp-content\/uploads\/2026\/04\/IMG-20260407-WA0007.jpg?fit=1280%2C720&ssl=1","articleSection":["CORTAZAR","MUNICIPIOS"],"inLanguage":"es","potentialAction":[{"@type":"CommentAction","name":"Comment","target":["https:\/\/elhijodelllanero.mx\/index.php\/2026\/04\/08\/doce-medallas-y-cero-pretextos-cortazar-pisa-fuerte-en-el-mundo-del-taekwondo\/#respond"]}]},{"@type":"WebPage","@id":"https:\/\/elhijodelllanero.mx\/index.php\/2026\/04\/08\/doce-medallas-y-cero-pretextos-cortazar-pisa-fuerte-en-el-mundo-del-taekwondo\/","url":"https:\/\/elhijodelllanero.mx\/index.php\/2026\/04\/08\/doce-medallas-y-cero-pretextos-cortazar-pisa-fuerte-en-el-mundo-del-taekwondo\/","name":"Doce medallas y cero pretextos: Cortazar pisa fuerte en el mundo del taekwondo. - El Hijo del llanero solititito","isPartOf":{"@id":"https:\/\/elhijodelllanero.mx\/#website"},"primaryImageOfPage":{"@id":"https:\/\/elhijodelllanero.mx\/index.php\/2026\/04\/08\/doce-medallas-y-cero-pretextos-cortazar-pisa-fuerte-en-el-mundo-del-taekwondo\/#primaryimage"},"image":{"@id":"https:\/\/elhijodelllanero.mx\/index.php\/2026\/04\/08\/doce-medallas-y-cero-pretextos-cortazar-pisa-fuerte-en-el-mundo-del-taekwondo\/#primaryimage"},"thumbnailUrl":"https:\/\/i0.wp.com\/elhijodelllanero.mx\/wp-content\/uploads\/2026\/04\/IMG-20260407-WA0007.jpg?fit=1280%2C720&ssl=1","datePublished":"2026-04-08T00:05:31+00:00","author":{"@id":"https:\/\/elhijodelllanero.mx\/#\/schema\/person\/c7f8c86c55c1eab44ae2b93a9628245f"},"breadcrumb":{"@id":"https:\/\/elhijodelllanero.mx\/index.php\/2026\/04\/08\/doce-medallas-y-cero-pretextos-cortazar-pisa-fuerte-en-el-mundo-del-taekwondo\/#breadcrumb"},"inLanguage":"es","potentialAction":[{"@type":"ReadAction","target":["https:\/\/elhijodelllanero.mx\/index.php\/2026\/04\/08\/doce-medallas-y-cero-pretextos-cortazar-pisa-fuerte-en-el-mundo-del-taekwondo\/"]}]},{"@type":"ImageObject","inLanguage":"es","@id":"https:\/\/elhijodelllanero.mx\/index.php\/2026\/04\/08\/doce-medallas-y-cero-pretextos-cortazar-pisa-fuerte-en-el-mundo-del-taekwondo\/#primaryimage","url":"https:\/\/i0.wp.com\/elhijodelllanero.mx\/wp-content\/uploads\/2026\/04\/IMG-20260407-WA0007.jpg?fit=1280%2C720&ssl=1","contentUrl":"https:\/\/i0.wp.com\/elhijodelllanero.mx\/wp-content\/uploads\/2026\/04\/IMG-20260407-WA0007.jpg?fit=1280%2C720&ssl=1","width":1280,"height":720},{"@type":"BreadcrumbList","@id":"https:\/\/elhijodelllanero.mx\/index.php\/2026\/04\/08\/doce-medallas-y-cero-pretextos-cortazar-pisa-fuerte-en-el-mundo-del-taekwondo\/#breadcrumb","itemListElement":[{"@type":"ListItem","position":1,"name":"Portada","item":"https:\/\/elhijodelllanero.mx\/"},{"@type":"ListItem","position":2,"name":"Doce medallas y cero pretextos: Cortazar pisa fuerte en el mundo del taekwondo."}]},{"@type":"WebSite","@id":"https:\/\/elhijodelllanero.mx\/#website","url":"https:\/\/elhijodelllanero.mx\/","name":"El Hijo del llanero solititito","description":"","potentialAction":[{"@type":"SearchAction","target":{"@type":"EntryPoint","urlTemplate":"https:\/\/elhijodelllanero.mx\/?s={search_term_string}"},"query-input":{"@type":"PropertyValueSpecification","valueRequired":true,"valueName":"search_term_string"}}],"inLanguage":"es"},{"@type":"Person","@id":"https:\/\/elhijodelllanero.mx\/#\/schema\/person\/c7f8c86c55c1eab44ae2b93a9628245f","name":"Mar\u00eda de la Paz Rodarte Ram\u00edrez","image":{"@type":"ImageObject","inLanguage":"es","@id":"https:\/\/secure.gravatar.com\/avatar\/1f38f8518b09a266af73da2bce78d69e7d1275299970134ed62f572e0487e1d0?s=96&d=mm&r=g","url":"https:\/\/secure.gravatar.com\/avatar\/1f38f8518b09a266af73da2bce78d69e7d1275299970134ed62f572e0487e1d0?s=96&d=mm&r=g","contentUrl":"https:\/\/secure.gravatar.com\/avatar\/1f38f8518b09a266af73da2bce78d69e7d1275299970134ed62f572e0487e1d0?s=96&d=mm&r=g","caption":"Mar\u00eda de la Paz Rodarte Ram\u00edrez"},"sameAs":["https:\/\/www.elhijodelllanero.mx"],"url":"https:\/\/elhijodelllanero.mx\/index.php\/author\/maricuas\/"}]}},"jetpack_featured_media_url":"https:\/\/i0.wp.com\/elhijodelllanero.mx\/wp-content\/uploads\/2026\/04\/IMG-20260407-WA0007.jpg?fit=1280%2C720&ssl=1","jetpack-related-posts":[],"jetpack_sharing_enabled":true,"_links":{"self":[{"href":"https:\/\/elhijodelllanero.mx\/index.php\/wp-json\/wp\/v2\/posts\/13681","targetHints":{"allow":["GET"]}}],"collection":[{"href":"https:\/\/elhijodelllanero.mx\/index.php\/wp-json\/wp\/v2\/posts"}],"about":[{"href":"https:\/\/elhijodelllanero.mx\/index.php\/wp-json\/wp\/v2\/types\/post"}],"author":[{"embeddable":true,"href":"https:\/\/elhijodelllanero.mx\/index.php\/wp-json\/wp\/v2\/users\/3"}],"replies":[{"embeddable":true,"href":"https:\/\/elhijodelllanero.mx\/index.php\/wp-json\/wp\/v2\/comments?post=13681"}],"version-history":[{"count":1,"href":"https:\/\/elhijodelllanero.mx\/index.php\/wp-json\/wp\/v2\/posts\/13681\/revisions"}],"predecessor-version":[{"id":13683,"href":"https:\/\/elhijodelllanero.mx\/index.php\/wp-json\/wp\/v2\/posts\/13681\/revisions\/13683"}],"wp:featuredmedia":[{"embeddable":true,"href":"https:\/\/elhijodelllanero.mx\/index.php\/wp-json\/wp\/v2\/media\/13682"}],"wp:attachment":[{"href":"https:\/\/elhijodelllanero.mx\/index.php\/wp-json\/wp\/v2\/media?parent=13681"}],"wp:term":[{"taxonomy":"category","embeddable":true,"href":"https:\/\/elhijodelllanero.mx\/index.php\/wp-json\/wp\/v2\/categories?post=13681"},{"taxonomy":"post_tag","embeddable":true,"href":"https:\/\/elhijodelllanero.mx\/index.php\/wp-json\/wp\/v2\/tags?post=13681"}],"curies":[{"name":"wp","href":"https:\/\/api.w.org\/{rel}","templated":true}]}}