{"id":13684,"date":"2026-04-08T00:06:55","date_gmt":"2026-04-08T00:06:55","guid":{"rendered":"https:\/\/elhijodelllanero.mx\/?p=13684"},"modified":"2026-04-08T00:06:55","modified_gmt":"2026-04-08T00:06:55","slug":"devuelven-la-vista-a-10-personas-con-cirugias-de-cataratas","status":"publish","type":"post","link":"https:\/\/elhijodelllanero.mx\/index.php\/2026\/04\/08\/devuelven-la-vista-a-10-personas-con-cirugias-de-cataratas\/","title":{"rendered":"Devuelven la vista a 10 personas con cirug\u00edas de cataratas."},"content":{"rendered":"<p>Silao, Gto. 7 de\u00a0 abril del 2026.-En el marco del D\u00eda Mundial de la Salud, el Gobierno del Estado realiz\u00f3 una jornada quir\u00fargica de cataratas que permiti\u00f3 mejorar la visi\u00f3n de 10 personas provenientes de distintos municipios, entre ellos Le\u00f3n, Cort\u00e1zar, Irapuato y Salvatierra.<\/p>\n<p>Las intervenciones se llevaron a cabo en el Centro de Rehabilitaci\u00f3n Visual, donde los pacientes lograron recuperar claridad, nitidez y percepci\u00f3n de colores, lo que impacta directamente en su independencia y calidad de vida.<\/p>\n<p>La secretaria de Derechos Humanos, Liz Alejandra Esparza Frausto, destac\u00f3 que este tipo de acciones no solo representan atenci\u00f3n m\u00e9dica, sino tambi\u00e9n inclusi\u00f3n social para quienes enfrentan discapacidad visual.<\/p>\n<p>\u201cDespu\u00e9s de la intervenci\u00f3n quir\u00fargica, la persona presenta una recuperaci\u00f3n importante de la visi\u00f3n, con mayor claridad, nitidez y mejor percepci\u00f3n de los colores y esto se traduce en una mayor independencia, incremento en la seguridad personal y una mejora significativa en su calidad de vida, facilitando su reintegraci\u00f3n a las actividades sociales y productivas\u201d.<\/p>\n<p>La catarata es la principal causa de ceguera tratable en el mundo y puede desarrollarse por envejecimiento, enfermedades como la diabetes o exposici\u00f3n prolongada al sol. Su tratamiento quir\u00fargico permite a los pacientes retomar actividades cotidianas como leer o desplazarse con mayor seguridad.<\/p>\n<p>Esta jornada forma parte de las estrategias estatales para atender la discapacidad visual y promover un acceso m\u00e1s equitativo a servicios de salud especializados.<\/p>\n","protected":false},"excerpt":{"rendered":"<p>Silao, Gto. 7 de\u00a0 abril del 2026.-En el marco del D\u00eda Mundial de la Salud, el Gobierno del Estado realiz\u00f3 una jornada quir\u00fargica de cataratas que permiti\u00f3 mejorar la visi\u00f3n de 10 personas provenientes de distintos municipios, entre ellos Le\u00f3n, Cort\u00e1zar, Irapuato y Salvatierra. Las intervenciones se llevaron a cabo en el Centro de Rehabilitaci\u00f3n [&hellip;]<\/p>\n","protected":false},"author":3,"featured_media":13685,"comment_status":"open","ping_status":"closed","sticky":false,"template":"","format":"standard","meta":{"_jetpack_newsletter_access":"","_jetpack_dont_email_post_to_subs":false,"_jetpack_newsletter_tier_id":0,"_jetpack_memberships_contains_paywalled_content":false,"_jetpack_memberships_contains_paid_content":false,"footnotes":""},"categories":[38],"tags":[],"class_list":{"0":"post-13684","1":"post","2":"type-post","3":"status-publish","4":"format-standard","5":"has-post-thumbnail","7":"category-estado"},"yoast_head":"<!-- This site is optimized with the Yoast SEO plugin v27.3 - https:\/\/yoast.com\/product\/yoast-seo-wordpress\/ -->\n<title>Devuelven la vista a 10 personas con cirug\u00edas de cataratas. - El Hijo del llanero solititito<\/title>\n<meta name=\"robots\" content=\"index, follow, max-snippet:-1, max-image-preview:large, max-video-preview:-1\" \/>\n<link rel=\"canonical\" href=\"https:\/\/elhijodelllanero.mx\/index.php\/2026\/04\/08\/devuelven-la-vista-a-10-personas-con-cirugias-de-cataratas\/\" \/>\n<meta property=\"og:locale\" content=\"es_ES\" \/>\n<meta property=\"og:type\" content=\"article\" \/>\n<meta property=\"og:title\" content=\"Devuelven la vista a 10 personas con cirug\u00edas de cataratas. - El Hijo del llanero solititito\" \/>\n<meta property=\"og:description\" content=\"Silao, Gto. 7 de\u00a0 abril del 2026.-En el marco del D\u00eda Mundial de la Salud, el Gobierno del Estado realiz\u00f3 una jornada quir\u00fargica de cataratas que permiti\u00f3 mejorar la visi\u00f3n de 10 personas provenientes de distintos municipios, entre ellos Le\u00f3n, Cort\u00e1zar, Irapuato y Salvatierra. Las intervenciones se llevaron a cabo en el Centro de Rehabilitaci\u00f3n [&hellip;]\" \/>\n<meta property=\"og:url\" content=\"https:\/\/elhijodelllanero.mx\/index.php\/2026\/04\/08\/devuelven-la-vista-a-10-personas-con-cirugias-de-cataratas\/\" \/>\n<meta property=\"og:site_name\" content=\"El Hijo del llanero solititito\" \/>\n<meta property=\"article:published_time\" content=\"2026-04-08T00:06:55+00:00\" \/>\n<meta property=\"og:image\" content=\"https:\/\/elhijodelllanero.mx\/wp-content\/uploads\/2026\/04\/IMG-20260407-WA0011.jpg\" \/>\n\t<meta property=\"og:image:width\" content=\"853\" \/>\n\t<meta property=\"og:image:height\" content=\"1280\" \/>\n\t<meta property=\"og:image:type\" content=\"image\/jpeg\" \/>\n<meta name=\"author\" content=\"Mar\u00eda de la Paz Rodarte Ram\u00edrez\" \/>\n<meta name=\"twitter:card\" content=\"summary_large_image\" \/>\n<meta name=\"twitter:label1\" content=\"Escrito por\" \/>\n\t<meta name=\"twitter:data1\" content=\"Mar\u00eda de la Paz Rodarte Ram\u00edrez\" \/>\n\t<meta name=\"twitter:label2\" content=\"Tiempo de lectura\" \/>\n\t<meta name=\"twitter:data2\" content=\"2 minutos\" \/>\n<script type=\"application\/ld+json\" class=\"yoast-schema-graph\">{\"@context\":\"https:\\\/\\\/schema.org\",\"@graph\":[{\"@type\":\"Article\",\"@id\":\"https:\\\/\\\/elhijodelllanero.mx\\\/index.php\\\/2026\\\/04\\\/08\\\/devuelven-la-vista-a-10-personas-con-cirugias-de-cataratas\\\/#article\",\"isPartOf\":{\"@id\":\"https:\\\/\\\/elhijodelllanero.mx\\\/index.php\\\/2026\\\/04\\\/08\\\/devuelven-la-vista-a-10-personas-con-cirugias-de-cataratas\\\/\"},\"author\":{\"name\":\"Mar\u00eda de la Paz Rodarte Ram\u00edrez\",\"@id\":\"https:\\\/\\\/elhijodelllanero.mx\\\/#\\\/schema\\\/person\\\/c7f8c86c55c1eab44ae2b93a9628245f\"},\"headline\":\"Devuelven la vista a 10 personas con cirug\u00edas de cataratas.\",\"datePublished\":\"2026-04-08T00:06:55+00:00\",\"mainEntityOfPage\":{\"@id\":\"https:\\\/\\\/elhijodelllanero.mx\\\/index.php\\\/2026\\\/04\\\/08\\\/devuelven-la-vista-a-10-personas-con-cirugias-de-cataratas\\\/\"},\"wordCount\":258,\"commentCount\":0,\"image\":{\"@id\":\"https:\\\/\\\/elhijodelllanero.mx\\\/index.php\\\/2026\\\/04\\\/08\\\/devuelven-la-vista-a-10-personas-con-cirugias-de-cataratas\\\/#primaryimage\"},\"thumbnailUrl\":\"https:\\\/\\\/i0.wp.com\\\/elhijodelllanero.mx\\\/wp-content\\\/uploads\\\/2026\\\/04\\\/IMG-20260407-WA0011.jpg?fit=853%2C1280&ssl=1\",\"articleSection\":[\"ESTADO\"],\"inLanguage\":\"es\",\"potentialAction\":[{\"@type\":\"CommentAction\",\"name\":\"Comment\",\"target\":[\"https:\\\/\\\/elhijodelllanero.mx\\\/index.php\\\/2026\\\/04\\\/08\\\/devuelven-la-vista-a-10-personas-con-cirugias-de-cataratas\\\/#respond\"]}]},{\"@type\":\"WebPage\",\"@id\":\"https:\\\/\\\/elhijodelllanero.mx\\\/index.php\\\/2026\\\/04\\\/08\\\/devuelven-la-vista-a-10-personas-con-cirugias-de-cataratas\\\/\",\"url\":\"https:\\\/\\\/elhijodelllanero.mx\\\/index.php\\\/2026\\\/04\\\/08\\\/devuelven-la-vista-a-10-personas-con-cirugias-de-cataratas\\\/\",\"name\":\"Devuelven la vista a 10 personas con cirug\u00edas de cataratas. - El Hijo del llanero solititito\",\"isPartOf\":{\"@id\":\"https:\\\/\\\/elhijodelllanero.mx\\\/#website\"},\"primaryImageOfPage\":{\"@id\":\"https:\\\/\\\/elhijodelllanero.mx\\\/index.php\\\/2026\\\/04\\\/08\\\/devuelven-la-vista-a-10-personas-con-cirugias-de-cataratas\\\/#primaryimage\"},\"image\":{\"@id\":\"https:\\\/\\\/elhijodelllanero.mx\\\/index.php\\\/2026\\\/04\\\/08\\\/devuelven-la-vista-a-10-personas-con-cirugias-de-cataratas\\\/#primaryimage\"},\"thumbnailUrl\":\"https:\\\/\\\/i0.wp.com\\\/elhijodelllanero.mx\\\/wp-content\\\/uploads\\\/2026\\\/04\\\/IMG-20260407-WA0011.jpg?fit=853%2C1280&ssl=1\",\"datePublished\":\"2026-04-08T00:06:55+00:00\",\"author\":{\"@id\":\"https:\\\/\\\/elhijodelllanero.mx\\\/#\\\/schema\\\/person\\\/c7f8c86c55c1eab44ae2b93a9628245f\"},\"breadcrumb\":{\"@id\":\"https:\\\/\\\/elhijodelllanero.mx\\\/index.php\\\/2026\\\/04\\\/08\\\/devuelven-la-vista-a-10-personas-con-cirugias-de-cataratas\\\/#breadcrumb\"},\"inLanguage\":\"es\",\"potentialAction\":[{\"@type\":\"ReadAction\",\"target\":[\"https:\\\/\\\/elhijodelllanero.mx\\\/index.php\\\/2026\\\/04\\\/08\\\/devuelven-la-vista-a-10-personas-con-cirugias-de-cataratas\\\/\"]}]},{\"@type\":\"ImageObject\",\"inLanguage\":\"es\",\"@id\":\"https:\\\/\\\/elhijodelllanero.mx\\\/index.php\\\/2026\\\/04\\\/08\\\/devuelven-la-vista-a-10-personas-con-cirugias-de-cataratas\\\/#primaryimage\",\"url\":\"https:\\\/\\\/i0.wp.com\\\/elhijodelllanero.mx\\\/wp-content\\\/uploads\\\/2026\\\/04\\\/IMG-20260407-WA0011.jpg?fit=853%2C1280&ssl=1\",\"contentUrl\":\"https:\\\/\\\/i0.wp.com\\\/elhijodelllanero.mx\\\/wp-content\\\/uploads\\\/2026\\\/04\\\/IMG-20260407-WA0011.jpg?fit=853%2C1280&ssl=1\",\"width\":853,\"height\":1280},{\"@type\":\"BreadcrumbList\",\"@id\":\"https:\\\/\\\/elhijodelllanero.mx\\\/index.php\\\/2026\\\/04\\\/08\\\/devuelven-la-vista-a-10-personas-con-cirugias-de-cataratas\\\/#breadcrumb\",\"itemListElement\":[{\"@type\":\"ListItem\",\"position\":1,\"name\":\"Portada\",\"item\":\"https:\\\/\\\/elhijodelllanero.mx\\\/\"},{\"@type\":\"ListItem\",\"position\":2,\"name\":\"Devuelven la vista a 10 personas con cirug\u00edas de cataratas.\"}]},{\"@type\":\"WebSite\",\"@id\":\"https:\\\/\\\/elhijodelllanero.mx\\\/#website\",\"url\":\"https:\\\/\\\/elhijodelllanero.mx\\\/\",\"name\":\"El Hijo del llanero solititito\",\"description\":\"\",\"potentialAction\":[{\"@type\":\"SearchAction\",\"target\":{\"@type\":\"EntryPoint\",\"urlTemplate\":\"https:\\\/\\\/elhijodelllanero.mx\\\/?s={search_term_string}\"},\"query-input\":{\"@type\":\"PropertyValueSpecification\",\"valueRequired\":true,\"valueName\":\"search_term_string\"}}],\"inLanguage\":\"es\"},{\"@type\":\"Person\",\"@id\":\"https:\\\/\\\/elhijodelllanero.mx\\\/#\\\/schema\\\/person\\\/c7f8c86c55c1eab44ae2b93a9628245f\",\"name\":\"Mar\u00eda de la Paz Rodarte Ram\u00edrez\",\"image\":{\"@type\":\"ImageObject\",\"inLanguage\":\"es\",\"@id\":\"https:\\\/\\\/secure.gravatar.com\\\/avatar\\\/1f38f8518b09a266af73da2bce78d69e7d1275299970134ed62f572e0487e1d0?s=96&d=mm&r=g\",\"url\":\"https:\\\/\\\/secure.gravatar.com\\\/avatar\\\/1f38f8518b09a266af73da2bce78d69e7d1275299970134ed62f572e0487e1d0?s=96&d=mm&r=g\",\"contentUrl\":\"https:\\\/\\\/secure.gravatar.com\\\/avatar\\\/1f38f8518b09a266af73da2bce78d69e7d1275299970134ed62f572e0487e1d0?s=96&d=mm&r=g\",\"caption\":\"Mar\u00eda de la Paz Rodarte Ram\u00edrez\"},\"sameAs\":[\"https:\\\/\\\/www.elhijodelllanero.mx\"],\"url\":\"https:\\\/\\\/elhijodelllanero.mx\\\/index.php\\\/author\\\/maricuas\\\/\"}]}<\/script>\n<!-- \/ Yoast SEO plugin. -->","yoast_head_json":{"title":"Devuelven la vista a 10 personas con cirug\u00edas de cataratas. - El Hijo del llanero solititito","robots":{"index":"index","follow":"follow","max-snippet":"max-snippet:-1","max-image-preview":"max-image-preview:large","max-video-preview":"max-video-preview:-1"},"canonical":"https:\/\/elhijodelllanero.mx\/index.php\/2026\/04\/08\/devuelven-la-vista-a-10-personas-con-cirugias-de-cataratas\/","og_locale":"es_ES","og_type":"article","og_title":"Devuelven la vista a 10 personas con cirug\u00edas de cataratas. - El Hijo del llanero solititito","og_description":"Silao, Gto. 7 de\u00a0 abril del 2026.-En el marco del D\u00eda Mundial de la Salud, el Gobierno del Estado realiz\u00f3 una jornada quir\u00fargica de cataratas que permiti\u00f3 mejorar la visi\u00f3n de 10 personas provenientes de distintos municipios, entre ellos Le\u00f3n, Cort\u00e1zar, Irapuato y Salvatierra. Las intervenciones se llevaron a cabo en el Centro de Rehabilitaci\u00f3n [&hellip;]","og_url":"https:\/\/elhijodelllanero.mx\/index.php\/2026\/04\/08\/devuelven-la-vista-a-10-personas-con-cirugias-de-cataratas\/","og_site_name":"El Hijo del llanero solititito","article_published_time":"2026-04-08T00:06:55+00:00","og_image":[{"width":853,"height":1280,"url":"https:\/\/elhijodelllanero.mx\/wp-content\/uploads\/2026\/04\/IMG-20260407-WA0011.jpg","type":"image\/jpeg"}],"author":"Mar\u00eda de la Paz Rodarte Ram\u00edrez","twitter_card":"summary_large_image","twitter_misc":{"Escrito por":"Mar\u00eda de la Paz Rodarte Ram\u00edrez","Tiempo de lectura":"2 minutos"},"schema":{"@context":"https:\/\/schema.org","@graph":[{"@type":"Article","@id":"https:\/\/elhijodelllanero.mx\/index.php\/2026\/04\/08\/devuelven-la-vista-a-10-personas-con-cirugias-de-cataratas\/#article","isPartOf":{"@id":"https:\/\/elhijodelllanero.mx\/index.php\/2026\/04\/08\/devuelven-la-vista-a-10-personas-con-cirugias-de-cataratas\/"},"author":{"name":"Mar\u00eda de la Paz Rodarte Ram\u00edrez","@id":"https:\/\/elhijodelllanero.mx\/#\/schema\/person\/c7f8c86c55c1eab44ae2b93a9628245f"},"headline":"Devuelven la vista a 10 personas con cirug\u00edas de cataratas.","datePublished":"2026-04-08T00:06:55+00:00","mainEntityOfPage":{"@id":"https:\/\/elhijodelllanero.mx\/index.php\/2026\/04\/08\/devuelven-la-vista-a-10-personas-con-cirugias-de-cataratas\/"},"wordCount":258,"commentCount":0,"image":{"@id":"https:\/\/elhijodelllanero.mx\/index.php\/2026\/04\/08\/devuelven-la-vista-a-10-personas-con-cirugias-de-cataratas\/#primaryimage"},"thumbnailUrl":"https:\/\/i0.wp.com\/elhijodelllanero.mx\/wp-content\/uploads\/2026\/04\/IMG-20260407-WA0011.jpg?fit=853%2C1280&ssl=1","articleSection":["ESTADO"],"inLanguage":"es","potentialAction":[{"@type":"CommentAction","name":"Comment","target":["https:\/\/elhijodelllanero.mx\/index.php\/2026\/04\/08\/devuelven-la-vista-a-10-personas-con-cirugias-de-cataratas\/#respond"]}]},{"@type":"WebPage","@id":"https:\/\/elhijodelllanero.mx\/index.php\/2026\/04\/08\/devuelven-la-vista-a-10-personas-con-cirugias-de-cataratas\/","url":"https:\/\/elhijodelllanero.mx\/index.php\/2026\/04\/08\/devuelven-la-vista-a-10-personas-con-cirugias-de-cataratas\/","name":"Devuelven la vista a 10 personas con cirug\u00edas de cataratas. - El Hijo del llanero solititito","isPartOf":{"@id":"https:\/\/elhijodelllanero.mx\/#website"},"primaryImageOfPage":{"@id":"https:\/\/elhijodelllanero.mx\/index.php\/2026\/04\/08\/devuelven-la-vista-a-10-personas-con-cirugias-de-cataratas\/#primaryimage"},"image":{"@id":"https:\/\/elhijodelllanero.mx\/index.php\/2026\/04\/08\/devuelven-la-vista-a-10-personas-con-cirugias-de-cataratas\/#primaryimage"},"thumbnailUrl":"https:\/\/i0.wp.com\/elhijodelllanero.mx\/wp-content\/uploads\/2026\/04\/IMG-20260407-WA0011.jpg?fit=853%2C1280&ssl=1","datePublished":"2026-04-08T00:06:55+00:00","author":{"@id":"https:\/\/elhijodelllanero.mx\/#\/schema\/person\/c7f8c86c55c1eab44ae2b93a9628245f"},"breadcrumb":{"@id":"https:\/\/elhijodelllanero.mx\/index.php\/2026\/04\/08\/devuelven-la-vista-a-10-personas-con-cirugias-de-cataratas\/#breadcrumb"},"inLanguage":"es","potentialAction":[{"@type":"ReadAction","target":["https:\/\/elhijodelllanero.mx\/index.php\/2026\/04\/08\/devuelven-la-vista-a-10-personas-con-cirugias-de-cataratas\/"]}]},{"@type":"ImageObject","inLanguage":"es","@id":"https:\/\/elhijodelllanero.mx\/index.php\/2026\/04\/08\/devuelven-la-vista-a-10-personas-con-cirugias-de-cataratas\/#primaryimage","url":"https:\/\/i0.wp.com\/elhijodelllanero.mx\/wp-content\/uploads\/2026\/04\/IMG-20260407-WA0011.jpg?fit=853%2C1280&ssl=1","contentUrl":"https:\/\/i0.wp.com\/elhijodelllanero.mx\/wp-content\/uploads\/2026\/04\/IMG-20260407-WA0011.jpg?fit=853%2C1280&ssl=1","width":853,"height":1280},{"@type":"BreadcrumbList","@id":"https:\/\/elhijodelllanero.mx\/index.php\/2026\/04\/08\/devuelven-la-vista-a-10-personas-con-cirugias-de-cataratas\/#breadcrumb","itemListElement":[{"@type":"ListItem","position":1,"name":"Portada","item":"https:\/\/elhijodelllanero.mx\/"},{"@type":"ListItem","position":2,"name":"Devuelven la vista a 10 personas con cirug\u00edas de cataratas."}]},{"@type":"WebSite","@id":"https:\/\/elhijodelllanero.mx\/#website","url":"https:\/\/elhijodelllanero.mx\/","name":"El Hijo del llanero solititito","description":"","potentialAction":[{"@type":"SearchAction","target":{"@type":"EntryPoint","urlTemplate":"https:\/\/elhijodelllanero.mx\/?s={search_term_string}"},"query-input":{"@type":"PropertyValueSpecification","valueRequired":true,"valueName":"search_term_string"}}],"inLanguage":"es"},{"@type":"Person","@id":"https:\/\/elhijodelllanero.mx\/#\/schema\/person\/c7f8c86c55c1eab44ae2b93a9628245f","name":"Mar\u00eda de la Paz Rodarte Ram\u00edrez","image":{"@type":"ImageObject","inLanguage":"es","@id":"https:\/\/secure.gravatar.com\/avatar\/1f38f8518b09a266af73da2bce78d69e7d1275299970134ed62f572e0487e1d0?s=96&d=mm&r=g","url":"https:\/\/secure.gravatar.com\/avatar\/1f38f8518b09a266af73da2bce78d69e7d1275299970134ed62f572e0487e1d0?s=96&d=mm&r=g","contentUrl":"https:\/\/secure.gravatar.com\/avatar\/1f38f8518b09a266af73da2bce78d69e7d1275299970134ed62f572e0487e1d0?s=96&d=mm&r=g","caption":"Mar\u00eda de la Paz Rodarte Ram\u00edrez"},"sameAs":["https:\/\/www.elhijodelllanero.mx"],"url":"https:\/\/elhijodelllanero.mx\/index.php\/author\/maricuas\/"}]}},"jetpack_featured_media_url":"https:\/\/i0.wp.com\/elhijodelllanero.mx\/wp-content\/uploads\/2026\/04\/IMG-20260407-WA0011.jpg?fit=853%2C1280&ssl=1","jetpack-related-posts":[],"jetpack_sharing_enabled":true,"_links":{"self":[{"href":"https:\/\/elhijodelllanero.mx\/index.php\/wp-json\/wp\/v2\/posts\/13684","targetHints":{"allow":["GET"]}}],"collection":[{"href":"https:\/\/elhijodelllanero.mx\/index.php\/wp-json\/wp\/v2\/posts"}],"about":[{"href":"https:\/\/elhijodelllanero.mx\/index.php\/wp-json\/wp\/v2\/types\/post"}],"author":[{"embeddable":true,"href":"https:\/\/elhijodelllanero.mx\/index.php\/wp-json\/wp\/v2\/users\/3"}],"replies":[{"embeddable":true,"href":"https:\/\/elhijodelllanero.mx\/index.php\/wp-json\/wp\/v2\/comments?post=13684"}],"version-history":[{"count":1,"href":"https:\/\/elhijodelllanero.mx\/index.php\/wp-json\/wp\/v2\/posts\/13684\/revisions"}],"predecessor-version":[{"id":13686,"href":"https:\/\/elhijodelllanero.mx\/index.php\/wp-json\/wp\/v2\/posts\/13684\/revisions\/13686"}],"wp:featuredmedia":[{"embeddable":true,"href":"https:\/\/elhijodelllanero.mx\/index.php\/wp-json\/wp\/v2\/media\/13685"}],"wp:attachment":[{"href":"https:\/\/elhijodelllanero.mx\/index.php\/wp-json\/wp\/v2\/media?parent=13684"}],"wp:term":[{"taxonomy":"category","embeddable":true,"href":"https:\/\/elhijodelllanero.mx\/index.php\/wp-json\/wp\/v2\/categories?post=13684"},{"taxonomy":"post_tag","embeddable":true,"href":"https:\/\/elhijodelllanero.mx\/index.php\/wp-json\/wp\/v2\/tags?post=13684"}],"curies":[{"name":"wp","href":"https:\/\/api.w.org\/{rel}","templated":true}]}}