{"id":13687,"date":"2026-04-08T00:08:23","date_gmt":"2026-04-08T00:08:23","guid":{"rendered":"https:\/\/elhijodelllanero.mx\/?p=13687"},"modified":"2026-04-08T00:08:23","modified_gmt":"2026-04-08T00:08:23","slug":"revive-la-guerra-cristera-cronista-presentara-libro-sobre-el-padre-nieves-y-posibles-martires","status":"publish","type":"post","link":"https:\/\/elhijodelllanero.mx\/index.php\/2026\/04\/08\/revive-la-guerra-cristera-cronista-presentara-libro-sobre-el-padre-nieves-y-posibles-martires\/","title":{"rendered":"Revive la Guerra Cristera: cronista presentar\u00e1 libro sobre el Padre Nieves y posibles m\u00e1rtires."},"content":{"rendered":"<p>Cortazar, Gto. 7 de abril del 2026.- La memoria hist\u00f3rica del municipio volver\u00e1 a ponerse sobre la mesa con la pr\u00f3xima presentaci\u00f3n de un libro dedicado al centenario de la Guerra Cristera, obra del cronista Jorge Vera, quien re\u00fane a\u00f1os de investigaci\u00f3n sobre este episodio y su impacto en Guanajuato.<\/p>\n<p>El texto ser\u00e1 presentado en junio, en el marco de los cien a\u00f1os del conflicto, luego de que inicialmente se contemplaba su lanzamiento durante las fiestas de fundaci\u00f3n en mayo.<\/p>\n<p>La obra aborda desde la restricci\u00f3n del culto religioso y la aplicaci\u00f3n de la Ley Calles, hasta relatos centrados en figuras clave como Fray El\u00edas del Socorro Nieves, as\u00ed como el proceso que impulsa la di\u00f3cesis de Celaya ante el Vaticano para que los hermanos Jes\u00fas y J. Dolores Sierra Vera sean reconocidos como m\u00e1rtires, tras haber apoyado al sacerdote y posteriormente ser ejecutados por el ej\u00e9rcito callista.<\/p>\n<p>\u201cViene una peque\u00f1a introducci\u00f3n acerca de lo que fue la suspensi\u00f3n de cultos, por el entonces presidente Plutarco El\u00edas Calles, lo que fue la llamada Ley Calles, luego viene algo sobre la Ca\u00f1ada de Caracheo y luego la vida y obra de Fray El\u00edas del Socorro Nieves, dividido en algunos textos, en algunos p\u00e1rrafos como el buen pastor, pastor que hay en la noche y la \u00faltima misa\u201d.<\/p>\n<p>De acuerdo con el cronista, el libro se encuentra pr\u00e1cticamente concluido, resultado de varios a\u00f1os de revisi\u00f3n bibliogr\u00e1fica y trabajo de redacci\u00f3n, con el objetivo de documentar y preservar estos hechos hist\u00f3ricos para las nuevas generaciones.<\/p>\n<p>Se espera que en pr\u00f3ximas semanas se confirme la fecha exacta de presentaci\u00f3n.<\/p>\n","protected":false},"excerpt":{"rendered":"<p>Cortazar, Gto. 7 de abril del 2026.- La memoria hist\u00f3rica del municipio volver\u00e1 a ponerse sobre la mesa con la pr\u00f3xima presentaci\u00f3n de un libro dedicado al centenario de la Guerra Cristera, obra del cronista Jorge Vera, quien re\u00fane a\u00f1os de investigaci\u00f3n sobre este episodio y su impacto en Guanajuato. El texto ser\u00e1 presentado en [&hellip;]<\/p>\n","protected":false},"author":3,"featured_media":13688,"comment_status":"open","ping_status":"closed","sticky":false,"template":"","format":"standard","meta":{"_jetpack_newsletter_access":"","_jetpack_dont_email_post_to_subs":false,"_jetpack_newsletter_tier_id":0,"_jetpack_memberships_contains_paywalled_content":false,"_jetpack_memberships_contains_paid_content":false,"footnotes":""},"categories":[77,76],"tags":[],"class_list":{"0":"post-13687","1":"post","2":"type-post","3":"status-publish","4":"format-standard","5":"has-post-thumbnail","7":"category-cortazar","8":"category-municipios"},"yoast_head":"<!-- This site is optimized with the Yoast SEO plugin v27.3 - https:\/\/yoast.com\/product\/yoast-seo-wordpress\/ -->\n<title>Revive la Guerra Cristera: cronista presentar\u00e1 libro sobre el Padre Nieves y posibles m\u00e1rtires. - El Hijo del llanero solititito<\/title>\n<meta name=\"robots\" content=\"index, follow, max-snippet:-1, max-image-preview:large, max-video-preview:-1\" \/>\n<link rel=\"canonical\" href=\"https:\/\/elhijodelllanero.mx\/index.php\/2026\/04\/08\/revive-la-guerra-cristera-cronista-presentara-libro-sobre-el-padre-nieves-y-posibles-martires\/\" \/>\n<meta property=\"og:locale\" content=\"es_ES\" \/>\n<meta property=\"og:type\" content=\"article\" \/>\n<meta property=\"og:title\" content=\"Revive la Guerra Cristera: cronista presentar\u00e1 libro sobre el Padre Nieves y posibles m\u00e1rtires. - El Hijo del llanero solititito\" \/>\n<meta property=\"og:description\" content=\"Cortazar, Gto. 7 de abril del 2026.- La memoria hist\u00f3rica del municipio volver\u00e1 a ponerse sobre la mesa con la pr\u00f3xima presentaci\u00f3n de un libro dedicado al centenario de la Guerra Cristera, obra del cronista Jorge Vera, quien re\u00fane a\u00f1os de investigaci\u00f3n sobre este episodio y su impacto en Guanajuato. El texto ser\u00e1 presentado en [&hellip;]\" \/>\n<meta property=\"og:url\" content=\"https:\/\/elhijodelllanero.mx\/index.php\/2026\/04\/08\/revive-la-guerra-cristera-cronista-presentara-libro-sobre-el-padre-nieves-y-posibles-martires\/\" \/>\n<meta property=\"og:site_name\" content=\"El Hijo del llanero solititito\" \/>\n<meta property=\"article:published_time\" content=\"2026-04-08T00:08:23+00:00\" \/>\n<meta property=\"og:image\" content=\"https:\/\/elhijodelllanero.mx\/wp-content\/uploads\/2026\/04\/IMG-20260407-WA0010.jpg\" \/>\n\t<meta property=\"og:image:width\" content=\"1280\" \/>\n\t<meta property=\"og:image:height\" content=\"956\" \/>\n\t<meta property=\"og:image:type\" content=\"image\/jpeg\" \/>\n<meta name=\"author\" content=\"Mar\u00eda de la Paz Rodarte Ram\u00edrez\" \/>\n<meta name=\"twitter:card\" content=\"summary_large_image\" \/>\n<meta name=\"twitter:label1\" content=\"Escrito por\" \/>\n\t<meta name=\"twitter:data1\" content=\"Mar\u00eda de la Paz Rodarte Ram\u00edrez\" \/>\n\t<meta name=\"twitter:label2\" content=\"Tiempo de lectura\" \/>\n\t<meta name=\"twitter:data2\" content=\"2 minutos\" \/>\n<script type=\"application\/ld+json\" class=\"yoast-schema-graph\">{\"@context\":\"https:\\\/\\\/schema.org\",\"@graph\":[{\"@type\":\"Article\",\"@id\":\"https:\\\/\\\/elhijodelllanero.mx\\\/index.php\\\/2026\\\/04\\\/08\\\/revive-la-guerra-cristera-cronista-presentara-libro-sobre-el-padre-nieves-y-posibles-martires\\\/#article\",\"isPartOf\":{\"@id\":\"https:\\\/\\\/elhijodelllanero.mx\\\/index.php\\\/2026\\\/04\\\/08\\\/revive-la-guerra-cristera-cronista-presentara-libro-sobre-el-padre-nieves-y-posibles-martires\\\/\"},\"author\":{\"name\":\"Mar\u00eda de la Paz Rodarte Ram\u00edrez\",\"@id\":\"https:\\\/\\\/elhijodelllanero.mx\\\/#\\\/schema\\\/person\\\/c7f8c86c55c1eab44ae2b93a9628245f\"},\"headline\":\"Revive la Guerra Cristera: cronista presentar\u00e1 libro sobre el Padre Nieves y posibles m\u00e1rtires.\",\"datePublished\":\"2026-04-08T00:08:23+00:00\",\"mainEntityOfPage\":{\"@id\":\"https:\\\/\\\/elhijodelllanero.mx\\\/index.php\\\/2026\\\/04\\\/08\\\/revive-la-guerra-cristera-cronista-presentara-libro-sobre-el-padre-nieves-y-posibles-martires\\\/\"},\"wordCount\":309,\"commentCount\":0,\"image\":{\"@id\":\"https:\\\/\\\/elhijodelllanero.mx\\\/index.php\\\/2026\\\/04\\\/08\\\/revive-la-guerra-cristera-cronista-presentara-libro-sobre-el-padre-nieves-y-posibles-martires\\\/#primaryimage\"},\"thumbnailUrl\":\"https:\\\/\\\/i0.wp.com\\\/elhijodelllanero.mx\\\/wp-content\\\/uploads\\\/2026\\\/04\\\/IMG-20260407-WA0010.jpg?fit=1280%2C956&ssl=1\",\"articleSection\":[\"CORTAZAR\",\"MUNICIPIOS\"],\"inLanguage\":\"es\",\"potentialAction\":[{\"@type\":\"CommentAction\",\"name\":\"Comment\",\"target\":[\"https:\\\/\\\/elhijodelllanero.mx\\\/index.php\\\/2026\\\/04\\\/08\\\/revive-la-guerra-cristera-cronista-presentara-libro-sobre-el-padre-nieves-y-posibles-martires\\\/#respond\"]}]},{\"@type\":\"WebPage\",\"@id\":\"https:\\\/\\\/elhijodelllanero.mx\\\/index.php\\\/2026\\\/04\\\/08\\\/revive-la-guerra-cristera-cronista-presentara-libro-sobre-el-padre-nieves-y-posibles-martires\\\/\",\"url\":\"https:\\\/\\\/elhijodelllanero.mx\\\/index.php\\\/2026\\\/04\\\/08\\\/revive-la-guerra-cristera-cronista-presentara-libro-sobre-el-padre-nieves-y-posibles-martires\\\/\",\"name\":\"Revive la Guerra Cristera: cronista presentar\u00e1 libro sobre el Padre Nieves y posibles m\u00e1rtires. - El Hijo del llanero solititito\",\"isPartOf\":{\"@id\":\"https:\\\/\\\/elhijodelllanero.mx\\\/#website\"},\"primaryImageOfPage\":{\"@id\":\"https:\\\/\\\/elhijodelllanero.mx\\\/index.php\\\/2026\\\/04\\\/08\\\/revive-la-guerra-cristera-cronista-presentara-libro-sobre-el-padre-nieves-y-posibles-martires\\\/#primaryimage\"},\"image\":{\"@id\":\"https:\\\/\\\/elhijodelllanero.mx\\\/index.php\\\/2026\\\/04\\\/08\\\/revive-la-guerra-cristera-cronista-presentara-libro-sobre-el-padre-nieves-y-posibles-martires\\\/#primaryimage\"},\"thumbnailUrl\":\"https:\\\/\\\/i0.wp.com\\\/elhijodelllanero.mx\\\/wp-content\\\/uploads\\\/2026\\\/04\\\/IMG-20260407-WA0010.jpg?fit=1280%2C956&ssl=1\",\"datePublished\":\"2026-04-08T00:08:23+00:00\",\"author\":{\"@id\":\"https:\\\/\\\/elhijodelllanero.mx\\\/#\\\/schema\\\/person\\\/c7f8c86c55c1eab44ae2b93a9628245f\"},\"breadcrumb\":{\"@id\":\"https:\\\/\\\/elhijodelllanero.mx\\\/index.php\\\/2026\\\/04\\\/08\\\/revive-la-guerra-cristera-cronista-presentara-libro-sobre-el-padre-nieves-y-posibles-martires\\\/#breadcrumb\"},\"inLanguage\":\"es\",\"potentialAction\":[{\"@type\":\"ReadAction\",\"target\":[\"https:\\\/\\\/elhijodelllanero.mx\\\/index.php\\\/2026\\\/04\\\/08\\\/revive-la-guerra-cristera-cronista-presentara-libro-sobre-el-padre-nieves-y-posibles-martires\\\/\"]}]},{\"@type\":\"ImageObject\",\"inLanguage\":\"es\",\"@id\":\"https:\\\/\\\/elhijodelllanero.mx\\\/index.php\\\/2026\\\/04\\\/08\\\/revive-la-guerra-cristera-cronista-presentara-libro-sobre-el-padre-nieves-y-posibles-martires\\\/#primaryimage\",\"url\":\"https:\\\/\\\/i0.wp.com\\\/elhijodelllanero.mx\\\/wp-content\\\/uploads\\\/2026\\\/04\\\/IMG-20260407-WA0010.jpg?fit=1280%2C956&ssl=1\",\"contentUrl\":\"https:\\\/\\\/i0.wp.com\\\/elhijodelllanero.mx\\\/wp-content\\\/uploads\\\/2026\\\/04\\\/IMG-20260407-WA0010.jpg?fit=1280%2C956&ssl=1\",\"width\":1280,\"height\":956},{\"@type\":\"BreadcrumbList\",\"@id\":\"https:\\\/\\\/elhijodelllanero.mx\\\/index.php\\\/2026\\\/04\\\/08\\\/revive-la-guerra-cristera-cronista-presentara-libro-sobre-el-padre-nieves-y-posibles-martires\\\/#breadcrumb\",\"itemListElement\":[{\"@type\":\"ListItem\",\"position\":1,\"name\":\"Portada\",\"item\":\"https:\\\/\\\/elhijodelllanero.mx\\\/\"},{\"@type\":\"ListItem\",\"position\":2,\"name\":\"Revive la Guerra Cristera: cronista presentar\u00e1 libro sobre el Padre Nieves y posibles m\u00e1rtires.\"}]},{\"@type\":\"WebSite\",\"@id\":\"https:\\\/\\\/elhijodelllanero.mx\\\/#website\",\"url\":\"https:\\\/\\\/elhijodelllanero.mx\\\/\",\"name\":\"El Hijo del llanero solititito\",\"description\":\"\",\"potentialAction\":[{\"@type\":\"SearchAction\",\"target\":{\"@type\":\"EntryPoint\",\"urlTemplate\":\"https:\\\/\\\/elhijodelllanero.mx\\\/?s={search_term_string}\"},\"query-input\":{\"@type\":\"PropertyValueSpecification\",\"valueRequired\":true,\"valueName\":\"search_term_string\"}}],\"inLanguage\":\"es\"},{\"@type\":\"Person\",\"@id\":\"https:\\\/\\\/elhijodelllanero.mx\\\/#\\\/schema\\\/person\\\/c7f8c86c55c1eab44ae2b93a9628245f\",\"name\":\"Mar\u00eda de la Paz Rodarte Ram\u00edrez\",\"image\":{\"@type\":\"ImageObject\",\"inLanguage\":\"es\",\"@id\":\"https:\\\/\\\/secure.gravatar.com\\\/avatar\\\/1f38f8518b09a266af73da2bce78d69e7d1275299970134ed62f572e0487e1d0?s=96&d=mm&r=g\",\"url\":\"https:\\\/\\\/secure.gravatar.com\\\/avatar\\\/1f38f8518b09a266af73da2bce78d69e7d1275299970134ed62f572e0487e1d0?s=96&d=mm&r=g\",\"contentUrl\":\"https:\\\/\\\/secure.gravatar.com\\\/avatar\\\/1f38f8518b09a266af73da2bce78d69e7d1275299970134ed62f572e0487e1d0?s=96&d=mm&r=g\",\"caption\":\"Mar\u00eda de la Paz Rodarte Ram\u00edrez\"},\"sameAs\":[\"https:\\\/\\\/www.elhijodelllanero.mx\"],\"url\":\"https:\\\/\\\/elhijodelllanero.mx\\\/index.php\\\/author\\\/maricuas\\\/\"}]}<\/script>\n<!-- \/ Yoast SEO plugin. -->","yoast_head_json":{"title":"Revive la Guerra Cristera: cronista presentar\u00e1 libro sobre el Padre Nieves y posibles m\u00e1rtires. - El Hijo del llanero solititito","robots":{"index":"index","follow":"follow","max-snippet":"max-snippet:-1","max-image-preview":"max-image-preview:large","max-video-preview":"max-video-preview:-1"},"canonical":"https:\/\/elhijodelllanero.mx\/index.php\/2026\/04\/08\/revive-la-guerra-cristera-cronista-presentara-libro-sobre-el-padre-nieves-y-posibles-martires\/","og_locale":"es_ES","og_type":"article","og_title":"Revive la Guerra Cristera: cronista presentar\u00e1 libro sobre el Padre Nieves y posibles m\u00e1rtires. - El Hijo del llanero solititito","og_description":"Cortazar, Gto. 7 de abril del 2026.- La memoria hist\u00f3rica del municipio volver\u00e1 a ponerse sobre la mesa con la pr\u00f3xima presentaci\u00f3n de un libro dedicado al centenario de la Guerra Cristera, obra del cronista Jorge Vera, quien re\u00fane a\u00f1os de investigaci\u00f3n sobre este episodio y su impacto en Guanajuato. El texto ser\u00e1 presentado en [&hellip;]","og_url":"https:\/\/elhijodelllanero.mx\/index.php\/2026\/04\/08\/revive-la-guerra-cristera-cronista-presentara-libro-sobre-el-padre-nieves-y-posibles-martires\/","og_site_name":"El Hijo del llanero solititito","article_published_time":"2026-04-08T00:08:23+00:00","og_image":[{"width":1280,"height":956,"url":"https:\/\/elhijodelllanero.mx\/wp-content\/uploads\/2026\/04\/IMG-20260407-WA0010.jpg","type":"image\/jpeg"}],"author":"Mar\u00eda de la Paz Rodarte Ram\u00edrez","twitter_card":"summary_large_image","twitter_misc":{"Escrito por":"Mar\u00eda de la Paz Rodarte Ram\u00edrez","Tiempo de lectura":"2 minutos"},"schema":{"@context":"https:\/\/schema.org","@graph":[{"@type":"Article","@id":"https:\/\/elhijodelllanero.mx\/index.php\/2026\/04\/08\/revive-la-guerra-cristera-cronista-presentara-libro-sobre-el-padre-nieves-y-posibles-martires\/#article","isPartOf":{"@id":"https:\/\/elhijodelllanero.mx\/index.php\/2026\/04\/08\/revive-la-guerra-cristera-cronista-presentara-libro-sobre-el-padre-nieves-y-posibles-martires\/"},"author":{"name":"Mar\u00eda de la Paz Rodarte Ram\u00edrez","@id":"https:\/\/elhijodelllanero.mx\/#\/schema\/person\/c7f8c86c55c1eab44ae2b93a9628245f"},"headline":"Revive la Guerra Cristera: cronista presentar\u00e1 libro sobre el Padre Nieves y posibles m\u00e1rtires.","datePublished":"2026-04-08T00:08:23+00:00","mainEntityOfPage":{"@id":"https:\/\/elhijodelllanero.mx\/index.php\/2026\/04\/08\/revive-la-guerra-cristera-cronista-presentara-libro-sobre-el-padre-nieves-y-posibles-martires\/"},"wordCount":309,"commentCount":0,"image":{"@id":"https:\/\/elhijodelllanero.mx\/index.php\/2026\/04\/08\/revive-la-guerra-cristera-cronista-presentara-libro-sobre-el-padre-nieves-y-posibles-martires\/#primaryimage"},"thumbnailUrl":"https:\/\/i0.wp.com\/elhijodelllanero.mx\/wp-content\/uploads\/2026\/04\/IMG-20260407-WA0010.jpg?fit=1280%2C956&ssl=1","articleSection":["CORTAZAR","MUNICIPIOS"],"inLanguage":"es","potentialAction":[{"@type":"CommentAction","name":"Comment","target":["https:\/\/elhijodelllanero.mx\/index.php\/2026\/04\/08\/revive-la-guerra-cristera-cronista-presentara-libro-sobre-el-padre-nieves-y-posibles-martires\/#respond"]}]},{"@type":"WebPage","@id":"https:\/\/elhijodelllanero.mx\/index.php\/2026\/04\/08\/revive-la-guerra-cristera-cronista-presentara-libro-sobre-el-padre-nieves-y-posibles-martires\/","url":"https:\/\/elhijodelllanero.mx\/index.php\/2026\/04\/08\/revive-la-guerra-cristera-cronista-presentara-libro-sobre-el-padre-nieves-y-posibles-martires\/","name":"Revive la Guerra Cristera: cronista presentar\u00e1 libro sobre el Padre Nieves y posibles m\u00e1rtires. - El Hijo del llanero solititito","isPartOf":{"@id":"https:\/\/elhijodelllanero.mx\/#website"},"primaryImageOfPage":{"@id":"https:\/\/elhijodelllanero.mx\/index.php\/2026\/04\/08\/revive-la-guerra-cristera-cronista-presentara-libro-sobre-el-padre-nieves-y-posibles-martires\/#primaryimage"},"image":{"@id":"https:\/\/elhijodelllanero.mx\/index.php\/2026\/04\/08\/revive-la-guerra-cristera-cronista-presentara-libro-sobre-el-padre-nieves-y-posibles-martires\/#primaryimage"},"thumbnailUrl":"https:\/\/i0.wp.com\/elhijodelllanero.mx\/wp-content\/uploads\/2026\/04\/IMG-20260407-WA0010.jpg?fit=1280%2C956&ssl=1","datePublished":"2026-04-08T00:08:23+00:00","author":{"@id":"https:\/\/elhijodelllanero.mx\/#\/schema\/person\/c7f8c86c55c1eab44ae2b93a9628245f"},"breadcrumb":{"@id":"https:\/\/elhijodelllanero.mx\/index.php\/2026\/04\/08\/revive-la-guerra-cristera-cronista-presentara-libro-sobre-el-padre-nieves-y-posibles-martires\/#breadcrumb"},"inLanguage":"es","potentialAction":[{"@type":"ReadAction","target":["https:\/\/elhijodelllanero.mx\/index.php\/2026\/04\/08\/revive-la-guerra-cristera-cronista-presentara-libro-sobre-el-padre-nieves-y-posibles-martires\/"]}]},{"@type":"ImageObject","inLanguage":"es","@id":"https:\/\/elhijodelllanero.mx\/index.php\/2026\/04\/08\/revive-la-guerra-cristera-cronista-presentara-libro-sobre-el-padre-nieves-y-posibles-martires\/#primaryimage","url":"https:\/\/i0.wp.com\/elhijodelllanero.mx\/wp-content\/uploads\/2026\/04\/IMG-20260407-WA0010.jpg?fit=1280%2C956&ssl=1","contentUrl":"https:\/\/i0.wp.com\/elhijodelllanero.mx\/wp-content\/uploads\/2026\/04\/IMG-20260407-WA0010.jpg?fit=1280%2C956&ssl=1","width":1280,"height":956},{"@type":"BreadcrumbList","@id":"https:\/\/elhijodelllanero.mx\/index.php\/2026\/04\/08\/revive-la-guerra-cristera-cronista-presentara-libro-sobre-el-padre-nieves-y-posibles-martires\/#breadcrumb","itemListElement":[{"@type":"ListItem","position":1,"name":"Portada","item":"https:\/\/elhijodelllanero.mx\/"},{"@type":"ListItem","position":2,"name":"Revive la Guerra Cristera: cronista presentar\u00e1 libro sobre el Padre Nieves y posibles m\u00e1rtires."}]},{"@type":"WebSite","@id":"https:\/\/elhijodelllanero.mx\/#website","url":"https:\/\/elhijodelllanero.mx\/","name":"El Hijo del llanero solititito","description":"","potentialAction":[{"@type":"SearchAction","target":{"@type":"EntryPoint","urlTemplate":"https:\/\/elhijodelllanero.mx\/?s={search_term_string}"},"query-input":{"@type":"PropertyValueSpecification","valueRequired":true,"valueName":"search_term_string"}}],"inLanguage":"es"},{"@type":"Person","@id":"https:\/\/elhijodelllanero.mx\/#\/schema\/person\/c7f8c86c55c1eab44ae2b93a9628245f","name":"Mar\u00eda de la Paz Rodarte Ram\u00edrez","image":{"@type":"ImageObject","inLanguage":"es","@id":"https:\/\/secure.gravatar.com\/avatar\/1f38f8518b09a266af73da2bce78d69e7d1275299970134ed62f572e0487e1d0?s=96&d=mm&r=g","url":"https:\/\/secure.gravatar.com\/avatar\/1f38f8518b09a266af73da2bce78d69e7d1275299970134ed62f572e0487e1d0?s=96&d=mm&r=g","contentUrl":"https:\/\/secure.gravatar.com\/avatar\/1f38f8518b09a266af73da2bce78d69e7d1275299970134ed62f572e0487e1d0?s=96&d=mm&r=g","caption":"Mar\u00eda de la Paz Rodarte Ram\u00edrez"},"sameAs":["https:\/\/www.elhijodelllanero.mx"],"url":"https:\/\/elhijodelllanero.mx\/index.php\/author\/maricuas\/"}]}},"jetpack_featured_media_url":"https:\/\/i0.wp.com\/elhijodelllanero.mx\/wp-content\/uploads\/2026\/04\/IMG-20260407-WA0010.jpg?fit=1280%2C956&ssl=1","jetpack-related-posts":[],"jetpack_sharing_enabled":true,"_links":{"self":[{"href":"https:\/\/elhijodelllanero.mx\/index.php\/wp-json\/wp\/v2\/posts\/13687","targetHints":{"allow":["GET"]}}],"collection":[{"href":"https:\/\/elhijodelllanero.mx\/index.php\/wp-json\/wp\/v2\/posts"}],"about":[{"href":"https:\/\/elhijodelllanero.mx\/index.php\/wp-json\/wp\/v2\/types\/post"}],"author":[{"embeddable":true,"href":"https:\/\/elhijodelllanero.mx\/index.php\/wp-json\/wp\/v2\/users\/3"}],"replies":[{"embeddable":true,"href":"https:\/\/elhijodelllanero.mx\/index.php\/wp-json\/wp\/v2\/comments?post=13687"}],"version-history":[{"count":1,"href":"https:\/\/elhijodelllanero.mx\/index.php\/wp-json\/wp\/v2\/posts\/13687\/revisions"}],"predecessor-version":[{"id":13689,"href":"https:\/\/elhijodelllanero.mx\/index.php\/wp-json\/wp\/v2\/posts\/13687\/revisions\/13689"}],"wp:featuredmedia":[{"embeddable":true,"href":"https:\/\/elhijodelllanero.mx\/index.php\/wp-json\/wp\/v2\/media\/13688"}],"wp:attachment":[{"href":"https:\/\/elhijodelllanero.mx\/index.php\/wp-json\/wp\/v2\/media?parent=13687"}],"wp:term":[{"taxonomy":"category","embeddable":true,"href":"https:\/\/elhijodelllanero.mx\/index.php\/wp-json\/wp\/v2\/categories?post=13687"},{"taxonomy":"post_tag","embeddable":true,"href":"https:\/\/elhijodelllanero.mx\/index.php\/wp-json\/wp\/v2\/tags?post=13687"}],"curies":[{"name":"wp","href":"https:\/\/api.w.org\/{rel}","templated":true}]}}