{"id":13697,"date":"2026-04-08T23:32:01","date_gmt":"2026-04-08T23:32:01","guid":{"rendered":"https:\/\/elhijodelllanero.mx\/?p=13697"},"modified":"2026-04-08T23:32:01","modified_gmt":"2026-04-08T23:32:01","slug":"descartan-mas-casos-de-gusano-barrenador-en-apaseo-el-grande","status":"publish","type":"post","link":"https:\/\/elhijodelllanero.mx\/index.php\/2026\/04\/08\/descartan-mas-casos-de-gusano-barrenador-en-apaseo-el-grande\/","title":{"rendered":"Descartan m\u00e1s casos de gusano barrenador en Apaseo el Grande."},"content":{"rendered":"<p>Apaseo el Grande, Gto. 8 de abril del 2026.-Un solo caso encendi\u00f3 las alertas en Apaseo el Grande, pero esta vez la historia no termin\u00f3 en crisis. La detecci\u00f3n de gusano barrenador en un animal de la comunidad de San Jos\u00e9 de Viborillas activ\u00f3 un operativo que, hasta ahora, mantiene el tema bajo control.<\/p>\n<p>Lejos del caos que suele acompa\u00f1ar este tipo de reportes, autoridades municipales, estatales y personal de SENASICA se movieron r\u00e1pido: organizaron reuniones con ganaderos, capacitaron a veterinarios y desplegaron brigadas que ya recorrieron las 46 comunidades del municipio.<\/p>\n<p>\u00bfEl resultado? Ning\u00fan otro caso detectado.<\/p>\n<p>El director de Desarrollo Agropecuario, Octavio Licea Rojas, explic\u00f3 que el incidente fue aislado y atendido a tiempo, incluso sin afectar al resto del ganado cercano. El animal sigue vivo y en buenas condiciones, lo que rompe un poco con la idea de que este tipo de plagas siempre terminan en escenarios m\u00e1s dr\u00e1sticos.<\/p>\n<p>El gusano barrenador, para quien no est\u00e9 familiarizado, aparece en heridas de animales de sangre caliente, as\u00ed que la vigilancia se ha centrado en revisar corrales y reforzar medidas b\u00e1sicas de cuidado. Nada sofisticado, pero claramente efectivo cuando se hace a tiempo.<\/p>\n<p>Por ahora, las brigadas contin\u00faan con monitoreo y prevenci\u00f3n. Porque s\u00ed, evitar que algo peque\u00f1o se convierta en un problema grande suele ser m\u00e1s barato\u2026 y mucho menos doloroso para todos.<\/p>\n","protected":false},"excerpt":{"rendered":"<p>Apaseo el Grande, Gto. 8 de abril del 2026.-Un solo caso encendi\u00f3 las alertas en Apaseo el Grande, pero esta vez la historia no termin\u00f3 en crisis. La detecci\u00f3n de gusano barrenador en un animal de la comunidad de San Jos\u00e9 de Viborillas activ\u00f3 un operativo que, hasta ahora, mantiene el tema bajo control. Lejos [&hellip;]<\/p>\n","protected":false},"author":3,"featured_media":0,"comment_status":"open","ping_status":"closed","sticky":false,"template":"","format":"standard","meta":{"_jetpack_newsletter_access":"","_jetpack_dont_email_post_to_subs":false,"_jetpack_newsletter_tier_id":0,"_jetpack_memberships_contains_paywalled_content":false,"_jetpack_memberships_contains_paid_content":false,"footnotes":""},"categories":[78,76],"tags":[],"class_list":{"0":"post-13697","1":"post","2":"type-post","3":"status-publish","4":"format-standard","6":"category-apaseo-el-grande","7":"category-municipios"},"yoast_head":"<!-- This site is optimized with the Yoast SEO plugin v27.3 - https:\/\/yoast.com\/product\/yoast-seo-wordpress\/ -->\n<title>Descartan m\u00e1s casos de gusano barrenador en Apaseo el Grande. - El Hijo del llanero solititito<\/title>\n<meta name=\"robots\" content=\"index, follow, max-snippet:-1, max-image-preview:large, max-video-preview:-1\" \/>\n<link rel=\"canonical\" href=\"https:\/\/elhijodelllanero.mx\/index.php\/2026\/04\/08\/descartan-mas-casos-de-gusano-barrenador-en-apaseo-el-grande\/\" \/>\n<meta property=\"og:locale\" content=\"es_ES\" \/>\n<meta property=\"og:type\" content=\"article\" \/>\n<meta property=\"og:title\" content=\"Descartan m\u00e1s casos de gusano barrenador en Apaseo el Grande. - El Hijo del llanero solititito\" \/>\n<meta property=\"og:description\" content=\"Apaseo el Grande, Gto. 8 de abril del 2026.-Un solo caso encendi\u00f3 las alertas en Apaseo el Grande, pero esta vez la historia no termin\u00f3 en crisis. La detecci\u00f3n de gusano barrenador en un animal de la comunidad de San Jos\u00e9 de Viborillas activ\u00f3 un operativo que, hasta ahora, mantiene el tema bajo control. Lejos [&hellip;]\" \/>\n<meta property=\"og:url\" content=\"https:\/\/elhijodelllanero.mx\/index.php\/2026\/04\/08\/descartan-mas-casos-de-gusano-barrenador-en-apaseo-el-grande\/\" \/>\n<meta property=\"og:site_name\" content=\"El Hijo del llanero solititito\" \/>\n<meta property=\"article:published_time\" content=\"2026-04-08T23:32:01+00:00\" \/>\n<meta name=\"author\" content=\"Mar\u00eda de la Paz Rodarte Ram\u00edrez\" \/>\n<meta name=\"twitter:card\" content=\"summary_large_image\" \/>\n<meta name=\"twitter:label1\" content=\"Escrito por\" \/>\n\t<meta name=\"twitter:data1\" content=\"Mar\u00eda de la Paz Rodarte Ram\u00edrez\" \/>\n\t<meta name=\"twitter:label2\" content=\"Tiempo de lectura\" \/>\n\t<meta name=\"twitter:data2\" content=\"2 minutos\" \/>\n<script type=\"application\/ld+json\" class=\"yoast-schema-graph\">{\"@context\":\"https:\\\/\\\/schema.org\",\"@graph\":[{\"@type\":\"Article\",\"@id\":\"https:\\\/\\\/elhijodelllanero.mx\\\/index.php\\\/2026\\\/04\\\/08\\\/descartan-mas-casos-de-gusano-barrenador-en-apaseo-el-grande\\\/#article\",\"isPartOf\":{\"@id\":\"https:\\\/\\\/elhijodelllanero.mx\\\/index.php\\\/2026\\\/04\\\/08\\\/descartan-mas-casos-de-gusano-barrenador-en-apaseo-el-grande\\\/\"},\"author\":{\"name\":\"Mar\u00eda de la Paz Rodarte Ram\u00edrez\",\"@id\":\"https:\\\/\\\/elhijodelllanero.mx\\\/#\\\/schema\\\/person\\\/c7f8c86c55c1eab44ae2b93a9628245f\"},\"headline\":\"Descartan m\u00e1s casos de gusano barrenador en Apaseo el Grande.\",\"datePublished\":\"2026-04-08T23:32:01+00:00\",\"mainEntityOfPage\":{\"@id\":\"https:\\\/\\\/elhijodelllanero.mx\\\/index.php\\\/2026\\\/04\\\/08\\\/descartan-mas-casos-de-gusano-barrenador-en-apaseo-el-grande\\\/\"},\"wordCount\":245,\"commentCount\":0,\"articleSection\":[\"APASEO EL GRANDE\",\"MUNICIPIOS\"],\"inLanguage\":\"es\",\"potentialAction\":[{\"@type\":\"CommentAction\",\"name\":\"Comment\",\"target\":[\"https:\\\/\\\/elhijodelllanero.mx\\\/index.php\\\/2026\\\/04\\\/08\\\/descartan-mas-casos-de-gusano-barrenador-en-apaseo-el-grande\\\/#respond\"]}]},{\"@type\":\"WebPage\",\"@id\":\"https:\\\/\\\/elhijodelllanero.mx\\\/index.php\\\/2026\\\/04\\\/08\\\/descartan-mas-casos-de-gusano-barrenador-en-apaseo-el-grande\\\/\",\"url\":\"https:\\\/\\\/elhijodelllanero.mx\\\/index.php\\\/2026\\\/04\\\/08\\\/descartan-mas-casos-de-gusano-barrenador-en-apaseo-el-grande\\\/\",\"name\":\"Descartan m\u00e1s casos de gusano barrenador en Apaseo el Grande. - El Hijo del llanero solititito\",\"isPartOf\":{\"@id\":\"https:\\\/\\\/elhijodelllanero.mx\\\/#website\"},\"datePublished\":\"2026-04-08T23:32:01+00:00\",\"author\":{\"@id\":\"https:\\\/\\\/elhijodelllanero.mx\\\/#\\\/schema\\\/person\\\/c7f8c86c55c1eab44ae2b93a9628245f\"},\"breadcrumb\":{\"@id\":\"https:\\\/\\\/elhijodelllanero.mx\\\/index.php\\\/2026\\\/04\\\/08\\\/descartan-mas-casos-de-gusano-barrenador-en-apaseo-el-grande\\\/#breadcrumb\"},\"inLanguage\":\"es\",\"potentialAction\":[{\"@type\":\"ReadAction\",\"target\":[\"https:\\\/\\\/elhijodelllanero.mx\\\/index.php\\\/2026\\\/04\\\/08\\\/descartan-mas-casos-de-gusano-barrenador-en-apaseo-el-grande\\\/\"]}]},{\"@type\":\"BreadcrumbList\",\"@id\":\"https:\\\/\\\/elhijodelllanero.mx\\\/index.php\\\/2026\\\/04\\\/08\\\/descartan-mas-casos-de-gusano-barrenador-en-apaseo-el-grande\\\/#breadcrumb\",\"itemListElement\":[{\"@type\":\"ListItem\",\"position\":1,\"name\":\"Portada\",\"item\":\"https:\\\/\\\/elhijodelllanero.mx\\\/\"},{\"@type\":\"ListItem\",\"position\":2,\"name\":\"Descartan m\u00e1s casos de gusano barrenador en Apaseo el Grande.\"}]},{\"@type\":\"WebSite\",\"@id\":\"https:\\\/\\\/elhijodelllanero.mx\\\/#website\",\"url\":\"https:\\\/\\\/elhijodelllanero.mx\\\/\",\"name\":\"El Hijo del llanero solititito\",\"description\":\"\",\"potentialAction\":[{\"@type\":\"SearchAction\",\"target\":{\"@type\":\"EntryPoint\",\"urlTemplate\":\"https:\\\/\\\/elhijodelllanero.mx\\\/?s={search_term_string}\"},\"query-input\":{\"@type\":\"PropertyValueSpecification\",\"valueRequired\":true,\"valueName\":\"search_term_string\"}}],\"inLanguage\":\"es\"},{\"@type\":\"Person\",\"@id\":\"https:\\\/\\\/elhijodelllanero.mx\\\/#\\\/schema\\\/person\\\/c7f8c86c55c1eab44ae2b93a9628245f\",\"name\":\"Mar\u00eda de la Paz Rodarte Ram\u00edrez\",\"image\":{\"@type\":\"ImageObject\",\"inLanguage\":\"es\",\"@id\":\"https:\\\/\\\/secure.gravatar.com\\\/avatar\\\/1f38f8518b09a266af73da2bce78d69e7d1275299970134ed62f572e0487e1d0?s=96&d=mm&r=g\",\"url\":\"https:\\\/\\\/secure.gravatar.com\\\/avatar\\\/1f38f8518b09a266af73da2bce78d69e7d1275299970134ed62f572e0487e1d0?s=96&d=mm&r=g\",\"contentUrl\":\"https:\\\/\\\/secure.gravatar.com\\\/avatar\\\/1f38f8518b09a266af73da2bce78d69e7d1275299970134ed62f572e0487e1d0?s=96&d=mm&r=g\",\"caption\":\"Mar\u00eda de la Paz Rodarte Ram\u00edrez\"},\"sameAs\":[\"https:\\\/\\\/www.elhijodelllanero.mx\"],\"url\":\"https:\\\/\\\/elhijodelllanero.mx\\\/index.php\\\/author\\\/maricuas\\\/\"}]}<\/script>\n<!-- \/ Yoast SEO plugin. -->","yoast_head_json":{"title":"Descartan m\u00e1s casos de gusano barrenador en Apaseo el Grande. - El Hijo del llanero solititito","robots":{"index":"index","follow":"follow","max-snippet":"max-snippet:-1","max-image-preview":"max-image-preview:large","max-video-preview":"max-video-preview:-1"},"canonical":"https:\/\/elhijodelllanero.mx\/index.php\/2026\/04\/08\/descartan-mas-casos-de-gusano-barrenador-en-apaseo-el-grande\/","og_locale":"es_ES","og_type":"article","og_title":"Descartan m\u00e1s casos de gusano barrenador en Apaseo el Grande. - El Hijo del llanero solititito","og_description":"Apaseo el Grande, Gto. 8 de abril del 2026.-Un solo caso encendi\u00f3 las alertas en Apaseo el Grande, pero esta vez la historia no termin\u00f3 en crisis. La detecci\u00f3n de gusano barrenador en un animal de la comunidad de San Jos\u00e9 de Viborillas activ\u00f3 un operativo que, hasta ahora, mantiene el tema bajo control. Lejos [&hellip;]","og_url":"https:\/\/elhijodelllanero.mx\/index.php\/2026\/04\/08\/descartan-mas-casos-de-gusano-barrenador-en-apaseo-el-grande\/","og_site_name":"El Hijo del llanero solititito","article_published_time":"2026-04-08T23:32:01+00:00","author":"Mar\u00eda de la Paz Rodarte Ram\u00edrez","twitter_card":"summary_large_image","twitter_misc":{"Escrito por":"Mar\u00eda de la Paz Rodarte Ram\u00edrez","Tiempo de lectura":"2 minutos"},"schema":{"@context":"https:\/\/schema.org","@graph":[{"@type":"Article","@id":"https:\/\/elhijodelllanero.mx\/index.php\/2026\/04\/08\/descartan-mas-casos-de-gusano-barrenador-en-apaseo-el-grande\/#article","isPartOf":{"@id":"https:\/\/elhijodelllanero.mx\/index.php\/2026\/04\/08\/descartan-mas-casos-de-gusano-barrenador-en-apaseo-el-grande\/"},"author":{"name":"Mar\u00eda de la Paz Rodarte Ram\u00edrez","@id":"https:\/\/elhijodelllanero.mx\/#\/schema\/person\/c7f8c86c55c1eab44ae2b93a9628245f"},"headline":"Descartan m\u00e1s casos de gusano barrenador en Apaseo el Grande.","datePublished":"2026-04-08T23:32:01+00:00","mainEntityOfPage":{"@id":"https:\/\/elhijodelllanero.mx\/index.php\/2026\/04\/08\/descartan-mas-casos-de-gusano-barrenador-en-apaseo-el-grande\/"},"wordCount":245,"commentCount":0,"articleSection":["APASEO EL GRANDE","MUNICIPIOS"],"inLanguage":"es","potentialAction":[{"@type":"CommentAction","name":"Comment","target":["https:\/\/elhijodelllanero.mx\/index.php\/2026\/04\/08\/descartan-mas-casos-de-gusano-barrenador-en-apaseo-el-grande\/#respond"]}]},{"@type":"WebPage","@id":"https:\/\/elhijodelllanero.mx\/index.php\/2026\/04\/08\/descartan-mas-casos-de-gusano-barrenador-en-apaseo-el-grande\/","url":"https:\/\/elhijodelllanero.mx\/index.php\/2026\/04\/08\/descartan-mas-casos-de-gusano-barrenador-en-apaseo-el-grande\/","name":"Descartan m\u00e1s casos de gusano barrenador en Apaseo el Grande. - El Hijo del llanero solititito","isPartOf":{"@id":"https:\/\/elhijodelllanero.mx\/#website"},"datePublished":"2026-04-08T23:32:01+00:00","author":{"@id":"https:\/\/elhijodelllanero.mx\/#\/schema\/person\/c7f8c86c55c1eab44ae2b93a9628245f"},"breadcrumb":{"@id":"https:\/\/elhijodelllanero.mx\/index.php\/2026\/04\/08\/descartan-mas-casos-de-gusano-barrenador-en-apaseo-el-grande\/#breadcrumb"},"inLanguage":"es","potentialAction":[{"@type":"ReadAction","target":["https:\/\/elhijodelllanero.mx\/index.php\/2026\/04\/08\/descartan-mas-casos-de-gusano-barrenador-en-apaseo-el-grande\/"]}]},{"@type":"BreadcrumbList","@id":"https:\/\/elhijodelllanero.mx\/index.php\/2026\/04\/08\/descartan-mas-casos-de-gusano-barrenador-en-apaseo-el-grande\/#breadcrumb","itemListElement":[{"@type":"ListItem","position":1,"name":"Portada","item":"https:\/\/elhijodelllanero.mx\/"},{"@type":"ListItem","position":2,"name":"Descartan m\u00e1s casos de gusano barrenador en Apaseo el Grande."}]},{"@type":"WebSite","@id":"https:\/\/elhijodelllanero.mx\/#website","url":"https:\/\/elhijodelllanero.mx\/","name":"El Hijo del llanero solititito","description":"","potentialAction":[{"@type":"SearchAction","target":{"@type":"EntryPoint","urlTemplate":"https:\/\/elhijodelllanero.mx\/?s={search_term_string}"},"query-input":{"@type":"PropertyValueSpecification","valueRequired":true,"valueName":"search_term_string"}}],"inLanguage":"es"},{"@type":"Person","@id":"https:\/\/elhijodelllanero.mx\/#\/schema\/person\/c7f8c86c55c1eab44ae2b93a9628245f","name":"Mar\u00eda de la Paz Rodarte Ram\u00edrez","image":{"@type":"ImageObject","inLanguage":"es","@id":"https:\/\/secure.gravatar.com\/avatar\/1f38f8518b09a266af73da2bce78d69e7d1275299970134ed62f572e0487e1d0?s=96&d=mm&r=g","url":"https:\/\/secure.gravatar.com\/avatar\/1f38f8518b09a266af73da2bce78d69e7d1275299970134ed62f572e0487e1d0?s=96&d=mm&r=g","contentUrl":"https:\/\/secure.gravatar.com\/avatar\/1f38f8518b09a266af73da2bce78d69e7d1275299970134ed62f572e0487e1d0?s=96&d=mm&r=g","caption":"Mar\u00eda de la Paz Rodarte Ram\u00edrez"},"sameAs":["https:\/\/www.elhijodelllanero.mx"],"url":"https:\/\/elhijodelllanero.mx\/index.php\/author\/maricuas\/"}]}},"jetpack_featured_media_url":"","jetpack-related-posts":[],"jetpack_sharing_enabled":true,"_links":{"self":[{"href":"https:\/\/elhijodelllanero.mx\/index.php\/wp-json\/wp\/v2\/posts\/13697","targetHints":{"allow":["GET"]}}],"collection":[{"href":"https:\/\/elhijodelllanero.mx\/index.php\/wp-json\/wp\/v2\/posts"}],"about":[{"href":"https:\/\/elhijodelllanero.mx\/index.php\/wp-json\/wp\/v2\/types\/post"}],"author":[{"embeddable":true,"href":"https:\/\/elhijodelllanero.mx\/index.php\/wp-json\/wp\/v2\/users\/3"}],"replies":[{"embeddable":true,"href":"https:\/\/elhijodelllanero.mx\/index.php\/wp-json\/wp\/v2\/comments?post=13697"}],"version-history":[{"count":1,"href":"https:\/\/elhijodelllanero.mx\/index.php\/wp-json\/wp\/v2\/posts\/13697\/revisions"}],"predecessor-version":[{"id":13699,"href":"https:\/\/elhijodelllanero.mx\/index.php\/wp-json\/wp\/v2\/posts\/13697\/revisions\/13699"}],"wp:attachment":[{"href":"https:\/\/elhijodelllanero.mx\/index.php\/wp-json\/wp\/v2\/media?parent=13697"}],"wp:term":[{"taxonomy":"category","embeddable":true,"href":"https:\/\/elhijodelllanero.mx\/index.php\/wp-json\/wp\/v2\/categories?post=13697"},{"taxonomy":"post_tag","embeddable":true,"href":"https:\/\/elhijodelllanero.mx\/index.php\/wp-json\/wp\/v2\/tags?post=13697"}],"curies":[{"name":"wp","href":"https:\/\/api.w.org\/{rel}","templated":true}]}}