{"id":13701,"date":"2026-04-08T23:33:11","date_gmt":"2026-04-08T23:33:11","guid":{"rendered":"https:\/\/elhijodelllanero.mx\/?p=13701"},"modified":"2026-04-08T23:33:11","modified_gmt":"2026-04-08T23:33:11","slug":"falta-de-representante-legal-pone-en-riesgo-operacion-definitiva-de-parisina","status":"publish","type":"post","link":"https:\/\/elhijodelllanero.mx\/index.php\/2026\/04\/08\/falta-de-representante-legal-pone-en-riesgo-operacion-definitiva-de-parisina\/","title":{"rendered":"Falta de representante legal pone en riesgo operaci\u00f3n definitiva de Parisina."},"content":{"rendered":"<p>Celaya, Gto. 8 de abril del 2026.-Despu\u00e9s del accidente ocurrido en la tienda Par\u00edsina, donde un joven perdi\u00f3 la vida, autoridades municipales informaron que ya se llev\u00f3 a cabo la audiencia correspondiente dentro del proceso administrativo, derivado de las irregularidades detectadas en el inmueble, sin embargo, durante la audiencia programada, no se present\u00f3 el representante legal ni personal de la empresa, tender\u00e1n tres d\u00edas h\u00e1biles para atender el llamado de lo contrario se proceder\u00e1 al cierre definitivo.<\/p>\n<p>Tras lo sucedido se colocaron sellos y se determin\u00f3 una clausura temporal de sus operaciones. Despu\u00e9s, la empresa solicit\u00f3 el retiro de sellos para continuar con trabajos al interior, por lo que se otorg\u00f3 un plazo de 10 d\u00edas para cumplir con las medidas de seguridad se\u00f1aladas durante la inspecci\u00f3n.<\/p>\n<p>\u201cEn la audiencia no se present\u00f3 el representante legal o alguna persona por parte de la empresa de parisina, se toma como en desacato y bueno continuamos ya la parte del proceso administrativo, posteriormente hicieron el ingreso de una solicitud de un nuevo plazo este al tener nosotros en apego al reglamento ya el desacato de la audiencia no haberse presentado, no haber presentado este ning\u00fan procedimiento de ingreso de de la actualizaci\u00f3n de su programa interno de las medidas de seguridad pues bueno se le est\u00e1 otorgando ya en el dictamen o en la sentencia de la audiencia, tres d\u00edas de plazo en cuanto sean notificados para la regularizaci\u00f3n y en caso que no se tendr\u00e1 que hacer la clausura definitiva\u201c.<\/p>\n<p>Este d\u00eda se realizar\u00e1 la notificaci\u00f3n oficial al representante legal, para que la tienda regularice su situaci\u00f3n, por lo que tendr\u00e1n tres d\u00edas h\u00e1biles para que den cumplimiento a los establecido. Actualmente, la tienda contin\u00faa operando sin energ\u00eda el\u00e9ctrica y con un horario restringido hasta las 6:00 de la tarde.<\/p>\n<p>La multa que tienen actualmente es de 46 mil pesos. El d\u00eda martes se tendr\u00e1 el resultado del cumplimiento o no.<\/p>\n<p>\u201cEsto independientemente de que bueno tienen una multa ya fijada en la audiencia tambi\u00e9n, \u00e9ste se estar\u00eda cerrando de manera definitiva, no habr\u00eda apertura hasta que est\u00e9n en condiciones de hacerlo, por nosotros ya no habr\u00eda tendr\u00edan que ver ah\u00ed seguir\u00eda otro procedimiento, pero este se estar\u00eda d\u00e1ndole la clausura definitiva, puede ser otro procedimiento tendr\u00edan que hacer adecuaciones en el inmueble a puerta cerrada, no podr\u00edan ya operar como tienda hasta que iniciar\u00e1 nuevamente su proceso de actualizaci\u00f3n y que dieran cumplimiento pleno para que puedan obtener el visto bueno de la dependencia, nosotros estamos en apego a lo que nos marque el reglamento y que bueno aqu\u00ed ya ser\u00e1 de parte de la voluntad que tengan la empresa o los responsables para dar el cumplimiento y puedan seguir operando\u201d.<\/p>\n","protected":false},"excerpt":{"rendered":"<p>Celaya, Gto. 8 de abril del 2026.-Despu\u00e9s del accidente ocurrido en la tienda Par\u00edsina, donde un joven perdi\u00f3 la vida, autoridades municipales informaron que ya se llev\u00f3 a cabo la audiencia correspondiente dentro del proceso administrativo, derivado de las irregularidades detectadas en el inmueble, sin embargo, durante la audiencia programada, no se present\u00f3 el representante [&hellip;]<\/p>\n","protected":false},"author":3,"featured_media":13702,"comment_status":"open","ping_status":"closed","sticky":false,"template":"","format":"standard","meta":{"_jetpack_newsletter_access":"","_jetpack_dont_email_post_to_subs":false,"_jetpack_newsletter_tier_id":0,"_jetpack_memberships_contains_paywalled_content":false,"_jetpack_memberships_contains_paid_content":false,"footnotes":""},"categories":[74],"tags":[],"class_list":{"0":"post-13701","1":"post","2":"type-post","3":"status-publish","4":"format-standard","5":"has-post-thumbnail","7":"category-celaya"},"yoast_head":"<!-- This site is optimized with the Yoast SEO plugin v27.3 - https:\/\/yoast.com\/product\/yoast-seo-wordpress\/ -->\n<title>Falta de representante legal pone en riesgo operaci\u00f3n definitiva de Parisina. - El Hijo del llanero solititito<\/title>\n<meta name=\"robots\" content=\"index, follow, max-snippet:-1, max-image-preview:large, max-video-preview:-1\" \/>\n<link rel=\"canonical\" href=\"https:\/\/elhijodelllanero.mx\/index.php\/2026\/04\/08\/falta-de-representante-legal-pone-en-riesgo-operacion-definitiva-de-parisina\/\" \/>\n<meta property=\"og:locale\" content=\"es_ES\" \/>\n<meta property=\"og:type\" content=\"article\" \/>\n<meta property=\"og:title\" content=\"Falta de representante legal pone en riesgo operaci\u00f3n definitiva de Parisina. - El Hijo del llanero solititito\" \/>\n<meta property=\"og:description\" content=\"Celaya, Gto. 8 de abril del 2026.-Despu\u00e9s del accidente ocurrido en la tienda Par\u00edsina, donde un joven perdi\u00f3 la vida, autoridades municipales informaron que ya se llev\u00f3 a cabo la audiencia correspondiente dentro del proceso administrativo, derivado de las irregularidades detectadas en el inmueble, sin embargo, durante la audiencia programada, no se present\u00f3 el representante [&hellip;]\" \/>\n<meta property=\"og:url\" content=\"https:\/\/elhijodelllanero.mx\/index.php\/2026\/04\/08\/falta-de-representante-legal-pone-en-riesgo-operacion-definitiva-de-parisina\/\" \/>\n<meta property=\"og:site_name\" content=\"El Hijo del llanero solititito\" \/>\n<meta property=\"article:published_time\" content=\"2026-04-08T23:33:11+00:00\" \/>\n<meta property=\"og:image\" content=\"https:\/\/elhijodelllanero.mx\/wp-content\/uploads\/2026\/04\/IMG-20260408-WA0007.jpg\" \/>\n\t<meta property=\"og:image:width\" content=\"1280\" \/>\n\t<meta property=\"og:image:height\" content=\"720\" \/>\n\t<meta property=\"og:image:type\" content=\"image\/jpeg\" \/>\n<meta name=\"author\" content=\"Mar\u00eda de la Paz Rodarte Ram\u00edrez\" \/>\n<meta name=\"twitter:card\" content=\"summary_large_image\" \/>\n<meta name=\"twitter:label1\" content=\"Escrito por\" \/>\n\t<meta name=\"twitter:data1\" content=\"Mar\u00eda de la Paz Rodarte Ram\u00edrez\" \/>\n\t<meta name=\"twitter:label2\" content=\"Tiempo de lectura\" \/>\n\t<meta name=\"twitter:data2\" content=\"3 minutos\" \/>\n<script type=\"application\/ld+json\" class=\"yoast-schema-graph\">{\"@context\":\"https:\\\/\\\/schema.org\",\"@graph\":[{\"@type\":\"Article\",\"@id\":\"https:\\\/\\\/elhijodelllanero.mx\\\/index.php\\\/2026\\\/04\\\/08\\\/falta-de-representante-legal-pone-en-riesgo-operacion-definitiva-de-parisina\\\/#article\",\"isPartOf\":{\"@id\":\"https:\\\/\\\/elhijodelllanero.mx\\\/index.php\\\/2026\\\/04\\\/08\\\/falta-de-representante-legal-pone-en-riesgo-operacion-definitiva-de-parisina\\\/\"},\"author\":{\"name\":\"Mar\u00eda de la Paz Rodarte Ram\u00edrez\",\"@id\":\"https:\\\/\\\/elhijodelllanero.mx\\\/#\\\/schema\\\/person\\\/c7f8c86c55c1eab44ae2b93a9628245f\"},\"headline\":\"Falta de representante legal pone en riesgo operaci\u00f3n definitiva de Parisina.\",\"datePublished\":\"2026-04-08T23:33:11+00:00\",\"mainEntityOfPage\":{\"@id\":\"https:\\\/\\\/elhijodelllanero.mx\\\/index.php\\\/2026\\\/04\\\/08\\\/falta-de-representante-legal-pone-en-riesgo-operacion-definitiva-de-parisina\\\/\"},\"wordCount\":494,\"commentCount\":0,\"image\":{\"@id\":\"https:\\\/\\\/elhijodelllanero.mx\\\/index.php\\\/2026\\\/04\\\/08\\\/falta-de-representante-legal-pone-en-riesgo-operacion-definitiva-de-parisina\\\/#primaryimage\"},\"thumbnailUrl\":\"https:\\\/\\\/i0.wp.com\\\/elhijodelllanero.mx\\\/wp-content\\\/uploads\\\/2026\\\/04\\\/IMG-20260408-WA0007.jpg?fit=1280%2C720&ssl=1\",\"articleSection\":[\"CELAYA\"],\"inLanguage\":\"es\",\"potentialAction\":[{\"@type\":\"CommentAction\",\"name\":\"Comment\",\"target\":[\"https:\\\/\\\/elhijodelllanero.mx\\\/index.php\\\/2026\\\/04\\\/08\\\/falta-de-representante-legal-pone-en-riesgo-operacion-definitiva-de-parisina\\\/#respond\"]}]},{\"@type\":\"WebPage\",\"@id\":\"https:\\\/\\\/elhijodelllanero.mx\\\/index.php\\\/2026\\\/04\\\/08\\\/falta-de-representante-legal-pone-en-riesgo-operacion-definitiva-de-parisina\\\/\",\"url\":\"https:\\\/\\\/elhijodelllanero.mx\\\/index.php\\\/2026\\\/04\\\/08\\\/falta-de-representante-legal-pone-en-riesgo-operacion-definitiva-de-parisina\\\/\",\"name\":\"Falta de representante legal pone en riesgo operaci\u00f3n definitiva de Parisina. - El Hijo del llanero solititito\",\"isPartOf\":{\"@id\":\"https:\\\/\\\/elhijodelllanero.mx\\\/#website\"},\"primaryImageOfPage\":{\"@id\":\"https:\\\/\\\/elhijodelllanero.mx\\\/index.php\\\/2026\\\/04\\\/08\\\/falta-de-representante-legal-pone-en-riesgo-operacion-definitiva-de-parisina\\\/#primaryimage\"},\"image\":{\"@id\":\"https:\\\/\\\/elhijodelllanero.mx\\\/index.php\\\/2026\\\/04\\\/08\\\/falta-de-representante-legal-pone-en-riesgo-operacion-definitiva-de-parisina\\\/#primaryimage\"},\"thumbnailUrl\":\"https:\\\/\\\/i0.wp.com\\\/elhijodelllanero.mx\\\/wp-content\\\/uploads\\\/2026\\\/04\\\/IMG-20260408-WA0007.jpg?fit=1280%2C720&ssl=1\",\"datePublished\":\"2026-04-08T23:33:11+00:00\",\"author\":{\"@id\":\"https:\\\/\\\/elhijodelllanero.mx\\\/#\\\/schema\\\/person\\\/c7f8c86c55c1eab44ae2b93a9628245f\"},\"breadcrumb\":{\"@id\":\"https:\\\/\\\/elhijodelllanero.mx\\\/index.php\\\/2026\\\/04\\\/08\\\/falta-de-representante-legal-pone-en-riesgo-operacion-definitiva-de-parisina\\\/#breadcrumb\"},\"inLanguage\":\"es\",\"potentialAction\":[{\"@type\":\"ReadAction\",\"target\":[\"https:\\\/\\\/elhijodelllanero.mx\\\/index.php\\\/2026\\\/04\\\/08\\\/falta-de-representante-legal-pone-en-riesgo-operacion-definitiva-de-parisina\\\/\"]}]},{\"@type\":\"ImageObject\",\"inLanguage\":\"es\",\"@id\":\"https:\\\/\\\/elhijodelllanero.mx\\\/index.php\\\/2026\\\/04\\\/08\\\/falta-de-representante-legal-pone-en-riesgo-operacion-definitiva-de-parisina\\\/#primaryimage\",\"url\":\"https:\\\/\\\/i0.wp.com\\\/elhijodelllanero.mx\\\/wp-content\\\/uploads\\\/2026\\\/04\\\/IMG-20260408-WA0007.jpg?fit=1280%2C720&ssl=1\",\"contentUrl\":\"https:\\\/\\\/i0.wp.com\\\/elhijodelllanero.mx\\\/wp-content\\\/uploads\\\/2026\\\/04\\\/IMG-20260408-WA0007.jpg?fit=1280%2C720&ssl=1\",\"width\":1280,\"height\":720},{\"@type\":\"BreadcrumbList\",\"@id\":\"https:\\\/\\\/elhijodelllanero.mx\\\/index.php\\\/2026\\\/04\\\/08\\\/falta-de-representante-legal-pone-en-riesgo-operacion-definitiva-de-parisina\\\/#breadcrumb\",\"itemListElement\":[{\"@type\":\"ListItem\",\"position\":1,\"name\":\"Portada\",\"item\":\"https:\\\/\\\/elhijodelllanero.mx\\\/\"},{\"@type\":\"ListItem\",\"position\":2,\"name\":\"Falta de representante legal pone en riesgo operaci\u00f3n definitiva de Parisina.\"}]},{\"@type\":\"WebSite\",\"@id\":\"https:\\\/\\\/elhijodelllanero.mx\\\/#website\",\"url\":\"https:\\\/\\\/elhijodelllanero.mx\\\/\",\"name\":\"El Hijo del llanero solititito\",\"description\":\"\",\"potentialAction\":[{\"@type\":\"SearchAction\",\"target\":{\"@type\":\"EntryPoint\",\"urlTemplate\":\"https:\\\/\\\/elhijodelllanero.mx\\\/?s={search_term_string}\"},\"query-input\":{\"@type\":\"PropertyValueSpecification\",\"valueRequired\":true,\"valueName\":\"search_term_string\"}}],\"inLanguage\":\"es\"},{\"@type\":\"Person\",\"@id\":\"https:\\\/\\\/elhijodelllanero.mx\\\/#\\\/schema\\\/person\\\/c7f8c86c55c1eab44ae2b93a9628245f\",\"name\":\"Mar\u00eda de la Paz Rodarte Ram\u00edrez\",\"image\":{\"@type\":\"ImageObject\",\"inLanguage\":\"es\",\"@id\":\"https:\\\/\\\/secure.gravatar.com\\\/avatar\\\/1f38f8518b09a266af73da2bce78d69e7d1275299970134ed62f572e0487e1d0?s=96&d=mm&r=g\",\"url\":\"https:\\\/\\\/secure.gravatar.com\\\/avatar\\\/1f38f8518b09a266af73da2bce78d69e7d1275299970134ed62f572e0487e1d0?s=96&d=mm&r=g\",\"contentUrl\":\"https:\\\/\\\/secure.gravatar.com\\\/avatar\\\/1f38f8518b09a266af73da2bce78d69e7d1275299970134ed62f572e0487e1d0?s=96&d=mm&r=g\",\"caption\":\"Mar\u00eda de la Paz Rodarte Ram\u00edrez\"},\"sameAs\":[\"https:\\\/\\\/www.elhijodelllanero.mx\"],\"url\":\"https:\\\/\\\/elhijodelllanero.mx\\\/index.php\\\/author\\\/maricuas\\\/\"}]}<\/script>\n<!-- \/ Yoast SEO plugin. -->","yoast_head_json":{"title":"Falta de representante legal pone en riesgo operaci\u00f3n definitiva de Parisina. - El Hijo del llanero solititito","robots":{"index":"index","follow":"follow","max-snippet":"max-snippet:-1","max-image-preview":"max-image-preview:large","max-video-preview":"max-video-preview:-1"},"canonical":"https:\/\/elhijodelllanero.mx\/index.php\/2026\/04\/08\/falta-de-representante-legal-pone-en-riesgo-operacion-definitiva-de-parisina\/","og_locale":"es_ES","og_type":"article","og_title":"Falta de representante legal pone en riesgo operaci\u00f3n definitiva de Parisina. - El Hijo del llanero solititito","og_description":"Celaya, Gto. 8 de abril del 2026.-Despu\u00e9s del accidente ocurrido en la tienda Par\u00edsina, donde un joven perdi\u00f3 la vida, autoridades municipales informaron que ya se llev\u00f3 a cabo la audiencia correspondiente dentro del proceso administrativo, derivado de las irregularidades detectadas en el inmueble, sin embargo, durante la audiencia programada, no se present\u00f3 el representante [&hellip;]","og_url":"https:\/\/elhijodelllanero.mx\/index.php\/2026\/04\/08\/falta-de-representante-legal-pone-en-riesgo-operacion-definitiva-de-parisina\/","og_site_name":"El Hijo del llanero solititito","article_published_time":"2026-04-08T23:33:11+00:00","og_image":[{"width":1280,"height":720,"url":"https:\/\/elhijodelllanero.mx\/wp-content\/uploads\/2026\/04\/IMG-20260408-WA0007.jpg","type":"image\/jpeg"}],"author":"Mar\u00eda de la Paz Rodarte Ram\u00edrez","twitter_card":"summary_large_image","twitter_misc":{"Escrito por":"Mar\u00eda de la Paz Rodarte Ram\u00edrez","Tiempo de lectura":"3 minutos"},"schema":{"@context":"https:\/\/schema.org","@graph":[{"@type":"Article","@id":"https:\/\/elhijodelllanero.mx\/index.php\/2026\/04\/08\/falta-de-representante-legal-pone-en-riesgo-operacion-definitiva-de-parisina\/#article","isPartOf":{"@id":"https:\/\/elhijodelllanero.mx\/index.php\/2026\/04\/08\/falta-de-representante-legal-pone-en-riesgo-operacion-definitiva-de-parisina\/"},"author":{"name":"Mar\u00eda de la Paz Rodarte Ram\u00edrez","@id":"https:\/\/elhijodelllanero.mx\/#\/schema\/person\/c7f8c86c55c1eab44ae2b93a9628245f"},"headline":"Falta de representante legal pone en riesgo operaci\u00f3n definitiva de Parisina.","datePublished":"2026-04-08T23:33:11+00:00","mainEntityOfPage":{"@id":"https:\/\/elhijodelllanero.mx\/index.php\/2026\/04\/08\/falta-de-representante-legal-pone-en-riesgo-operacion-definitiva-de-parisina\/"},"wordCount":494,"commentCount":0,"image":{"@id":"https:\/\/elhijodelllanero.mx\/index.php\/2026\/04\/08\/falta-de-representante-legal-pone-en-riesgo-operacion-definitiva-de-parisina\/#primaryimage"},"thumbnailUrl":"https:\/\/i0.wp.com\/elhijodelllanero.mx\/wp-content\/uploads\/2026\/04\/IMG-20260408-WA0007.jpg?fit=1280%2C720&ssl=1","articleSection":["CELAYA"],"inLanguage":"es","potentialAction":[{"@type":"CommentAction","name":"Comment","target":["https:\/\/elhijodelllanero.mx\/index.php\/2026\/04\/08\/falta-de-representante-legal-pone-en-riesgo-operacion-definitiva-de-parisina\/#respond"]}]},{"@type":"WebPage","@id":"https:\/\/elhijodelllanero.mx\/index.php\/2026\/04\/08\/falta-de-representante-legal-pone-en-riesgo-operacion-definitiva-de-parisina\/","url":"https:\/\/elhijodelllanero.mx\/index.php\/2026\/04\/08\/falta-de-representante-legal-pone-en-riesgo-operacion-definitiva-de-parisina\/","name":"Falta de representante legal pone en riesgo operaci\u00f3n definitiva de Parisina. - El Hijo del llanero solititito","isPartOf":{"@id":"https:\/\/elhijodelllanero.mx\/#website"},"primaryImageOfPage":{"@id":"https:\/\/elhijodelllanero.mx\/index.php\/2026\/04\/08\/falta-de-representante-legal-pone-en-riesgo-operacion-definitiva-de-parisina\/#primaryimage"},"image":{"@id":"https:\/\/elhijodelllanero.mx\/index.php\/2026\/04\/08\/falta-de-representante-legal-pone-en-riesgo-operacion-definitiva-de-parisina\/#primaryimage"},"thumbnailUrl":"https:\/\/i0.wp.com\/elhijodelllanero.mx\/wp-content\/uploads\/2026\/04\/IMG-20260408-WA0007.jpg?fit=1280%2C720&ssl=1","datePublished":"2026-04-08T23:33:11+00:00","author":{"@id":"https:\/\/elhijodelllanero.mx\/#\/schema\/person\/c7f8c86c55c1eab44ae2b93a9628245f"},"breadcrumb":{"@id":"https:\/\/elhijodelllanero.mx\/index.php\/2026\/04\/08\/falta-de-representante-legal-pone-en-riesgo-operacion-definitiva-de-parisina\/#breadcrumb"},"inLanguage":"es","potentialAction":[{"@type":"ReadAction","target":["https:\/\/elhijodelllanero.mx\/index.php\/2026\/04\/08\/falta-de-representante-legal-pone-en-riesgo-operacion-definitiva-de-parisina\/"]}]},{"@type":"ImageObject","inLanguage":"es","@id":"https:\/\/elhijodelllanero.mx\/index.php\/2026\/04\/08\/falta-de-representante-legal-pone-en-riesgo-operacion-definitiva-de-parisina\/#primaryimage","url":"https:\/\/i0.wp.com\/elhijodelllanero.mx\/wp-content\/uploads\/2026\/04\/IMG-20260408-WA0007.jpg?fit=1280%2C720&ssl=1","contentUrl":"https:\/\/i0.wp.com\/elhijodelllanero.mx\/wp-content\/uploads\/2026\/04\/IMG-20260408-WA0007.jpg?fit=1280%2C720&ssl=1","width":1280,"height":720},{"@type":"BreadcrumbList","@id":"https:\/\/elhijodelllanero.mx\/index.php\/2026\/04\/08\/falta-de-representante-legal-pone-en-riesgo-operacion-definitiva-de-parisina\/#breadcrumb","itemListElement":[{"@type":"ListItem","position":1,"name":"Portada","item":"https:\/\/elhijodelllanero.mx\/"},{"@type":"ListItem","position":2,"name":"Falta de representante legal pone en riesgo operaci\u00f3n definitiva de Parisina."}]},{"@type":"WebSite","@id":"https:\/\/elhijodelllanero.mx\/#website","url":"https:\/\/elhijodelllanero.mx\/","name":"El Hijo del llanero solititito","description":"","potentialAction":[{"@type":"SearchAction","target":{"@type":"EntryPoint","urlTemplate":"https:\/\/elhijodelllanero.mx\/?s={search_term_string}"},"query-input":{"@type":"PropertyValueSpecification","valueRequired":true,"valueName":"search_term_string"}}],"inLanguage":"es"},{"@type":"Person","@id":"https:\/\/elhijodelllanero.mx\/#\/schema\/person\/c7f8c86c55c1eab44ae2b93a9628245f","name":"Mar\u00eda de la Paz Rodarte Ram\u00edrez","image":{"@type":"ImageObject","inLanguage":"es","@id":"https:\/\/secure.gravatar.com\/avatar\/1f38f8518b09a266af73da2bce78d69e7d1275299970134ed62f572e0487e1d0?s=96&d=mm&r=g","url":"https:\/\/secure.gravatar.com\/avatar\/1f38f8518b09a266af73da2bce78d69e7d1275299970134ed62f572e0487e1d0?s=96&d=mm&r=g","contentUrl":"https:\/\/secure.gravatar.com\/avatar\/1f38f8518b09a266af73da2bce78d69e7d1275299970134ed62f572e0487e1d0?s=96&d=mm&r=g","caption":"Mar\u00eda de la Paz Rodarte Ram\u00edrez"},"sameAs":["https:\/\/www.elhijodelllanero.mx"],"url":"https:\/\/elhijodelllanero.mx\/index.php\/author\/maricuas\/"}]}},"jetpack_featured_media_url":"https:\/\/i0.wp.com\/elhijodelllanero.mx\/wp-content\/uploads\/2026\/04\/IMG-20260408-WA0007.jpg?fit=1280%2C720&ssl=1","jetpack-related-posts":[],"jetpack_sharing_enabled":true,"_links":{"self":[{"href":"https:\/\/elhijodelllanero.mx\/index.php\/wp-json\/wp\/v2\/posts\/13701","targetHints":{"allow":["GET"]}}],"collection":[{"href":"https:\/\/elhijodelllanero.mx\/index.php\/wp-json\/wp\/v2\/posts"}],"about":[{"href":"https:\/\/elhijodelllanero.mx\/index.php\/wp-json\/wp\/v2\/types\/post"}],"author":[{"embeddable":true,"href":"https:\/\/elhijodelllanero.mx\/index.php\/wp-json\/wp\/v2\/users\/3"}],"replies":[{"embeddable":true,"href":"https:\/\/elhijodelllanero.mx\/index.php\/wp-json\/wp\/v2\/comments?post=13701"}],"version-history":[{"count":1,"href":"https:\/\/elhijodelllanero.mx\/index.php\/wp-json\/wp\/v2\/posts\/13701\/revisions"}],"predecessor-version":[{"id":13703,"href":"https:\/\/elhijodelllanero.mx\/index.php\/wp-json\/wp\/v2\/posts\/13701\/revisions\/13703"}],"wp:featuredmedia":[{"embeddable":true,"href":"https:\/\/elhijodelllanero.mx\/index.php\/wp-json\/wp\/v2\/media\/13702"}],"wp:attachment":[{"href":"https:\/\/elhijodelllanero.mx\/index.php\/wp-json\/wp\/v2\/media?parent=13701"}],"wp:term":[{"taxonomy":"category","embeddable":true,"href":"https:\/\/elhijodelllanero.mx\/index.php\/wp-json\/wp\/v2\/categories?post=13701"},{"taxonomy":"post_tag","embeddable":true,"href":"https:\/\/elhijodelllanero.mx\/index.php\/wp-json\/wp\/v2\/tags?post=13701"}],"curies":[{"name":"wp","href":"https:\/\/api.w.org\/{rel}","templated":true}]}}