{"id":13707,"date":"2026-04-09T00:55:30","date_gmt":"2026-04-09T00:55:30","guid":{"rendered":"https:\/\/elhijodelllanero.mx\/?p=13707"},"modified":"2026-04-09T00:55:30","modified_gmt":"2026-04-09T00:55:30","slug":"cortazar-se-sube-al-proyecto-del-tren-pero-primero-pasan-por-la-mesa-de-promesas","status":"publish","type":"post","link":"https:\/\/elhijodelllanero.mx\/index.php\/2026\/04\/09\/cortazar-se-sube-al-proyecto-del-tren-pero-primero-pasan-por-la-mesa-de-promesas\/","title":{"rendered":"Cortazar se sube al proyecto del tren\u2026 pero primero pasan por la mesa de promesas."},"content":{"rendered":"<p>Cortazar, Gto. 8 de abril del 2026.- El municipio fue sede de la mesa peri\u00f3dica de atenci\u00f3n social del proyecto del tren de pasajeros Quer\u00e9taro\u2013Irapuato, donde autoridades federales y municipales revisaron avances y, sobre todo, lo que falta por resolver antes de que las m\u00e1quinas empiecen a hacer ruido de verdad.<\/p>\n<p>El encuentro fue encabezado por Irma Leticia Gonz\u00e1lez S\u00e1nchez, titular de la Secretar\u00eda de Comunicaciones y Transportes en Guanajuato, acompa\u00f1ada por el alcalde de Cortazar, Mauricio Estefan\u00eda, as\u00ed como por la alcaldesa de Villagr\u00e1n, Cinthia Teniente, y el presidente municipal de Celaya, Juan Miguel Ram\u00edrez S\u00e1nchez, junto a representantes de municipios involucrados como Irapuato, Juventino Rosas y Apaseo el Grande.<\/p>\n<p>Durante la reuni\u00f3n se inform\u00f3 que al menos diez dependencias federales participan en el proyecto, revisando cada intervenci\u00f3n de forma detallada para atender posibles afectaciones sociales, as\u00ed como eventuales hallazgos hist\u00f3ricos o naturales que pudieran surgir en el proceso.<\/p>\n<p>\u201cEs un equipo multidisciplinario, es un proyecto y un estudio que se hace a fondo y que todas las cosas se van atendiendo, es como nosotros ahorita las mesas sociales las estamos atendiendo antes de, preeviendo para cuando ya toque la construcci\u00f3n ya tengan el campo libre, la gente atendida y tambi\u00e9n los temas sociales ya atendidos\u201d.<\/p>\n<p>Adem\u00e1s, se confirm\u00f3 que municipios como Comonfort y San Miguel de Allende ya est\u00e1n contemplados dentro del proyecto, aunque sin mayores detalles por ahora. En el caso de Cortazar, se presentaron solicitudes enfocadas en mejorar la movilidad en las zonas por donde cruzar\u00e1 el tren, mientras que en Apaseo el Grande ya se trabajan temas sociales vinculados, como el manejo del tiradero.<\/p>\n","protected":false},"excerpt":{"rendered":"<p>Cortazar, Gto. 8 de abril del 2026.- El municipio fue sede de la mesa peri\u00f3dica de atenci\u00f3n social del proyecto del tren de pasajeros Quer\u00e9taro\u2013Irapuato, donde autoridades federales y municipales revisaron avances y, sobre todo, lo que falta por resolver antes de que las m\u00e1quinas empiecen a hacer ruido de verdad. El encuentro fue encabezado [&hellip;]<\/p>\n","protected":false},"author":3,"featured_media":13708,"comment_status":"open","ping_status":"closed","sticky":false,"template":"","format":"standard","meta":{"_jetpack_newsletter_access":"","_jetpack_dont_email_post_to_subs":false,"_jetpack_newsletter_tier_id":0,"_jetpack_memberships_contains_paywalled_content":false,"_jetpack_memberships_contains_paid_content":false,"footnotes":""},"categories":[77,76],"tags":[],"class_list":{"0":"post-13707","1":"post","2":"type-post","3":"status-publish","4":"format-standard","5":"has-post-thumbnail","7":"category-cortazar","8":"category-municipios"},"yoast_head":"<!-- This site is optimized with the Yoast SEO plugin v27.3 - https:\/\/yoast.com\/product\/yoast-seo-wordpress\/ -->\n<title>Cortazar se sube al proyecto del tren\u2026 pero primero pasan por la mesa de promesas. - El Hijo del llanero solititito<\/title>\n<meta name=\"robots\" content=\"index, follow, max-snippet:-1, max-image-preview:large, max-video-preview:-1\" \/>\n<link rel=\"canonical\" href=\"https:\/\/elhijodelllanero.mx\/index.php\/2026\/04\/09\/cortazar-se-sube-al-proyecto-del-tren-pero-primero-pasan-por-la-mesa-de-promesas\/\" \/>\n<meta property=\"og:locale\" content=\"es_ES\" \/>\n<meta property=\"og:type\" content=\"article\" \/>\n<meta property=\"og:title\" content=\"Cortazar se sube al proyecto del tren\u2026 pero primero pasan por la mesa de promesas. - El Hijo del llanero solititito\" \/>\n<meta property=\"og:description\" content=\"Cortazar, Gto. 8 de abril del 2026.- El municipio fue sede de la mesa peri\u00f3dica de atenci\u00f3n social del proyecto del tren de pasajeros Quer\u00e9taro\u2013Irapuato, donde autoridades federales y municipales revisaron avances y, sobre todo, lo que falta por resolver antes de que las m\u00e1quinas empiecen a hacer ruido de verdad. El encuentro fue encabezado [&hellip;]\" \/>\n<meta property=\"og:url\" content=\"https:\/\/elhijodelllanero.mx\/index.php\/2026\/04\/09\/cortazar-se-sube-al-proyecto-del-tren-pero-primero-pasan-por-la-mesa-de-promesas\/\" \/>\n<meta property=\"og:site_name\" content=\"El Hijo del llanero solititito\" \/>\n<meta property=\"article:published_time\" content=\"2026-04-09T00:55:30+00:00\" \/>\n<meta property=\"og:image\" content=\"https:\/\/elhijodelllanero.mx\/wp-content\/uploads\/2026\/04\/IMG-20260408-WA0009.jpg\" \/>\n\t<meta property=\"og:image:width\" content=\"1600\" \/>\n\t<meta property=\"og:image:height\" content=\"1200\" \/>\n\t<meta property=\"og:image:type\" content=\"image\/jpeg\" \/>\n<meta name=\"author\" content=\"Mar\u00eda de la Paz Rodarte Ram\u00edrez\" \/>\n<meta name=\"twitter:card\" content=\"summary_large_image\" \/>\n<meta name=\"twitter:label1\" content=\"Escrito por\" \/>\n\t<meta name=\"twitter:data1\" content=\"Mar\u00eda de la Paz Rodarte Ram\u00edrez\" \/>\n\t<meta name=\"twitter:label2\" content=\"Tiempo de lectura\" \/>\n\t<meta name=\"twitter:data2\" content=\"2 minutos\" \/>\n<script type=\"application\/ld+json\" class=\"yoast-schema-graph\">{\"@context\":\"https:\\\/\\\/schema.org\",\"@graph\":[{\"@type\":\"Article\",\"@id\":\"https:\\\/\\\/elhijodelllanero.mx\\\/index.php\\\/2026\\\/04\\\/09\\\/cortazar-se-sube-al-proyecto-del-tren-pero-primero-pasan-por-la-mesa-de-promesas\\\/#article\",\"isPartOf\":{\"@id\":\"https:\\\/\\\/elhijodelllanero.mx\\\/index.php\\\/2026\\\/04\\\/09\\\/cortazar-se-sube-al-proyecto-del-tren-pero-primero-pasan-por-la-mesa-de-promesas\\\/\"},\"author\":{\"name\":\"Mar\u00eda de la Paz Rodarte Ram\u00edrez\",\"@id\":\"https:\\\/\\\/elhijodelllanero.mx\\\/#\\\/schema\\\/person\\\/c7f8c86c55c1eab44ae2b93a9628245f\"},\"headline\":\"Cortazar se sube al proyecto del tren\u2026 pero primero pasan por la mesa de promesas.\",\"datePublished\":\"2026-04-09T00:55:30+00:00\",\"mainEntityOfPage\":{\"@id\":\"https:\\\/\\\/elhijodelllanero.mx\\\/index.php\\\/2026\\\/04\\\/09\\\/cortazar-se-sube-al-proyecto-del-tren-pero-primero-pasan-por-la-mesa-de-promesas\\\/\"},\"wordCount\":303,\"commentCount\":0,\"image\":{\"@id\":\"https:\\\/\\\/elhijodelllanero.mx\\\/index.php\\\/2026\\\/04\\\/09\\\/cortazar-se-sube-al-proyecto-del-tren-pero-primero-pasan-por-la-mesa-de-promesas\\\/#primaryimage\"},\"thumbnailUrl\":\"https:\\\/\\\/i0.wp.com\\\/elhijodelllanero.mx\\\/wp-content\\\/uploads\\\/2026\\\/04\\\/IMG-20260408-WA0009.jpg?fit=1600%2C1200&ssl=1\",\"articleSection\":[\"CORTAZAR\",\"MUNICIPIOS\"],\"inLanguage\":\"es\",\"potentialAction\":[{\"@type\":\"CommentAction\",\"name\":\"Comment\",\"target\":[\"https:\\\/\\\/elhijodelllanero.mx\\\/index.php\\\/2026\\\/04\\\/09\\\/cortazar-se-sube-al-proyecto-del-tren-pero-primero-pasan-por-la-mesa-de-promesas\\\/#respond\"]}]},{\"@type\":\"WebPage\",\"@id\":\"https:\\\/\\\/elhijodelllanero.mx\\\/index.php\\\/2026\\\/04\\\/09\\\/cortazar-se-sube-al-proyecto-del-tren-pero-primero-pasan-por-la-mesa-de-promesas\\\/\",\"url\":\"https:\\\/\\\/elhijodelllanero.mx\\\/index.php\\\/2026\\\/04\\\/09\\\/cortazar-se-sube-al-proyecto-del-tren-pero-primero-pasan-por-la-mesa-de-promesas\\\/\",\"name\":\"Cortazar se sube al proyecto del tren\u2026 pero primero pasan por la mesa de promesas. - El Hijo del llanero solititito\",\"isPartOf\":{\"@id\":\"https:\\\/\\\/elhijodelllanero.mx\\\/#website\"},\"primaryImageOfPage\":{\"@id\":\"https:\\\/\\\/elhijodelllanero.mx\\\/index.php\\\/2026\\\/04\\\/09\\\/cortazar-se-sube-al-proyecto-del-tren-pero-primero-pasan-por-la-mesa-de-promesas\\\/#primaryimage\"},\"image\":{\"@id\":\"https:\\\/\\\/elhijodelllanero.mx\\\/index.php\\\/2026\\\/04\\\/09\\\/cortazar-se-sube-al-proyecto-del-tren-pero-primero-pasan-por-la-mesa-de-promesas\\\/#primaryimage\"},\"thumbnailUrl\":\"https:\\\/\\\/i0.wp.com\\\/elhijodelllanero.mx\\\/wp-content\\\/uploads\\\/2026\\\/04\\\/IMG-20260408-WA0009.jpg?fit=1600%2C1200&ssl=1\",\"datePublished\":\"2026-04-09T00:55:30+00:00\",\"author\":{\"@id\":\"https:\\\/\\\/elhijodelllanero.mx\\\/#\\\/schema\\\/person\\\/c7f8c86c55c1eab44ae2b93a9628245f\"},\"breadcrumb\":{\"@id\":\"https:\\\/\\\/elhijodelllanero.mx\\\/index.php\\\/2026\\\/04\\\/09\\\/cortazar-se-sube-al-proyecto-del-tren-pero-primero-pasan-por-la-mesa-de-promesas\\\/#breadcrumb\"},\"inLanguage\":\"es\",\"potentialAction\":[{\"@type\":\"ReadAction\",\"target\":[\"https:\\\/\\\/elhijodelllanero.mx\\\/index.php\\\/2026\\\/04\\\/09\\\/cortazar-se-sube-al-proyecto-del-tren-pero-primero-pasan-por-la-mesa-de-promesas\\\/\"]}]},{\"@type\":\"ImageObject\",\"inLanguage\":\"es\",\"@id\":\"https:\\\/\\\/elhijodelllanero.mx\\\/index.php\\\/2026\\\/04\\\/09\\\/cortazar-se-sube-al-proyecto-del-tren-pero-primero-pasan-por-la-mesa-de-promesas\\\/#primaryimage\",\"url\":\"https:\\\/\\\/i0.wp.com\\\/elhijodelllanero.mx\\\/wp-content\\\/uploads\\\/2026\\\/04\\\/IMG-20260408-WA0009.jpg?fit=1600%2C1200&ssl=1\",\"contentUrl\":\"https:\\\/\\\/i0.wp.com\\\/elhijodelllanero.mx\\\/wp-content\\\/uploads\\\/2026\\\/04\\\/IMG-20260408-WA0009.jpg?fit=1600%2C1200&ssl=1\",\"width\":1600,\"height\":1200},{\"@type\":\"BreadcrumbList\",\"@id\":\"https:\\\/\\\/elhijodelllanero.mx\\\/index.php\\\/2026\\\/04\\\/09\\\/cortazar-se-sube-al-proyecto-del-tren-pero-primero-pasan-por-la-mesa-de-promesas\\\/#breadcrumb\",\"itemListElement\":[{\"@type\":\"ListItem\",\"position\":1,\"name\":\"Portada\",\"item\":\"https:\\\/\\\/elhijodelllanero.mx\\\/\"},{\"@type\":\"ListItem\",\"position\":2,\"name\":\"Cortazar se sube al proyecto del tren\u2026 pero primero pasan por la mesa de promesas.\"}]},{\"@type\":\"WebSite\",\"@id\":\"https:\\\/\\\/elhijodelllanero.mx\\\/#website\",\"url\":\"https:\\\/\\\/elhijodelllanero.mx\\\/\",\"name\":\"El Hijo del llanero solititito\",\"description\":\"\",\"potentialAction\":[{\"@type\":\"SearchAction\",\"target\":{\"@type\":\"EntryPoint\",\"urlTemplate\":\"https:\\\/\\\/elhijodelllanero.mx\\\/?s={search_term_string}\"},\"query-input\":{\"@type\":\"PropertyValueSpecification\",\"valueRequired\":true,\"valueName\":\"search_term_string\"}}],\"inLanguage\":\"es\"},{\"@type\":\"Person\",\"@id\":\"https:\\\/\\\/elhijodelllanero.mx\\\/#\\\/schema\\\/person\\\/c7f8c86c55c1eab44ae2b93a9628245f\",\"name\":\"Mar\u00eda de la Paz Rodarte Ram\u00edrez\",\"image\":{\"@type\":\"ImageObject\",\"inLanguage\":\"es\",\"@id\":\"https:\\\/\\\/secure.gravatar.com\\\/avatar\\\/1f38f8518b09a266af73da2bce78d69e7d1275299970134ed62f572e0487e1d0?s=96&d=mm&r=g\",\"url\":\"https:\\\/\\\/secure.gravatar.com\\\/avatar\\\/1f38f8518b09a266af73da2bce78d69e7d1275299970134ed62f572e0487e1d0?s=96&d=mm&r=g\",\"contentUrl\":\"https:\\\/\\\/secure.gravatar.com\\\/avatar\\\/1f38f8518b09a266af73da2bce78d69e7d1275299970134ed62f572e0487e1d0?s=96&d=mm&r=g\",\"caption\":\"Mar\u00eda de la Paz Rodarte Ram\u00edrez\"},\"sameAs\":[\"https:\\\/\\\/www.elhijodelllanero.mx\"],\"url\":\"https:\\\/\\\/elhijodelllanero.mx\\\/index.php\\\/author\\\/maricuas\\\/\"}]}<\/script>\n<!-- \/ Yoast SEO plugin. -->","yoast_head_json":{"title":"Cortazar se sube al proyecto del tren\u2026 pero primero pasan por la mesa de promesas. - El Hijo del llanero solititito","robots":{"index":"index","follow":"follow","max-snippet":"max-snippet:-1","max-image-preview":"max-image-preview:large","max-video-preview":"max-video-preview:-1"},"canonical":"https:\/\/elhijodelllanero.mx\/index.php\/2026\/04\/09\/cortazar-se-sube-al-proyecto-del-tren-pero-primero-pasan-por-la-mesa-de-promesas\/","og_locale":"es_ES","og_type":"article","og_title":"Cortazar se sube al proyecto del tren\u2026 pero primero pasan por la mesa de promesas. - El Hijo del llanero solititito","og_description":"Cortazar, Gto. 8 de abril del 2026.- El municipio fue sede de la mesa peri\u00f3dica de atenci\u00f3n social del proyecto del tren de pasajeros Quer\u00e9taro\u2013Irapuato, donde autoridades federales y municipales revisaron avances y, sobre todo, lo que falta por resolver antes de que las m\u00e1quinas empiecen a hacer ruido de verdad. El encuentro fue encabezado [&hellip;]","og_url":"https:\/\/elhijodelllanero.mx\/index.php\/2026\/04\/09\/cortazar-se-sube-al-proyecto-del-tren-pero-primero-pasan-por-la-mesa-de-promesas\/","og_site_name":"El Hijo del llanero solititito","article_published_time":"2026-04-09T00:55:30+00:00","og_image":[{"width":1600,"height":1200,"url":"https:\/\/elhijodelllanero.mx\/wp-content\/uploads\/2026\/04\/IMG-20260408-WA0009.jpg","type":"image\/jpeg"}],"author":"Mar\u00eda de la Paz Rodarte Ram\u00edrez","twitter_card":"summary_large_image","twitter_misc":{"Escrito por":"Mar\u00eda de la Paz Rodarte Ram\u00edrez","Tiempo de lectura":"2 minutos"},"schema":{"@context":"https:\/\/schema.org","@graph":[{"@type":"Article","@id":"https:\/\/elhijodelllanero.mx\/index.php\/2026\/04\/09\/cortazar-se-sube-al-proyecto-del-tren-pero-primero-pasan-por-la-mesa-de-promesas\/#article","isPartOf":{"@id":"https:\/\/elhijodelllanero.mx\/index.php\/2026\/04\/09\/cortazar-se-sube-al-proyecto-del-tren-pero-primero-pasan-por-la-mesa-de-promesas\/"},"author":{"name":"Mar\u00eda de la Paz Rodarte Ram\u00edrez","@id":"https:\/\/elhijodelllanero.mx\/#\/schema\/person\/c7f8c86c55c1eab44ae2b93a9628245f"},"headline":"Cortazar se sube al proyecto del tren\u2026 pero primero pasan por la mesa de promesas.","datePublished":"2026-04-09T00:55:30+00:00","mainEntityOfPage":{"@id":"https:\/\/elhijodelllanero.mx\/index.php\/2026\/04\/09\/cortazar-se-sube-al-proyecto-del-tren-pero-primero-pasan-por-la-mesa-de-promesas\/"},"wordCount":303,"commentCount":0,"image":{"@id":"https:\/\/elhijodelllanero.mx\/index.php\/2026\/04\/09\/cortazar-se-sube-al-proyecto-del-tren-pero-primero-pasan-por-la-mesa-de-promesas\/#primaryimage"},"thumbnailUrl":"https:\/\/i0.wp.com\/elhijodelllanero.mx\/wp-content\/uploads\/2026\/04\/IMG-20260408-WA0009.jpg?fit=1600%2C1200&ssl=1","articleSection":["CORTAZAR","MUNICIPIOS"],"inLanguage":"es","potentialAction":[{"@type":"CommentAction","name":"Comment","target":["https:\/\/elhijodelllanero.mx\/index.php\/2026\/04\/09\/cortazar-se-sube-al-proyecto-del-tren-pero-primero-pasan-por-la-mesa-de-promesas\/#respond"]}]},{"@type":"WebPage","@id":"https:\/\/elhijodelllanero.mx\/index.php\/2026\/04\/09\/cortazar-se-sube-al-proyecto-del-tren-pero-primero-pasan-por-la-mesa-de-promesas\/","url":"https:\/\/elhijodelllanero.mx\/index.php\/2026\/04\/09\/cortazar-se-sube-al-proyecto-del-tren-pero-primero-pasan-por-la-mesa-de-promesas\/","name":"Cortazar se sube al proyecto del tren\u2026 pero primero pasan por la mesa de promesas. - El Hijo del llanero solititito","isPartOf":{"@id":"https:\/\/elhijodelllanero.mx\/#website"},"primaryImageOfPage":{"@id":"https:\/\/elhijodelllanero.mx\/index.php\/2026\/04\/09\/cortazar-se-sube-al-proyecto-del-tren-pero-primero-pasan-por-la-mesa-de-promesas\/#primaryimage"},"image":{"@id":"https:\/\/elhijodelllanero.mx\/index.php\/2026\/04\/09\/cortazar-se-sube-al-proyecto-del-tren-pero-primero-pasan-por-la-mesa-de-promesas\/#primaryimage"},"thumbnailUrl":"https:\/\/i0.wp.com\/elhijodelllanero.mx\/wp-content\/uploads\/2026\/04\/IMG-20260408-WA0009.jpg?fit=1600%2C1200&ssl=1","datePublished":"2026-04-09T00:55:30+00:00","author":{"@id":"https:\/\/elhijodelllanero.mx\/#\/schema\/person\/c7f8c86c55c1eab44ae2b93a9628245f"},"breadcrumb":{"@id":"https:\/\/elhijodelllanero.mx\/index.php\/2026\/04\/09\/cortazar-se-sube-al-proyecto-del-tren-pero-primero-pasan-por-la-mesa-de-promesas\/#breadcrumb"},"inLanguage":"es","potentialAction":[{"@type":"ReadAction","target":["https:\/\/elhijodelllanero.mx\/index.php\/2026\/04\/09\/cortazar-se-sube-al-proyecto-del-tren-pero-primero-pasan-por-la-mesa-de-promesas\/"]}]},{"@type":"ImageObject","inLanguage":"es","@id":"https:\/\/elhijodelllanero.mx\/index.php\/2026\/04\/09\/cortazar-se-sube-al-proyecto-del-tren-pero-primero-pasan-por-la-mesa-de-promesas\/#primaryimage","url":"https:\/\/i0.wp.com\/elhijodelllanero.mx\/wp-content\/uploads\/2026\/04\/IMG-20260408-WA0009.jpg?fit=1600%2C1200&ssl=1","contentUrl":"https:\/\/i0.wp.com\/elhijodelllanero.mx\/wp-content\/uploads\/2026\/04\/IMG-20260408-WA0009.jpg?fit=1600%2C1200&ssl=1","width":1600,"height":1200},{"@type":"BreadcrumbList","@id":"https:\/\/elhijodelllanero.mx\/index.php\/2026\/04\/09\/cortazar-se-sube-al-proyecto-del-tren-pero-primero-pasan-por-la-mesa-de-promesas\/#breadcrumb","itemListElement":[{"@type":"ListItem","position":1,"name":"Portada","item":"https:\/\/elhijodelllanero.mx\/"},{"@type":"ListItem","position":2,"name":"Cortazar se sube al proyecto del tren\u2026 pero primero pasan por la mesa de promesas."}]},{"@type":"WebSite","@id":"https:\/\/elhijodelllanero.mx\/#website","url":"https:\/\/elhijodelllanero.mx\/","name":"El Hijo del llanero solititito","description":"","potentialAction":[{"@type":"SearchAction","target":{"@type":"EntryPoint","urlTemplate":"https:\/\/elhijodelllanero.mx\/?s={search_term_string}"},"query-input":{"@type":"PropertyValueSpecification","valueRequired":true,"valueName":"search_term_string"}}],"inLanguage":"es"},{"@type":"Person","@id":"https:\/\/elhijodelllanero.mx\/#\/schema\/person\/c7f8c86c55c1eab44ae2b93a9628245f","name":"Mar\u00eda de la Paz Rodarte Ram\u00edrez","image":{"@type":"ImageObject","inLanguage":"es","@id":"https:\/\/secure.gravatar.com\/avatar\/1f38f8518b09a266af73da2bce78d69e7d1275299970134ed62f572e0487e1d0?s=96&d=mm&r=g","url":"https:\/\/secure.gravatar.com\/avatar\/1f38f8518b09a266af73da2bce78d69e7d1275299970134ed62f572e0487e1d0?s=96&d=mm&r=g","contentUrl":"https:\/\/secure.gravatar.com\/avatar\/1f38f8518b09a266af73da2bce78d69e7d1275299970134ed62f572e0487e1d0?s=96&d=mm&r=g","caption":"Mar\u00eda de la Paz Rodarte Ram\u00edrez"},"sameAs":["https:\/\/www.elhijodelllanero.mx"],"url":"https:\/\/elhijodelllanero.mx\/index.php\/author\/maricuas\/"}]}},"jetpack_featured_media_url":"https:\/\/i0.wp.com\/elhijodelllanero.mx\/wp-content\/uploads\/2026\/04\/IMG-20260408-WA0009.jpg?fit=1600%2C1200&ssl=1","jetpack-related-posts":[],"jetpack_sharing_enabled":true,"_links":{"self":[{"href":"https:\/\/elhijodelllanero.mx\/index.php\/wp-json\/wp\/v2\/posts\/13707","targetHints":{"allow":["GET"]}}],"collection":[{"href":"https:\/\/elhijodelllanero.mx\/index.php\/wp-json\/wp\/v2\/posts"}],"about":[{"href":"https:\/\/elhijodelllanero.mx\/index.php\/wp-json\/wp\/v2\/types\/post"}],"author":[{"embeddable":true,"href":"https:\/\/elhijodelllanero.mx\/index.php\/wp-json\/wp\/v2\/users\/3"}],"replies":[{"embeddable":true,"href":"https:\/\/elhijodelllanero.mx\/index.php\/wp-json\/wp\/v2\/comments?post=13707"}],"version-history":[{"count":1,"href":"https:\/\/elhijodelllanero.mx\/index.php\/wp-json\/wp\/v2\/posts\/13707\/revisions"}],"predecessor-version":[{"id":13709,"href":"https:\/\/elhijodelllanero.mx\/index.php\/wp-json\/wp\/v2\/posts\/13707\/revisions\/13709"}],"wp:featuredmedia":[{"embeddable":true,"href":"https:\/\/elhijodelllanero.mx\/index.php\/wp-json\/wp\/v2\/media\/13708"}],"wp:attachment":[{"href":"https:\/\/elhijodelllanero.mx\/index.php\/wp-json\/wp\/v2\/media?parent=13707"}],"wp:term":[{"taxonomy":"category","embeddable":true,"href":"https:\/\/elhijodelllanero.mx\/index.php\/wp-json\/wp\/v2\/categories?post=13707"},{"taxonomy":"post_tag","embeddable":true,"href":"https:\/\/elhijodelllanero.mx\/index.php\/wp-json\/wp\/v2\/tags?post=13707"}],"curies":[{"name":"wp","href":"https:\/\/api.w.org\/{rel}","templated":true}]}}