{"id":13710,"date":"2026-04-09T14:57:44","date_gmt":"2026-04-09T14:57:44","guid":{"rendered":"https:\/\/elhijodelllanero.mx\/?p=13710"},"modified":"2026-04-09T14:57:44","modified_gmt":"2026-04-09T14:57:44","slug":"cables-cortados-ritos-de-brujeria-y-viejas-sombras-lo-que-rodea-a-jumapac","status":"publish","type":"post","link":"https:\/\/elhijodelllanero.mx\/index.php\/2026\/04\/09\/cables-cortados-ritos-de-brujeria-y-viejas-sombras-lo-que-rodea-a-jumapac\/","title":{"rendered":"Cables cortados, \u201critos de brujer\u00eda\u201d y viejas sombras: lo que rodea a JUMAPAC."},"content":{"rendered":"<p>Cortazar, Gto. 9 de abril del 2026.-Entre fallas t\u00e9cnicas, cableado da\u00f1ado y la aparici\u00f3n de curiosos \u201cartefactos\u201d a las afueras de pozos y oficinas, el sistema de agua potable en Cortazar parece estar enfrentando algo m\u00e1s que simples desperfectos\u2026 o al menos eso es lo que deja ver el ambiente.<\/p>\n<p>El alcalde Mauricio Estefan\u00eda confirm\u00f3 que el pasado jueves el pozo 20 present\u00f3 fallas, y al revisarlo encontraron el sistema el\u00e9ctrico trozado, lo que oblig\u00f3 a intervenir para restablecer el servicio. A la par, trabajadores han reportado la presencia de objetos relacionados con supuestos rituales en distintos puntos, una coincidencia que, por ahora, se mantiene en el terreno de lo inexplicable\u2026 o de lo inc\u00f3modo.<\/p>\n<p>Aunque el edil descart\u00f3 que se trate de un boicot, la situaci\u00f3n no deja de levantar cejas. M\u00e1s a\u00fan en un contexto donde recientemente hubo cambios importantes dentro del organismo operador, con salidas que no pasaron precisamente desapercibidas.<\/p>\n<p>Porque en Cortazar, al parecer, los problemas del agua no solo pasan por tuber\u00edas y bombas. A veces tambi\u00e9n vienen acompa\u00f1ados de tensiones internas, historias que no se cuentan completas y se\u00f1ales que cada quien interpreta como quiere.<\/p>\n<p>Mientras tanto, la prioridad sigue siendo que el servicio funcione. Lo dem\u00e1s, como suele ocurrir, se queda flotando\u2026 aunque no precisamente en el agua.<\/p>\n","protected":false},"excerpt":{"rendered":"<p>Cortazar, Gto. 9 de abril del 2026.-Entre fallas t\u00e9cnicas, cableado da\u00f1ado y la aparici\u00f3n de curiosos \u201cartefactos\u201d a las afueras de pozos y oficinas, el sistema de agua potable en Cortazar parece estar enfrentando algo m\u00e1s que simples desperfectos\u2026 o al menos eso es lo que deja ver el ambiente. El alcalde Mauricio Estefan\u00eda confirm\u00f3 [&hellip;]<\/p>\n","protected":false},"author":3,"featured_media":13711,"comment_status":"open","ping_status":"closed","sticky":false,"template":"","format":"standard","meta":{"_jetpack_newsletter_access":"","_jetpack_dont_email_post_to_subs":false,"_jetpack_newsletter_tier_id":0,"_jetpack_memberships_contains_paywalled_content":false,"_jetpack_memberships_contains_paid_content":false,"footnotes":""},"categories":[77,76],"tags":[],"class_list":{"0":"post-13710","1":"post","2":"type-post","3":"status-publish","4":"format-standard","5":"has-post-thumbnail","7":"category-cortazar","8":"category-municipios"},"yoast_head":"<!-- This site is optimized with the Yoast SEO plugin v27.3 - https:\/\/yoast.com\/product\/yoast-seo-wordpress\/ -->\n<title>Cables cortados, \u201critos de brujer\u00eda\u201d y viejas sombras: lo que rodea a JUMAPAC. - El Hijo del llanero solititito<\/title>\n<meta name=\"robots\" content=\"index, follow, max-snippet:-1, max-image-preview:large, max-video-preview:-1\" \/>\n<link rel=\"canonical\" href=\"https:\/\/elhijodelllanero.mx\/index.php\/2026\/04\/09\/cables-cortados-ritos-de-brujeria-y-viejas-sombras-lo-que-rodea-a-jumapac\/\" \/>\n<meta property=\"og:locale\" content=\"es_ES\" \/>\n<meta property=\"og:type\" content=\"article\" \/>\n<meta property=\"og:title\" content=\"Cables cortados, \u201critos de brujer\u00eda\u201d y viejas sombras: lo que rodea a JUMAPAC. - El Hijo del llanero solititito\" \/>\n<meta property=\"og:description\" content=\"Cortazar, Gto. 9 de abril del 2026.-Entre fallas t\u00e9cnicas, cableado da\u00f1ado y la aparici\u00f3n de curiosos \u201cartefactos\u201d a las afueras de pozos y oficinas, el sistema de agua potable en Cortazar parece estar enfrentando algo m\u00e1s que simples desperfectos\u2026 o al menos eso es lo que deja ver el ambiente. El alcalde Mauricio Estefan\u00eda confirm\u00f3 [&hellip;]\" \/>\n<meta property=\"og:url\" content=\"https:\/\/elhijodelllanero.mx\/index.php\/2026\/04\/09\/cables-cortados-ritos-de-brujeria-y-viejas-sombras-lo-que-rodea-a-jumapac\/\" \/>\n<meta property=\"og:site_name\" content=\"El Hijo del llanero solititito\" \/>\n<meta property=\"article:published_time\" content=\"2026-04-09T14:57:44+00:00\" \/>\n<meta property=\"og:image\" content=\"https:\/\/elhijodelllanero.mx\/wp-content\/uploads\/2026\/04\/IMG-20260409-WA0002.jpg\" \/>\n\t<meta property=\"og:image:width\" content=\"1600\" \/>\n\t<meta property=\"og:image:height\" content=\"1200\" \/>\n\t<meta property=\"og:image:type\" content=\"image\/jpeg\" \/>\n<meta name=\"author\" content=\"Mar\u00eda de la Paz Rodarte Ram\u00edrez\" \/>\n<meta name=\"twitter:card\" content=\"summary_large_image\" \/>\n<meta name=\"twitter:label1\" content=\"Escrito por\" \/>\n\t<meta name=\"twitter:data1\" content=\"Mar\u00eda de la Paz Rodarte Ram\u00edrez\" \/>\n\t<meta name=\"twitter:label2\" content=\"Tiempo de lectura\" \/>\n\t<meta name=\"twitter:data2\" content=\"2 minutos\" \/>\n<script type=\"application\/ld+json\" class=\"yoast-schema-graph\">{\"@context\":\"https:\\\/\\\/schema.org\",\"@graph\":[{\"@type\":\"Article\",\"@id\":\"https:\\\/\\\/elhijodelllanero.mx\\\/index.php\\\/2026\\\/04\\\/09\\\/cables-cortados-ritos-de-brujeria-y-viejas-sombras-lo-que-rodea-a-jumapac\\\/#article\",\"isPartOf\":{\"@id\":\"https:\\\/\\\/elhijodelllanero.mx\\\/index.php\\\/2026\\\/04\\\/09\\\/cables-cortados-ritos-de-brujeria-y-viejas-sombras-lo-que-rodea-a-jumapac\\\/\"},\"author\":{\"name\":\"Mar\u00eda de la Paz Rodarte Ram\u00edrez\",\"@id\":\"https:\\\/\\\/elhijodelllanero.mx\\\/#\\\/schema\\\/person\\\/c7f8c86c55c1eab44ae2b93a9628245f\"},\"headline\":\"Cables cortados, \u201critos de brujer\u00eda\u201d y viejas sombras: lo que rodea a JUMAPAC.\",\"datePublished\":\"2026-04-09T14:57:44+00:00\",\"mainEntityOfPage\":{\"@id\":\"https:\\\/\\\/elhijodelllanero.mx\\\/index.php\\\/2026\\\/04\\\/09\\\/cables-cortados-ritos-de-brujeria-y-viejas-sombras-lo-que-rodea-a-jumapac\\\/\"},\"wordCount\":242,\"commentCount\":0,\"image\":{\"@id\":\"https:\\\/\\\/elhijodelllanero.mx\\\/index.php\\\/2026\\\/04\\\/09\\\/cables-cortados-ritos-de-brujeria-y-viejas-sombras-lo-que-rodea-a-jumapac\\\/#primaryimage\"},\"thumbnailUrl\":\"https:\\\/\\\/i0.wp.com\\\/elhijodelllanero.mx\\\/wp-content\\\/uploads\\\/2026\\\/04\\\/IMG-20260409-WA0002.jpg?fit=1600%2C1200&ssl=1\",\"articleSection\":[\"CORTAZAR\",\"MUNICIPIOS\"],\"inLanguage\":\"es\",\"potentialAction\":[{\"@type\":\"CommentAction\",\"name\":\"Comment\",\"target\":[\"https:\\\/\\\/elhijodelllanero.mx\\\/index.php\\\/2026\\\/04\\\/09\\\/cables-cortados-ritos-de-brujeria-y-viejas-sombras-lo-que-rodea-a-jumapac\\\/#respond\"]}]},{\"@type\":\"WebPage\",\"@id\":\"https:\\\/\\\/elhijodelllanero.mx\\\/index.php\\\/2026\\\/04\\\/09\\\/cables-cortados-ritos-de-brujeria-y-viejas-sombras-lo-que-rodea-a-jumapac\\\/\",\"url\":\"https:\\\/\\\/elhijodelllanero.mx\\\/index.php\\\/2026\\\/04\\\/09\\\/cables-cortados-ritos-de-brujeria-y-viejas-sombras-lo-que-rodea-a-jumapac\\\/\",\"name\":\"Cables cortados, \u201critos de brujer\u00eda\u201d y viejas sombras: lo que rodea a JUMAPAC. - El Hijo del llanero solititito\",\"isPartOf\":{\"@id\":\"https:\\\/\\\/elhijodelllanero.mx\\\/#website\"},\"primaryImageOfPage\":{\"@id\":\"https:\\\/\\\/elhijodelllanero.mx\\\/index.php\\\/2026\\\/04\\\/09\\\/cables-cortados-ritos-de-brujeria-y-viejas-sombras-lo-que-rodea-a-jumapac\\\/#primaryimage\"},\"image\":{\"@id\":\"https:\\\/\\\/elhijodelllanero.mx\\\/index.php\\\/2026\\\/04\\\/09\\\/cables-cortados-ritos-de-brujeria-y-viejas-sombras-lo-que-rodea-a-jumapac\\\/#primaryimage\"},\"thumbnailUrl\":\"https:\\\/\\\/i0.wp.com\\\/elhijodelllanero.mx\\\/wp-content\\\/uploads\\\/2026\\\/04\\\/IMG-20260409-WA0002.jpg?fit=1600%2C1200&ssl=1\",\"datePublished\":\"2026-04-09T14:57:44+00:00\",\"author\":{\"@id\":\"https:\\\/\\\/elhijodelllanero.mx\\\/#\\\/schema\\\/person\\\/c7f8c86c55c1eab44ae2b93a9628245f\"},\"breadcrumb\":{\"@id\":\"https:\\\/\\\/elhijodelllanero.mx\\\/index.php\\\/2026\\\/04\\\/09\\\/cables-cortados-ritos-de-brujeria-y-viejas-sombras-lo-que-rodea-a-jumapac\\\/#breadcrumb\"},\"inLanguage\":\"es\",\"potentialAction\":[{\"@type\":\"ReadAction\",\"target\":[\"https:\\\/\\\/elhijodelllanero.mx\\\/index.php\\\/2026\\\/04\\\/09\\\/cables-cortados-ritos-de-brujeria-y-viejas-sombras-lo-que-rodea-a-jumapac\\\/\"]}]},{\"@type\":\"ImageObject\",\"inLanguage\":\"es\",\"@id\":\"https:\\\/\\\/elhijodelllanero.mx\\\/index.php\\\/2026\\\/04\\\/09\\\/cables-cortados-ritos-de-brujeria-y-viejas-sombras-lo-que-rodea-a-jumapac\\\/#primaryimage\",\"url\":\"https:\\\/\\\/i0.wp.com\\\/elhijodelllanero.mx\\\/wp-content\\\/uploads\\\/2026\\\/04\\\/IMG-20260409-WA0002.jpg?fit=1600%2C1200&ssl=1\",\"contentUrl\":\"https:\\\/\\\/i0.wp.com\\\/elhijodelllanero.mx\\\/wp-content\\\/uploads\\\/2026\\\/04\\\/IMG-20260409-WA0002.jpg?fit=1600%2C1200&ssl=1\",\"width\":1600,\"height\":1200},{\"@type\":\"BreadcrumbList\",\"@id\":\"https:\\\/\\\/elhijodelllanero.mx\\\/index.php\\\/2026\\\/04\\\/09\\\/cables-cortados-ritos-de-brujeria-y-viejas-sombras-lo-que-rodea-a-jumapac\\\/#breadcrumb\",\"itemListElement\":[{\"@type\":\"ListItem\",\"position\":1,\"name\":\"Portada\",\"item\":\"https:\\\/\\\/elhijodelllanero.mx\\\/\"},{\"@type\":\"ListItem\",\"position\":2,\"name\":\"Cables cortados, \u201critos de brujer\u00eda\u201d y viejas sombras: lo que rodea a JUMAPAC.\"}]},{\"@type\":\"WebSite\",\"@id\":\"https:\\\/\\\/elhijodelllanero.mx\\\/#website\",\"url\":\"https:\\\/\\\/elhijodelllanero.mx\\\/\",\"name\":\"El Hijo del llanero solititito\",\"description\":\"\",\"potentialAction\":[{\"@type\":\"SearchAction\",\"target\":{\"@type\":\"EntryPoint\",\"urlTemplate\":\"https:\\\/\\\/elhijodelllanero.mx\\\/?s={search_term_string}\"},\"query-input\":{\"@type\":\"PropertyValueSpecification\",\"valueRequired\":true,\"valueName\":\"search_term_string\"}}],\"inLanguage\":\"es\"},{\"@type\":\"Person\",\"@id\":\"https:\\\/\\\/elhijodelllanero.mx\\\/#\\\/schema\\\/person\\\/c7f8c86c55c1eab44ae2b93a9628245f\",\"name\":\"Mar\u00eda de la Paz Rodarte Ram\u00edrez\",\"image\":{\"@type\":\"ImageObject\",\"inLanguage\":\"es\",\"@id\":\"https:\\\/\\\/secure.gravatar.com\\\/avatar\\\/1f38f8518b09a266af73da2bce78d69e7d1275299970134ed62f572e0487e1d0?s=96&d=mm&r=g\",\"url\":\"https:\\\/\\\/secure.gravatar.com\\\/avatar\\\/1f38f8518b09a266af73da2bce78d69e7d1275299970134ed62f572e0487e1d0?s=96&d=mm&r=g\",\"contentUrl\":\"https:\\\/\\\/secure.gravatar.com\\\/avatar\\\/1f38f8518b09a266af73da2bce78d69e7d1275299970134ed62f572e0487e1d0?s=96&d=mm&r=g\",\"caption\":\"Mar\u00eda de la Paz Rodarte Ram\u00edrez\"},\"sameAs\":[\"https:\\\/\\\/www.elhijodelllanero.mx\"],\"url\":\"https:\\\/\\\/elhijodelllanero.mx\\\/index.php\\\/author\\\/maricuas\\\/\"}]}<\/script>\n<!-- \/ Yoast SEO plugin. -->","yoast_head_json":{"title":"Cables cortados, \u201critos de brujer\u00eda\u201d y viejas sombras: lo que rodea a JUMAPAC. - El Hijo del llanero solititito","robots":{"index":"index","follow":"follow","max-snippet":"max-snippet:-1","max-image-preview":"max-image-preview:large","max-video-preview":"max-video-preview:-1"},"canonical":"https:\/\/elhijodelllanero.mx\/index.php\/2026\/04\/09\/cables-cortados-ritos-de-brujeria-y-viejas-sombras-lo-que-rodea-a-jumapac\/","og_locale":"es_ES","og_type":"article","og_title":"Cables cortados, \u201critos de brujer\u00eda\u201d y viejas sombras: lo que rodea a JUMAPAC. - El Hijo del llanero solititito","og_description":"Cortazar, Gto. 9 de abril del 2026.-Entre fallas t\u00e9cnicas, cableado da\u00f1ado y la aparici\u00f3n de curiosos \u201cartefactos\u201d a las afueras de pozos y oficinas, el sistema de agua potable en Cortazar parece estar enfrentando algo m\u00e1s que simples desperfectos\u2026 o al menos eso es lo que deja ver el ambiente. El alcalde Mauricio Estefan\u00eda confirm\u00f3 [&hellip;]","og_url":"https:\/\/elhijodelllanero.mx\/index.php\/2026\/04\/09\/cables-cortados-ritos-de-brujeria-y-viejas-sombras-lo-que-rodea-a-jumapac\/","og_site_name":"El Hijo del llanero solititito","article_published_time":"2026-04-09T14:57:44+00:00","og_image":[{"width":1600,"height":1200,"url":"https:\/\/elhijodelllanero.mx\/wp-content\/uploads\/2026\/04\/IMG-20260409-WA0002.jpg","type":"image\/jpeg"}],"author":"Mar\u00eda de la Paz Rodarte Ram\u00edrez","twitter_card":"summary_large_image","twitter_misc":{"Escrito por":"Mar\u00eda de la Paz Rodarte Ram\u00edrez","Tiempo de lectura":"2 minutos"},"schema":{"@context":"https:\/\/schema.org","@graph":[{"@type":"Article","@id":"https:\/\/elhijodelllanero.mx\/index.php\/2026\/04\/09\/cables-cortados-ritos-de-brujeria-y-viejas-sombras-lo-que-rodea-a-jumapac\/#article","isPartOf":{"@id":"https:\/\/elhijodelllanero.mx\/index.php\/2026\/04\/09\/cables-cortados-ritos-de-brujeria-y-viejas-sombras-lo-que-rodea-a-jumapac\/"},"author":{"name":"Mar\u00eda de la Paz Rodarte Ram\u00edrez","@id":"https:\/\/elhijodelllanero.mx\/#\/schema\/person\/c7f8c86c55c1eab44ae2b93a9628245f"},"headline":"Cables cortados, \u201critos de brujer\u00eda\u201d y viejas sombras: lo que rodea a JUMAPAC.","datePublished":"2026-04-09T14:57:44+00:00","mainEntityOfPage":{"@id":"https:\/\/elhijodelllanero.mx\/index.php\/2026\/04\/09\/cables-cortados-ritos-de-brujeria-y-viejas-sombras-lo-que-rodea-a-jumapac\/"},"wordCount":242,"commentCount":0,"image":{"@id":"https:\/\/elhijodelllanero.mx\/index.php\/2026\/04\/09\/cables-cortados-ritos-de-brujeria-y-viejas-sombras-lo-que-rodea-a-jumapac\/#primaryimage"},"thumbnailUrl":"https:\/\/i0.wp.com\/elhijodelllanero.mx\/wp-content\/uploads\/2026\/04\/IMG-20260409-WA0002.jpg?fit=1600%2C1200&ssl=1","articleSection":["CORTAZAR","MUNICIPIOS"],"inLanguage":"es","potentialAction":[{"@type":"CommentAction","name":"Comment","target":["https:\/\/elhijodelllanero.mx\/index.php\/2026\/04\/09\/cables-cortados-ritos-de-brujeria-y-viejas-sombras-lo-que-rodea-a-jumapac\/#respond"]}]},{"@type":"WebPage","@id":"https:\/\/elhijodelllanero.mx\/index.php\/2026\/04\/09\/cables-cortados-ritos-de-brujeria-y-viejas-sombras-lo-que-rodea-a-jumapac\/","url":"https:\/\/elhijodelllanero.mx\/index.php\/2026\/04\/09\/cables-cortados-ritos-de-brujeria-y-viejas-sombras-lo-que-rodea-a-jumapac\/","name":"Cables cortados, \u201critos de brujer\u00eda\u201d y viejas sombras: lo que rodea a JUMAPAC. - El Hijo del llanero solititito","isPartOf":{"@id":"https:\/\/elhijodelllanero.mx\/#website"},"primaryImageOfPage":{"@id":"https:\/\/elhijodelllanero.mx\/index.php\/2026\/04\/09\/cables-cortados-ritos-de-brujeria-y-viejas-sombras-lo-que-rodea-a-jumapac\/#primaryimage"},"image":{"@id":"https:\/\/elhijodelllanero.mx\/index.php\/2026\/04\/09\/cables-cortados-ritos-de-brujeria-y-viejas-sombras-lo-que-rodea-a-jumapac\/#primaryimage"},"thumbnailUrl":"https:\/\/i0.wp.com\/elhijodelllanero.mx\/wp-content\/uploads\/2026\/04\/IMG-20260409-WA0002.jpg?fit=1600%2C1200&ssl=1","datePublished":"2026-04-09T14:57:44+00:00","author":{"@id":"https:\/\/elhijodelllanero.mx\/#\/schema\/person\/c7f8c86c55c1eab44ae2b93a9628245f"},"breadcrumb":{"@id":"https:\/\/elhijodelllanero.mx\/index.php\/2026\/04\/09\/cables-cortados-ritos-de-brujeria-y-viejas-sombras-lo-que-rodea-a-jumapac\/#breadcrumb"},"inLanguage":"es","potentialAction":[{"@type":"ReadAction","target":["https:\/\/elhijodelllanero.mx\/index.php\/2026\/04\/09\/cables-cortados-ritos-de-brujeria-y-viejas-sombras-lo-que-rodea-a-jumapac\/"]}]},{"@type":"ImageObject","inLanguage":"es","@id":"https:\/\/elhijodelllanero.mx\/index.php\/2026\/04\/09\/cables-cortados-ritos-de-brujeria-y-viejas-sombras-lo-que-rodea-a-jumapac\/#primaryimage","url":"https:\/\/i0.wp.com\/elhijodelllanero.mx\/wp-content\/uploads\/2026\/04\/IMG-20260409-WA0002.jpg?fit=1600%2C1200&ssl=1","contentUrl":"https:\/\/i0.wp.com\/elhijodelllanero.mx\/wp-content\/uploads\/2026\/04\/IMG-20260409-WA0002.jpg?fit=1600%2C1200&ssl=1","width":1600,"height":1200},{"@type":"BreadcrumbList","@id":"https:\/\/elhijodelllanero.mx\/index.php\/2026\/04\/09\/cables-cortados-ritos-de-brujeria-y-viejas-sombras-lo-que-rodea-a-jumapac\/#breadcrumb","itemListElement":[{"@type":"ListItem","position":1,"name":"Portada","item":"https:\/\/elhijodelllanero.mx\/"},{"@type":"ListItem","position":2,"name":"Cables cortados, \u201critos de brujer\u00eda\u201d y viejas sombras: lo que rodea a JUMAPAC."}]},{"@type":"WebSite","@id":"https:\/\/elhijodelllanero.mx\/#website","url":"https:\/\/elhijodelllanero.mx\/","name":"El Hijo del llanero solititito","description":"","potentialAction":[{"@type":"SearchAction","target":{"@type":"EntryPoint","urlTemplate":"https:\/\/elhijodelllanero.mx\/?s={search_term_string}"},"query-input":{"@type":"PropertyValueSpecification","valueRequired":true,"valueName":"search_term_string"}}],"inLanguage":"es"},{"@type":"Person","@id":"https:\/\/elhijodelllanero.mx\/#\/schema\/person\/c7f8c86c55c1eab44ae2b93a9628245f","name":"Mar\u00eda de la Paz Rodarte Ram\u00edrez","image":{"@type":"ImageObject","inLanguage":"es","@id":"https:\/\/secure.gravatar.com\/avatar\/1f38f8518b09a266af73da2bce78d69e7d1275299970134ed62f572e0487e1d0?s=96&d=mm&r=g","url":"https:\/\/secure.gravatar.com\/avatar\/1f38f8518b09a266af73da2bce78d69e7d1275299970134ed62f572e0487e1d0?s=96&d=mm&r=g","contentUrl":"https:\/\/secure.gravatar.com\/avatar\/1f38f8518b09a266af73da2bce78d69e7d1275299970134ed62f572e0487e1d0?s=96&d=mm&r=g","caption":"Mar\u00eda de la Paz Rodarte Ram\u00edrez"},"sameAs":["https:\/\/www.elhijodelllanero.mx"],"url":"https:\/\/elhijodelllanero.mx\/index.php\/author\/maricuas\/"}]}},"jetpack_featured_media_url":"https:\/\/i0.wp.com\/elhijodelllanero.mx\/wp-content\/uploads\/2026\/04\/IMG-20260409-WA0002.jpg?fit=1600%2C1200&ssl=1","jetpack-related-posts":[],"jetpack_sharing_enabled":true,"_links":{"self":[{"href":"https:\/\/elhijodelllanero.mx\/index.php\/wp-json\/wp\/v2\/posts\/13710","targetHints":{"allow":["GET"]}}],"collection":[{"href":"https:\/\/elhijodelllanero.mx\/index.php\/wp-json\/wp\/v2\/posts"}],"about":[{"href":"https:\/\/elhijodelllanero.mx\/index.php\/wp-json\/wp\/v2\/types\/post"}],"author":[{"embeddable":true,"href":"https:\/\/elhijodelllanero.mx\/index.php\/wp-json\/wp\/v2\/users\/3"}],"replies":[{"embeddable":true,"href":"https:\/\/elhijodelllanero.mx\/index.php\/wp-json\/wp\/v2\/comments?post=13710"}],"version-history":[{"count":1,"href":"https:\/\/elhijodelllanero.mx\/index.php\/wp-json\/wp\/v2\/posts\/13710\/revisions"}],"predecessor-version":[{"id":13712,"href":"https:\/\/elhijodelllanero.mx\/index.php\/wp-json\/wp\/v2\/posts\/13710\/revisions\/13712"}],"wp:featuredmedia":[{"embeddable":true,"href":"https:\/\/elhijodelllanero.mx\/index.php\/wp-json\/wp\/v2\/media\/13711"}],"wp:attachment":[{"href":"https:\/\/elhijodelllanero.mx\/index.php\/wp-json\/wp\/v2\/media?parent=13710"}],"wp:term":[{"taxonomy":"category","embeddable":true,"href":"https:\/\/elhijodelllanero.mx\/index.php\/wp-json\/wp\/v2\/categories?post=13710"},{"taxonomy":"post_tag","embeddable":true,"href":"https:\/\/elhijodelllanero.mx\/index.php\/wp-json\/wp\/v2\/tags?post=13710"}],"curies":[{"name":"wp","href":"https:\/\/api.w.org\/{rel}","templated":true}]}}