{"id":13713,"date":"2026-04-09T22:30:15","date_gmt":"2026-04-09T22:30:15","guid":{"rendered":"https:\/\/elhijodelllanero.mx\/?p=13713"},"modified":"2026-04-09T22:30:15","modified_gmt":"2026-04-09T22:30:15","slug":"violencia-golpea-al-futbol-amateur-en-celaya-ya-son-varios-jugadores-asesinados","status":"publish","type":"post","link":"https:\/\/elhijodelllanero.mx\/index.php\/2026\/04\/09\/violencia-golpea-al-futbol-amateur-en-celaya-ya-son-varios-jugadores-asesinados\/","title":{"rendered":"Violencia golpea al f\u00fatbol amateur en Celaya: ya son varios jugadores asesinados."},"content":{"rendered":"<p>Celaya, Gto. 9 de abril de 2026.- La racha de hechos violentos en Celaya alcanz\u00f3 nuevamente al entorno del f\u00fatbol amateur, tras confirmarse la muerte de \u00d3scar Borunda, alias \u201cEl Boru\u201d, quien hab\u00eda sido privado de la libertad a finales de marzo. Su caso se suma a una serie de agresiones que, en cuesti\u00f3n de semanas, han impactado directamente a integrantes de ligas locales.<\/p>\n<p>De acuerdo con reportes preliminares, Borunda fue localizado sin vida luego de varios d\u00edas de permanecer desaparecido. Aunque las autoridades no han detallado las circunstancias del hallazgo, el hecho ya es investigado por instancias correspondientes.<\/p>\n<p>El caso se agrega a otros episodios recientes. El pasado 3 de marzo, en la colonia San Juanico, fue asesinado Carlos Rodrigo Bautista, conocido como \u201cEl Manzana\u201d, tras participar en actividades deportivas. Sujetos armados habr\u00edan interceptado a la v\u00edctima, provoc\u00e1ndole la muerte en el lugar.<\/p>\n<p>Semanas antes, en febrero, tambi\u00e9n se report\u00f3 el homicidio de Amed Mendoza, jugador identificado dentro del f\u00fatbol llanero, lo que gener\u00f3 reacciones entre equipos y ligas de la ciudad. Asimismo, permanece en la memoria del gremio el caso de Yosgar Guti\u00e9rrez, portero que fue v\u00edctima de hechos violentos durante 2025.<\/p>\n<p>Estos eventos han encendido alertas entre la comunidad deportiva, donde jugadores y organizadores se\u00f1alan un incremento en los riesgos incluso en espacios destinados a la recreaci\u00f3n.<\/p>\n<p>A nivel estatal, la incidencia delictiva en Guanajuato contin\u00faa reflej\u00e1ndose en distintos \u00e1mbitos sociales, incluidos los deportivos, donde anteriormente prevalec\u00eda un ambiente familiar.<\/p>\n<p>Por su parte, autoridades mantienen abiertas diversas carpetas de investigaci\u00f3n para esclarecer los hechos recientes y dar con los responsables, en medio de un contexto que sigue generando preocupaci\u00f3n entre la poblaci\u00f3n.<\/p>\n","protected":false},"excerpt":{"rendered":"<p>Celaya, Gto. 9 de abril de 2026.- La racha de hechos violentos en Celaya alcanz\u00f3 nuevamente al entorno del f\u00fatbol amateur, tras confirmarse la muerte de \u00d3scar Borunda, alias \u201cEl Boru\u201d, quien hab\u00eda sido privado de la libertad a finales de marzo. Su caso se suma a una serie de agresiones que, en cuesti\u00f3n de [&hellip;]<\/p>\n","protected":false},"author":3,"featured_media":13714,"comment_status":"open","ping_status":"closed","sticky":false,"template":"","format":"standard","meta":{"_jetpack_newsletter_access":"","_jetpack_dont_email_post_to_subs":false,"_jetpack_newsletter_tier_id":0,"_jetpack_memberships_contains_paywalled_content":false,"_jetpack_memberships_contains_paid_content":false,"footnotes":""},"categories":[74,82],"tags":[],"class_list":{"0":"post-13713","1":"post","2":"type-post","3":"status-publish","4":"format-standard","5":"has-post-thumbnail","7":"category-celaya","8":"category-policiaco"},"yoast_head":"<!-- This site is optimized with the Yoast SEO plugin v27.3 - https:\/\/yoast.com\/product\/yoast-seo-wordpress\/ -->\n<title>Violencia golpea al f\u00fatbol amateur en Celaya: ya son varios jugadores asesinados. - El Hijo del llanero solititito<\/title>\n<meta name=\"robots\" content=\"index, follow, max-snippet:-1, max-image-preview:large, max-video-preview:-1\" \/>\n<link rel=\"canonical\" href=\"https:\/\/elhijodelllanero.mx\/index.php\/2026\/04\/09\/violencia-golpea-al-futbol-amateur-en-celaya-ya-son-varios-jugadores-asesinados\/\" \/>\n<meta property=\"og:locale\" content=\"es_ES\" \/>\n<meta property=\"og:type\" content=\"article\" \/>\n<meta property=\"og:title\" content=\"Violencia golpea al f\u00fatbol amateur en Celaya: ya son varios jugadores asesinados. - El Hijo del llanero solititito\" \/>\n<meta property=\"og:description\" content=\"Celaya, Gto. 9 de abril de 2026.- La racha de hechos violentos en Celaya alcanz\u00f3 nuevamente al entorno del f\u00fatbol amateur, tras confirmarse la muerte de \u00d3scar Borunda, alias \u201cEl Boru\u201d, quien hab\u00eda sido privado de la libertad a finales de marzo. Su caso se suma a una serie de agresiones que, en cuesti\u00f3n de [&hellip;]\" \/>\n<meta property=\"og:url\" content=\"https:\/\/elhijodelllanero.mx\/index.php\/2026\/04\/09\/violencia-golpea-al-futbol-amateur-en-celaya-ya-son-varios-jugadores-asesinados\/\" \/>\n<meta property=\"og:site_name\" content=\"El Hijo del llanero solititito\" \/>\n<meta property=\"article:published_time\" content=\"2026-04-09T22:30:15+00:00\" \/>\n<meta property=\"og:image\" content=\"https:\/\/elhijodelllanero.mx\/wp-content\/uploads\/2026\/04\/IMG-20260409-WA0004.jpg\" \/>\n\t<meta property=\"og:image:width\" content=\"375\" \/>\n\t<meta property=\"og:image:height\" content=\"366\" \/>\n\t<meta property=\"og:image:type\" content=\"image\/jpeg\" \/>\n<meta name=\"author\" content=\"Mar\u00eda de la Paz Rodarte Ram\u00edrez\" \/>\n<meta name=\"twitter:card\" content=\"summary_large_image\" \/>\n<meta name=\"twitter:label1\" content=\"Escrito por\" \/>\n\t<meta name=\"twitter:data1\" content=\"Mar\u00eda de la Paz Rodarte Ram\u00edrez\" \/>\n\t<meta name=\"twitter:label2\" content=\"Tiempo de lectura\" \/>\n\t<meta name=\"twitter:data2\" content=\"2 minutos\" \/>\n<script type=\"application\/ld+json\" class=\"yoast-schema-graph\">{\"@context\":\"https:\\\/\\\/schema.org\",\"@graph\":[{\"@type\":\"Article\",\"@id\":\"https:\\\/\\\/elhijodelllanero.mx\\\/index.php\\\/2026\\\/04\\\/09\\\/violencia-golpea-al-futbol-amateur-en-celaya-ya-son-varios-jugadores-asesinados\\\/#article\",\"isPartOf\":{\"@id\":\"https:\\\/\\\/elhijodelllanero.mx\\\/index.php\\\/2026\\\/04\\\/09\\\/violencia-golpea-al-futbol-amateur-en-celaya-ya-son-varios-jugadores-asesinados\\\/\"},\"author\":{\"name\":\"Mar\u00eda de la Paz Rodarte Ram\u00edrez\",\"@id\":\"https:\\\/\\\/elhijodelllanero.mx\\\/#\\\/schema\\\/person\\\/c7f8c86c55c1eab44ae2b93a9628245f\"},\"headline\":\"Violencia golpea al f\u00fatbol amateur en Celaya: ya son varios jugadores asesinados.\",\"datePublished\":\"2026-04-09T22:30:15+00:00\",\"mainEntityOfPage\":{\"@id\":\"https:\\\/\\\/elhijodelllanero.mx\\\/index.php\\\/2026\\\/04\\\/09\\\/violencia-golpea-al-futbol-amateur-en-celaya-ya-son-varios-jugadores-asesinados\\\/\"},\"wordCount\":304,\"commentCount\":0,\"image\":{\"@id\":\"https:\\\/\\\/elhijodelllanero.mx\\\/index.php\\\/2026\\\/04\\\/09\\\/violencia-golpea-al-futbol-amateur-en-celaya-ya-son-varios-jugadores-asesinados\\\/#primaryimage\"},\"thumbnailUrl\":\"https:\\\/\\\/i0.wp.com\\\/elhijodelllanero.mx\\\/wp-content\\\/uploads\\\/2026\\\/04\\\/IMG-20260409-WA0004.jpg?fit=375%2C366&ssl=1\",\"articleSection\":[\"CELAYA\",\"POLICIACO\"],\"inLanguage\":\"es\",\"potentialAction\":[{\"@type\":\"CommentAction\",\"name\":\"Comment\",\"target\":[\"https:\\\/\\\/elhijodelllanero.mx\\\/index.php\\\/2026\\\/04\\\/09\\\/violencia-golpea-al-futbol-amateur-en-celaya-ya-son-varios-jugadores-asesinados\\\/#respond\"]}]},{\"@type\":\"WebPage\",\"@id\":\"https:\\\/\\\/elhijodelllanero.mx\\\/index.php\\\/2026\\\/04\\\/09\\\/violencia-golpea-al-futbol-amateur-en-celaya-ya-son-varios-jugadores-asesinados\\\/\",\"url\":\"https:\\\/\\\/elhijodelllanero.mx\\\/index.php\\\/2026\\\/04\\\/09\\\/violencia-golpea-al-futbol-amateur-en-celaya-ya-son-varios-jugadores-asesinados\\\/\",\"name\":\"Violencia golpea al f\u00fatbol amateur en Celaya: ya son varios jugadores asesinados. - El Hijo del llanero solititito\",\"isPartOf\":{\"@id\":\"https:\\\/\\\/elhijodelllanero.mx\\\/#website\"},\"primaryImageOfPage\":{\"@id\":\"https:\\\/\\\/elhijodelllanero.mx\\\/index.php\\\/2026\\\/04\\\/09\\\/violencia-golpea-al-futbol-amateur-en-celaya-ya-son-varios-jugadores-asesinados\\\/#primaryimage\"},\"image\":{\"@id\":\"https:\\\/\\\/elhijodelllanero.mx\\\/index.php\\\/2026\\\/04\\\/09\\\/violencia-golpea-al-futbol-amateur-en-celaya-ya-son-varios-jugadores-asesinados\\\/#primaryimage\"},\"thumbnailUrl\":\"https:\\\/\\\/i0.wp.com\\\/elhijodelllanero.mx\\\/wp-content\\\/uploads\\\/2026\\\/04\\\/IMG-20260409-WA0004.jpg?fit=375%2C366&ssl=1\",\"datePublished\":\"2026-04-09T22:30:15+00:00\",\"author\":{\"@id\":\"https:\\\/\\\/elhijodelllanero.mx\\\/#\\\/schema\\\/person\\\/c7f8c86c55c1eab44ae2b93a9628245f\"},\"breadcrumb\":{\"@id\":\"https:\\\/\\\/elhijodelllanero.mx\\\/index.php\\\/2026\\\/04\\\/09\\\/violencia-golpea-al-futbol-amateur-en-celaya-ya-son-varios-jugadores-asesinados\\\/#breadcrumb\"},\"inLanguage\":\"es\",\"potentialAction\":[{\"@type\":\"ReadAction\",\"target\":[\"https:\\\/\\\/elhijodelllanero.mx\\\/index.php\\\/2026\\\/04\\\/09\\\/violencia-golpea-al-futbol-amateur-en-celaya-ya-son-varios-jugadores-asesinados\\\/\"]}]},{\"@type\":\"ImageObject\",\"inLanguage\":\"es\",\"@id\":\"https:\\\/\\\/elhijodelllanero.mx\\\/index.php\\\/2026\\\/04\\\/09\\\/violencia-golpea-al-futbol-amateur-en-celaya-ya-son-varios-jugadores-asesinados\\\/#primaryimage\",\"url\":\"https:\\\/\\\/i0.wp.com\\\/elhijodelllanero.mx\\\/wp-content\\\/uploads\\\/2026\\\/04\\\/IMG-20260409-WA0004.jpg?fit=375%2C366&ssl=1\",\"contentUrl\":\"https:\\\/\\\/i0.wp.com\\\/elhijodelllanero.mx\\\/wp-content\\\/uploads\\\/2026\\\/04\\\/IMG-20260409-WA0004.jpg?fit=375%2C366&ssl=1\",\"width\":375,\"height\":366},{\"@type\":\"BreadcrumbList\",\"@id\":\"https:\\\/\\\/elhijodelllanero.mx\\\/index.php\\\/2026\\\/04\\\/09\\\/violencia-golpea-al-futbol-amateur-en-celaya-ya-son-varios-jugadores-asesinados\\\/#breadcrumb\",\"itemListElement\":[{\"@type\":\"ListItem\",\"position\":1,\"name\":\"Portada\",\"item\":\"https:\\\/\\\/elhijodelllanero.mx\\\/\"},{\"@type\":\"ListItem\",\"position\":2,\"name\":\"Violencia golpea al f\u00fatbol amateur en Celaya: ya son varios jugadores asesinados.\"}]},{\"@type\":\"WebSite\",\"@id\":\"https:\\\/\\\/elhijodelllanero.mx\\\/#website\",\"url\":\"https:\\\/\\\/elhijodelllanero.mx\\\/\",\"name\":\"El Hijo del llanero solititito\",\"description\":\"\",\"potentialAction\":[{\"@type\":\"SearchAction\",\"target\":{\"@type\":\"EntryPoint\",\"urlTemplate\":\"https:\\\/\\\/elhijodelllanero.mx\\\/?s={search_term_string}\"},\"query-input\":{\"@type\":\"PropertyValueSpecification\",\"valueRequired\":true,\"valueName\":\"search_term_string\"}}],\"inLanguage\":\"es\"},{\"@type\":\"Person\",\"@id\":\"https:\\\/\\\/elhijodelllanero.mx\\\/#\\\/schema\\\/person\\\/c7f8c86c55c1eab44ae2b93a9628245f\",\"name\":\"Mar\u00eda de la Paz Rodarte Ram\u00edrez\",\"image\":{\"@type\":\"ImageObject\",\"inLanguage\":\"es\",\"@id\":\"https:\\\/\\\/secure.gravatar.com\\\/avatar\\\/1f38f8518b09a266af73da2bce78d69e7d1275299970134ed62f572e0487e1d0?s=96&d=mm&r=g\",\"url\":\"https:\\\/\\\/secure.gravatar.com\\\/avatar\\\/1f38f8518b09a266af73da2bce78d69e7d1275299970134ed62f572e0487e1d0?s=96&d=mm&r=g\",\"contentUrl\":\"https:\\\/\\\/secure.gravatar.com\\\/avatar\\\/1f38f8518b09a266af73da2bce78d69e7d1275299970134ed62f572e0487e1d0?s=96&d=mm&r=g\",\"caption\":\"Mar\u00eda de la Paz Rodarte Ram\u00edrez\"},\"sameAs\":[\"https:\\\/\\\/www.elhijodelllanero.mx\"],\"url\":\"https:\\\/\\\/elhijodelllanero.mx\\\/index.php\\\/author\\\/maricuas\\\/\"}]}<\/script>\n<!-- \/ Yoast SEO plugin. -->","yoast_head_json":{"title":"Violencia golpea al f\u00fatbol amateur en Celaya: ya son varios jugadores asesinados. - El Hijo del llanero solititito","robots":{"index":"index","follow":"follow","max-snippet":"max-snippet:-1","max-image-preview":"max-image-preview:large","max-video-preview":"max-video-preview:-1"},"canonical":"https:\/\/elhijodelllanero.mx\/index.php\/2026\/04\/09\/violencia-golpea-al-futbol-amateur-en-celaya-ya-son-varios-jugadores-asesinados\/","og_locale":"es_ES","og_type":"article","og_title":"Violencia golpea al f\u00fatbol amateur en Celaya: ya son varios jugadores asesinados. - El Hijo del llanero solititito","og_description":"Celaya, Gto. 9 de abril de 2026.- La racha de hechos violentos en Celaya alcanz\u00f3 nuevamente al entorno del f\u00fatbol amateur, tras confirmarse la muerte de \u00d3scar Borunda, alias \u201cEl Boru\u201d, quien hab\u00eda sido privado de la libertad a finales de marzo. Su caso se suma a una serie de agresiones que, en cuesti\u00f3n de [&hellip;]","og_url":"https:\/\/elhijodelllanero.mx\/index.php\/2026\/04\/09\/violencia-golpea-al-futbol-amateur-en-celaya-ya-son-varios-jugadores-asesinados\/","og_site_name":"El Hijo del llanero solititito","article_published_time":"2026-04-09T22:30:15+00:00","og_image":[{"width":375,"height":366,"url":"https:\/\/elhijodelllanero.mx\/wp-content\/uploads\/2026\/04\/IMG-20260409-WA0004.jpg","type":"image\/jpeg"}],"author":"Mar\u00eda de la Paz Rodarte Ram\u00edrez","twitter_card":"summary_large_image","twitter_misc":{"Escrito por":"Mar\u00eda de la Paz Rodarte Ram\u00edrez","Tiempo de lectura":"2 minutos"},"schema":{"@context":"https:\/\/schema.org","@graph":[{"@type":"Article","@id":"https:\/\/elhijodelllanero.mx\/index.php\/2026\/04\/09\/violencia-golpea-al-futbol-amateur-en-celaya-ya-son-varios-jugadores-asesinados\/#article","isPartOf":{"@id":"https:\/\/elhijodelllanero.mx\/index.php\/2026\/04\/09\/violencia-golpea-al-futbol-amateur-en-celaya-ya-son-varios-jugadores-asesinados\/"},"author":{"name":"Mar\u00eda de la Paz Rodarte Ram\u00edrez","@id":"https:\/\/elhijodelllanero.mx\/#\/schema\/person\/c7f8c86c55c1eab44ae2b93a9628245f"},"headline":"Violencia golpea al f\u00fatbol amateur en Celaya: ya son varios jugadores asesinados.","datePublished":"2026-04-09T22:30:15+00:00","mainEntityOfPage":{"@id":"https:\/\/elhijodelllanero.mx\/index.php\/2026\/04\/09\/violencia-golpea-al-futbol-amateur-en-celaya-ya-son-varios-jugadores-asesinados\/"},"wordCount":304,"commentCount":0,"image":{"@id":"https:\/\/elhijodelllanero.mx\/index.php\/2026\/04\/09\/violencia-golpea-al-futbol-amateur-en-celaya-ya-son-varios-jugadores-asesinados\/#primaryimage"},"thumbnailUrl":"https:\/\/i0.wp.com\/elhijodelllanero.mx\/wp-content\/uploads\/2026\/04\/IMG-20260409-WA0004.jpg?fit=375%2C366&ssl=1","articleSection":["CELAYA","POLICIACO"],"inLanguage":"es","potentialAction":[{"@type":"CommentAction","name":"Comment","target":["https:\/\/elhijodelllanero.mx\/index.php\/2026\/04\/09\/violencia-golpea-al-futbol-amateur-en-celaya-ya-son-varios-jugadores-asesinados\/#respond"]}]},{"@type":"WebPage","@id":"https:\/\/elhijodelllanero.mx\/index.php\/2026\/04\/09\/violencia-golpea-al-futbol-amateur-en-celaya-ya-son-varios-jugadores-asesinados\/","url":"https:\/\/elhijodelllanero.mx\/index.php\/2026\/04\/09\/violencia-golpea-al-futbol-amateur-en-celaya-ya-son-varios-jugadores-asesinados\/","name":"Violencia golpea al f\u00fatbol amateur en Celaya: ya son varios jugadores asesinados. - El Hijo del llanero solititito","isPartOf":{"@id":"https:\/\/elhijodelllanero.mx\/#website"},"primaryImageOfPage":{"@id":"https:\/\/elhijodelllanero.mx\/index.php\/2026\/04\/09\/violencia-golpea-al-futbol-amateur-en-celaya-ya-son-varios-jugadores-asesinados\/#primaryimage"},"image":{"@id":"https:\/\/elhijodelllanero.mx\/index.php\/2026\/04\/09\/violencia-golpea-al-futbol-amateur-en-celaya-ya-son-varios-jugadores-asesinados\/#primaryimage"},"thumbnailUrl":"https:\/\/i0.wp.com\/elhijodelllanero.mx\/wp-content\/uploads\/2026\/04\/IMG-20260409-WA0004.jpg?fit=375%2C366&ssl=1","datePublished":"2026-04-09T22:30:15+00:00","author":{"@id":"https:\/\/elhijodelllanero.mx\/#\/schema\/person\/c7f8c86c55c1eab44ae2b93a9628245f"},"breadcrumb":{"@id":"https:\/\/elhijodelllanero.mx\/index.php\/2026\/04\/09\/violencia-golpea-al-futbol-amateur-en-celaya-ya-son-varios-jugadores-asesinados\/#breadcrumb"},"inLanguage":"es","potentialAction":[{"@type":"ReadAction","target":["https:\/\/elhijodelllanero.mx\/index.php\/2026\/04\/09\/violencia-golpea-al-futbol-amateur-en-celaya-ya-son-varios-jugadores-asesinados\/"]}]},{"@type":"ImageObject","inLanguage":"es","@id":"https:\/\/elhijodelllanero.mx\/index.php\/2026\/04\/09\/violencia-golpea-al-futbol-amateur-en-celaya-ya-son-varios-jugadores-asesinados\/#primaryimage","url":"https:\/\/i0.wp.com\/elhijodelllanero.mx\/wp-content\/uploads\/2026\/04\/IMG-20260409-WA0004.jpg?fit=375%2C366&ssl=1","contentUrl":"https:\/\/i0.wp.com\/elhijodelllanero.mx\/wp-content\/uploads\/2026\/04\/IMG-20260409-WA0004.jpg?fit=375%2C366&ssl=1","width":375,"height":366},{"@type":"BreadcrumbList","@id":"https:\/\/elhijodelllanero.mx\/index.php\/2026\/04\/09\/violencia-golpea-al-futbol-amateur-en-celaya-ya-son-varios-jugadores-asesinados\/#breadcrumb","itemListElement":[{"@type":"ListItem","position":1,"name":"Portada","item":"https:\/\/elhijodelllanero.mx\/"},{"@type":"ListItem","position":2,"name":"Violencia golpea al f\u00fatbol amateur en Celaya: ya son varios jugadores asesinados."}]},{"@type":"WebSite","@id":"https:\/\/elhijodelllanero.mx\/#website","url":"https:\/\/elhijodelllanero.mx\/","name":"El Hijo del llanero solititito","description":"","potentialAction":[{"@type":"SearchAction","target":{"@type":"EntryPoint","urlTemplate":"https:\/\/elhijodelllanero.mx\/?s={search_term_string}"},"query-input":{"@type":"PropertyValueSpecification","valueRequired":true,"valueName":"search_term_string"}}],"inLanguage":"es"},{"@type":"Person","@id":"https:\/\/elhijodelllanero.mx\/#\/schema\/person\/c7f8c86c55c1eab44ae2b93a9628245f","name":"Mar\u00eda de la Paz Rodarte Ram\u00edrez","image":{"@type":"ImageObject","inLanguage":"es","@id":"https:\/\/secure.gravatar.com\/avatar\/1f38f8518b09a266af73da2bce78d69e7d1275299970134ed62f572e0487e1d0?s=96&d=mm&r=g","url":"https:\/\/secure.gravatar.com\/avatar\/1f38f8518b09a266af73da2bce78d69e7d1275299970134ed62f572e0487e1d0?s=96&d=mm&r=g","contentUrl":"https:\/\/secure.gravatar.com\/avatar\/1f38f8518b09a266af73da2bce78d69e7d1275299970134ed62f572e0487e1d0?s=96&d=mm&r=g","caption":"Mar\u00eda de la Paz Rodarte Ram\u00edrez"},"sameAs":["https:\/\/www.elhijodelllanero.mx"],"url":"https:\/\/elhijodelllanero.mx\/index.php\/author\/maricuas\/"}]}},"jetpack_featured_media_url":"https:\/\/i0.wp.com\/elhijodelllanero.mx\/wp-content\/uploads\/2026\/04\/IMG-20260409-WA0004.jpg?fit=375%2C366&ssl=1","jetpack-related-posts":[],"jetpack_sharing_enabled":true,"_links":{"self":[{"href":"https:\/\/elhijodelllanero.mx\/index.php\/wp-json\/wp\/v2\/posts\/13713","targetHints":{"allow":["GET"]}}],"collection":[{"href":"https:\/\/elhijodelllanero.mx\/index.php\/wp-json\/wp\/v2\/posts"}],"about":[{"href":"https:\/\/elhijodelllanero.mx\/index.php\/wp-json\/wp\/v2\/types\/post"}],"author":[{"embeddable":true,"href":"https:\/\/elhijodelllanero.mx\/index.php\/wp-json\/wp\/v2\/users\/3"}],"replies":[{"embeddable":true,"href":"https:\/\/elhijodelllanero.mx\/index.php\/wp-json\/wp\/v2\/comments?post=13713"}],"version-history":[{"count":1,"href":"https:\/\/elhijodelllanero.mx\/index.php\/wp-json\/wp\/v2\/posts\/13713\/revisions"}],"predecessor-version":[{"id":13715,"href":"https:\/\/elhijodelllanero.mx\/index.php\/wp-json\/wp\/v2\/posts\/13713\/revisions\/13715"}],"wp:featuredmedia":[{"embeddable":true,"href":"https:\/\/elhijodelllanero.mx\/index.php\/wp-json\/wp\/v2\/media\/13714"}],"wp:attachment":[{"href":"https:\/\/elhijodelllanero.mx\/index.php\/wp-json\/wp\/v2\/media?parent=13713"}],"wp:term":[{"taxonomy":"category","embeddable":true,"href":"https:\/\/elhijodelllanero.mx\/index.php\/wp-json\/wp\/v2\/categories?post=13713"},{"taxonomy":"post_tag","embeddable":true,"href":"https:\/\/elhijodelllanero.mx\/index.php\/wp-json\/wp\/v2\/tags?post=13713"}],"curies":[{"name":"wp","href":"https:\/\/api.w.org\/{rel}","templated":true}]}}