{"id":13716,"date":"2026-04-09T22:31:22","date_gmt":"2026-04-09T22:31:22","guid":{"rendered":"https:\/\/elhijodelllanero.mx\/?p=13716"},"modified":"2026-04-09T22:31:22","modified_gmt":"2026-04-09T22:31:22","slug":"celaya-busca-subirse-al-tren-queretaro-slp","status":"publish","type":"post","link":"https:\/\/elhijodelllanero.mx\/index.php\/2026\/04\/09\/celaya-busca-subirse-al-tren-queretaro-slp\/","title":{"rendered":"Celaya busca subirse al tren Quer\u00e9taro\u2013SLP."},"content":{"rendered":"<p>Celaya, Gto. 9 de abril de 2026.- El municipio de Celaya figura dentro del trazo preliminar del proyecto ferroviario de pasajeros que conectar\u00e1 Quer\u00e9taro con San Luis Potos\u00ed, con una proyecci\u00f3n posterior hacia Monterrey. As\u00ed lo inform\u00f3 el presidente municipal, Juan Miguel Ram\u00edrez, tras sostener reuniones con representantes del plan.<\/p>\n<p>\u201cDe Quer\u00e9taro a San Luis Potos\u00ed ya estamos viendo la ruta, entonces una buena noticia no tienen considerado todav\u00eda una estaci\u00f3n y nosotros ya hicimos los tr\u00e1mites para pedir una estaci\u00f3n que no estar\u00eda en el centro de la ciudad, estar\u00eda un poco alejado del centro de la ciudad pero buscar\u00edamos nosotros movilidad, buscar\u00edamos como de una forma r\u00e1pida y bien llegar\u00edan a una estaci\u00f3n para que los que quieran ir a Monterrey porque ser\u00eda primero este Quer\u00e9taro, San Luis Potos\u00ed y luego San Luis Potos\u00ed, Monterrey entonces estuve platicando con ellos ellos en lo general ya tienen una traza\u201d.<\/p>\n<p>El alcalde explic\u00f3 que, aunque ya existe un trazo general del recorrido, este no ha sido compartido formalmente con los municipios involucrados, con el objetivo de evitar la especulaci\u00f3n inmobiliaria que suele acompa\u00f1ar este tipo de proyectos.<\/p>\n<p>\u201cObviamente agarra una parte de Queretaro, Apaseo, Celaya una parte de Comonfort lo que pasa que nosotros tenemos mucha confianza con Comonfort, entonces no ser\u00eda muy cercano donde ellos tienen su estaci\u00f3n de tren y por eso estamos muy contentos porque este tren de pasajeros va a pasar por Celaya por una gran parte de Celaya y no lo han considerado todav\u00eda no han dicho que cu\u00e1l estaciones etc\u00e9tera pero nosotros ya estamos peleando nuestra estaci\u00f3n para que la gente que quiere ir a Monterrey al final\u201d.<\/p>\n<p>Ram\u00edrez se\u00f1al\u00f3 que el municipio ya inici\u00f3 gestiones para asegurar la instalaci\u00f3n de una estaci\u00f3n en territorio celayense, aunque reconoci\u00f3 que su ubicaci\u00f3n estar\u00eda fuera del primer cuadro de la ciudad, lo que implicar\u00eda desarrollar esquemas de movilidad para facilitar el acceso de los usuarios.<\/p>\n","protected":false},"excerpt":{"rendered":"<p>Celaya, Gto. 9 de abril de 2026.- El municipio de Celaya figura dentro del trazo preliminar del proyecto ferroviario de pasajeros que conectar\u00e1 Quer\u00e9taro con San Luis Potos\u00ed, con una proyecci\u00f3n posterior hacia Monterrey. As\u00ed lo inform\u00f3 el presidente municipal, Juan Miguel Ram\u00edrez, tras sostener reuniones con representantes del plan. \u201cDe Quer\u00e9taro a San Luis [&hellip;]<\/p>\n","protected":false},"author":3,"featured_media":13717,"comment_status":"open","ping_status":"closed","sticky":false,"template":"","format":"standard","meta":{"_jetpack_newsletter_access":"","_jetpack_dont_email_post_to_subs":false,"_jetpack_newsletter_tier_id":0,"_jetpack_memberships_contains_paywalled_content":false,"_jetpack_memberships_contains_paid_content":false,"footnotes":""},"categories":[74],"tags":[],"class_list":{"0":"post-13716","1":"post","2":"type-post","3":"status-publish","4":"format-standard","5":"has-post-thumbnail","7":"category-celaya"},"yoast_head":"<!-- This site is optimized with the Yoast SEO plugin v27.3 - https:\/\/yoast.com\/product\/yoast-seo-wordpress\/ -->\n<title>Celaya busca subirse al tren Quer\u00e9taro\u2013SLP. - El Hijo del llanero solititito<\/title>\n<meta name=\"robots\" content=\"index, follow, max-snippet:-1, max-image-preview:large, max-video-preview:-1\" \/>\n<link rel=\"canonical\" href=\"https:\/\/elhijodelllanero.mx\/index.php\/2026\/04\/09\/celaya-busca-subirse-al-tren-queretaro-slp\/\" \/>\n<meta property=\"og:locale\" content=\"es_ES\" \/>\n<meta property=\"og:type\" content=\"article\" \/>\n<meta property=\"og:title\" content=\"Celaya busca subirse al tren Quer\u00e9taro\u2013SLP. - El Hijo del llanero solititito\" \/>\n<meta property=\"og:description\" content=\"Celaya, Gto. 9 de abril de 2026.- El municipio de Celaya figura dentro del trazo preliminar del proyecto ferroviario de pasajeros que conectar\u00e1 Quer\u00e9taro con San Luis Potos\u00ed, con una proyecci\u00f3n posterior hacia Monterrey. As\u00ed lo inform\u00f3 el presidente municipal, Juan Miguel Ram\u00edrez, tras sostener reuniones con representantes del plan. \u201cDe Quer\u00e9taro a San Luis [&hellip;]\" \/>\n<meta property=\"og:url\" content=\"https:\/\/elhijodelllanero.mx\/index.php\/2026\/04\/09\/celaya-busca-subirse-al-tren-queretaro-slp\/\" \/>\n<meta property=\"og:site_name\" content=\"El Hijo del llanero solititito\" \/>\n<meta property=\"article:published_time\" content=\"2026-04-09T22:31:22+00:00\" \/>\n<meta property=\"og:image\" content=\"https:\/\/elhijodelllanero.mx\/wp-content\/uploads\/2026\/04\/IMG-20260409-WA0005.jpg\" \/>\n\t<meta property=\"og:image:width\" content=\"1600\" \/>\n\t<meta property=\"og:image:height\" content=\"1200\" \/>\n\t<meta property=\"og:image:type\" content=\"image\/jpeg\" \/>\n<meta name=\"author\" content=\"Mar\u00eda de la Paz Rodarte Ram\u00edrez\" \/>\n<meta name=\"twitter:card\" content=\"summary_large_image\" \/>\n<meta name=\"twitter:label1\" content=\"Escrito por\" \/>\n\t<meta name=\"twitter:data1\" content=\"Mar\u00eda de la Paz Rodarte Ram\u00edrez\" \/>\n\t<meta name=\"twitter:label2\" content=\"Tiempo de lectura\" \/>\n\t<meta name=\"twitter:data2\" content=\"2 minutos\" \/>\n<script type=\"application\/ld+json\" class=\"yoast-schema-graph\">{\"@context\":\"https:\\\/\\\/schema.org\",\"@graph\":[{\"@type\":\"Article\",\"@id\":\"https:\\\/\\\/elhijodelllanero.mx\\\/index.php\\\/2026\\\/04\\\/09\\\/celaya-busca-subirse-al-tren-queretaro-slp\\\/#article\",\"isPartOf\":{\"@id\":\"https:\\\/\\\/elhijodelllanero.mx\\\/index.php\\\/2026\\\/04\\\/09\\\/celaya-busca-subirse-al-tren-queretaro-slp\\\/\"},\"author\":{\"name\":\"Mar\u00eda de la Paz Rodarte Ram\u00edrez\",\"@id\":\"https:\\\/\\\/elhijodelllanero.mx\\\/#\\\/schema\\\/person\\\/c7f8c86c55c1eab44ae2b93a9628245f\"},\"headline\":\"Celaya busca subirse al tren Quer\u00e9taro\u2013SLP.\",\"datePublished\":\"2026-04-09T22:31:22+00:00\",\"mainEntityOfPage\":{\"@id\":\"https:\\\/\\\/elhijodelllanero.mx\\\/index.php\\\/2026\\\/04\\\/09\\\/celaya-busca-subirse-al-tren-queretaro-slp\\\/\"},\"wordCount\":358,\"commentCount\":0,\"image\":{\"@id\":\"https:\\\/\\\/elhijodelllanero.mx\\\/index.php\\\/2026\\\/04\\\/09\\\/celaya-busca-subirse-al-tren-queretaro-slp\\\/#primaryimage\"},\"thumbnailUrl\":\"https:\\\/\\\/i0.wp.com\\\/elhijodelllanero.mx\\\/wp-content\\\/uploads\\\/2026\\\/04\\\/IMG-20260409-WA0005.jpg?fit=1600%2C1200&ssl=1\",\"articleSection\":[\"CELAYA\"],\"inLanguage\":\"es\",\"potentialAction\":[{\"@type\":\"CommentAction\",\"name\":\"Comment\",\"target\":[\"https:\\\/\\\/elhijodelllanero.mx\\\/index.php\\\/2026\\\/04\\\/09\\\/celaya-busca-subirse-al-tren-queretaro-slp\\\/#respond\"]}]},{\"@type\":\"WebPage\",\"@id\":\"https:\\\/\\\/elhijodelllanero.mx\\\/index.php\\\/2026\\\/04\\\/09\\\/celaya-busca-subirse-al-tren-queretaro-slp\\\/\",\"url\":\"https:\\\/\\\/elhijodelllanero.mx\\\/index.php\\\/2026\\\/04\\\/09\\\/celaya-busca-subirse-al-tren-queretaro-slp\\\/\",\"name\":\"Celaya busca subirse al tren Quer\u00e9taro\u2013SLP. - El Hijo del llanero solititito\",\"isPartOf\":{\"@id\":\"https:\\\/\\\/elhijodelllanero.mx\\\/#website\"},\"primaryImageOfPage\":{\"@id\":\"https:\\\/\\\/elhijodelllanero.mx\\\/index.php\\\/2026\\\/04\\\/09\\\/celaya-busca-subirse-al-tren-queretaro-slp\\\/#primaryimage\"},\"image\":{\"@id\":\"https:\\\/\\\/elhijodelllanero.mx\\\/index.php\\\/2026\\\/04\\\/09\\\/celaya-busca-subirse-al-tren-queretaro-slp\\\/#primaryimage\"},\"thumbnailUrl\":\"https:\\\/\\\/i0.wp.com\\\/elhijodelllanero.mx\\\/wp-content\\\/uploads\\\/2026\\\/04\\\/IMG-20260409-WA0005.jpg?fit=1600%2C1200&ssl=1\",\"datePublished\":\"2026-04-09T22:31:22+00:00\",\"author\":{\"@id\":\"https:\\\/\\\/elhijodelllanero.mx\\\/#\\\/schema\\\/person\\\/c7f8c86c55c1eab44ae2b93a9628245f\"},\"breadcrumb\":{\"@id\":\"https:\\\/\\\/elhijodelllanero.mx\\\/index.php\\\/2026\\\/04\\\/09\\\/celaya-busca-subirse-al-tren-queretaro-slp\\\/#breadcrumb\"},\"inLanguage\":\"es\",\"potentialAction\":[{\"@type\":\"ReadAction\",\"target\":[\"https:\\\/\\\/elhijodelllanero.mx\\\/index.php\\\/2026\\\/04\\\/09\\\/celaya-busca-subirse-al-tren-queretaro-slp\\\/\"]}]},{\"@type\":\"ImageObject\",\"inLanguage\":\"es\",\"@id\":\"https:\\\/\\\/elhijodelllanero.mx\\\/index.php\\\/2026\\\/04\\\/09\\\/celaya-busca-subirse-al-tren-queretaro-slp\\\/#primaryimage\",\"url\":\"https:\\\/\\\/i0.wp.com\\\/elhijodelllanero.mx\\\/wp-content\\\/uploads\\\/2026\\\/04\\\/IMG-20260409-WA0005.jpg?fit=1600%2C1200&ssl=1\",\"contentUrl\":\"https:\\\/\\\/i0.wp.com\\\/elhijodelllanero.mx\\\/wp-content\\\/uploads\\\/2026\\\/04\\\/IMG-20260409-WA0005.jpg?fit=1600%2C1200&ssl=1\",\"width\":1600,\"height\":1200},{\"@type\":\"BreadcrumbList\",\"@id\":\"https:\\\/\\\/elhijodelllanero.mx\\\/index.php\\\/2026\\\/04\\\/09\\\/celaya-busca-subirse-al-tren-queretaro-slp\\\/#breadcrumb\",\"itemListElement\":[{\"@type\":\"ListItem\",\"position\":1,\"name\":\"Portada\",\"item\":\"https:\\\/\\\/elhijodelllanero.mx\\\/\"},{\"@type\":\"ListItem\",\"position\":2,\"name\":\"Celaya busca subirse al tren Quer\u00e9taro\u2013SLP.\"}]},{\"@type\":\"WebSite\",\"@id\":\"https:\\\/\\\/elhijodelllanero.mx\\\/#website\",\"url\":\"https:\\\/\\\/elhijodelllanero.mx\\\/\",\"name\":\"El Hijo del llanero solititito\",\"description\":\"\",\"potentialAction\":[{\"@type\":\"SearchAction\",\"target\":{\"@type\":\"EntryPoint\",\"urlTemplate\":\"https:\\\/\\\/elhijodelllanero.mx\\\/?s={search_term_string}\"},\"query-input\":{\"@type\":\"PropertyValueSpecification\",\"valueRequired\":true,\"valueName\":\"search_term_string\"}}],\"inLanguage\":\"es\"},{\"@type\":\"Person\",\"@id\":\"https:\\\/\\\/elhijodelllanero.mx\\\/#\\\/schema\\\/person\\\/c7f8c86c55c1eab44ae2b93a9628245f\",\"name\":\"Mar\u00eda de la Paz Rodarte Ram\u00edrez\",\"image\":{\"@type\":\"ImageObject\",\"inLanguage\":\"es\",\"@id\":\"https:\\\/\\\/secure.gravatar.com\\\/avatar\\\/1f38f8518b09a266af73da2bce78d69e7d1275299970134ed62f572e0487e1d0?s=96&d=mm&r=g\",\"url\":\"https:\\\/\\\/secure.gravatar.com\\\/avatar\\\/1f38f8518b09a266af73da2bce78d69e7d1275299970134ed62f572e0487e1d0?s=96&d=mm&r=g\",\"contentUrl\":\"https:\\\/\\\/secure.gravatar.com\\\/avatar\\\/1f38f8518b09a266af73da2bce78d69e7d1275299970134ed62f572e0487e1d0?s=96&d=mm&r=g\",\"caption\":\"Mar\u00eda de la Paz Rodarte Ram\u00edrez\"},\"sameAs\":[\"https:\\\/\\\/www.elhijodelllanero.mx\"],\"url\":\"https:\\\/\\\/elhijodelllanero.mx\\\/index.php\\\/author\\\/maricuas\\\/\"}]}<\/script>\n<!-- \/ Yoast SEO plugin. -->","yoast_head_json":{"title":"Celaya busca subirse al tren Quer\u00e9taro\u2013SLP. - El Hijo del llanero solititito","robots":{"index":"index","follow":"follow","max-snippet":"max-snippet:-1","max-image-preview":"max-image-preview:large","max-video-preview":"max-video-preview:-1"},"canonical":"https:\/\/elhijodelllanero.mx\/index.php\/2026\/04\/09\/celaya-busca-subirse-al-tren-queretaro-slp\/","og_locale":"es_ES","og_type":"article","og_title":"Celaya busca subirse al tren Quer\u00e9taro\u2013SLP. - El Hijo del llanero solititito","og_description":"Celaya, Gto. 9 de abril de 2026.- El municipio de Celaya figura dentro del trazo preliminar del proyecto ferroviario de pasajeros que conectar\u00e1 Quer\u00e9taro con San Luis Potos\u00ed, con una proyecci\u00f3n posterior hacia Monterrey. As\u00ed lo inform\u00f3 el presidente municipal, Juan Miguel Ram\u00edrez, tras sostener reuniones con representantes del plan. \u201cDe Quer\u00e9taro a San Luis [&hellip;]","og_url":"https:\/\/elhijodelllanero.mx\/index.php\/2026\/04\/09\/celaya-busca-subirse-al-tren-queretaro-slp\/","og_site_name":"El Hijo del llanero solititito","article_published_time":"2026-04-09T22:31:22+00:00","og_image":[{"width":1600,"height":1200,"url":"https:\/\/elhijodelllanero.mx\/wp-content\/uploads\/2026\/04\/IMG-20260409-WA0005.jpg","type":"image\/jpeg"}],"author":"Mar\u00eda de la Paz Rodarte Ram\u00edrez","twitter_card":"summary_large_image","twitter_misc":{"Escrito por":"Mar\u00eda de la Paz Rodarte Ram\u00edrez","Tiempo de lectura":"2 minutos"},"schema":{"@context":"https:\/\/schema.org","@graph":[{"@type":"Article","@id":"https:\/\/elhijodelllanero.mx\/index.php\/2026\/04\/09\/celaya-busca-subirse-al-tren-queretaro-slp\/#article","isPartOf":{"@id":"https:\/\/elhijodelllanero.mx\/index.php\/2026\/04\/09\/celaya-busca-subirse-al-tren-queretaro-slp\/"},"author":{"name":"Mar\u00eda de la Paz Rodarte Ram\u00edrez","@id":"https:\/\/elhijodelllanero.mx\/#\/schema\/person\/c7f8c86c55c1eab44ae2b93a9628245f"},"headline":"Celaya busca subirse al tren Quer\u00e9taro\u2013SLP.","datePublished":"2026-04-09T22:31:22+00:00","mainEntityOfPage":{"@id":"https:\/\/elhijodelllanero.mx\/index.php\/2026\/04\/09\/celaya-busca-subirse-al-tren-queretaro-slp\/"},"wordCount":358,"commentCount":0,"image":{"@id":"https:\/\/elhijodelllanero.mx\/index.php\/2026\/04\/09\/celaya-busca-subirse-al-tren-queretaro-slp\/#primaryimage"},"thumbnailUrl":"https:\/\/i0.wp.com\/elhijodelllanero.mx\/wp-content\/uploads\/2026\/04\/IMG-20260409-WA0005.jpg?fit=1600%2C1200&ssl=1","articleSection":["CELAYA"],"inLanguage":"es","potentialAction":[{"@type":"CommentAction","name":"Comment","target":["https:\/\/elhijodelllanero.mx\/index.php\/2026\/04\/09\/celaya-busca-subirse-al-tren-queretaro-slp\/#respond"]}]},{"@type":"WebPage","@id":"https:\/\/elhijodelllanero.mx\/index.php\/2026\/04\/09\/celaya-busca-subirse-al-tren-queretaro-slp\/","url":"https:\/\/elhijodelllanero.mx\/index.php\/2026\/04\/09\/celaya-busca-subirse-al-tren-queretaro-slp\/","name":"Celaya busca subirse al tren Quer\u00e9taro\u2013SLP. - El Hijo del llanero solititito","isPartOf":{"@id":"https:\/\/elhijodelllanero.mx\/#website"},"primaryImageOfPage":{"@id":"https:\/\/elhijodelllanero.mx\/index.php\/2026\/04\/09\/celaya-busca-subirse-al-tren-queretaro-slp\/#primaryimage"},"image":{"@id":"https:\/\/elhijodelllanero.mx\/index.php\/2026\/04\/09\/celaya-busca-subirse-al-tren-queretaro-slp\/#primaryimage"},"thumbnailUrl":"https:\/\/i0.wp.com\/elhijodelllanero.mx\/wp-content\/uploads\/2026\/04\/IMG-20260409-WA0005.jpg?fit=1600%2C1200&ssl=1","datePublished":"2026-04-09T22:31:22+00:00","author":{"@id":"https:\/\/elhijodelllanero.mx\/#\/schema\/person\/c7f8c86c55c1eab44ae2b93a9628245f"},"breadcrumb":{"@id":"https:\/\/elhijodelllanero.mx\/index.php\/2026\/04\/09\/celaya-busca-subirse-al-tren-queretaro-slp\/#breadcrumb"},"inLanguage":"es","potentialAction":[{"@type":"ReadAction","target":["https:\/\/elhijodelllanero.mx\/index.php\/2026\/04\/09\/celaya-busca-subirse-al-tren-queretaro-slp\/"]}]},{"@type":"ImageObject","inLanguage":"es","@id":"https:\/\/elhijodelllanero.mx\/index.php\/2026\/04\/09\/celaya-busca-subirse-al-tren-queretaro-slp\/#primaryimage","url":"https:\/\/i0.wp.com\/elhijodelllanero.mx\/wp-content\/uploads\/2026\/04\/IMG-20260409-WA0005.jpg?fit=1600%2C1200&ssl=1","contentUrl":"https:\/\/i0.wp.com\/elhijodelllanero.mx\/wp-content\/uploads\/2026\/04\/IMG-20260409-WA0005.jpg?fit=1600%2C1200&ssl=1","width":1600,"height":1200},{"@type":"BreadcrumbList","@id":"https:\/\/elhijodelllanero.mx\/index.php\/2026\/04\/09\/celaya-busca-subirse-al-tren-queretaro-slp\/#breadcrumb","itemListElement":[{"@type":"ListItem","position":1,"name":"Portada","item":"https:\/\/elhijodelllanero.mx\/"},{"@type":"ListItem","position":2,"name":"Celaya busca subirse al tren Quer\u00e9taro\u2013SLP."}]},{"@type":"WebSite","@id":"https:\/\/elhijodelllanero.mx\/#website","url":"https:\/\/elhijodelllanero.mx\/","name":"El Hijo del llanero solititito","description":"","potentialAction":[{"@type":"SearchAction","target":{"@type":"EntryPoint","urlTemplate":"https:\/\/elhijodelllanero.mx\/?s={search_term_string}"},"query-input":{"@type":"PropertyValueSpecification","valueRequired":true,"valueName":"search_term_string"}}],"inLanguage":"es"},{"@type":"Person","@id":"https:\/\/elhijodelllanero.mx\/#\/schema\/person\/c7f8c86c55c1eab44ae2b93a9628245f","name":"Mar\u00eda de la Paz Rodarte Ram\u00edrez","image":{"@type":"ImageObject","inLanguage":"es","@id":"https:\/\/secure.gravatar.com\/avatar\/1f38f8518b09a266af73da2bce78d69e7d1275299970134ed62f572e0487e1d0?s=96&d=mm&r=g","url":"https:\/\/secure.gravatar.com\/avatar\/1f38f8518b09a266af73da2bce78d69e7d1275299970134ed62f572e0487e1d0?s=96&d=mm&r=g","contentUrl":"https:\/\/secure.gravatar.com\/avatar\/1f38f8518b09a266af73da2bce78d69e7d1275299970134ed62f572e0487e1d0?s=96&d=mm&r=g","caption":"Mar\u00eda de la Paz Rodarte Ram\u00edrez"},"sameAs":["https:\/\/www.elhijodelllanero.mx"],"url":"https:\/\/elhijodelllanero.mx\/index.php\/author\/maricuas\/"}]}},"jetpack_featured_media_url":"https:\/\/i0.wp.com\/elhijodelllanero.mx\/wp-content\/uploads\/2026\/04\/IMG-20260409-WA0005.jpg?fit=1600%2C1200&ssl=1","jetpack-related-posts":[],"jetpack_sharing_enabled":true,"_links":{"self":[{"href":"https:\/\/elhijodelllanero.mx\/index.php\/wp-json\/wp\/v2\/posts\/13716","targetHints":{"allow":["GET"]}}],"collection":[{"href":"https:\/\/elhijodelllanero.mx\/index.php\/wp-json\/wp\/v2\/posts"}],"about":[{"href":"https:\/\/elhijodelllanero.mx\/index.php\/wp-json\/wp\/v2\/types\/post"}],"author":[{"embeddable":true,"href":"https:\/\/elhijodelllanero.mx\/index.php\/wp-json\/wp\/v2\/users\/3"}],"replies":[{"embeddable":true,"href":"https:\/\/elhijodelllanero.mx\/index.php\/wp-json\/wp\/v2\/comments?post=13716"}],"version-history":[{"count":1,"href":"https:\/\/elhijodelllanero.mx\/index.php\/wp-json\/wp\/v2\/posts\/13716\/revisions"}],"predecessor-version":[{"id":13718,"href":"https:\/\/elhijodelllanero.mx\/index.php\/wp-json\/wp\/v2\/posts\/13716\/revisions\/13718"}],"wp:featuredmedia":[{"embeddable":true,"href":"https:\/\/elhijodelllanero.mx\/index.php\/wp-json\/wp\/v2\/media\/13717"}],"wp:attachment":[{"href":"https:\/\/elhijodelllanero.mx\/index.php\/wp-json\/wp\/v2\/media?parent=13716"}],"wp:term":[{"taxonomy":"category","embeddable":true,"href":"https:\/\/elhijodelllanero.mx\/index.php\/wp-json\/wp\/v2\/categories?post=13716"},{"taxonomy":"post_tag","embeddable":true,"href":"https:\/\/elhijodelllanero.mx\/index.php\/wp-json\/wp\/v2\/tags?post=13716"}],"curies":[{"name":"wp","href":"https:\/\/api.w.org\/{rel}","templated":true}]}}