{"id":13719,"date":"2026-04-09T22:32:58","date_gmt":"2026-04-09T22:32:58","guid":{"rendered":"https:\/\/elhijodelllanero.mx\/?p=13719"},"modified":"2026-04-09T22:32:58","modified_gmt":"2026-04-09T22:32:58","slug":"chofer-intenta-arrollar-a-agentes-y-termina-detenido-tras-persecucion","status":"publish","type":"post","link":"https:\/\/elhijodelllanero.mx\/index.php\/2026\/04\/09\/chofer-intenta-arrollar-a-agentes-y-termina-detenido-tras-persecucion\/","title":{"rendered":"Chofer intenta arrollar a agentes y termina detenido tras persecuci\u00f3n."},"content":{"rendered":"<p>Celaya, Gto. 9 de abril del 2026.-Un tractocami\u00f3n evadi\u00f3 un filtro de revisi\u00f3n de Tr\u00e1nsito y Polic\u00eda Vial e intent\u00f3 arrollar a agentes de Tr\u00e1nsito y Polic\u00eda Vial, lo que deriv\u00f3 en un operativo de seguimiento coordinado con instancias estatales, logrando su detenci\u00f3n en la salida hacia Apaseo el Grande, inform\u00f3 el director de Polic\u00eda Municipal en Celaya, Rafael Cajero.<\/p>\n<p>Los hechos se registraron la tarde del d\u00eda mi\u00e9rcoles.<\/p>\n<p>\u201cSe coordin\u00f3 con el estado con C5 y se logr\u00f3 detener all\u00e1 en la salida de Apaseo el Grande casi los l\u00edmites como que Apaseo el Alto, hubo disparos hubo algunas detonaciones este ya el tema de las investigaciones y el tracto ya fue puesto a disposici\u00f3n de la fiscal\u00eda, esperemos el estado de salud en la cual se encontraba pero pues no creo que se encuentre bien de sus facultades en ese momento, al no detenerse en el filtro y querer arrollar a un elemento de tr\u00e1nsito a no atender las indicaciones durante todo el trayecto de la carretera pues yo creo que algo ten\u00eda\u201d.<\/p>\n<p>Una vez asegurado el veh\u00edculo, dijo que no se trat\u00f3 de un robo. Al realizar la inspecci\u00f3n correspondiente, no se localizaron armas ni sustancias il\u00edcitas; la caja del tractocami\u00f3n se encontraba vac\u00eda.<\/p>\n<p>\u201cNo se encontr\u00f3 armamento en el cami\u00f3n, se encontraron la caja vac\u00eda, pues no hab\u00eda pasado que un veh\u00edculo de esta naturaleza no se detenga ante las indicaciones de las unidades de seguridad p\u00fablica\u201d.<\/p>\n","protected":false},"excerpt":{"rendered":"<p>Celaya, Gto. 9 de abril del 2026.-Un tractocami\u00f3n evadi\u00f3 un filtro de revisi\u00f3n de Tr\u00e1nsito y Polic\u00eda Vial e intent\u00f3 arrollar a agentes de Tr\u00e1nsito y Polic\u00eda Vial, lo que deriv\u00f3 en un operativo de seguimiento coordinado con instancias estatales, logrando su detenci\u00f3n en la salida hacia Apaseo el Grande, inform\u00f3 el director de Polic\u00eda [&hellip;]<\/p>\n","protected":false},"author":3,"featured_media":13720,"comment_status":"open","ping_status":"closed","sticky":false,"template":"","format":"standard","meta":{"_jetpack_newsletter_access":"","_jetpack_dont_email_post_to_subs":false,"_jetpack_newsletter_tier_id":0,"_jetpack_memberships_contains_paywalled_content":false,"_jetpack_memberships_contains_paid_content":false,"footnotes":""},"categories":[74,82],"tags":[],"class_list":{"0":"post-13719","1":"post","2":"type-post","3":"status-publish","4":"format-standard","5":"has-post-thumbnail","7":"category-celaya","8":"category-policiaco"},"yoast_head":"<!-- This site is optimized with the Yoast SEO plugin v27.3 - https:\/\/yoast.com\/product\/yoast-seo-wordpress\/ -->\n<title>Chofer intenta arrollar a agentes y termina detenido tras persecuci\u00f3n. - El Hijo del llanero solititito<\/title>\n<meta name=\"robots\" content=\"index, follow, max-snippet:-1, max-image-preview:large, max-video-preview:-1\" \/>\n<link rel=\"canonical\" href=\"https:\/\/elhijodelllanero.mx\/index.php\/2026\/04\/09\/chofer-intenta-arrollar-a-agentes-y-termina-detenido-tras-persecucion\/\" \/>\n<meta property=\"og:locale\" content=\"es_ES\" \/>\n<meta property=\"og:type\" content=\"article\" \/>\n<meta property=\"og:title\" content=\"Chofer intenta arrollar a agentes y termina detenido tras persecuci\u00f3n. - El Hijo del llanero solititito\" \/>\n<meta property=\"og:description\" content=\"Celaya, Gto. 9 de abril del 2026.-Un tractocami\u00f3n evadi\u00f3 un filtro de revisi\u00f3n de Tr\u00e1nsito y Polic\u00eda Vial e intent\u00f3 arrollar a agentes de Tr\u00e1nsito y Polic\u00eda Vial, lo que deriv\u00f3 en un operativo de seguimiento coordinado con instancias estatales, logrando su detenci\u00f3n en la salida hacia Apaseo el Grande, inform\u00f3 el director de Polic\u00eda [&hellip;]\" \/>\n<meta property=\"og:url\" content=\"https:\/\/elhijodelllanero.mx\/index.php\/2026\/04\/09\/chofer-intenta-arrollar-a-agentes-y-termina-detenido-tras-persecucion\/\" \/>\n<meta property=\"og:site_name\" content=\"El Hijo del llanero solititito\" \/>\n<meta property=\"article:published_time\" content=\"2026-04-09T22:32:58+00:00\" \/>\n<meta property=\"og:image\" content=\"https:\/\/elhijodelllanero.mx\/wp-content\/uploads\/2026\/04\/IMG-20260409-WA0006.jpg\" \/>\n\t<meta property=\"og:image:width\" content=\"1151\" \/>\n\t<meta property=\"og:image:height\" content=\"676\" \/>\n\t<meta property=\"og:image:type\" content=\"image\/jpeg\" \/>\n<meta name=\"author\" content=\"Mar\u00eda de la Paz Rodarte Ram\u00edrez\" \/>\n<meta name=\"twitter:card\" content=\"summary_large_image\" \/>\n<meta name=\"twitter:label1\" content=\"Escrito por\" \/>\n\t<meta name=\"twitter:data1\" content=\"Mar\u00eda de la Paz Rodarte Ram\u00edrez\" \/>\n\t<meta name=\"twitter:label2\" content=\"Tiempo de lectura\" \/>\n\t<meta name=\"twitter:data2\" content=\"2 minutos\" \/>\n<script type=\"application\/ld+json\" class=\"yoast-schema-graph\">{\"@context\":\"https:\\\/\\\/schema.org\",\"@graph\":[{\"@type\":\"Article\",\"@id\":\"https:\\\/\\\/elhijodelllanero.mx\\\/index.php\\\/2026\\\/04\\\/09\\\/chofer-intenta-arrollar-a-agentes-y-termina-detenido-tras-persecucion\\\/#article\",\"isPartOf\":{\"@id\":\"https:\\\/\\\/elhijodelllanero.mx\\\/index.php\\\/2026\\\/04\\\/09\\\/chofer-intenta-arrollar-a-agentes-y-termina-detenido-tras-persecucion\\\/\"},\"author\":{\"name\":\"Mar\u00eda de la Paz Rodarte Ram\u00edrez\",\"@id\":\"https:\\\/\\\/elhijodelllanero.mx\\\/#\\\/schema\\\/person\\\/c7f8c86c55c1eab44ae2b93a9628245f\"},\"headline\":\"Chofer intenta arrollar a agentes y termina detenido tras persecuci\u00f3n.\",\"datePublished\":\"2026-04-09T22:32:58+00:00\",\"mainEntityOfPage\":{\"@id\":\"https:\\\/\\\/elhijodelllanero.mx\\\/index.php\\\/2026\\\/04\\\/09\\\/chofer-intenta-arrollar-a-agentes-y-termina-detenido-tras-persecucion\\\/\"},\"wordCount\":276,\"commentCount\":0,\"image\":{\"@id\":\"https:\\\/\\\/elhijodelllanero.mx\\\/index.php\\\/2026\\\/04\\\/09\\\/chofer-intenta-arrollar-a-agentes-y-termina-detenido-tras-persecucion\\\/#primaryimage\"},\"thumbnailUrl\":\"https:\\\/\\\/i0.wp.com\\\/elhijodelllanero.mx\\\/wp-content\\\/uploads\\\/2026\\\/04\\\/IMG-20260409-WA0006.jpg?fit=1151%2C676&ssl=1\",\"articleSection\":[\"CELAYA\",\"POLICIACO\"],\"inLanguage\":\"es\",\"potentialAction\":[{\"@type\":\"CommentAction\",\"name\":\"Comment\",\"target\":[\"https:\\\/\\\/elhijodelllanero.mx\\\/index.php\\\/2026\\\/04\\\/09\\\/chofer-intenta-arrollar-a-agentes-y-termina-detenido-tras-persecucion\\\/#respond\"]}]},{\"@type\":\"WebPage\",\"@id\":\"https:\\\/\\\/elhijodelllanero.mx\\\/index.php\\\/2026\\\/04\\\/09\\\/chofer-intenta-arrollar-a-agentes-y-termina-detenido-tras-persecucion\\\/\",\"url\":\"https:\\\/\\\/elhijodelllanero.mx\\\/index.php\\\/2026\\\/04\\\/09\\\/chofer-intenta-arrollar-a-agentes-y-termina-detenido-tras-persecucion\\\/\",\"name\":\"Chofer intenta arrollar a agentes y termina detenido tras persecuci\u00f3n. - El Hijo del llanero solititito\",\"isPartOf\":{\"@id\":\"https:\\\/\\\/elhijodelllanero.mx\\\/#website\"},\"primaryImageOfPage\":{\"@id\":\"https:\\\/\\\/elhijodelllanero.mx\\\/index.php\\\/2026\\\/04\\\/09\\\/chofer-intenta-arrollar-a-agentes-y-termina-detenido-tras-persecucion\\\/#primaryimage\"},\"image\":{\"@id\":\"https:\\\/\\\/elhijodelllanero.mx\\\/index.php\\\/2026\\\/04\\\/09\\\/chofer-intenta-arrollar-a-agentes-y-termina-detenido-tras-persecucion\\\/#primaryimage\"},\"thumbnailUrl\":\"https:\\\/\\\/i0.wp.com\\\/elhijodelllanero.mx\\\/wp-content\\\/uploads\\\/2026\\\/04\\\/IMG-20260409-WA0006.jpg?fit=1151%2C676&ssl=1\",\"datePublished\":\"2026-04-09T22:32:58+00:00\",\"author\":{\"@id\":\"https:\\\/\\\/elhijodelllanero.mx\\\/#\\\/schema\\\/person\\\/c7f8c86c55c1eab44ae2b93a9628245f\"},\"breadcrumb\":{\"@id\":\"https:\\\/\\\/elhijodelllanero.mx\\\/index.php\\\/2026\\\/04\\\/09\\\/chofer-intenta-arrollar-a-agentes-y-termina-detenido-tras-persecucion\\\/#breadcrumb\"},\"inLanguage\":\"es\",\"potentialAction\":[{\"@type\":\"ReadAction\",\"target\":[\"https:\\\/\\\/elhijodelllanero.mx\\\/index.php\\\/2026\\\/04\\\/09\\\/chofer-intenta-arrollar-a-agentes-y-termina-detenido-tras-persecucion\\\/\"]}]},{\"@type\":\"ImageObject\",\"inLanguage\":\"es\",\"@id\":\"https:\\\/\\\/elhijodelllanero.mx\\\/index.php\\\/2026\\\/04\\\/09\\\/chofer-intenta-arrollar-a-agentes-y-termina-detenido-tras-persecucion\\\/#primaryimage\",\"url\":\"https:\\\/\\\/i0.wp.com\\\/elhijodelllanero.mx\\\/wp-content\\\/uploads\\\/2026\\\/04\\\/IMG-20260409-WA0006.jpg?fit=1151%2C676&ssl=1\",\"contentUrl\":\"https:\\\/\\\/i0.wp.com\\\/elhijodelllanero.mx\\\/wp-content\\\/uploads\\\/2026\\\/04\\\/IMG-20260409-WA0006.jpg?fit=1151%2C676&ssl=1\",\"width\":1151,\"height\":676},{\"@type\":\"BreadcrumbList\",\"@id\":\"https:\\\/\\\/elhijodelllanero.mx\\\/index.php\\\/2026\\\/04\\\/09\\\/chofer-intenta-arrollar-a-agentes-y-termina-detenido-tras-persecucion\\\/#breadcrumb\",\"itemListElement\":[{\"@type\":\"ListItem\",\"position\":1,\"name\":\"Portada\",\"item\":\"https:\\\/\\\/elhijodelllanero.mx\\\/\"},{\"@type\":\"ListItem\",\"position\":2,\"name\":\"Chofer intenta arrollar a agentes y termina detenido tras persecuci\u00f3n.\"}]},{\"@type\":\"WebSite\",\"@id\":\"https:\\\/\\\/elhijodelllanero.mx\\\/#website\",\"url\":\"https:\\\/\\\/elhijodelllanero.mx\\\/\",\"name\":\"El Hijo del llanero solititito\",\"description\":\"\",\"potentialAction\":[{\"@type\":\"SearchAction\",\"target\":{\"@type\":\"EntryPoint\",\"urlTemplate\":\"https:\\\/\\\/elhijodelllanero.mx\\\/?s={search_term_string}\"},\"query-input\":{\"@type\":\"PropertyValueSpecification\",\"valueRequired\":true,\"valueName\":\"search_term_string\"}}],\"inLanguage\":\"es\"},{\"@type\":\"Person\",\"@id\":\"https:\\\/\\\/elhijodelllanero.mx\\\/#\\\/schema\\\/person\\\/c7f8c86c55c1eab44ae2b93a9628245f\",\"name\":\"Mar\u00eda de la Paz Rodarte Ram\u00edrez\",\"image\":{\"@type\":\"ImageObject\",\"inLanguage\":\"es\",\"@id\":\"https:\\\/\\\/secure.gravatar.com\\\/avatar\\\/1f38f8518b09a266af73da2bce78d69e7d1275299970134ed62f572e0487e1d0?s=96&d=mm&r=g\",\"url\":\"https:\\\/\\\/secure.gravatar.com\\\/avatar\\\/1f38f8518b09a266af73da2bce78d69e7d1275299970134ed62f572e0487e1d0?s=96&d=mm&r=g\",\"contentUrl\":\"https:\\\/\\\/secure.gravatar.com\\\/avatar\\\/1f38f8518b09a266af73da2bce78d69e7d1275299970134ed62f572e0487e1d0?s=96&d=mm&r=g\",\"caption\":\"Mar\u00eda de la Paz Rodarte Ram\u00edrez\"},\"sameAs\":[\"https:\\\/\\\/www.elhijodelllanero.mx\"],\"url\":\"https:\\\/\\\/elhijodelllanero.mx\\\/index.php\\\/author\\\/maricuas\\\/\"}]}<\/script>\n<!-- \/ Yoast SEO plugin. -->","yoast_head_json":{"title":"Chofer intenta arrollar a agentes y termina detenido tras persecuci\u00f3n. - El Hijo del llanero solititito","robots":{"index":"index","follow":"follow","max-snippet":"max-snippet:-1","max-image-preview":"max-image-preview:large","max-video-preview":"max-video-preview:-1"},"canonical":"https:\/\/elhijodelllanero.mx\/index.php\/2026\/04\/09\/chofer-intenta-arrollar-a-agentes-y-termina-detenido-tras-persecucion\/","og_locale":"es_ES","og_type":"article","og_title":"Chofer intenta arrollar a agentes y termina detenido tras persecuci\u00f3n. - El Hijo del llanero solititito","og_description":"Celaya, Gto. 9 de abril del 2026.-Un tractocami\u00f3n evadi\u00f3 un filtro de revisi\u00f3n de Tr\u00e1nsito y Polic\u00eda Vial e intent\u00f3 arrollar a agentes de Tr\u00e1nsito y Polic\u00eda Vial, lo que deriv\u00f3 en un operativo de seguimiento coordinado con instancias estatales, logrando su detenci\u00f3n en la salida hacia Apaseo el Grande, inform\u00f3 el director de Polic\u00eda [&hellip;]","og_url":"https:\/\/elhijodelllanero.mx\/index.php\/2026\/04\/09\/chofer-intenta-arrollar-a-agentes-y-termina-detenido-tras-persecucion\/","og_site_name":"El Hijo del llanero solititito","article_published_time":"2026-04-09T22:32:58+00:00","og_image":[{"width":1151,"height":676,"url":"https:\/\/elhijodelllanero.mx\/wp-content\/uploads\/2026\/04\/IMG-20260409-WA0006.jpg","type":"image\/jpeg"}],"author":"Mar\u00eda de la Paz Rodarte Ram\u00edrez","twitter_card":"summary_large_image","twitter_misc":{"Escrito por":"Mar\u00eda de la Paz Rodarte Ram\u00edrez","Tiempo de lectura":"2 minutos"},"schema":{"@context":"https:\/\/schema.org","@graph":[{"@type":"Article","@id":"https:\/\/elhijodelllanero.mx\/index.php\/2026\/04\/09\/chofer-intenta-arrollar-a-agentes-y-termina-detenido-tras-persecucion\/#article","isPartOf":{"@id":"https:\/\/elhijodelllanero.mx\/index.php\/2026\/04\/09\/chofer-intenta-arrollar-a-agentes-y-termina-detenido-tras-persecucion\/"},"author":{"name":"Mar\u00eda de la Paz Rodarte Ram\u00edrez","@id":"https:\/\/elhijodelllanero.mx\/#\/schema\/person\/c7f8c86c55c1eab44ae2b93a9628245f"},"headline":"Chofer intenta arrollar a agentes y termina detenido tras persecuci\u00f3n.","datePublished":"2026-04-09T22:32:58+00:00","mainEntityOfPage":{"@id":"https:\/\/elhijodelllanero.mx\/index.php\/2026\/04\/09\/chofer-intenta-arrollar-a-agentes-y-termina-detenido-tras-persecucion\/"},"wordCount":276,"commentCount":0,"image":{"@id":"https:\/\/elhijodelllanero.mx\/index.php\/2026\/04\/09\/chofer-intenta-arrollar-a-agentes-y-termina-detenido-tras-persecucion\/#primaryimage"},"thumbnailUrl":"https:\/\/i0.wp.com\/elhijodelllanero.mx\/wp-content\/uploads\/2026\/04\/IMG-20260409-WA0006.jpg?fit=1151%2C676&ssl=1","articleSection":["CELAYA","POLICIACO"],"inLanguage":"es","potentialAction":[{"@type":"CommentAction","name":"Comment","target":["https:\/\/elhijodelllanero.mx\/index.php\/2026\/04\/09\/chofer-intenta-arrollar-a-agentes-y-termina-detenido-tras-persecucion\/#respond"]}]},{"@type":"WebPage","@id":"https:\/\/elhijodelllanero.mx\/index.php\/2026\/04\/09\/chofer-intenta-arrollar-a-agentes-y-termina-detenido-tras-persecucion\/","url":"https:\/\/elhijodelllanero.mx\/index.php\/2026\/04\/09\/chofer-intenta-arrollar-a-agentes-y-termina-detenido-tras-persecucion\/","name":"Chofer intenta arrollar a agentes y termina detenido tras persecuci\u00f3n. - El Hijo del llanero solititito","isPartOf":{"@id":"https:\/\/elhijodelllanero.mx\/#website"},"primaryImageOfPage":{"@id":"https:\/\/elhijodelllanero.mx\/index.php\/2026\/04\/09\/chofer-intenta-arrollar-a-agentes-y-termina-detenido-tras-persecucion\/#primaryimage"},"image":{"@id":"https:\/\/elhijodelllanero.mx\/index.php\/2026\/04\/09\/chofer-intenta-arrollar-a-agentes-y-termina-detenido-tras-persecucion\/#primaryimage"},"thumbnailUrl":"https:\/\/i0.wp.com\/elhijodelllanero.mx\/wp-content\/uploads\/2026\/04\/IMG-20260409-WA0006.jpg?fit=1151%2C676&ssl=1","datePublished":"2026-04-09T22:32:58+00:00","author":{"@id":"https:\/\/elhijodelllanero.mx\/#\/schema\/person\/c7f8c86c55c1eab44ae2b93a9628245f"},"breadcrumb":{"@id":"https:\/\/elhijodelllanero.mx\/index.php\/2026\/04\/09\/chofer-intenta-arrollar-a-agentes-y-termina-detenido-tras-persecucion\/#breadcrumb"},"inLanguage":"es","potentialAction":[{"@type":"ReadAction","target":["https:\/\/elhijodelllanero.mx\/index.php\/2026\/04\/09\/chofer-intenta-arrollar-a-agentes-y-termina-detenido-tras-persecucion\/"]}]},{"@type":"ImageObject","inLanguage":"es","@id":"https:\/\/elhijodelllanero.mx\/index.php\/2026\/04\/09\/chofer-intenta-arrollar-a-agentes-y-termina-detenido-tras-persecucion\/#primaryimage","url":"https:\/\/i0.wp.com\/elhijodelllanero.mx\/wp-content\/uploads\/2026\/04\/IMG-20260409-WA0006.jpg?fit=1151%2C676&ssl=1","contentUrl":"https:\/\/i0.wp.com\/elhijodelllanero.mx\/wp-content\/uploads\/2026\/04\/IMG-20260409-WA0006.jpg?fit=1151%2C676&ssl=1","width":1151,"height":676},{"@type":"BreadcrumbList","@id":"https:\/\/elhijodelllanero.mx\/index.php\/2026\/04\/09\/chofer-intenta-arrollar-a-agentes-y-termina-detenido-tras-persecucion\/#breadcrumb","itemListElement":[{"@type":"ListItem","position":1,"name":"Portada","item":"https:\/\/elhijodelllanero.mx\/"},{"@type":"ListItem","position":2,"name":"Chofer intenta arrollar a agentes y termina detenido tras persecuci\u00f3n."}]},{"@type":"WebSite","@id":"https:\/\/elhijodelllanero.mx\/#website","url":"https:\/\/elhijodelllanero.mx\/","name":"El Hijo del llanero solititito","description":"","potentialAction":[{"@type":"SearchAction","target":{"@type":"EntryPoint","urlTemplate":"https:\/\/elhijodelllanero.mx\/?s={search_term_string}"},"query-input":{"@type":"PropertyValueSpecification","valueRequired":true,"valueName":"search_term_string"}}],"inLanguage":"es"},{"@type":"Person","@id":"https:\/\/elhijodelllanero.mx\/#\/schema\/person\/c7f8c86c55c1eab44ae2b93a9628245f","name":"Mar\u00eda de la Paz Rodarte Ram\u00edrez","image":{"@type":"ImageObject","inLanguage":"es","@id":"https:\/\/secure.gravatar.com\/avatar\/1f38f8518b09a266af73da2bce78d69e7d1275299970134ed62f572e0487e1d0?s=96&d=mm&r=g","url":"https:\/\/secure.gravatar.com\/avatar\/1f38f8518b09a266af73da2bce78d69e7d1275299970134ed62f572e0487e1d0?s=96&d=mm&r=g","contentUrl":"https:\/\/secure.gravatar.com\/avatar\/1f38f8518b09a266af73da2bce78d69e7d1275299970134ed62f572e0487e1d0?s=96&d=mm&r=g","caption":"Mar\u00eda de la Paz Rodarte Ram\u00edrez"},"sameAs":["https:\/\/www.elhijodelllanero.mx"],"url":"https:\/\/elhijodelllanero.mx\/index.php\/author\/maricuas\/"}]}},"jetpack_featured_media_url":"https:\/\/i0.wp.com\/elhijodelllanero.mx\/wp-content\/uploads\/2026\/04\/IMG-20260409-WA0006.jpg?fit=1151%2C676&ssl=1","jetpack-related-posts":[],"jetpack_sharing_enabled":true,"_links":{"self":[{"href":"https:\/\/elhijodelllanero.mx\/index.php\/wp-json\/wp\/v2\/posts\/13719","targetHints":{"allow":["GET"]}}],"collection":[{"href":"https:\/\/elhijodelllanero.mx\/index.php\/wp-json\/wp\/v2\/posts"}],"about":[{"href":"https:\/\/elhijodelllanero.mx\/index.php\/wp-json\/wp\/v2\/types\/post"}],"author":[{"embeddable":true,"href":"https:\/\/elhijodelllanero.mx\/index.php\/wp-json\/wp\/v2\/users\/3"}],"replies":[{"embeddable":true,"href":"https:\/\/elhijodelllanero.mx\/index.php\/wp-json\/wp\/v2\/comments?post=13719"}],"version-history":[{"count":1,"href":"https:\/\/elhijodelllanero.mx\/index.php\/wp-json\/wp\/v2\/posts\/13719\/revisions"}],"predecessor-version":[{"id":13721,"href":"https:\/\/elhijodelllanero.mx\/index.php\/wp-json\/wp\/v2\/posts\/13719\/revisions\/13721"}],"wp:featuredmedia":[{"embeddable":true,"href":"https:\/\/elhijodelllanero.mx\/index.php\/wp-json\/wp\/v2\/media\/13720"}],"wp:attachment":[{"href":"https:\/\/elhijodelllanero.mx\/index.php\/wp-json\/wp\/v2\/media?parent=13719"}],"wp:term":[{"taxonomy":"category","embeddable":true,"href":"https:\/\/elhijodelllanero.mx\/index.php\/wp-json\/wp\/v2\/categories?post=13719"},{"taxonomy":"post_tag","embeddable":true,"href":"https:\/\/elhijodelllanero.mx\/index.php\/wp-json\/wp\/v2\/tags?post=13719"}],"curies":[{"name":"wp","href":"https:\/\/api.w.org\/{rel}","templated":true}]}}