{"id":13724,"date":"2026-04-09T22:34:16","date_gmt":"2026-04-09T22:34:16","guid":{"rendered":"https:\/\/elhijodelllanero.mx\/?p=13724"},"modified":"2026-04-09T22:34:16","modified_gmt":"2026-04-09T22:34:16","slug":"hospital-del-imss-para-celaya-alcalde-ya-cabildea-4-mil-mdp-en-el-senado","status":"publish","type":"post","link":"https:\/\/elhijodelllanero.mx\/index.php\/2026\/04\/09\/hospital-del-imss-para-celaya-alcalde-ya-cabildea-4-mil-mdp-en-el-senado\/","title":{"rendered":"Hospital del IMSS para Celaya: alcalde ya cabildea 4 mil mdp en el Senado."},"content":{"rendered":"<p>Celaya, Gto. 9 de abril de 2026.- El proyecto para la construcci\u00f3n de un nuevo hospital del Instituto Mexicano del Seguro Social (IMSS) en Celaya comenz\u00f3 a moverse en el \u00e1mbito federal, luego de que el alcalde Juan Miguel Ram\u00edrez solicitara el respaldo de senadores para asegurar su inclusi\u00f3n en el presupuesto nacional.<\/p>\n<p>El edil explic\u00f3 que decidi\u00f3 enfocar sus gestiones en una sola obra de alto impacto, con el objetivo de aumentar sus posibilidades de concretarse.<\/p>\n<p>\u201cEn mi experiencia es que si meto 10 o 15 proyectos nadie se va a acordar, pero si les digo que es el IMSS y es la cl\u00ednica todo el mundo se va a acordar porque nada m\u00e1s les ped\u00ed uno, pero uno vale 4 mil millones de pesos \u00bflo solicit\u00f3 ah\u00ed en el senado? que nos apoyen para cuando llegue el presupuesto, hasta donde yo tengo, el convenio con el equipo de la presidenta cuando hablo del equipo de la presidenta, estoy hablando de secretarios de estado, de gente cercana a ella, de subsecretario estoy hablando de gente de subsecretarios, de directores o sea cuando hablo del equipo de la de la maestra no no es as\u00ed cualquiera\u201d.<\/p>\n<p>De acuerdo con lo se\u00f1alado, el proyecto actualmente se encuentra en etapa de estudios t\u00e9cnicos y desarrollo del proyecto ejecutivo, lo que abre la posibilidad de que sea considerado dentro del Presupuesto de Egresos de la Federaci\u00f3n 2027.<\/p>\n<p>\u201cSe tendr\u00eda que iniciar el pr\u00f3ximo a\u00f1o entonces es un gran proyecto y lo estoy impuls\u00e1ndolo y no voy a dejar de impulsarlo, a hable con Micher y con varias gentes m\u00e1s pero principalmente con Itzel que es en este momento la presidenta de la c\u00e1mara de senadores y con Mier es el responsable de la c\u00e1mara de senadores, con ellos dos principalmente platiqu\u00e9 y con varios\u201d.<\/p>\n<p>El alcalde destac\u00f3 que ya sostuvo acercamientos con figuras clave en el Senado para dar seguimiento a la propuesta, con la intenci\u00f3n de asegurar recursos y avanzar en un proyecto que, asegur\u00f3, representar\u00eda una inversi\u00f3n cercana a los 4 mil millones de pesos y atender\u00eda una de las principales demandas en materia de salud en el municipio.<\/p>\n","protected":false},"excerpt":{"rendered":"<p>Celaya, Gto. 9 de abril de 2026.- El proyecto para la construcci\u00f3n de un nuevo hospital del Instituto Mexicano del Seguro Social (IMSS) en Celaya comenz\u00f3 a moverse en el \u00e1mbito federal, luego de que el alcalde Juan Miguel Ram\u00edrez solicitara el respaldo de senadores para asegurar su inclusi\u00f3n en el presupuesto nacional. El edil [&hellip;]<\/p>\n","protected":false},"author":3,"featured_media":0,"comment_status":"open","ping_status":"closed","sticky":false,"template":"","format":"standard","meta":{"_jetpack_newsletter_access":"","_jetpack_dont_email_post_to_subs":false,"_jetpack_newsletter_tier_id":0,"_jetpack_memberships_contains_paywalled_content":false,"_jetpack_memberships_contains_paid_content":false,"footnotes":""},"categories":[74],"tags":[],"class_list":{"0":"post-13724","1":"post","2":"type-post","3":"status-publish","4":"format-standard","6":"category-celaya"},"yoast_head":"<!-- This site is optimized with the Yoast SEO plugin v27.3 - https:\/\/yoast.com\/product\/yoast-seo-wordpress\/ -->\n<title>Hospital del IMSS para Celaya: alcalde ya cabildea 4 mil mdp en el Senado. - El Hijo del llanero solititito<\/title>\n<meta name=\"robots\" content=\"index, follow, max-snippet:-1, max-image-preview:large, max-video-preview:-1\" \/>\n<link rel=\"canonical\" href=\"https:\/\/elhijodelllanero.mx\/index.php\/2026\/04\/09\/hospital-del-imss-para-celaya-alcalde-ya-cabildea-4-mil-mdp-en-el-senado\/\" \/>\n<meta property=\"og:locale\" content=\"es_ES\" \/>\n<meta property=\"og:type\" content=\"article\" \/>\n<meta property=\"og:title\" content=\"Hospital del IMSS para Celaya: alcalde ya cabildea 4 mil mdp en el Senado. - El Hijo del llanero solititito\" \/>\n<meta property=\"og:description\" content=\"Celaya, Gto. 9 de abril de 2026.- El proyecto para la construcci\u00f3n de un nuevo hospital del Instituto Mexicano del Seguro Social (IMSS) en Celaya comenz\u00f3 a moverse en el \u00e1mbito federal, luego de que el alcalde Juan Miguel Ram\u00edrez solicitara el respaldo de senadores para asegurar su inclusi\u00f3n en el presupuesto nacional. El edil [&hellip;]\" \/>\n<meta property=\"og:url\" content=\"https:\/\/elhijodelllanero.mx\/index.php\/2026\/04\/09\/hospital-del-imss-para-celaya-alcalde-ya-cabildea-4-mil-mdp-en-el-senado\/\" \/>\n<meta property=\"og:site_name\" content=\"El Hijo del llanero solititito\" \/>\n<meta property=\"article:published_time\" content=\"2026-04-09T22:34:16+00:00\" \/>\n<meta name=\"author\" content=\"Mar\u00eda de la Paz Rodarte Ram\u00edrez\" \/>\n<meta name=\"twitter:card\" content=\"summary_large_image\" \/>\n<meta name=\"twitter:label1\" content=\"Escrito por\" \/>\n\t<meta name=\"twitter:data1\" content=\"Mar\u00eda de la Paz Rodarte Ram\u00edrez\" \/>\n\t<meta name=\"twitter:label2\" content=\"Tiempo de lectura\" \/>\n\t<meta name=\"twitter:data2\" content=\"2 minutos\" \/>\n<script type=\"application\/ld+json\" class=\"yoast-schema-graph\">{\"@context\":\"https:\\\/\\\/schema.org\",\"@graph\":[{\"@type\":\"Article\",\"@id\":\"https:\\\/\\\/elhijodelllanero.mx\\\/index.php\\\/2026\\\/04\\\/09\\\/hospital-del-imss-para-celaya-alcalde-ya-cabildea-4-mil-mdp-en-el-senado\\\/#article\",\"isPartOf\":{\"@id\":\"https:\\\/\\\/elhijodelllanero.mx\\\/index.php\\\/2026\\\/04\\\/09\\\/hospital-del-imss-para-celaya-alcalde-ya-cabildea-4-mil-mdp-en-el-senado\\\/\"},\"author\":{\"name\":\"Mar\u00eda de la Paz Rodarte Ram\u00edrez\",\"@id\":\"https:\\\/\\\/elhijodelllanero.mx\\\/#\\\/schema\\\/person\\\/c7f8c86c55c1eab44ae2b93a9628245f\"},\"headline\":\"Hospital del IMSS para Celaya: alcalde ya cabildea 4 mil mdp en el Senado.\",\"datePublished\":\"2026-04-09T22:34:16+00:00\",\"mainEntityOfPage\":{\"@id\":\"https:\\\/\\\/elhijodelllanero.mx\\\/index.php\\\/2026\\\/04\\\/09\\\/hospital-del-imss-para-celaya-alcalde-ya-cabildea-4-mil-mdp-en-el-senado\\\/\"},\"wordCount\":384,\"commentCount\":0,\"articleSection\":[\"CELAYA\"],\"inLanguage\":\"es\",\"potentialAction\":[{\"@type\":\"CommentAction\",\"name\":\"Comment\",\"target\":[\"https:\\\/\\\/elhijodelllanero.mx\\\/index.php\\\/2026\\\/04\\\/09\\\/hospital-del-imss-para-celaya-alcalde-ya-cabildea-4-mil-mdp-en-el-senado\\\/#respond\"]}]},{\"@type\":\"WebPage\",\"@id\":\"https:\\\/\\\/elhijodelllanero.mx\\\/index.php\\\/2026\\\/04\\\/09\\\/hospital-del-imss-para-celaya-alcalde-ya-cabildea-4-mil-mdp-en-el-senado\\\/\",\"url\":\"https:\\\/\\\/elhijodelllanero.mx\\\/index.php\\\/2026\\\/04\\\/09\\\/hospital-del-imss-para-celaya-alcalde-ya-cabildea-4-mil-mdp-en-el-senado\\\/\",\"name\":\"Hospital del IMSS para Celaya: alcalde ya cabildea 4 mil mdp en el Senado. - El Hijo del llanero solititito\",\"isPartOf\":{\"@id\":\"https:\\\/\\\/elhijodelllanero.mx\\\/#website\"},\"datePublished\":\"2026-04-09T22:34:16+00:00\",\"author\":{\"@id\":\"https:\\\/\\\/elhijodelllanero.mx\\\/#\\\/schema\\\/person\\\/c7f8c86c55c1eab44ae2b93a9628245f\"},\"breadcrumb\":{\"@id\":\"https:\\\/\\\/elhijodelllanero.mx\\\/index.php\\\/2026\\\/04\\\/09\\\/hospital-del-imss-para-celaya-alcalde-ya-cabildea-4-mil-mdp-en-el-senado\\\/#breadcrumb\"},\"inLanguage\":\"es\",\"potentialAction\":[{\"@type\":\"ReadAction\",\"target\":[\"https:\\\/\\\/elhijodelllanero.mx\\\/index.php\\\/2026\\\/04\\\/09\\\/hospital-del-imss-para-celaya-alcalde-ya-cabildea-4-mil-mdp-en-el-senado\\\/\"]}]},{\"@type\":\"BreadcrumbList\",\"@id\":\"https:\\\/\\\/elhijodelllanero.mx\\\/index.php\\\/2026\\\/04\\\/09\\\/hospital-del-imss-para-celaya-alcalde-ya-cabildea-4-mil-mdp-en-el-senado\\\/#breadcrumb\",\"itemListElement\":[{\"@type\":\"ListItem\",\"position\":1,\"name\":\"Portada\",\"item\":\"https:\\\/\\\/elhijodelllanero.mx\\\/\"},{\"@type\":\"ListItem\",\"position\":2,\"name\":\"Hospital del IMSS para Celaya: alcalde ya cabildea 4 mil mdp en el Senado.\"}]},{\"@type\":\"WebSite\",\"@id\":\"https:\\\/\\\/elhijodelllanero.mx\\\/#website\",\"url\":\"https:\\\/\\\/elhijodelllanero.mx\\\/\",\"name\":\"El Hijo del llanero solititito\",\"description\":\"\",\"potentialAction\":[{\"@type\":\"SearchAction\",\"target\":{\"@type\":\"EntryPoint\",\"urlTemplate\":\"https:\\\/\\\/elhijodelllanero.mx\\\/?s={search_term_string}\"},\"query-input\":{\"@type\":\"PropertyValueSpecification\",\"valueRequired\":true,\"valueName\":\"search_term_string\"}}],\"inLanguage\":\"es\"},{\"@type\":\"Person\",\"@id\":\"https:\\\/\\\/elhijodelllanero.mx\\\/#\\\/schema\\\/person\\\/c7f8c86c55c1eab44ae2b93a9628245f\",\"name\":\"Mar\u00eda de la Paz Rodarte Ram\u00edrez\",\"image\":{\"@type\":\"ImageObject\",\"inLanguage\":\"es\",\"@id\":\"https:\\\/\\\/secure.gravatar.com\\\/avatar\\\/1f38f8518b09a266af73da2bce78d69e7d1275299970134ed62f572e0487e1d0?s=96&d=mm&r=g\",\"url\":\"https:\\\/\\\/secure.gravatar.com\\\/avatar\\\/1f38f8518b09a266af73da2bce78d69e7d1275299970134ed62f572e0487e1d0?s=96&d=mm&r=g\",\"contentUrl\":\"https:\\\/\\\/secure.gravatar.com\\\/avatar\\\/1f38f8518b09a266af73da2bce78d69e7d1275299970134ed62f572e0487e1d0?s=96&d=mm&r=g\",\"caption\":\"Mar\u00eda de la Paz Rodarte Ram\u00edrez\"},\"sameAs\":[\"https:\\\/\\\/www.elhijodelllanero.mx\"],\"url\":\"https:\\\/\\\/elhijodelllanero.mx\\\/index.php\\\/author\\\/maricuas\\\/\"}]}<\/script>\n<!-- \/ Yoast SEO plugin. -->","yoast_head_json":{"title":"Hospital del IMSS para Celaya: alcalde ya cabildea 4 mil mdp en el Senado. - El Hijo del llanero solititito","robots":{"index":"index","follow":"follow","max-snippet":"max-snippet:-1","max-image-preview":"max-image-preview:large","max-video-preview":"max-video-preview:-1"},"canonical":"https:\/\/elhijodelllanero.mx\/index.php\/2026\/04\/09\/hospital-del-imss-para-celaya-alcalde-ya-cabildea-4-mil-mdp-en-el-senado\/","og_locale":"es_ES","og_type":"article","og_title":"Hospital del IMSS para Celaya: alcalde ya cabildea 4 mil mdp en el Senado. - El Hijo del llanero solititito","og_description":"Celaya, Gto. 9 de abril de 2026.- El proyecto para la construcci\u00f3n de un nuevo hospital del Instituto Mexicano del Seguro Social (IMSS) en Celaya comenz\u00f3 a moverse en el \u00e1mbito federal, luego de que el alcalde Juan Miguel Ram\u00edrez solicitara el respaldo de senadores para asegurar su inclusi\u00f3n en el presupuesto nacional. El edil [&hellip;]","og_url":"https:\/\/elhijodelllanero.mx\/index.php\/2026\/04\/09\/hospital-del-imss-para-celaya-alcalde-ya-cabildea-4-mil-mdp-en-el-senado\/","og_site_name":"El Hijo del llanero solititito","article_published_time":"2026-04-09T22:34:16+00:00","author":"Mar\u00eda de la Paz Rodarte Ram\u00edrez","twitter_card":"summary_large_image","twitter_misc":{"Escrito por":"Mar\u00eda de la Paz Rodarte Ram\u00edrez","Tiempo de lectura":"2 minutos"},"schema":{"@context":"https:\/\/schema.org","@graph":[{"@type":"Article","@id":"https:\/\/elhijodelllanero.mx\/index.php\/2026\/04\/09\/hospital-del-imss-para-celaya-alcalde-ya-cabildea-4-mil-mdp-en-el-senado\/#article","isPartOf":{"@id":"https:\/\/elhijodelllanero.mx\/index.php\/2026\/04\/09\/hospital-del-imss-para-celaya-alcalde-ya-cabildea-4-mil-mdp-en-el-senado\/"},"author":{"name":"Mar\u00eda de la Paz Rodarte Ram\u00edrez","@id":"https:\/\/elhijodelllanero.mx\/#\/schema\/person\/c7f8c86c55c1eab44ae2b93a9628245f"},"headline":"Hospital del IMSS para Celaya: alcalde ya cabildea 4 mil mdp en el Senado.","datePublished":"2026-04-09T22:34:16+00:00","mainEntityOfPage":{"@id":"https:\/\/elhijodelllanero.mx\/index.php\/2026\/04\/09\/hospital-del-imss-para-celaya-alcalde-ya-cabildea-4-mil-mdp-en-el-senado\/"},"wordCount":384,"commentCount":0,"articleSection":["CELAYA"],"inLanguage":"es","potentialAction":[{"@type":"CommentAction","name":"Comment","target":["https:\/\/elhijodelllanero.mx\/index.php\/2026\/04\/09\/hospital-del-imss-para-celaya-alcalde-ya-cabildea-4-mil-mdp-en-el-senado\/#respond"]}]},{"@type":"WebPage","@id":"https:\/\/elhijodelllanero.mx\/index.php\/2026\/04\/09\/hospital-del-imss-para-celaya-alcalde-ya-cabildea-4-mil-mdp-en-el-senado\/","url":"https:\/\/elhijodelllanero.mx\/index.php\/2026\/04\/09\/hospital-del-imss-para-celaya-alcalde-ya-cabildea-4-mil-mdp-en-el-senado\/","name":"Hospital del IMSS para Celaya: alcalde ya cabildea 4 mil mdp en el Senado. - El Hijo del llanero solititito","isPartOf":{"@id":"https:\/\/elhijodelllanero.mx\/#website"},"datePublished":"2026-04-09T22:34:16+00:00","author":{"@id":"https:\/\/elhijodelllanero.mx\/#\/schema\/person\/c7f8c86c55c1eab44ae2b93a9628245f"},"breadcrumb":{"@id":"https:\/\/elhijodelllanero.mx\/index.php\/2026\/04\/09\/hospital-del-imss-para-celaya-alcalde-ya-cabildea-4-mil-mdp-en-el-senado\/#breadcrumb"},"inLanguage":"es","potentialAction":[{"@type":"ReadAction","target":["https:\/\/elhijodelllanero.mx\/index.php\/2026\/04\/09\/hospital-del-imss-para-celaya-alcalde-ya-cabildea-4-mil-mdp-en-el-senado\/"]}]},{"@type":"BreadcrumbList","@id":"https:\/\/elhijodelllanero.mx\/index.php\/2026\/04\/09\/hospital-del-imss-para-celaya-alcalde-ya-cabildea-4-mil-mdp-en-el-senado\/#breadcrumb","itemListElement":[{"@type":"ListItem","position":1,"name":"Portada","item":"https:\/\/elhijodelllanero.mx\/"},{"@type":"ListItem","position":2,"name":"Hospital del IMSS para Celaya: alcalde ya cabildea 4 mil mdp en el Senado."}]},{"@type":"WebSite","@id":"https:\/\/elhijodelllanero.mx\/#website","url":"https:\/\/elhijodelllanero.mx\/","name":"El Hijo del llanero solititito","description":"","potentialAction":[{"@type":"SearchAction","target":{"@type":"EntryPoint","urlTemplate":"https:\/\/elhijodelllanero.mx\/?s={search_term_string}"},"query-input":{"@type":"PropertyValueSpecification","valueRequired":true,"valueName":"search_term_string"}}],"inLanguage":"es"},{"@type":"Person","@id":"https:\/\/elhijodelllanero.mx\/#\/schema\/person\/c7f8c86c55c1eab44ae2b93a9628245f","name":"Mar\u00eda de la Paz Rodarte Ram\u00edrez","image":{"@type":"ImageObject","inLanguage":"es","@id":"https:\/\/secure.gravatar.com\/avatar\/1f38f8518b09a266af73da2bce78d69e7d1275299970134ed62f572e0487e1d0?s=96&d=mm&r=g","url":"https:\/\/secure.gravatar.com\/avatar\/1f38f8518b09a266af73da2bce78d69e7d1275299970134ed62f572e0487e1d0?s=96&d=mm&r=g","contentUrl":"https:\/\/secure.gravatar.com\/avatar\/1f38f8518b09a266af73da2bce78d69e7d1275299970134ed62f572e0487e1d0?s=96&d=mm&r=g","caption":"Mar\u00eda de la Paz Rodarte Ram\u00edrez"},"sameAs":["https:\/\/www.elhijodelllanero.mx"],"url":"https:\/\/elhijodelllanero.mx\/index.php\/author\/maricuas\/"}]}},"jetpack_featured_media_url":"","jetpack-related-posts":[],"jetpack_sharing_enabled":true,"_links":{"self":[{"href":"https:\/\/elhijodelllanero.mx\/index.php\/wp-json\/wp\/v2\/posts\/13724","targetHints":{"allow":["GET"]}}],"collection":[{"href":"https:\/\/elhijodelllanero.mx\/index.php\/wp-json\/wp\/v2\/posts"}],"about":[{"href":"https:\/\/elhijodelllanero.mx\/index.php\/wp-json\/wp\/v2\/types\/post"}],"author":[{"embeddable":true,"href":"https:\/\/elhijodelllanero.mx\/index.php\/wp-json\/wp\/v2\/users\/3"}],"replies":[{"embeddable":true,"href":"https:\/\/elhijodelllanero.mx\/index.php\/wp-json\/wp\/v2\/comments?post=13724"}],"version-history":[{"count":1,"href":"https:\/\/elhijodelllanero.mx\/index.php\/wp-json\/wp\/v2\/posts\/13724\/revisions"}],"predecessor-version":[{"id":13726,"href":"https:\/\/elhijodelllanero.mx\/index.php\/wp-json\/wp\/v2\/posts\/13724\/revisions\/13726"}],"wp:attachment":[{"href":"https:\/\/elhijodelllanero.mx\/index.php\/wp-json\/wp\/v2\/media?parent=13724"}],"wp:term":[{"taxonomy":"category","embeddable":true,"href":"https:\/\/elhijodelllanero.mx\/index.php\/wp-json\/wp\/v2\/categories?post=13724"},{"taxonomy":"post_tag","embeddable":true,"href":"https:\/\/elhijodelllanero.mx\/index.php\/wp-json\/wp\/v2\/tags?post=13724"}],"curies":[{"name":"wp","href":"https:\/\/api.w.org\/{rel}","templated":true}]}}