{"id":13738,"date":"2026-04-10T23:17:31","date_gmt":"2026-04-10T23:17:31","guid":{"rendered":"https:\/\/elhijodelllanero.mx\/?p=13738"},"modified":"2026-04-10T23:17:31","modified_gmt":"2026-04-10T23:17:31","slug":"cortazar-sera-sede-de-la-copa-de-la-gente-2026","status":"publish","type":"post","link":"https:\/\/elhijodelllanero.mx\/index.php\/2026\/04\/10\/cortazar-sera-sede-de-la-copa-de-la-gente-2026\/","title":{"rendered":"Cortazar ser\u00e1 sede de la Copa de la Gente 2026."},"content":{"rendered":"<p>Cortazar, Gto. 10 de abril del 2026.-No todos los eventos deportivos se tratan de medallas y alto rendimiento. Algunos, como la Copa de la Gente 2026, llegan con otra intenci\u00f3n: llenar canchas, reunir familias y, de paso, mover la econom\u00eda local. Y este a\u00f1o, Cortazar ser\u00e1 protagonista.<\/p>\n<p>El municipio fue elegido como sede regional para una de las etapas que se llevar\u00e1 a cabo en noviembre, donde disciplinas como b\u00e1squetbol 3&#215;3 y ajedrez reunir\u00e1n a participantes de distintos puntos del estado. La diferencia aqu\u00ed no est\u00e1 en la competencia feroz, sino en el enfoque: participar por gusto, por salud y por convivencia.<\/p>\n<p>Detr\u00e1s de la decisi\u00f3n hay varios factores. Por un lado, la infraestructura deportiva que ha venido tomando forma en el municipio y, por otro, algo menos t\u00e9cnico pero igual de importante: la capacidad de recibir gente sin que la experiencia se convierta en caos.<\/p>\n<p>Desde la Direcci\u00f3n Municipal del Deporte se confirm\u00f3 que en las pr\u00f3ximas semanas arrancar\u00e1n las fases locales, donde saldr\u00e1n los equipos que representar\u00e1n a Cortazar en esta etapa regional.<\/p>\n<p>M\u00e1s all\u00e1 de lo deportivo, el evento tambi\u00e9n abre la puerta a algo que siempre interesa: movimiento econ\u00f3mico. Visitantes, consumo local y una oportunidad para que negocios del municipio vean m\u00e1s flujo del habitual.<\/p>\n<p>En pocas palabras, noviembre no solo traer\u00e1 partidos y tableros, tambi\u00e9n pondr\u00e1 a Cortazar en vitrina. Y ah\u00ed ya no solo se juega en la cancha.<\/p>\n","protected":false},"excerpt":{"rendered":"<p>Cortazar, Gto. 10 de abril del 2026.-No todos los eventos deportivos se tratan de medallas y alto rendimiento. Algunos, como la Copa de la Gente 2026, llegan con otra intenci\u00f3n: llenar canchas, reunir familias y, de paso, mover la econom\u00eda local. Y este a\u00f1o, Cortazar ser\u00e1 protagonista. El municipio fue elegido como sede regional para [&hellip;]<\/p>\n","protected":false},"author":3,"featured_media":13739,"comment_status":"open","ping_status":"closed","sticky":false,"template":"","format":"standard","meta":{"_jetpack_newsletter_access":"","_jetpack_dont_email_post_to_subs":false,"_jetpack_newsletter_tier_id":0,"_jetpack_memberships_contains_paywalled_content":false,"_jetpack_memberships_contains_paid_content":false,"footnotes":""},"categories":[77,40,76],"tags":[],"class_list":{"0":"post-13738","1":"post","2":"type-post","3":"status-publish","4":"format-standard","5":"has-post-thumbnail","7":"category-cortazar","8":"category-deportes","9":"category-municipios"},"yoast_head":"<!-- This site is optimized with the Yoast SEO plugin v27.3 - https:\/\/yoast.com\/product\/yoast-seo-wordpress\/ -->\n<title>Cortazar ser\u00e1 sede de la Copa de la Gente 2026. - El Hijo del llanero solititito<\/title>\n<meta name=\"robots\" content=\"index, follow, max-snippet:-1, max-image-preview:large, max-video-preview:-1\" \/>\n<link rel=\"canonical\" href=\"https:\/\/elhijodelllanero.mx\/index.php\/2026\/04\/10\/cortazar-sera-sede-de-la-copa-de-la-gente-2026\/\" \/>\n<meta property=\"og:locale\" content=\"es_ES\" \/>\n<meta property=\"og:type\" content=\"article\" \/>\n<meta property=\"og:title\" content=\"Cortazar ser\u00e1 sede de la Copa de la Gente 2026. - El Hijo del llanero solititito\" \/>\n<meta property=\"og:description\" content=\"Cortazar, Gto. 10 de abril del 2026.-No todos los eventos deportivos se tratan de medallas y alto rendimiento. Algunos, como la Copa de la Gente 2026, llegan con otra intenci\u00f3n: llenar canchas, reunir familias y, de paso, mover la econom\u00eda local. Y este a\u00f1o, Cortazar ser\u00e1 protagonista. El municipio fue elegido como sede regional para [&hellip;]\" \/>\n<meta property=\"og:url\" content=\"https:\/\/elhijodelllanero.mx\/index.php\/2026\/04\/10\/cortazar-sera-sede-de-la-copa-de-la-gente-2026\/\" \/>\n<meta property=\"og:site_name\" content=\"El Hijo del llanero solititito\" \/>\n<meta property=\"article:published_time\" content=\"2026-04-10T23:17:31+00:00\" \/>\n<meta property=\"og:image\" content=\"https:\/\/elhijodelllanero.mx\/wp-content\/uploads\/2026\/04\/IMG-20260410-WA0011.jpg\" \/>\n\t<meta property=\"og:image:width\" content=\"1600\" \/>\n\t<meta property=\"og:image:height\" content=\"1212\" \/>\n\t<meta property=\"og:image:type\" content=\"image\/jpeg\" \/>\n<meta name=\"author\" content=\"Mar\u00eda de la Paz Rodarte Ram\u00edrez\" \/>\n<meta name=\"twitter:card\" content=\"summary_large_image\" \/>\n<meta name=\"twitter:label1\" content=\"Escrito por\" \/>\n\t<meta name=\"twitter:data1\" content=\"Mar\u00eda de la Paz Rodarte Ram\u00edrez\" \/>\n\t<meta name=\"twitter:label2\" content=\"Tiempo de lectura\" \/>\n\t<meta name=\"twitter:data2\" content=\"2 minutos\" \/>\n<script type=\"application\/ld+json\" class=\"yoast-schema-graph\">{\"@context\":\"https:\\\/\\\/schema.org\",\"@graph\":[{\"@type\":\"Article\",\"@id\":\"https:\\\/\\\/elhijodelllanero.mx\\\/index.php\\\/2026\\\/04\\\/10\\\/cortazar-sera-sede-de-la-copa-de-la-gente-2026\\\/#article\",\"isPartOf\":{\"@id\":\"https:\\\/\\\/elhijodelllanero.mx\\\/index.php\\\/2026\\\/04\\\/10\\\/cortazar-sera-sede-de-la-copa-de-la-gente-2026\\\/\"},\"author\":{\"name\":\"Mar\u00eda de la Paz Rodarte Ram\u00edrez\",\"@id\":\"https:\\\/\\\/elhijodelllanero.mx\\\/#\\\/schema\\\/person\\\/c7f8c86c55c1eab44ae2b93a9628245f\"},\"headline\":\"Cortazar ser\u00e1 sede de la Copa de la Gente 2026.\",\"datePublished\":\"2026-04-10T23:17:31+00:00\",\"mainEntityOfPage\":{\"@id\":\"https:\\\/\\\/elhijodelllanero.mx\\\/index.php\\\/2026\\\/04\\\/10\\\/cortazar-sera-sede-de-la-copa-de-la-gente-2026\\\/\"},\"wordCount\":260,\"commentCount\":0,\"image\":{\"@id\":\"https:\\\/\\\/elhijodelllanero.mx\\\/index.php\\\/2026\\\/04\\\/10\\\/cortazar-sera-sede-de-la-copa-de-la-gente-2026\\\/#primaryimage\"},\"thumbnailUrl\":\"https:\\\/\\\/i0.wp.com\\\/elhijodelllanero.mx\\\/wp-content\\\/uploads\\\/2026\\\/04\\\/IMG-20260410-WA0011.jpg?fit=1600%2C1212&ssl=1\",\"articleSection\":[\"CORTAZAR\",\"DEPORTES\",\"MUNICIPIOS\"],\"inLanguage\":\"es\",\"potentialAction\":[{\"@type\":\"CommentAction\",\"name\":\"Comment\",\"target\":[\"https:\\\/\\\/elhijodelllanero.mx\\\/index.php\\\/2026\\\/04\\\/10\\\/cortazar-sera-sede-de-la-copa-de-la-gente-2026\\\/#respond\"]}]},{\"@type\":\"WebPage\",\"@id\":\"https:\\\/\\\/elhijodelllanero.mx\\\/index.php\\\/2026\\\/04\\\/10\\\/cortazar-sera-sede-de-la-copa-de-la-gente-2026\\\/\",\"url\":\"https:\\\/\\\/elhijodelllanero.mx\\\/index.php\\\/2026\\\/04\\\/10\\\/cortazar-sera-sede-de-la-copa-de-la-gente-2026\\\/\",\"name\":\"Cortazar ser\u00e1 sede de la Copa de la Gente 2026. - El Hijo del llanero solititito\",\"isPartOf\":{\"@id\":\"https:\\\/\\\/elhijodelllanero.mx\\\/#website\"},\"primaryImageOfPage\":{\"@id\":\"https:\\\/\\\/elhijodelllanero.mx\\\/index.php\\\/2026\\\/04\\\/10\\\/cortazar-sera-sede-de-la-copa-de-la-gente-2026\\\/#primaryimage\"},\"image\":{\"@id\":\"https:\\\/\\\/elhijodelllanero.mx\\\/index.php\\\/2026\\\/04\\\/10\\\/cortazar-sera-sede-de-la-copa-de-la-gente-2026\\\/#primaryimage\"},\"thumbnailUrl\":\"https:\\\/\\\/i0.wp.com\\\/elhijodelllanero.mx\\\/wp-content\\\/uploads\\\/2026\\\/04\\\/IMG-20260410-WA0011.jpg?fit=1600%2C1212&ssl=1\",\"datePublished\":\"2026-04-10T23:17:31+00:00\",\"author\":{\"@id\":\"https:\\\/\\\/elhijodelllanero.mx\\\/#\\\/schema\\\/person\\\/c7f8c86c55c1eab44ae2b93a9628245f\"},\"breadcrumb\":{\"@id\":\"https:\\\/\\\/elhijodelllanero.mx\\\/index.php\\\/2026\\\/04\\\/10\\\/cortazar-sera-sede-de-la-copa-de-la-gente-2026\\\/#breadcrumb\"},\"inLanguage\":\"es\",\"potentialAction\":[{\"@type\":\"ReadAction\",\"target\":[\"https:\\\/\\\/elhijodelllanero.mx\\\/index.php\\\/2026\\\/04\\\/10\\\/cortazar-sera-sede-de-la-copa-de-la-gente-2026\\\/\"]}]},{\"@type\":\"ImageObject\",\"inLanguage\":\"es\",\"@id\":\"https:\\\/\\\/elhijodelllanero.mx\\\/index.php\\\/2026\\\/04\\\/10\\\/cortazar-sera-sede-de-la-copa-de-la-gente-2026\\\/#primaryimage\",\"url\":\"https:\\\/\\\/i0.wp.com\\\/elhijodelllanero.mx\\\/wp-content\\\/uploads\\\/2026\\\/04\\\/IMG-20260410-WA0011.jpg?fit=1600%2C1212&ssl=1\",\"contentUrl\":\"https:\\\/\\\/i0.wp.com\\\/elhijodelllanero.mx\\\/wp-content\\\/uploads\\\/2026\\\/04\\\/IMG-20260410-WA0011.jpg?fit=1600%2C1212&ssl=1\",\"width\":1600,\"height\":1212},{\"@type\":\"BreadcrumbList\",\"@id\":\"https:\\\/\\\/elhijodelllanero.mx\\\/index.php\\\/2026\\\/04\\\/10\\\/cortazar-sera-sede-de-la-copa-de-la-gente-2026\\\/#breadcrumb\",\"itemListElement\":[{\"@type\":\"ListItem\",\"position\":1,\"name\":\"Portada\",\"item\":\"https:\\\/\\\/elhijodelllanero.mx\\\/\"},{\"@type\":\"ListItem\",\"position\":2,\"name\":\"Cortazar ser\u00e1 sede de la Copa de la Gente 2026.\"}]},{\"@type\":\"WebSite\",\"@id\":\"https:\\\/\\\/elhijodelllanero.mx\\\/#website\",\"url\":\"https:\\\/\\\/elhijodelllanero.mx\\\/\",\"name\":\"El Hijo del llanero solititito\",\"description\":\"\",\"potentialAction\":[{\"@type\":\"SearchAction\",\"target\":{\"@type\":\"EntryPoint\",\"urlTemplate\":\"https:\\\/\\\/elhijodelllanero.mx\\\/?s={search_term_string}\"},\"query-input\":{\"@type\":\"PropertyValueSpecification\",\"valueRequired\":true,\"valueName\":\"search_term_string\"}}],\"inLanguage\":\"es\"},{\"@type\":\"Person\",\"@id\":\"https:\\\/\\\/elhijodelllanero.mx\\\/#\\\/schema\\\/person\\\/c7f8c86c55c1eab44ae2b93a9628245f\",\"name\":\"Mar\u00eda de la Paz Rodarte Ram\u00edrez\",\"image\":{\"@type\":\"ImageObject\",\"inLanguage\":\"es\",\"@id\":\"https:\\\/\\\/secure.gravatar.com\\\/avatar\\\/1f38f8518b09a266af73da2bce78d69e7d1275299970134ed62f572e0487e1d0?s=96&d=mm&r=g\",\"url\":\"https:\\\/\\\/secure.gravatar.com\\\/avatar\\\/1f38f8518b09a266af73da2bce78d69e7d1275299970134ed62f572e0487e1d0?s=96&d=mm&r=g\",\"contentUrl\":\"https:\\\/\\\/secure.gravatar.com\\\/avatar\\\/1f38f8518b09a266af73da2bce78d69e7d1275299970134ed62f572e0487e1d0?s=96&d=mm&r=g\",\"caption\":\"Mar\u00eda de la Paz Rodarte Ram\u00edrez\"},\"sameAs\":[\"https:\\\/\\\/www.elhijodelllanero.mx\"],\"url\":\"https:\\\/\\\/elhijodelllanero.mx\\\/index.php\\\/author\\\/maricuas\\\/\"}]}<\/script>\n<!-- \/ Yoast SEO plugin. -->","yoast_head_json":{"title":"Cortazar ser\u00e1 sede de la Copa de la Gente 2026. - El Hijo del llanero solititito","robots":{"index":"index","follow":"follow","max-snippet":"max-snippet:-1","max-image-preview":"max-image-preview:large","max-video-preview":"max-video-preview:-1"},"canonical":"https:\/\/elhijodelllanero.mx\/index.php\/2026\/04\/10\/cortazar-sera-sede-de-la-copa-de-la-gente-2026\/","og_locale":"es_ES","og_type":"article","og_title":"Cortazar ser\u00e1 sede de la Copa de la Gente 2026. - El Hijo del llanero solititito","og_description":"Cortazar, Gto. 10 de abril del 2026.-No todos los eventos deportivos se tratan de medallas y alto rendimiento. Algunos, como la Copa de la Gente 2026, llegan con otra intenci\u00f3n: llenar canchas, reunir familias y, de paso, mover la econom\u00eda local. Y este a\u00f1o, Cortazar ser\u00e1 protagonista. El municipio fue elegido como sede regional para [&hellip;]","og_url":"https:\/\/elhijodelllanero.mx\/index.php\/2026\/04\/10\/cortazar-sera-sede-de-la-copa-de-la-gente-2026\/","og_site_name":"El Hijo del llanero solititito","article_published_time":"2026-04-10T23:17:31+00:00","og_image":[{"width":1600,"height":1212,"url":"https:\/\/elhijodelllanero.mx\/wp-content\/uploads\/2026\/04\/IMG-20260410-WA0011.jpg","type":"image\/jpeg"}],"author":"Mar\u00eda de la Paz Rodarte Ram\u00edrez","twitter_card":"summary_large_image","twitter_misc":{"Escrito por":"Mar\u00eda de la Paz Rodarte Ram\u00edrez","Tiempo de lectura":"2 minutos"},"schema":{"@context":"https:\/\/schema.org","@graph":[{"@type":"Article","@id":"https:\/\/elhijodelllanero.mx\/index.php\/2026\/04\/10\/cortazar-sera-sede-de-la-copa-de-la-gente-2026\/#article","isPartOf":{"@id":"https:\/\/elhijodelllanero.mx\/index.php\/2026\/04\/10\/cortazar-sera-sede-de-la-copa-de-la-gente-2026\/"},"author":{"name":"Mar\u00eda de la Paz Rodarte Ram\u00edrez","@id":"https:\/\/elhijodelllanero.mx\/#\/schema\/person\/c7f8c86c55c1eab44ae2b93a9628245f"},"headline":"Cortazar ser\u00e1 sede de la Copa de la Gente 2026.","datePublished":"2026-04-10T23:17:31+00:00","mainEntityOfPage":{"@id":"https:\/\/elhijodelllanero.mx\/index.php\/2026\/04\/10\/cortazar-sera-sede-de-la-copa-de-la-gente-2026\/"},"wordCount":260,"commentCount":0,"image":{"@id":"https:\/\/elhijodelllanero.mx\/index.php\/2026\/04\/10\/cortazar-sera-sede-de-la-copa-de-la-gente-2026\/#primaryimage"},"thumbnailUrl":"https:\/\/i0.wp.com\/elhijodelllanero.mx\/wp-content\/uploads\/2026\/04\/IMG-20260410-WA0011.jpg?fit=1600%2C1212&ssl=1","articleSection":["CORTAZAR","DEPORTES","MUNICIPIOS"],"inLanguage":"es","potentialAction":[{"@type":"CommentAction","name":"Comment","target":["https:\/\/elhijodelllanero.mx\/index.php\/2026\/04\/10\/cortazar-sera-sede-de-la-copa-de-la-gente-2026\/#respond"]}]},{"@type":"WebPage","@id":"https:\/\/elhijodelllanero.mx\/index.php\/2026\/04\/10\/cortazar-sera-sede-de-la-copa-de-la-gente-2026\/","url":"https:\/\/elhijodelllanero.mx\/index.php\/2026\/04\/10\/cortazar-sera-sede-de-la-copa-de-la-gente-2026\/","name":"Cortazar ser\u00e1 sede de la Copa de la Gente 2026. - El Hijo del llanero solititito","isPartOf":{"@id":"https:\/\/elhijodelllanero.mx\/#website"},"primaryImageOfPage":{"@id":"https:\/\/elhijodelllanero.mx\/index.php\/2026\/04\/10\/cortazar-sera-sede-de-la-copa-de-la-gente-2026\/#primaryimage"},"image":{"@id":"https:\/\/elhijodelllanero.mx\/index.php\/2026\/04\/10\/cortazar-sera-sede-de-la-copa-de-la-gente-2026\/#primaryimage"},"thumbnailUrl":"https:\/\/i0.wp.com\/elhijodelllanero.mx\/wp-content\/uploads\/2026\/04\/IMG-20260410-WA0011.jpg?fit=1600%2C1212&ssl=1","datePublished":"2026-04-10T23:17:31+00:00","author":{"@id":"https:\/\/elhijodelllanero.mx\/#\/schema\/person\/c7f8c86c55c1eab44ae2b93a9628245f"},"breadcrumb":{"@id":"https:\/\/elhijodelllanero.mx\/index.php\/2026\/04\/10\/cortazar-sera-sede-de-la-copa-de-la-gente-2026\/#breadcrumb"},"inLanguage":"es","potentialAction":[{"@type":"ReadAction","target":["https:\/\/elhijodelllanero.mx\/index.php\/2026\/04\/10\/cortazar-sera-sede-de-la-copa-de-la-gente-2026\/"]}]},{"@type":"ImageObject","inLanguage":"es","@id":"https:\/\/elhijodelllanero.mx\/index.php\/2026\/04\/10\/cortazar-sera-sede-de-la-copa-de-la-gente-2026\/#primaryimage","url":"https:\/\/i0.wp.com\/elhijodelllanero.mx\/wp-content\/uploads\/2026\/04\/IMG-20260410-WA0011.jpg?fit=1600%2C1212&ssl=1","contentUrl":"https:\/\/i0.wp.com\/elhijodelllanero.mx\/wp-content\/uploads\/2026\/04\/IMG-20260410-WA0011.jpg?fit=1600%2C1212&ssl=1","width":1600,"height":1212},{"@type":"BreadcrumbList","@id":"https:\/\/elhijodelllanero.mx\/index.php\/2026\/04\/10\/cortazar-sera-sede-de-la-copa-de-la-gente-2026\/#breadcrumb","itemListElement":[{"@type":"ListItem","position":1,"name":"Portada","item":"https:\/\/elhijodelllanero.mx\/"},{"@type":"ListItem","position":2,"name":"Cortazar ser\u00e1 sede de la Copa de la Gente 2026."}]},{"@type":"WebSite","@id":"https:\/\/elhijodelllanero.mx\/#website","url":"https:\/\/elhijodelllanero.mx\/","name":"El Hijo del llanero solititito","description":"","potentialAction":[{"@type":"SearchAction","target":{"@type":"EntryPoint","urlTemplate":"https:\/\/elhijodelllanero.mx\/?s={search_term_string}"},"query-input":{"@type":"PropertyValueSpecification","valueRequired":true,"valueName":"search_term_string"}}],"inLanguage":"es"},{"@type":"Person","@id":"https:\/\/elhijodelllanero.mx\/#\/schema\/person\/c7f8c86c55c1eab44ae2b93a9628245f","name":"Mar\u00eda de la Paz Rodarte Ram\u00edrez","image":{"@type":"ImageObject","inLanguage":"es","@id":"https:\/\/secure.gravatar.com\/avatar\/1f38f8518b09a266af73da2bce78d69e7d1275299970134ed62f572e0487e1d0?s=96&d=mm&r=g","url":"https:\/\/secure.gravatar.com\/avatar\/1f38f8518b09a266af73da2bce78d69e7d1275299970134ed62f572e0487e1d0?s=96&d=mm&r=g","contentUrl":"https:\/\/secure.gravatar.com\/avatar\/1f38f8518b09a266af73da2bce78d69e7d1275299970134ed62f572e0487e1d0?s=96&d=mm&r=g","caption":"Mar\u00eda de la Paz Rodarte Ram\u00edrez"},"sameAs":["https:\/\/www.elhijodelllanero.mx"],"url":"https:\/\/elhijodelllanero.mx\/index.php\/author\/maricuas\/"}]}},"jetpack_featured_media_url":"https:\/\/i0.wp.com\/elhijodelllanero.mx\/wp-content\/uploads\/2026\/04\/IMG-20260410-WA0011.jpg?fit=1600%2C1212&ssl=1","jetpack-related-posts":[],"jetpack_sharing_enabled":true,"_links":{"self":[{"href":"https:\/\/elhijodelllanero.mx\/index.php\/wp-json\/wp\/v2\/posts\/13738","targetHints":{"allow":["GET"]}}],"collection":[{"href":"https:\/\/elhijodelllanero.mx\/index.php\/wp-json\/wp\/v2\/posts"}],"about":[{"href":"https:\/\/elhijodelllanero.mx\/index.php\/wp-json\/wp\/v2\/types\/post"}],"author":[{"embeddable":true,"href":"https:\/\/elhijodelllanero.mx\/index.php\/wp-json\/wp\/v2\/users\/3"}],"replies":[{"embeddable":true,"href":"https:\/\/elhijodelllanero.mx\/index.php\/wp-json\/wp\/v2\/comments?post=13738"}],"version-history":[{"count":1,"href":"https:\/\/elhijodelllanero.mx\/index.php\/wp-json\/wp\/v2\/posts\/13738\/revisions"}],"predecessor-version":[{"id":13740,"href":"https:\/\/elhijodelllanero.mx\/index.php\/wp-json\/wp\/v2\/posts\/13738\/revisions\/13740"}],"wp:featuredmedia":[{"embeddable":true,"href":"https:\/\/elhijodelllanero.mx\/index.php\/wp-json\/wp\/v2\/media\/13739"}],"wp:attachment":[{"href":"https:\/\/elhijodelllanero.mx\/index.php\/wp-json\/wp\/v2\/media?parent=13738"}],"wp:term":[{"taxonomy":"category","embeddable":true,"href":"https:\/\/elhijodelllanero.mx\/index.php\/wp-json\/wp\/v2\/categories?post=13738"},{"taxonomy":"post_tag","embeddable":true,"href":"https:\/\/elhijodelllanero.mx\/index.php\/wp-json\/wp\/v2\/tags?post=13738"}],"curies":[{"name":"wp","href":"https:\/\/api.w.org\/{rel}","templated":true}]}}