{"id":13745,"date":"2026-04-10T23:21:08","date_gmt":"2026-04-10T23:21:08","guid":{"rendered":"https:\/\/elhijodelllanero.mx\/?p=13745"},"modified":"2026-04-10T23:21:08","modified_gmt":"2026-04-10T23:21:08","slug":"alcalde-reconoce-trabajo-de-las-fuerzas-de-seguridad-federal-en-operativo","status":"publish","type":"post","link":"https:\/\/elhijodelllanero.mx\/index.php\/2026\/04\/10\/alcalde-reconoce-trabajo-de-las-fuerzas-de-seguridad-federal-en-operativo\/","title":{"rendered":"Alcalde reconoce trabajo de las fuerzas de seguridad federal en operativo."},"content":{"rendered":"<p>Celaya, Gto. 11 de abril del 2026.-El presidente municipal, Juan Miguel Ram\u00edrez dio a conocer que la realizaci\u00f3n de operativos federales en Celaya representa un respaldo directo a la seguridad del municipio.<\/p>\n<p>Lo anterior, sobre el operativo en el que participaron elementos de la Unidad Nacional de Operaciones (UNO) grupo de \u00e9lite de la Secretar\u00eda de Seguridad y Protecci\u00f3n Ciudadana (SSPC), creado en 2025 bajo la direcci\u00f3n de Omar Garc\u00eda Harfuch as\u00ed como elementos de la Guardia Nacional, esto en la calle Albino Garcia en el barrio de Santiaguito.<\/p>\n<p>\u201cPrimero nosotros queremos que siga aumentando la detenci\u00f3n de gente mala, entonces en esa medida para nosotros es importante que sigan haciendo eso son operativos que beneficien a Celaya que benefician a Guanajuato que benefician a M\u00e9xico\u201d.<\/p>\n<p>El alcalde precis\u00f3 que la presencia federal refuerza el compromiso de su gobierno con la seguridad p\u00fablica, adem\u00e1s reconoci\u00f3 el apoyo de las fuerzas de seguridad del estado.<\/p>\n<p>\u201cSiempre ha sido as\u00ed, nosotros yo les recuerdo que tenemos aqu\u00ed una fuerza de tareas Celaya y si mal no recuerdo solamente est\u00e1 en Irapuato y en Celaya esta fuerza est\u00e1 fuerza que son cientos de soldados que no est\u00e1n respaldando y tenemos aparte 500 Guardias Nacionales est\u00e1n adscritos entre comillas a la polic\u00eda municipal, el gobierno federal siempre nos hace nos ha apoyado y tambi\u00e9n el gobierno estatal de otra forma pero tambi\u00e9n nos apoya\u201d.<\/p>\n","protected":false},"excerpt":{"rendered":"<p>Celaya, Gto. 11 de abril del 2026.-El presidente municipal, Juan Miguel Ram\u00edrez dio a conocer que la realizaci\u00f3n de operativos federales en Celaya representa un respaldo directo a la seguridad del municipio. Lo anterior, sobre el operativo en el que participaron elementos de la Unidad Nacional de Operaciones (UNO) grupo de \u00e9lite de la Secretar\u00eda [&hellip;]<\/p>\n","protected":false},"author":3,"featured_media":13746,"comment_status":"open","ping_status":"closed","sticky":false,"template":"","format":"standard","meta":{"_jetpack_newsletter_access":"","_jetpack_dont_email_post_to_subs":false,"_jetpack_newsletter_tier_id":0,"_jetpack_memberships_contains_paywalled_content":false,"_jetpack_memberships_contains_paid_content":false,"footnotes":""},"categories":[74],"tags":[],"class_list":{"0":"post-13745","1":"post","2":"type-post","3":"status-publish","4":"format-standard","5":"has-post-thumbnail","7":"category-celaya"},"yoast_head":"<!-- This site is optimized with the Yoast SEO plugin v27.3 - https:\/\/yoast.com\/product\/yoast-seo-wordpress\/ -->\n<title>Alcalde reconoce trabajo de las fuerzas de seguridad federal en operativo. - El Hijo del llanero solititito<\/title>\n<meta name=\"robots\" content=\"index, follow, max-snippet:-1, max-image-preview:large, max-video-preview:-1\" \/>\n<link rel=\"canonical\" href=\"https:\/\/elhijodelllanero.mx\/index.php\/2026\/04\/10\/alcalde-reconoce-trabajo-de-las-fuerzas-de-seguridad-federal-en-operativo\/\" \/>\n<meta property=\"og:locale\" content=\"es_ES\" \/>\n<meta property=\"og:type\" content=\"article\" \/>\n<meta property=\"og:title\" content=\"Alcalde reconoce trabajo de las fuerzas de seguridad federal en operativo. - El Hijo del llanero solititito\" \/>\n<meta property=\"og:description\" content=\"Celaya, Gto. 11 de abril del 2026.-El presidente municipal, Juan Miguel Ram\u00edrez dio a conocer que la realizaci\u00f3n de operativos federales en Celaya representa un respaldo directo a la seguridad del municipio. Lo anterior, sobre el operativo en el que participaron elementos de la Unidad Nacional de Operaciones (UNO) grupo de \u00e9lite de la Secretar\u00eda [&hellip;]\" \/>\n<meta property=\"og:url\" content=\"https:\/\/elhijodelllanero.mx\/index.php\/2026\/04\/10\/alcalde-reconoce-trabajo-de-las-fuerzas-de-seguridad-federal-en-operativo\/\" \/>\n<meta property=\"og:site_name\" content=\"El Hijo del llanero solititito\" \/>\n<meta property=\"article:published_time\" content=\"2026-04-10T23:21:08+00:00\" \/>\n<meta property=\"og:image\" content=\"https:\/\/elhijodelllanero.mx\/wp-content\/uploads\/2026\/04\/IMG-20260410-WA0007-1.jpg\" \/>\n\t<meta property=\"og:image:width\" content=\"1006\" \/>\n\t<meta property=\"og:image:height\" content=\"653\" \/>\n\t<meta property=\"og:image:type\" content=\"image\/jpeg\" \/>\n<meta name=\"author\" content=\"Mar\u00eda de la Paz Rodarte Ram\u00edrez\" \/>\n<meta name=\"twitter:card\" content=\"summary_large_image\" \/>\n<meta name=\"twitter:label1\" content=\"Escrito por\" \/>\n\t<meta name=\"twitter:data1\" content=\"Mar\u00eda de la Paz Rodarte Ram\u00edrez\" \/>\n\t<meta name=\"twitter:label2\" content=\"Tiempo de lectura\" \/>\n\t<meta name=\"twitter:data2\" content=\"2 minutos\" \/>\n<script type=\"application\/ld+json\" class=\"yoast-schema-graph\">{\"@context\":\"https:\\\/\\\/schema.org\",\"@graph\":[{\"@type\":\"Article\",\"@id\":\"https:\\\/\\\/elhijodelllanero.mx\\\/index.php\\\/2026\\\/04\\\/10\\\/alcalde-reconoce-trabajo-de-las-fuerzas-de-seguridad-federal-en-operativo\\\/#article\",\"isPartOf\":{\"@id\":\"https:\\\/\\\/elhijodelllanero.mx\\\/index.php\\\/2026\\\/04\\\/10\\\/alcalde-reconoce-trabajo-de-las-fuerzas-de-seguridad-federal-en-operativo\\\/\"},\"author\":{\"name\":\"Mar\u00eda de la Paz Rodarte Ram\u00edrez\",\"@id\":\"https:\\\/\\\/elhijodelllanero.mx\\\/#\\\/schema\\\/person\\\/c7f8c86c55c1eab44ae2b93a9628245f\"},\"headline\":\"Alcalde reconoce trabajo de las fuerzas de seguridad federal en operativo.\",\"datePublished\":\"2026-04-10T23:21:08+00:00\",\"mainEntityOfPage\":{\"@id\":\"https:\\\/\\\/elhijodelllanero.mx\\\/index.php\\\/2026\\\/04\\\/10\\\/alcalde-reconoce-trabajo-de-las-fuerzas-de-seguridad-federal-en-operativo\\\/\"},\"wordCount\":253,\"commentCount\":0,\"image\":{\"@id\":\"https:\\\/\\\/elhijodelllanero.mx\\\/index.php\\\/2026\\\/04\\\/10\\\/alcalde-reconoce-trabajo-de-las-fuerzas-de-seguridad-federal-en-operativo\\\/#primaryimage\"},\"thumbnailUrl\":\"https:\\\/\\\/i0.wp.com\\\/elhijodelllanero.mx\\\/wp-content\\\/uploads\\\/2026\\\/04\\\/IMG-20260410-WA0007-1.jpg?fit=1006%2C653&ssl=1\",\"articleSection\":[\"CELAYA\"],\"inLanguage\":\"es\",\"potentialAction\":[{\"@type\":\"CommentAction\",\"name\":\"Comment\",\"target\":[\"https:\\\/\\\/elhijodelllanero.mx\\\/index.php\\\/2026\\\/04\\\/10\\\/alcalde-reconoce-trabajo-de-las-fuerzas-de-seguridad-federal-en-operativo\\\/#respond\"]}]},{\"@type\":\"WebPage\",\"@id\":\"https:\\\/\\\/elhijodelllanero.mx\\\/index.php\\\/2026\\\/04\\\/10\\\/alcalde-reconoce-trabajo-de-las-fuerzas-de-seguridad-federal-en-operativo\\\/\",\"url\":\"https:\\\/\\\/elhijodelllanero.mx\\\/index.php\\\/2026\\\/04\\\/10\\\/alcalde-reconoce-trabajo-de-las-fuerzas-de-seguridad-federal-en-operativo\\\/\",\"name\":\"Alcalde reconoce trabajo de las fuerzas de seguridad federal en operativo. - El Hijo del llanero solititito\",\"isPartOf\":{\"@id\":\"https:\\\/\\\/elhijodelllanero.mx\\\/#website\"},\"primaryImageOfPage\":{\"@id\":\"https:\\\/\\\/elhijodelllanero.mx\\\/index.php\\\/2026\\\/04\\\/10\\\/alcalde-reconoce-trabajo-de-las-fuerzas-de-seguridad-federal-en-operativo\\\/#primaryimage\"},\"image\":{\"@id\":\"https:\\\/\\\/elhijodelllanero.mx\\\/index.php\\\/2026\\\/04\\\/10\\\/alcalde-reconoce-trabajo-de-las-fuerzas-de-seguridad-federal-en-operativo\\\/#primaryimage\"},\"thumbnailUrl\":\"https:\\\/\\\/i0.wp.com\\\/elhijodelllanero.mx\\\/wp-content\\\/uploads\\\/2026\\\/04\\\/IMG-20260410-WA0007-1.jpg?fit=1006%2C653&ssl=1\",\"datePublished\":\"2026-04-10T23:21:08+00:00\",\"author\":{\"@id\":\"https:\\\/\\\/elhijodelllanero.mx\\\/#\\\/schema\\\/person\\\/c7f8c86c55c1eab44ae2b93a9628245f\"},\"breadcrumb\":{\"@id\":\"https:\\\/\\\/elhijodelllanero.mx\\\/index.php\\\/2026\\\/04\\\/10\\\/alcalde-reconoce-trabajo-de-las-fuerzas-de-seguridad-federal-en-operativo\\\/#breadcrumb\"},\"inLanguage\":\"es\",\"potentialAction\":[{\"@type\":\"ReadAction\",\"target\":[\"https:\\\/\\\/elhijodelllanero.mx\\\/index.php\\\/2026\\\/04\\\/10\\\/alcalde-reconoce-trabajo-de-las-fuerzas-de-seguridad-federal-en-operativo\\\/\"]}]},{\"@type\":\"ImageObject\",\"inLanguage\":\"es\",\"@id\":\"https:\\\/\\\/elhijodelllanero.mx\\\/index.php\\\/2026\\\/04\\\/10\\\/alcalde-reconoce-trabajo-de-las-fuerzas-de-seguridad-federal-en-operativo\\\/#primaryimage\",\"url\":\"https:\\\/\\\/i0.wp.com\\\/elhijodelllanero.mx\\\/wp-content\\\/uploads\\\/2026\\\/04\\\/IMG-20260410-WA0007-1.jpg?fit=1006%2C653&ssl=1\",\"contentUrl\":\"https:\\\/\\\/i0.wp.com\\\/elhijodelllanero.mx\\\/wp-content\\\/uploads\\\/2026\\\/04\\\/IMG-20260410-WA0007-1.jpg?fit=1006%2C653&ssl=1\",\"width\":1006,\"height\":653},{\"@type\":\"BreadcrumbList\",\"@id\":\"https:\\\/\\\/elhijodelllanero.mx\\\/index.php\\\/2026\\\/04\\\/10\\\/alcalde-reconoce-trabajo-de-las-fuerzas-de-seguridad-federal-en-operativo\\\/#breadcrumb\",\"itemListElement\":[{\"@type\":\"ListItem\",\"position\":1,\"name\":\"Portada\",\"item\":\"https:\\\/\\\/elhijodelllanero.mx\\\/\"},{\"@type\":\"ListItem\",\"position\":2,\"name\":\"Alcalde reconoce trabajo de las fuerzas de seguridad federal en operativo.\"}]},{\"@type\":\"WebSite\",\"@id\":\"https:\\\/\\\/elhijodelllanero.mx\\\/#website\",\"url\":\"https:\\\/\\\/elhijodelllanero.mx\\\/\",\"name\":\"El Hijo del llanero solititito\",\"description\":\"\",\"potentialAction\":[{\"@type\":\"SearchAction\",\"target\":{\"@type\":\"EntryPoint\",\"urlTemplate\":\"https:\\\/\\\/elhijodelllanero.mx\\\/?s={search_term_string}\"},\"query-input\":{\"@type\":\"PropertyValueSpecification\",\"valueRequired\":true,\"valueName\":\"search_term_string\"}}],\"inLanguage\":\"es\"},{\"@type\":\"Person\",\"@id\":\"https:\\\/\\\/elhijodelllanero.mx\\\/#\\\/schema\\\/person\\\/c7f8c86c55c1eab44ae2b93a9628245f\",\"name\":\"Mar\u00eda de la Paz Rodarte Ram\u00edrez\",\"image\":{\"@type\":\"ImageObject\",\"inLanguage\":\"es\",\"@id\":\"https:\\\/\\\/secure.gravatar.com\\\/avatar\\\/1f38f8518b09a266af73da2bce78d69e7d1275299970134ed62f572e0487e1d0?s=96&d=mm&r=g\",\"url\":\"https:\\\/\\\/secure.gravatar.com\\\/avatar\\\/1f38f8518b09a266af73da2bce78d69e7d1275299970134ed62f572e0487e1d0?s=96&d=mm&r=g\",\"contentUrl\":\"https:\\\/\\\/secure.gravatar.com\\\/avatar\\\/1f38f8518b09a266af73da2bce78d69e7d1275299970134ed62f572e0487e1d0?s=96&d=mm&r=g\",\"caption\":\"Mar\u00eda de la Paz Rodarte Ram\u00edrez\"},\"sameAs\":[\"https:\\\/\\\/www.elhijodelllanero.mx\"],\"url\":\"https:\\\/\\\/elhijodelllanero.mx\\\/index.php\\\/author\\\/maricuas\\\/\"}]}<\/script>\n<!-- \/ Yoast SEO plugin. -->","yoast_head_json":{"title":"Alcalde reconoce trabajo de las fuerzas de seguridad federal en operativo. - El Hijo del llanero solititito","robots":{"index":"index","follow":"follow","max-snippet":"max-snippet:-1","max-image-preview":"max-image-preview:large","max-video-preview":"max-video-preview:-1"},"canonical":"https:\/\/elhijodelllanero.mx\/index.php\/2026\/04\/10\/alcalde-reconoce-trabajo-de-las-fuerzas-de-seguridad-federal-en-operativo\/","og_locale":"es_ES","og_type":"article","og_title":"Alcalde reconoce trabajo de las fuerzas de seguridad federal en operativo. - El Hijo del llanero solititito","og_description":"Celaya, Gto. 11 de abril del 2026.-El presidente municipal, Juan Miguel Ram\u00edrez dio a conocer que la realizaci\u00f3n de operativos federales en Celaya representa un respaldo directo a la seguridad del municipio. Lo anterior, sobre el operativo en el que participaron elementos de la Unidad Nacional de Operaciones (UNO) grupo de \u00e9lite de la Secretar\u00eda [&hellip;]","og_url":"https:\/\/elhijodelllanero.mx\/index.php\/2026\/04\/10\/alcalde-reconoce-trabajo-de-las-fuerzas-de-seguridad-federal-en-operativo\/","og_site_name":"El Hijo del llanero solititito","article_published_time":"2026-04-10T23:21:08+00:00","og_image":[{"width":1006,"height":653,"url":"https:\/\/elhijodelllanero.mx\/wp-content\/uploads\/2026\/04\/IMG-20260410-WA0007-1.jpg","type":"image\/jpeg"}],"author":"Mar\u00eda de la Paz Rodarte Ram\u00edrez","twitter_card":"summary_large_image","twitter_misc":{"Escrito por":"Mar\u00eda de la Paz Rodarte Ram\u00edrez","Tiempo de lectura":"2 minutos"},"schema":{"@context":"https:\/\/schema.org","@graph":[{"@type":"Article","@id":"https:\/\/elhijodelllanero.mx\/index.php\/2026\/04\/10\/alcalde-reconoce-trabajo-de-las-fuerzas-de-seguridad-federal-en-operativo\/#article","isPartOf":{"@id":"https:\/\/elhijodelllanero.mx\/index.php\/2026\/04\/10\/alcalde-reconoce-trabajo-de-las-fuerzas-de-seguridad-federal-en-operativo\/"},"author":{"name":"Mar\u00eda de la Paz Rodarte Ram\u00edrez","@id":"https:\/\/elhijodelllanero.mx\/#\/schema\/person\/c7f8c86c55c1eab44ae2b93a9628245f"},"headline":"Alcalde reconoce trabajo de las fuerzas de seguridad federal en operativo.","datePublished":"2026-04-10T23:21:08+00:00","mainEntityOfPage":{"@id":"https:\/\/elhijodelllanero.mx\/index.php\/2026\/04\/10\/alcalde-reconoce-trabajo-de-las-fuerzas-de-seguridad-federal-en-operativo\/"},"wordCount":253,"commentCount":0,"image":{"@id":"https:\/\/elhijodelllanero.mx\/index.php\/2026\/04\/10\/alcalde-reconoce-trabajo-de-las-fuerzas-de-seguridad-federal-en-operativo\/#primaryimage"},"thumbnailUrl":"https:\/\/i0.wp.com\/elhijodelllanero.mx\/wp-content\/uploads\/2026\/04\/IMG-20260410-WA0007-1.jpg?fit=1006%2C653&ssl=1","articleSection":["CELAYA"],"inLanguage":"es","potentialAction":[{"@type":"CommentAction","name":"Comment","target":["https:\/\/elhijodelllanero.mx\/index.php\/2026\/04\/10\/alcalde-reconoce-trabajo-de-las-fuerzas-de-seguridad-federal-en-operativo\/#respond"]}]},{"@type":"WebPage","@id":"https:\/\/elhijodelllanero.mx\/index.php\/2026\/04\/10\/alcalde-reconoce-trabajo-de-las-fuerzas-de-seguridad-federal-en-operativo\/","url":"https:\/\/elhijodelllanero.mx\/index.php\/2026\/04\/10\/alcalde-reconoce-trabajo-de-las-fuerzas-de-seguridad-federal-en-operativo\/","name":"Alcalde reconoce trabajo de las fuerzas de seguridad federal en operativo. - El Hijo del llanero solititito","isPartOf":{"@id":"https:\/\/elhijodelllanero.mx\/#website"},"primaryImageOfPage":{"@id":"https:\/\/elhijodelllanero.mx\/index.php\/2026\/04\/10\/alcalde-reconoce-trabajo-de-las-fuerzas-de-seguridad-federal-en-operativo\/#primaryimage"},"image":{"@id":"https:\/\/elhijodelllanero.mx\/index.php\/2026\/04\/10\/alcalde-reconoce-trabajo-de-las-fuerzas-de-seguridad-federal-en-operativo\/#primaryimage"},"thumbnailUrl":"https:\/\/i0.wp.com\/elhijodelllanero.mx\/wp-content\/uploads\/2026\/04\/IMG-20260410-WA0007-1.jpg?fit=1006%2C653&ssl=1","datePublished":"2026-04-10T23:21:08+00:00","author":{"@id":"https:\/\/elhijodelllanero.mx\/#\/schema\/person\/c7f8c86c55c1eab44ae2b93a9628245f"},"breadcrumb":{"@id":"https:\/\/elhijodelllanero.mx\/index.php\/2026\/04\/10\/alcalde-reconoce-trabajo-de-las-fuerzas-de-seguridad-federal-en-operativo\/#breadcrumb"},"inLanguage":"es","potentialAction":[{"@type":"ReadAction","target":["https:\/\/elhijodelllanero.mx\/index.php\/2026\/04\/10\/alcalde-reconoce-trabajo-de-las-fuerzas-de-seguridad-federal-en-operativo\/"]}]},{"@type":"ImageObject","inLanguage":"es","@id":"https:\/\/elhijodelllanero.mx\/index.php\/2026\/04\/10\/alcalde-reconoce-trabajo-de-las-fuerzas-de-seguridad-federal-en-operativo\/#primaryimage","url":"https:\/\/i0.wp.com\/elhijodelllanero.mx\/wp-content\/uploads\/2026\/04\/IMG-20260410-WA0007-1.jpg?fit=1006%2C653&ssl=1","contentUrl":"https:\/\/i0.wp.com\/elhijodelllanero.mx\/wp-content\/uploads\/2026\/04\/IMG-20260410-WA0007-1.jpg?fit=1006%2C653&ssl=1","width":1006,"height":653},{"@type":"BreadcrumbList","@id":"https:\/\/elhijodelllanero.mx\/index.php\/2026\/04\/10\/alcalde-reconoce-trabajo-de-las-fuerzas-de-seguridad-federal-en-operativo\/#breadcrumb","itemListElement":[{"@type":"ListItem","position":1,"name":"Portada","item":"https:\/\/elhijodelllanero.mx\/"},{"@type":"ListItem","position":2,"name":"Alcalde reconoce trabajo de las fuerzas de seguridad federal en operativo."}]},{"@type":"WebSite","@id":"https:\/\/elhijodelllanero.mx\/#website","url":"https:\/\/elhijodelllanero.mx\/","name":"El Hijo del llanero solititito","description":"","potentialAction":[{"@type":"SearchAction","target":{"@type":"EntryPoint","urlTemplate":"https:\/\/elhijodelllanero.mx\/?s={search_term_string}"},"query-input":{"@type":"PropertyValueSpecification","valueRequired":true,"valueName":"search_term_string"}}],"inLanguage":"es"},{"@type":"Person","@id":"https:\/\/elhijodelllanero.mx\/#\/schema\/person\/c7f8c86c55c1eab44ae2b93a9628245f","name":"Mar\u00eda de la Paz Rodarte Ram\u00edrez","image":{"@type":"ImageObject","inLanguage":"es","@id":"https:\/\/secure.gravatar.com\/avatar\/1f38f8518b09a266af73da2bce78d69e7d1275299970134ed62f572e0487e1d0?s=96&d=mm&r=g","url":"https:\/\/secure.gravatar.com\/avatar\/1f38f8518b09a266af73da2bce78d69e7d1275299970134ed62f572e0487e1d0?s=96&d=mm&r=g","contentUrl":"https:\/\/secure.gravatar.com\/avatar\/1f38f8518b09a266af73da2bce78d69e7d1275299970134ed62f572e0487e1d0?s=96&d=mm&r=g","caption":"Mar\u00eda de la Paz Rodarte Ram\u00edrez"},"sameAs":["https:\/\/www.elhijodelllanero.mx"],"url":"https:\/\/elhijodelllanero.mx\/index.php\/author\/maricuas\/"}]}},"jetpack_featured_media_url":"https:\/\/i0.wp.com\/elhijodelllanero.mx\/wp-content\/uploads\/2026\/04\/IMG-20260410-WA0007-1.jpg?fit=1006%2C653&ssl=1","jetpack-related-posts":[],"jetpack_sharing_enabled":true,"_links":{"self":[{"href":"https:\/\/elhijodelllanero.mx\/index.php\/wp-json\/wp\/v2\/posts\/13745","targetHints":{"allow":["GET"]}}],"collection":[{"href":"https:\/\/elhijodelllanero.mx\/index.php\/wp-json\/wp\/v2\/posts"}],"about":[{"href":"https:\/\/elhijodelllanero.mx\/index.php\/wp-json\/wp\/v2\/types\/post"}],"author":[{"embeddable":true,"href":"https:\/\/elhijodelllanero.mx\/index.php\/wp-json\/wp\/v2\/users\/3"}],"replies":[{"embeddable":true,"href":"https:\/\/elhijodelllanero.mx\/index.php\/wp-json\/wp\/v2\/comments?post=13745"}],"version-history":[{"count":1,"href":"https:\/\/elhijodelllanero.mx\/index.php\/wp-json\/wp\/v2\/posts\/13745\/revisions"}],"predecessor-version":[{"id":13747,"href":"https:\/\/elhijodelllanero.mx\/index.php\/wp-json\/wp\/v2\/posts\/13745\/revisions\/13747"}],"wp:featuredmedia":[{"embeddable":true,"href":"https:\/\/elhijodelllanero.mx\/index.php\/wp-json\/wp\/v2\/media\/13746"}],"wp:attachment":[{"href":"https:\/\/elhijodelllanero.mx\/index.php\/wp-json\/wp\/v2\/media?parent=13745"}],"wp:term":[{"taxonomy":"category","embeddable":true,"href":"https:\/\/elhijodelllanero.mx\/index.php\/wp-json\/wp\/v2\/categories?post=13745"},{"taxonomy":"post_tag","embeddable":true,"href":"https:\/\/elhijodelllanero.mx\/index.php\/wp-json\/wp\/v2\/tags?post=13745"}],"curies":[{"name":"wp","href":"https:\/\/api.w.org\/{rel}","templated":true}]}}