{"id":13748,"date":"2026-04-11T15:48:09","date_gmt":"2026-04-11T15:48:09","guid":{"rendered":"https:\/\/elhijodelllanero.mx\/?p=13748"},"modified":"2026-04-11T15:48:09","modified_gmt":"2026-04-11T15:48:09","slug":"manana-san-miguel-de-ixtla-se-llena-de-tradicion-musica-y-sabor-con-su-primer-festival","status":"publish","type":"post","link":"https:\/\/elhijodelllanero.mx\/index.php\/2026\/04\/11\/manana-san-miguel-de-ixtla-se-llena-de-tradicion-musica-y-sabor-con-su-primer-festival\/","title":{"rendered":"Ma\u00f1ana San Miguel de Ixtla se llena de tradici\u00f3n, m\u00fasica y sabor con su primer festival."},"content":{"rendered":"<p>Apaseo el Grande, Gto. 11 de abril del 2026.-Entre historia, tradici\u00f3n y sabores que cuentan identidad, la comunidad de San Miguel de Ixtla se prepara para recibir a visitantes con su primer festival, una celebraci\u00f3n pensada para disfrutar en familia y redescubrir la riqueza cultural de la regi\u00f3n.<\/p>\n<p>La cita es ma\u00f1ana, domingo 12 de abril, con una jornada llena de vida desde temprana hora. Autoridades municipales extendieron la invitaci\u00f3n a la ciudadan\u00eda para sumarse a este encuentro que busca poner en el mapa a este rinc\u00f3n del municipio, destacando su esencia y hospitalidad.<\/p>\n<p>El programa contempla desde una misa y recorridos por capillas emblem\u00e1ticas, hasta cabalgata, danza folcl\u00f3rica, m\u00fasica en vivo y presentaciones art\u00edsticas que mantendr\u00e1n activo el ambiente durante todo el d\u00eda. Adem\u00e1s, quienes asistan podr\u00e1n participar en talleres gratuitos de atole, mazap\u00e1n y acuarela, sum\u00e1ndose a una experiencia m\u00e1s cercana con las tradiciones locales.<\/p>\n<p>Como parte del recorrido cultural, tambi\u00e9n se integrar\u00e1 una rese\u00f1a hist\u00f3rica sobre la participaci\u00f3n de la comunidad en la Guerra Cristera, ofreciendo un vistazo al pasado que ha marcado la identidad de San Miguel de Ixtla. Un evento que mezcla historia, cultura y convivencia en un mismo espacio.<\/p>\n","protected":false},"excerpt":{"rendered":"<p>Apaseo el Grande, Gto. 11 de abril del 2026.-Entre historia, tradici\u00f3n y sabores que cuentan identidad, la comunidad de San Miguel de Ixtla se prepara para recibir a visitantes con su primer festival, una celebraci\u00f3n pensada para disfrutar en familia y redescubrir la riqueza cultural de la regi\u00f3n. La cita es ma\u00f1ana, domingo 12 de [&hellip;]<\/p>\n","protected":false},"author":3,"featured_media":13749,"comment_status":"open","ping_status":"closed","sticky":false,"template":"","format":"standard","meta":{"_jetpack_newsletter_access":"","_jetpack_dont_email_post_to_subs":false,"_jetpack_newsletter_tier_id":0,"_jetpack_memberships_contains_paywalled_content":false,"_jetpack_memberships_contains_paid_content":false,"footnotes":""},"categories":[78,76],"tags":[],"class_list":{"0":"post-13748","1":"post","2":"type-post","3":"status-publish","4":"format-standard","5":"has-post-thumbnail","7":"category-apaseo-el-grande","8":"category-municipios"},"yoast_head":"<!-- This site is optimized with the Yoast SEO plugin v27.3 - https:\/\/yoast.com\/product\/yoast-seo-wordpress\/ -->\n<title>Ma\u00f1ana San Miguel de Ixtla se llena de tradici\u00f3n, m\u00fasica y sabor con su primer festival. - El Hijo del llanero solititito<\/title>\n<meta name=\"robots\" content=\"index, follow, max-snippet:-1, max-image-preview:large, max-video-preview:-1\" \/>\n<link rel=\"canonical\" href=\"https:\/\/elhijodelllanero.mx\/index.php\/2026\/04\/11\/manana-san-miguel-de-ixtla-se-llena-de-tradicion-musica-y-sabor-con-su-primer-festival\/\" \/>\n<meta property=\"og:locale\" content=\"es_ES\" \/>\n<meta property=\"og:type\" content=\"article\" \/>\n<meta property=\"og:title\" content=\"Ma\u00f1ana San Miguel de Ixtla se llena de tradici\u00f3n, m\u00fasica y sabor con su primer festival. - El Hijo del llanero solititito\" \/>\n<meta property=\"og:description\" content=\"Apaseo el Grande, Gto. 11 de abril del 2026.-Entre historia, tradici\u00f3n y sabores que cuentan identidad, la comunidad de San Miguel de Ixtla se prepara para recibir a visitantes con su primer festival, una celebraci\u00f3n pensada para disfrutar en familia y redescubrir la riqueza cultural de la regi\u00f3n. La cita es ma\u00f1ana, domingo 12 de [&hellip;]\" \/>\n<meta property=\"og:url\" content=\"https:\/\/elhijodelllanero.mx\/index.php\/2026\/04\/11\/manana-san-miguel-de-ixtla-se-llena-de-tradicion-musica-y-sabor-con-su-primer-festival\/\" \/>\n<meta property=\"og:site_name\" content=\"El Hijo del llanero solititito\" \/>\n<meta property=\"article:published_time\" content=\"2026-04-11T15:48:09+00:00\" \/>\n<meta property=\"og:image\" content=\"https:\/\/elhijodelllanero.mx\/wp-content\/uploads\/2026\/04\/IMG-20260411-WA0002.jpg\" \/>\n\t<meta property=\"og:image:width\" content=\"720\" \/>\n\t<meta property=\"og:image:height\" content=\"1280\" \/>\n\t<meta property=\"og:image:type\" content=\"image\/jpeg\" \/>\n<meta name=\"author\" content=\"Mar\u00eda de la Paz Rodarte Ram\u00edrez\" \/>\n<meta name=\"twitter:card\" content=\"summary_large_image\" \/>\n<meta name=\"twitter:label1\" content=\"Escrito por\" \/>\n\t<meta name=\"twitter:data1\" content=\"Mar\u00eda de la Paz Rodarte Ram\u00edrez\" \/>\n\t<meta name=\"twitter:label2\" content=\"Tiempo de lectura\" \/>\n\t<meta name=\"twitter:data2\" content=\"1 minuto\" \/>\n<script type=\"application\/ld+json\" class=\"yoast-schema-graph\">{\"@context\":\"https:\\\/\\\/schema.org\",\"@graph\":[{\"@type\":\"Article\",\"@id\":\"https:\\\/\\\/elhijodelllanero.mx\\\/index.php\\\/2026\\\/04\\\/11\\\/manana-san-miguel-de-ixtla-se-llena-de-tradicion-musica-y-sabor-con-su-primer-festival\\\/#article\",\"isPartOf\":{\"@id\":\"https:\\\/\\\/elhijodelllanero.mx\\\/index.php\\\/2026\\\/04\\\/11\\\/manana-san-miguel-de-ixtla-se-llena-de-tradicion-musica-y-sabor-con-su-primer-festival\\\/\"},\"author\":{\"name\":\"Mar\u00eda de la Paz Rodarte Ram\u00edrez\",\"@id\":\"https:\\\/\\\/elhijodelllanero.mx\\\/#\\\/schema\\\/person\\\/c7f8c86c55c1eab44ae2b93a9628245f\"},\"headline\":\"Ma\u00f1ana San Miguel de Ixtla se llena de tradici\u00f3n, m\u00fasica y sabor con su primer festival.\",\"datePublished\":\"2026-04-11T15:48:09+00:00\",\"mainEntityOfPage\":{\"@id\":\"https:\\\/\\\/elhijodelllanero.mx\\\/index.php\\\/2026\\\/04\\\/11\\\/manana-san-miguel-de-ixtla-se-llena-de-tradicion-musica-y-sabor-con-su-primer-festival\\\/\"},\"wordCount\":234,\"commentCount\":0,\"image\":{\"@id\":\"https:\\\/\\\/elhijodelllanero.mx\\\/index.php\\\/2026\\\/04\\\/11\\\/manana-san-miguel-de-ixtla-se-llena-de-tradicion-musica-y-sabor-con-su-primer-festival\\\/#primaryimage\"},\"thumbnailUrl\":\"https:\\\/\\\/i0.wp.com\\\/elhijodelllanero.mx\\\/wp-content\\\/uploads\\\/2026\\\/04\\\/IMG-20260411-WA0002.jpg?fit=720%2C1280&ssl=1\",\"articleSection\":[\"APASEO EL GRANDE\",\"MUNICIPIOS\"],\"inLanguage\":\"es\",\"potentialAction\":[{\"@type\":\"CommentAction\",\"name\":\"Comment\",\"target\":[\"https:\\\/\\\/elhijodelllanero.mx\\\/index.php\\\/2026\\\/04\\\/11\\\/manana-san-miguel-de-ixtla-se-llena-de-tradicion-musica-y-sabor-con-su-primer-festival\\\/#respond\"]}]},{\"@type\":\"WebPage\",\"@id\":\"https:\\\/\\\/elhijodelllanero.mx\\\/index.php\\\/2026\\\/04\\\/11\\\/manana-san-miguel-de-ixtla-se-llena-de-tradicion-musica-y-sabor-con-su-primer-festival\\\/\",\"url\":\"https:\\\/\\\/elhijodelllanero.mx\\\/index.php\\\/2026\\\/04\\\/11\\\/manana-san-miguel-de-ixtla-se-llena-de-tradicion-musica-y-sabor-con-su-primer-festival\\\/\",\"name\":\"Ma\u00f1ana San Miguel de Ixtla se llena de tradici\u00f3n, m\u00fasica y sabor con su primer festival. - El Hijo del llanero solititito\",\"isPartOf\":{\"@id\":\"https:\\\/\\\/elhijodelllanero.mx\\\/#website\"},\"primaryImageOfPage\":{\"@id\":\"https:\\\/\\\/elhijodelllanero.mx\\\/index.php\\\/2026\\\/04\\\/11\\\/manana-san-miguel-de-ixtla-se-llena-de-tradicion-musica-y-sabor-con-su-primer-festival\\\/#primaryimage\"},\"image\":{\"@id\":\"https:\\\/\\\/elhijodelllanero.mx\\\/index.php\\\/2026\\\/04\\\/11\\\/manana-san-miguel-de-ixtla-se-llena-de-tradicion-musica-y-sabor-con-su-primer-festival\\\/#primaryimage\"},\"thumbnailUrl\":\"https:\\\/\\\/i0.wp.com\\\/elhijodelllanero.mx\\\/wp-content\\\/uploads\\\/2026\\\/04\\\/IMG-20260411-WA0002.jpg?fit=720%2C1280&ssl=1\",\"datePublished\":\"2026-04-11T15:48:09+00:00\",\"author\":{\"@id\":\"https:\\\/\\\/elhijodelllanero.mx\\\/#\\\/schema\\\/person\\\/c7f8c86c55c1eab44ae2b93a9628245f\"},\"breadcrumb\":{\"@id\":\"https:\\\/\\\/elhijodelllanero.mx\\\/index.php\\\/2026\\\/04\\\/11\\\/manana-san-miguel-de-ixtla-se-llena-de-tradicion-musica-y-sabor-con-su-primer-festival\\\/#breadcrumb\"},\"inLanguage\":\"es\",\"potentialAction\":[{\"@type\":\"ReadAction\",\"target\":[\"https:\\\/\\\/elhijodelllanero.mx\\\/index.php\\\/2026\\\/04\\\/11\\\/manana-san-miguel-de-ixtla-se-llena-de-tradicion-musica-y-sabor-con-su-primer-festival\\\/\"]}]},{\"@type\":\"ImageObject\",\"inLanguage\":\"es\",\"@id\":\"https:\\\/\\\/elhijodelllanero.mx\\\/index.php\\\/2026\\\/04\\\/11\\\/manana-san-miguel-de-ixtla-se-llena-de-tradicion-musica-y-sabor-con-su-primer-festival\\\/#primaryimage\",\"url\":\"https:\\\/\\\/i0.wp.com\\\/elhijodelllanero.mx\\\/wp-content\\\/uploads\\\/2026\\\/04\\\/IMG-20260411-WA0002.jpg?fit=720%2C1280&ssl=1\",\"contentUrl\":\"https:\\\/\\\/i0.wp.com\\\/elhijodelllanero.mx\\\/wp-content\\\/uploads\\\/2026\\\/04\\\/IMG-20260411-WA0002.jpg?fit=720%2C1280&ssl=1\",\"width\":720,\"height\":1280},{\"@type\":\"BreadcrumbList\",\"@id\":\"https:\\\/\\\/elhijodelllanero.mx\\\/index.php\\\/2026\\\/04\\\/11\\\/manana-san-miguel-de-ixtla-se-llena-de-tradicion-musica-y-sabor-con-su-primer-festival\\\/#breadcrumb\",\"itemListElement\":[{\"@type\":\"ListItem\",\"position\":1,\"name\":\"Portada\",\"item\":\"https:\\\/\\\/elhijodelllanero.mx\\\/\"},{\"@type\":\"ListItem\",\"position\":2,\"name\":\"Ma\u00f1ana San Miguel de Ixtla se llena de tradici\u00f3n, m\u00fasica y sabor con su primer festival.\"}]},{\"@type\":\"WebSite\",\"@id\":\"https:\\\/\\\/elhijodelllanero.mx\\\/#website\",\"url\":\"https:\\\/\\\/elhijodelllanero.mx\\\/\",\"name\":\"El Hijo del llanero solititito\",\"description\":\"\",\"potentialAction\":[{\"@type\":\"SearchAction\",\"target\":{\"@type\":\"EntryPoint\",\"urlTemplate\":\"https:\\\/\\\/elhijodelllanero.mx\\\/?s={search_term_string}\"},\"query-input\":{\"@type\":\"PropertyValueSpecification\",\"valueRequired\":true,\"valueName\":\"search_term_string\"}}],\"inLanguage\":\"es\"},{\"@type\":\"Person\",\"@id\":\"https:\\\/\\\/elhijodelllanero.mx\\\/#\\\/schema\\\/person\\\/c7f8c86c55c1eab44ae2b93a9628245f\",\"name\":\"Mar\u00eda de la Paz Rodarte Ram\u00edrez\",\"image\":{\"@type\":\"ImageObject\",\"inLanguage\":\"es\",\"@id\":\"https:\\\/\\\/secure.gravatar.com\\\/avatar\\\/1f38f8518b09a266af73da2bce78d69e7d1275299970134ed62f572e0487e1d0?s=96&d=mm&r=g\",\"url\":\"https:\\\/\\\/secure.gravatar.com\\\/avatar\\\/1f38f8518b09a266af73da2bce78d69e7d1275299970134ed62f572e0487e1d0?s=96&d=mm&r=g\",\"contentUrl\":\"https:\\\/\\\/secure.gravatar.com\\\/avatar\\\/1f38f8518b09a266af73da2bce78d69e7d1275299970134ed62f572e0487e1d0?s=96&d=mm&r=g\",\"caption\":\"Mar\u00eda de la Paz Rodarte Ram\u00edrez\"},\"sameAs\":[\"https:\\\/\\\/www.elhijodelllanero.mx\"],\"url\":\"https:\\\/\\\/elhijodelllanero.mx\\\/index.php\\\/author\\\/maricuas\\\/\"}]}<\/script>\n<!-- \/ Yoast SEO plugin. -->","yoast_head_json":{"title":"Ma\u00f1ana San Miguel de Ixtla se llena de tradici\u00f3n, m\u00fasica y sabor con su primer festival. - El Hijo del llanero solititito","robots":{"index":"index","follow":"follow","max-snippet":"max-snippet:-1","max-image-preview":"max-image-preview:large","max-video-preview":"max-video-preview:-1"},"canonical":"https:\/\/elhijodelllanero.mx\/index.php\/2026\/04\/11\/manana-san-miguel-de-ixtla-se-llena-de-tradicion-musica-y-sabor-con-su-primer-festival\/","og_locale":"es_ES","og_type":"article","og_title":"Ma\u00f1ana San Miguel de Ixtla se llena de tradici\u00f3n, m\u00fasica y sabor con su primer festival. - El Hijo del llanero solititito","og_description":"Apaseo el Grande, Gto. 11 de abril del 2026.-Entre historia, tradici\u00f3n y sabores que cuentan identidad, la comunidad de San Miguel de Ixtla se prepara para recibir a visitantes con su primer festival, una celebraci\u00f3n pensada para disfrutar en familia y redescubrir la riqueza cultural de la regi\u00f3n. La cita es ma\u00f1ana, domingo 12 de [&hellip;]","og_url":"https:\/\/elhijodelllanero.mx\/index.php\/2026\/04\/11\/manana-san-miguel-de-ixtla-se-llena-de-tradicion-musica-y-sabor-con-su-primer-festival\/","og_site_name":"El Hijo del llanero solititito","article_published_time":"2026-04-11T15:48:09+00:00","og_image":[{"width":720,"height":1280,"url":"https:\/\/elhijodelllanero.mx\/wp-content\/uploads\/2026\/04\/IMG-20260411-WA0002.jpg","type":"image\/jpeg"}],"author":"Mar\u00eda de la Paz Rodarte Ram\u00edrez","twitter_card":"summary_large_image","twitter_misc":{"Escrito por":"Mar\u00eda de la Paz Rodarte Ram\u00edrez","Tiempo de lectura":"1 minuto"},"schema":{"@context":"https:\/\/schema.org","@graph":[{"@type":"Article","@id":"https:\/\/elhijodelllanero.mx\/index.php\/2026\/04\/11\/manana-san-miguel-de-ixtla-se-llena-de-tradicion-musica-y-sabor-con-su-primer-festival\/#article","isPartOf":{"@id":"https:\/\/elhijodelllanero.mx\/index.php\/2026\/04\/11\/manana-san-miguel-de-ixtla-se-llena-de-tradicion-musica-y-sabor-con-su-primer-festival\/"},"author":{"name":"Mar\u00eda de la Paz Rodarte Ram\u00edrez","@id":"https:\/\/elhijodelllanero.mx\/#\/schema\/person\/c7f8c86c55c1eab44ae2b93a9628245f"},"headline":"Ma\u00f1ana San Miguel de Ixtla se llena de tradici\u00f3n, m\u00fasica y sabor con su primer festival.","datePublished":"2026-04-11T15:48:09+00:00","mainEntityOfPage":{"@id":"https:\/\/elhijodelllanero.mx\/index.php\/2026\/04\/11\/manana-san-miguel-de-ixtla-se-llena-de-tradicion-musica-y-sabor-con-su-primer-festival\/"},"wordCount":234,"commentCount":0,"image":{"@id":"https:\/\/elhijodelllanero.mx\/index.php\/2026\/04\/11\/manana-san-miguel-de-ixtla-se-llena-de-tradicion-musica-y-sabor-con-su-primer-festival\/#primaryimage"},"thumbnailUrl":"https:\/\/i0.wp.com\/elhijodelllanero.mx\/wp-content\/uploads\/2026\/04\/IMG-20260411-WA0002.jpg?fit=720%2C1280&ssl=1","articleSection":["APASEO EL GRANDE","MUNICIPIOS"],"inLanguage":"es","potentialAction":[{"@type":"CommentAction","name":"Comment","target":["https:\/\/elhijodelllanero.mx\/index.php\/2026\/04\/11\/manana-san-miguel-de-ixtla-se-llena-de-tradicion-musica-y-sabor-con-su-primer-festival\/#respond"]}]},{"@type":"WebPage","@id":"https:\/\/elhijodelllanero.mx\/index.php\/2026\/04\/11\/manana-san-miguel-de-ixtla-se-llena-de-tradicion-musica-y-sabor-con-su-primer-festival\/","url":"https:\/\/elhijodelllanero.mx\/index.php\/2026\/04\/11\/manana-san-miguel-de-ixtla-se-llena-de-tradicion-musica-y-sabor-con-su-primer-festival\/","name":"Ma\u00f1ana San Miguel de Ixtla se llena de tradici\u00f3n, m\u00fasica y sabor con su primer festival. - El Hijo del llanero solititito","isPartOf":{"@id":"https:\/\/elhijodelllanero.mx\/#website"},"primaryImageOfPage":{"@id":"https:\/\/elhijodelllanero.mx\/index.php\/2026\/04\/11\/manana-san-miguel-de-ixtla-se-llena-de-tradicion-musica-y-sabor-con-su-primer-festival\/#primaryimage"},"image":{"@id":"https:\/\/elhijodelllanero.mx\/index.php\/2026\/04\/11\/manana-san-miguel-de-ixtla-se-llena-de-tradicion-musica-y-sabor-con-su-primer-festival\/#primaryimage"},"thumbnailUrl":"https:\/\/i0.wp.com\/elhijodelllanero.mx\/wp-content\/uploads\/2026\/04\/IMG-20260411-WA0002.jpg?fit=720%2C1280&ssl=1","datePublished":"2026-04-11T15:48:09+00:00","author":{"@id":"https:\/\/elhijodelllanero.mx\/#\/schema\/person\/c7f8c86c55c1eab44ae2b93a9628245f"},"breadcrumb":{"@id":"https:\/\/elhijodelllanero.mx\/index.php\/2026\/04\/11\/manana-san-miguel-de-ixtla-se-llena-de-tradicion-musica-y-sabor-con-su-primer-festival\/#breadcrumb"},"inLanguage":"es","potentialAction":[{"@type":"ReadAction","target":["https:\/\/elhijodelllanero.mx\/index.php\/2026\/04\/11\/manana-san-miguel-de-ixtla-se-llena-de-tradicion-musica-y-sabor-con-su-primer-festival\/"]}]},{"@type":"ImageObject","inLanguage":"es","@id":"https:\/\/elhijodelllanero.mx\/index.php\/2026\/04\/11\/manana-san-miguel-de-ixtla-se-llena-de-tradicion-musica-y-sabor-con-su-primer-festival\/#primaryimage","url":"https:\/\/i0.wp.com\/elhijodelllanero.mx\/wp-content\/uploads\/2026\/04\/IMG-20260411-WA0002.jpg?fit=720%2C1280&ssl=1","contentUrl":"https:\/\/i0.wp.com\/elhijodelllanero.mx\/wp-content\/uploads\/2026\/04\/IMG-20260411-WA0002.jpg?fit=720%2C1280&ssl=1","width":720,"height":1280},{"@type":"BreadcrumbList","@id":"https:\/\/elhijodelllanero.mx\/index.php\/2026\/04\/11\/manana-san-miguel-de-ixtla-se-llena-de-tradicion-musica-y-sabor-con-su-primer-festival\/#breadcrumb","itemListElement":[{"@type":"ListItem","position":1,"name":"Portada","item":"https:\/\/elhijodelllanero.mx\/"},{"@type":"ListItem","position":2,"name":"Ma\u00f1ana San Miguel de Ixtla se llena de tradici\u00f3n, m\u00fasica y sabor con su primer festival."}]},{"@type":"WebSite","@id":"https:\/\/elhijodelllanero.mx\/#website","url":"https:\/\/elhijodelllanero.mx\/","name":"El Hijo del llanero solititito","description":"","potentialAction":[{"@type":"SearchAction","target":{"@type":"EntryPoint","urlTemplate":"https:\/\/elhijodelllanero.mx\/?s={search_term_string}"},"query-input":{"@type":"PropertyValueSpecification","valueRequired":true,"valueName":"search_term_string"}}],"inLanguage":"es"},{"@type":"Person","@id":"https:\/\/elhijodelllanero.mx\/#\/schema\/person\/c7f8c86c55c1eab44ae2b93a9628245f","name":"Mar\u00eda de la Paz Rodarte Ram\u00edrez","image":{"@type":"ImageObject","inLanguage":"es","@id":"https:\/\/secure.gravatar.com\/avatar\/1f38f8518b09a266af73da2bce78d69e7d1275299970134ed62f572e0487e1d0?s=96&d=mm&r=g","url":"https:\/\/secure.gravatar.com\/avatar\/1f38f8518b09a266af73da2bce78d69e7d1275299970134ed62f572e0487e1d0?s=96&d=mm&r=g","contentUrl":"https:\/\/secure.gravatar.com\/avatar\/1f38f8518b09a266af73da2bce78d69e7d1275299970134ed62f572e0487e1d0?s=96&d=mm&r=g","caption":"Mar\u00eda de la Paz Rodarte Ram\u00edrez"},"sameAs":["https:\/\/www.elhijodelllanero.mx"],"url":"https:\/\/elhijodelllanero.mx\/index.php\/author\/maricuas\/"}]}},"jetpack_featured_media_url":"https:\/\/i0.wp.com\/elhijodelllanero.mx\/wp-content\/uploads\/2026\/04\/IMG-20260411-WA0002.jpg?fit=720%2C1280&ssl=1","jetpack-related-posts":[],"jetpack_sharing_enabled":true,"_links":{"self":[{"href":"https:\/\/elhijodelllanero.mx\/index.php\/wp-json\/wp\/v2\/posts\/13748","targetHints":{"allow":["GET"]}}],"collection":[{"href":"https:\/\/elhijodelllanero.mx\/index.php\/wp-json\/wp\/v2\/posts"}],"about":[{"href":"https:\/\/elhijodelllanero.mx\/index.php\/wp-json\/wp\/v2\/types\/post"}],"author":[{"embeddable":true,"href":"https:\/\/elhijodelllanero.mx\/index.php\/wp-json\/wp\/v2\/users\/3"}],"replies":[{"embeddable":true,"href":"https:\/\/elhijodelllanero.mx\/index.php\/wp-json\/wp\/v2\/comments?post=13748"}],"version-history":[{"count":1,"href":"https:\/\/elhijodelllanero.mx\/index.php\/wp-json\/wp\/v2\/posts\/13748\/revisions"}],"predecessor-version":[{"id":13750,"href":"https:\/\/elhijodelllanero.mx\/index.php\/wp-json\/wp\/v2\/posts\/13748\/revisions\/13750"}],"wp:featuredmedia":[{"embeddable":true,"href":"https:\/\/elhijodelllanero.mx\/index.php\/wp-json\/wp\/v2\/media\/13749"}],"wp:attachment":[{"href":"https:\/\/elhijodelllanero.mx\/index.php\/wp-json\/wp\/v2\/media?parent=13748"}],"wp:term":[{"taxonomy":"category","embeddable":true,"href":"https:\/\/elhijodelllanero.mx\/index.php\/wp-json\/wp\/v2\/categories?post=13748"},{"taxonomy":"post_tag","embeddable":true,"href":"https:\/\/elhijodelllanero.mx\/index.php\/wp-json\/wp\/v2\/tags?post=13748"}],"curies":[{"name":"wp","href":"https:\/\/api.w.org\/{rel}","templated":true}]}}