{"id":13751,"date":"2026-04-11T15:49:35","date_gmt":"2026-04-11T15:49:35","guid":{"rendered":"https:\/\/elhijodelllanero.mx\/?p=13751"},"modified":"2026-04-11T15:49:35","modified_gmt":"2026-04-11T15:49:35","slug":"impulsan-nuevos-festivales-y-proyectos-para-atraer-turismo-y-fortalecer-economia","status":"publish","type":"post","link":"https:\/\/elhijodelllanero.mx\/index.php\/2026\/04\/11\/impulsan-nuevos-festivales-y-proyectos-para-atraer-turismo-y-fortalecer-economia\/","title":{"rendered":"Impulsan nuevos festivales y proyectos para atraer turismo y fortalecer econom\u00eda."},"content":{"rendered":"<p>Villagr\u00e1n, Gto. 11 de abril del 2026.-Con el objetivo de posicionarse como un destino con identidad propia, autoridades municipales presentaron en Le\u00f3n una serie de proyectos tur\u00edsticos enfocados en atraer visitantes y generar mayor actividad econ\u00f3mica.<\/p>\n<p>Entre las propuestas destaca el \u201cMercadito Villagr\u00e1n\u201d, un espacio para que artesanos y comerciantes locales puedan ofrecer sus productos y fortalecer el consumo interno. Tambi\u00e9n se contempla el \u201cPapalote Fest\u201d, un evento familiar que se proyecta realizar en el parque acu\u00e1tico Villa Gasca, aprovechando uno de los puntos m\u00e1s representativos del municipio.<\/p>\n<p>Estas iniciativas se suman a eventos que ya han tenido buena respuesta, como el Banda Fest y el Miche Fest, que han dejado una importante afluencia de visitantes y beneficios para el comercio local.<\/p>\n<p>La apuesta va m\u00e1s all\u00e1 de eventos, buscando cambiar la percepci\u00f3n del municipio a trav\u00e9s de su gastronom\u00eda, tradiciones y espacios recreativos, en una estrategia que pretende consolidar a Villagr\u00e1n como un lugar atractivo para el turismo regional y, al mismo tiempo, generar oportunidades para su poblaci\u00f3n.<\/p>\n","protected":false},"excerpt":{"rendered":"<p>Villagr\u00e1n, Gto. 11 de abril del 2026.-Con el objetivo de posicionarse como un destino con identidad propia, autoridades municipales presentaron en Le\u00f3n una serie de proyectos tur\u00edsticos enfocados en atraer visitantes y generar mayor actividad econ\u00f3mica. Entre las propuestas destaca el \u201cMercadito Villagr\u00e1n\u201d, un espacio para que artesanos y comerciantes locales puedan ofrecer sus productos [&hellip;]<\/p>\n","protected":false},"author":3,"featured_media":13752,"comment_status":"open","ping_status":"closed","sticky":false,"template":"","format":"standard","meta":{"_jetpack_newsletter_access":"","_jetpack_dont_email_post_to_subs":false,"_jetpack_newsletter_tier_id":0,"_jetpack_memberships_contains_paywalled_content":false,"_jetpack_memberships_contains_paid_content":false,"footnotes":""},"categories":[76,85],"tags":[],"class_list":{"0":"post-13751","1":"post","2":"type-post","3":"status-publish","4":"format-standard","5":"has-post-thumbnail","7":"category-municipios","8":"category-villagran"},"yoast_head":"<!-- This site is optimized with the Yoast SEO plugin v27.3 - https:\/\/yoast.com\/product\/yoast-seo-wordpress\/ -->\n<title>Impulsan nuevos festivales y proyectos para atraer turismo y fortalecer econom\u00eda. - El Hijo del llanero solititito<\/title>\n<meta name=\"robots\" content=\"index, follow, max-snippet:-1, max-image-preview:large, max-video-preview:-1\" \/>\n<link rel=\"canonical\" href=\"https:\/\/elhijodelllanero.mx\/index.php\/2026\/04\/11\/impulsan-nuevos-festivales-y-proyectos-para-atraer-turismo-y-fortalecer-economia\/\" \/>\n<meta property=\"og:locale\" content=\"es_ES\" \/>\n<meta property=\"og:type\" content=\"article\" \/>\n<meta property=\"og:title\" content=\"Impulsan nuevos festivales y proyectos para atraer turismo y fortalecer econom\u00eda. - El Hijo del llanero solititito\" \/>\n<meta property=\"og:description\" content=\"Villagr\u00e1n, Gto. 11 de abril del 2026.-Con el objetivo de posicionarse como un destino con identidad propia, autoridades municipales presentaron en Le\u00f3n una serie de proyectos tur\u00edsticos enfocados en atraer visitantes y generar mayor actividad econ\u00f3mica. Entre las propuestas destaca el \u201cMercadito Villagr\u00e1n\u201d, un espacio para que artesanos y comerciantes locales puedan ofrecer sus productos [&hellip;]\" \/>\n<meta property=\"og:url\" content=\"https:\/\/elhijodelllanero.mx\/index.php\/2026\/04\/11\/impulsan-nuevos-festivales-y-proyectos-para-atraer-turismo-y-fortalecer-economia\/\" \/>\n<meta property=\"og:site_name\" content=\"El Hijo del llanero solititito\" \/>\n<meta property=\"article:published_time\" content=\"2026-04-11T15:49:35+00:00\" \/>\n<meta property=\"og:image\" content=\"https:\/\/elhijodelllanero.mx\/wp-content\/uploads\/2026\/04\/IMG-20260411-WA0001.jpg\" \/>\n\t<meta property=\"og:image:width\" content=\"1600\" \/>\n\t<meta property=\"og:image:height\" content=\"687\" \/>\n\t<meta property=\"og:image:type\" content=\"image\/jpeg\" \/>\n<meta name=\"author\" content=\"Mar\u00eda de la Paz Rodarte Ram\u00edrez\" \/>\n<meta name=\"twitter:card\" content=\"summary_large_image\" \/>\n<meta name=\"twitter:label1\" content=\"Escrito por\" \/>\n\t<meta name=\"twitter:data1\" content=\"Mar\u00eda de la Paz Rodarte Ram\u00edrez\" \/>\n\t<meta name=\"twitter:label2\" content=\"Tiempo de lectura\" \/>\n\t<meta name=\"twitter:data2\" content=\"1 minuto\" \/>\n<script type=\"application\/ld+json\" class=\"yoast-schema-graph\">{\"@context\":\"https:\\\/\\\/schema.org\",\"@graph\":[{\"@type\":\"Article\",\"@id\":\"https:\\\/\\\/elhijodelllanero.mx\\\/index.php\\\/2026\\\/04\\\/11\\\/impulsan-nuevos-festivales-y-proyectos-para-atraer-turismo-y-fortalecer-economia\\\/#article\",\"isPartOf\":{\"@id\":\"https:\\\/\\\/elhijodelllanero.mx\\\/index.php\\\/2026\\\/04\\\/11\\\/impulsan-nuevos-festivales-y-proyectos-para-atraer-turismo-y-fortalecer-economia\\\/\"},\"author\":{\"name\":\"Mar\u00eda de la Paz Rodarte Ram\u00edrez\",\"@id\":\"https:\\\/\\\/elhijodelllanero.mx\\\/#\\\/schema\\\/person\\\/c7f8c86c55c1eab44ae2b93a9628245f\"},\"headline\":\"Impulsan nuevos festivales y proyectos para atraer turismo y fortalecer econom\u00eda.\",\"datePublished\":\"2026-04-11T15:49:35+00:00\",\"mainEntityOfPage\":{\"@id\":\"https:\\\/\\\/elhijodelllanero.mx\\\/index.php\\\/2026\\\/04\\\/11\\\/impulsan-nuevos-festivales-y-proyectos-para-atraer-turismo-y-fortalecer-economia\\\/\"},\"wordCount\":194,\"commentCount\":0,\"image\":{\"@id\":\"https:\\\/\\\/elhijodelllanero.mx\\\/index.php\\\/2026\\\/04\\\/11\\\/impulsan-nuevos-festivales-y-proyectos-para-atraer-turismo-y-fortalecer-economia\\\/#primaryimage\"},\"thumbnailUrl\":\"https:\\\/\\\/i0.wp.com\\\/elhijodelllanero.mx\\\/wp-content\\\/uploads\\\/2026\\\/04\\\/IMG-20260411-WA0001.jpg?fit=1600%2C687&ssl=1\",\"articleSection\":[\"MUNICIPIOS\",\"Villagr\u00e1n\"],\"inLanguage\":\"es\",\"potentialAction\":[{\"@type\":\"CommentAction\",\"name\":\"Comment\",\"target\":[\"https:\\\/\\\/elhijodelllanero.mx\\\/index.php\\\/2026\\\/04\\\/11\\\/impulsan-nuevos-festivales-y-proyectos-para-atraer-turismo-y-fortalecer-economia\\\/#respond\"]}]},{\"@type\":\"WebPage\",\"@id\":\"https:\\\/\\\/elhijodelllanero.mx\\\/index.php\\\/2026\\\/04\\\/11\\\/impulsan-nuevos-festivales-y-proyectos-para-atraer-turismo-y-fortalecer-economia\\\/\",\"url\":\"https:\\\/\\\/elhijodelllanero.mx\\\/index.php\\\/2026\\\/04\\\/11\\\/impulsan-nuevos-festivales-y-proyectos-para-atraer-turismo-y-fortalecer-economia\\\/\",\"name\":\"Impulsan nuevos festivales y proyectos para atraer turismo y fortalecer econom\u00eda. - El Hijo del llanero solititito\",\"isPartOf\":{\"@id\":\"https:\\\/\\\/elhijodelllanero.mx\\\/#website\"},\"primaryImageOfPage\":{\"@id\":\"https:\\\/\\\/elhijodelllanero.mx\\\/index.php\\\/2026\\\/04\\\/11\\\/impulsan-nuevos-festivales-y-proyectos-para-atraer-turismo-y-fortalecer-economia\\\/#primaryimage\"},\"image\":{\"@id\":\"https:\\\/\\\/elhijodelllanero.mx\\\/index.php\\\/2026\\\/04\\\/11\\\/impulsan-nuevos-festivales-y-proyectos-para-atraer-turismo-y-fortalecer-economia\\\/#primaryimage\"},\"thumbnailUrl\":\"https:\\\/\\\/i0.wp.com\\\/elhijodelllanero.mx\\\/wp-content\\\/uploads\\\/2026\\\/04\\\/IMG-20260411-WA0001.jpg?fit=1600%2C687&ssl=1\",\"datePublished\":\"2026-04-11T15:49:35+00:00\",\"author\":{\"@id\":\"https:\\\/\\\/elhijodelllanero.mx\\\/#\\\/schema\\\/person\\\/c7f8c86c55c1eab44ae2b93a9628245f\"},\"breadcrumb\":{\"@id\":\"https:\\\/\\\/elhijodelllanero.mx\\\/index.php\\\/2026\\\/04\\\/11\\\/impulsan-nuevos-festivales-y-proyectos-para-atraer-turismo-y-fortalecer-economia\\\/#breadcrumb\"},\"inLanguage\":\"es\",\"potentialAction\":[{\"@type\":\"ReadAction\",\"target\":[\"https:\\\/\\\/elhijodelllanero.mx\\\/index.php\\\/2026\\\/04\\\/11\\\/impulsan-nuevos-festivales-y-proyectos-para-atraer-turismo-y-fortalecer-economia\\\/\"]}]},{\"@type\":\"ImageObject\",\"inLanguage\":\"es\",\"@id\":\"https:\\\/\\\/elhijodelllanero.mx\\\/index.php\\\/2026\\\/04\\\/11\\\/impulsan-nuevos-festivales-y-proyectos-para-atraer-turismo-y-fortalecer-economia\\\/#primaryimage\",\"url\":\"https:\\\/\\\/i0.wp.com\\\/elhijodelllanero.mx\\\/wp-content\\\/uploads\\\/2026\\\/04\\\/IMG-20260411-WA0001.jpg?fit=1600%2C687&ssl=1\",\"contentUrl\":\"https:\\\/\\\/i0.wp.com\\\/elhijodelllanero.mx\\\/wp-content\\\/uploads\\\/2026\\\/04\\\/IMG-20260411-WA0001.jpg?fit=1600%2C687&ssl=1\",\"width\":1600,\"height\":687},{\"@type\":\"BreadcrumbList\",\"@id\":\"https:\\\/\\\/elhijodelllanero.mx\\\/index.php\\\/2026\\\/04\\\/11\\\/impulsan-nuevos-festivales-y-proyectos-para-atraer-turismo-y-fortalecer-economia\\\/#breadcrumb\",\"itemListElement\":[{\"@type\":\"ListItem\",\"position\":1,\"name\":\"Portada\",\"item\":\"https:\\\/\\\/elhijodelllanero.mx\\\/\"},{\"@type\":\"ListItem\",\"position\":2,\"name\":\"Impulsan nuevos festivales y proyectos para atraer turismo y fortalecer econom\u00eda.\"}]},{\"@type\":\"WebSite\",\"@id\":\"https:\\\/\\\/elhijodelllanero.mx\\\/#website\",\"url\":\"https:\\\/\\\/elhijodelllanero.mx\\\/\",\"name\":\"El Hijo del llanero solititito\",\"description\":\"\",\"potentialAction\":[{\"@type\":\"SearchAction\",\"target\":{\"@type\":\"EntryPoint\",\"urlTemplate\":\"https:\\\/\\\/elhijodelllanero.mx\\\/?s={search_term_string}\"},\"query-input\":{\"@type\":\"PropertyValueSpecification\",\"valueRequired\":true,\"valueName\":\"search_term_string\"}}],\"inLanguage\":\"es\"},{\"@type\":\"Person\",\"@id\":\"https:\\\/\\\/elhijodelllanero.mx\\\/#\\\/schema\\\/person\\\/c7f8c86c55c1eab44ae2b93a9628245f\",\"name\":\"Mar\u00eda de la Paz Rodarte Ram\u00edrez\",\"image\":{\"@type\":\"ImageObject\",\"inLanguage\":\"es\",\"@id\":\"https:\\\/\\\/secure.gravatar.com\\\/avatar\\\/1f38f8518b09a266af73da2bce78d69e7d1275299970134ed62f572e0487e1d0?s=96&d=mm&r=g\",\"url\":\"https:\\\/\\\/secure.gravatar.com\\\/avatar\\\/1f38f8518b09a266af73da2bce78d69e7d1275299970134ed62f572e0487e1d0?s=96&d=mm&r=g\",\"contentUrl\":\"https:\\\/\\\/secure.gravatar.com\\\/avatar\\\/1f38f8518b09a266af73da2bce78d69e7d1275299970134ed62f572e0487e1d0?s=96&d=mm&r=g\",\"caption\":\"Mar\u00eda de la Paz Rodarte Ram\u00edrez\"},\"sameAs\":[\"https:\\\/\\\/www.elhijodelllanero.mx\"],\"url\":\"https:\\\/\\\/elhijodelllanero.mx\\\/index.php\\\/author\\\/maricuas\\\/\"}]}<\/script>\n<!-- \/ Yoast SEO plugin. -->","yoast_head_json":{"title":"Impulsan nuevos festivales y proyectos para atraer turismo y fortalecer econom\u00eda. - El Hijo del llanero solititito","robots":{"index":"index","follow":"follow","max-snippet":"max-snippet:-1","max-image-preview":"max-image-preview:large","max-video-preview":"max-video-preview:-1"},"canonical":"https:\/\/elhijodelllanero.mx\/index.php\/2026\/04\/11\/impulsan-nuevos-festivales-y-proyectos-para-atraer-turismo-y-fortalecer-economia\/","og_locale":"es_ES","og_type":"article","og_title":"Impulsan nuevos festivales y proyectos para atraer turismo y fortalecer econom\u00eda. - El Hijo del llanero solititito","og_description":"Villagr\u00e1n, Gto. 11 de abril del 2026.-Con el objetivo de posicionarse como un destino con identidad propia, autoridades municipales presentaron en Le\u00f3n una serie de proyectos tur\u00edsticos enfocados en atraer visitantes y generar mayor actividad econ\u00f3mica. Entre las propuestas destaca el \u201cMercadito Villagr\u00e1n\u201d, un espacio para que artesanos y comerciantes locales puedan ofrecer sus productos [&hellip;]","og_url":"https:\/\/elhijodelllanero.mx\/index.php\/2026\/04\/11\/impulsan-nuevos-festivales-y-proyectos-para-atraer-turismo-y-fortalecer-economia\/","og_site_name":"El Hijo del llanero solititito","article_published_time":"2026-04-11T15:49:35+00:00","og_image":[{"width":1600,"height":687,"url":"https:\/\/elhijodelllanero.mx\/wp-content\/uploads\/2026\/04\/IMG-20260411-WA0001.jpg","type":"image\/jpeg"}],"author":"Mar\u00eda de la Paz Rodarte Ram\u00edrez","twitter_card":"summary_large_image","twitter_misc":{"Escrito por":"Mar\u00eda de la Paz Rodarte Ram\u00edrez","Tiempo de lectura":"1 minuto"},"schema":{"@context":"https:\/\/schema.org","@graph":[{"@type":"Article","@id":"https:\/\/elhijodelllanero.mx\/index.php\/2026\/04\/11\/impulsan-nuevos-festivales-y-proyectos-para-atraer-turismo-y-fortalecer-economia\/#article","isPartOf":{"@id":"https:\/\/elhijodelllanero.mx\/index.php\/2026\/04\/11\/impulsan-nuevos-festivales-y-proyectos-para-atraer-turismo-y-fortalecer-economia\/"},"author":{"name":"Mar\u00eda de la Paz Rodarte Ram\u00edrez","@id":"https:\/\/elhijodelllanero.mx\/#\/schema\/person\/c7f8c86c55c1eab44ae2b93a9628245f"},"headline":"Impulsan nuevos festivales y proyectos para atraer turismo y fortalecer econom\u00eda.","datePublished":"2026-04-11T15:49:35+00:00","mainEntityOfPage":{"@id":"https:\/\/elhijodelllanero.mx\/index.php\/2026\/04\/11\/impulsan-nuevos-festivales-y-proyectos-para-atraer-turismo-y-fortalecer-economia\/"},"wordCount":194,"commentCount":0,"image":{"@id":"https:\/\/elhijodelllanero.mx\/index.php\/2026\/04\/11\/impulsan-nuevos-festivales-y-proyectos-para-atraer-turismo-y-fortalecer-economia\/#primaryimage"},"thumbnailUrl":"https:\/\/i0.wp.com\/elhijodelllanero.mx\/wp-content\/uploads\/2026\/04\/IMG-20260411-WA0001.jpg?fit=1600%2C687&ssl=1","articleSection":["MUNICIPIOS","Villagr\u00e1n"],"inLanguage":"es","potentialAction":[{"@type":"CommentAction","name":"Comment","target":["https:\/\/elhijodelllanero.mx\/index.php\/2026\/04\/11\/impulsan-nuevos-festivales-y-proyectos-para-atraer-turismo-y-fortalecer-economia\/#respond"]}]},{"@type":"WebPage","@id":"https:\/\/elhijodelllanero.mx\/index.php\/2026\/04\/11\/impulsan-nuevos-festivales-y-proyectos-para-atraer-turismo-y-fortalecer-economia\/","url":"https:\/\/elhijodelllanero.mx\/index.php\/2026\/04\/11\/impulsan-nuevos-festivales-y-proyectos-para-atraer-turismo-y-fortalecer-economia\/","name":"Impulsan nuevos festivales y proyectos para atraer turismo y fortalecer econom\u00eda. - El Hijo del llanero solititito","isPartOf":{"@id":"https:\/\/elhijodelllanero.mx\/#website"},"primaryImageOfPage":{"@id":"https:\/\/elhijodelllanero.mx\/index.php\/2026\/04\/11\/impulsan-nuevos-festivales-y-proyectos-para-atraer-turismo-y-fortalecer-economia\/#primaryimage"},"image":{"@id":"https:\/\/elhijodelllanero.mx\/index.php\/2026\/04\/11\/impulsan-nuevos-festivales-y-proyectos-para-atraer-turismo-y-fortalecer-economia\/#primaryimage"},"thumbnailUrl":"https:\/\/i0.wp.com\/elhijodelllanero.mx\/wp-content\/uploads\/2026\/04\/IMG-20260411-WA0001.jpg?fit=1600%2C687&ssl=1","datePublished":"2026-04-11T15:49:35+00:00","author":{"@id":"https:\/\/elhijodelllanero.mx\/#\/schema\/person\/c7f8c86c55c1eab44ae2b93a9628245f"},"breadcrumb":{"@id":"https:\/\/elhijodelllanero.mx\/index.php\/2026\/04\/11\/impulsan-nuevos-festivales-y-proyectos-para-atraer-turismo-y-fortalecer-economia\/#breadcrumb"},"inLanguage":"es","potentialAction":[{"@type":"ReadAction","target":["https:\/\/elhijodelllanero.mx\/index.php\/2026\/04\/11\/impulsan-nuevos-festivales-y-proyectos-para-atraer-turismo-y-fortalecer-economia\/"]}]},{"@type":"ImageObject","inLanguage":"es","@id":"https:\/\/elhijodelllanero.mx\/index.php\/2026\/04\/11\/impulsan-nuevos-festivales-y-proyectos-para-atraer-turismo-y-fortalecer-economia\/#primaryimage","url":"https:\/\/i0.wp.com\/elhijodelllanero.mx\/wp-content\/uploads\/2026\/04\/IMG-20260411-WA0001.jpg?fit=1600%2C687&ssl=1","contentUrl":"https:\/\/i0.wp.com\/elhijodelllanero.mx\/wp-content\/uploads\/2026\/04\/IMG-20260411-WA0001.jpg?fit=1600%2C687&ssl=1","width":1600,"height":687},{"@type":"BreadcrumbList","@id":"https:\/\/elhijodelllanero.mx\/index.php\/2026\/04\/11\/impulsan-nuevos-festivales-y-proyectos-para-atraer-turismo-y-fortalecer-economia\/#breadcrumb","itemListElement":[{"@type":"ListItem","position":1,"name":"Portada","item":"https:\/\/elhijodelllanero.mx\/"},{"@type":"ListItem","position":2,"name":"Impulsan nuevos festivales y proyectos para atraer turismo y fortalecer econom\u00eda."}]},{"@type":"WebSite","@id":"https:\/\/elhijodelllanero.mx\/#website","url":"https:\/\/elhijodelllanero.mx\/","name":"El Hijo del llanero solititito","description":"","potentialAction":[{"@type":"SearchAction","target":{"@type":"EntryPoint","urlTemplate":"https:\/\/elhijodelllanero.mx\/?s={search_term_string}"},"query-input":{"@type":"PropertyValueSpecification","valueRequired":true,"valueName":"search_term_string"}}],"inLanguage":"es"},{"@type":"Person","@id":"https:\/\/elhijodelllanero.mx\/#\/schema\/person\/c7f8c86c55c1eab44ae2b93a9628245f","name":"Mar\u00eda de la Paz Rodarte Ram\u00edrez","image":{"@type":"ImageObject","inLanguage":"es","@id":"https:\/\/secure.gravatar.com\/avatar\/1f38f8518b09a266af73da2bce78d69e7d1275299970134ed62f572e0487e1d0?s=96&d=mm&r=g","url":"https:\/\/secure.gravatar.com\/avatar\/1f38f8518b09a266af73da2bce78d69e7d1275299970134ed62f572e0487e1d0?s=96&d=mm&r=g","contentUrl":"https:\/\/secure.gravatar.com\/avatar\/1f38f8518b09a266af73da2bce78d69e7d1275299970134ed62f572e0487e1d0?s=96&d=mm&r=g","caption":"Mar\u00eda de la Paz Rodarte Ram\u00edrez"},"sameAs":["https:\/\/www.elhijodelllanero.mx"],"url":"https:\/\/elhijodelllanero.mx\/index.php\/author\/maricuas\/"}]}},"jetpack_featured_media_url":"https:\/\/i0.wp.com\/elhijodelllanero.mx\/wp-content\/uploads\/2026\/04\/IMG-20260411-WA0001.jpg?fit=1600%2C687&ssl=1","jetpack-related-posts":[],"jetpack_sharing_enabled":true,"_links":{"self":[{"href":"https:\/\/elhijodelllanero.mx\/index.php\/wp-json\/wp\/v2\/posts\/13751","targetHints":{"allow":["GET"]}}],"collection":[{"href":"https:\/\/elhijodelllanero.mx\/index.php\/wp-json\/wp\/v2\/posts"}],"about":[{"href":"https:\/\/elhijodelllanero.mx\/index.php\/wp-json\/wp\/v2\/types\/post"}],"author":[{"embeddable":true,"href":"https:\/\/elhijodelllanero.mx\/index.php\/wp-json\/wp\/v2\/users\/3"}],"replies":[{"embeddable":true,"href":"https:\/\/elhijodelllanero.mx\/index.php\/wp-json\/wp\/v2\/comments?post=13751"}],"version-history":[{"count":1,"href":"https:\/\/elhijodelllanero.mx\/index.php\/wp-json\/wp\/v2\/posts\/13751\/revisions"}],"predecessor-version":[{"id":13753,"href":"https:\/\/elhijodelllanero.mx\/index.php\/wp-json\/wp\/v2\/posts\/13751\/revisions\/13753"}],"wp:featuredmedia":[{"embeddable":true,"href":"https:\/\/elhijodelllanero.mx\/index.php\/wp-json\/wp\/v2\/media\/13752"}],"wp:attachment":[{"href":"https:\/\/elhijodelllanero.mx\/index.php\/wp-json\/wp\/v2\/media?parent=13751"}],"wp:term":[{"taxonomy":"category","embeddable":true,"href":"https:\/\/elhijodelllanero.mx\/index.php\/wp-json\/wp\/v2\/categories?post=13751"},{"taxonomy":"post_tag","embeddable":true,"href":"https:\/\/elhijodelllanero.mx\/index.php\/wp-json\/wp\/v2\/tags?post=13751"}],"curies":[{"name":"wp","href":"https:\/\/api.w.org\/{rel}","templated":true}]}}