{"id":13754,"date":"2026-04-11T15:51:21","date_gmt":"2026-04-11T15:51:21","guid":{"rendered":"https:\/\/elhijodelllanero.mx\/?p=13754"},"modified":"2026-04-11T15:51:21","modified_gmt":"2026-04-11T15:51:21","slug":"tren-queretaro-irapuato-promete-tarifas-accesibles-pero-aun-sin-precios-definidos","status":"publish","type":"post","link":"https:\/\/elhijodelllanero.mx\/index.php\/2026\/04\/11\/tren-queretaro-irapuato-promete-tarifas-accesibles-pero-aun-sin-precios-definidos\/","title":{"rendered":"Tren Quer\u00e9taro\u2013Irapuato promete tarifas accesibles, pero a\u00fan sin precios definidos"},"content":{"rendered":"<p>Cortazar, Gto. 11 de abril del 2026.- Aunque el proyecto del tren de pasajeros Quer\u00e9taro\u2013Irapuato contin\u00faa en desarrollo, las tarifas a\u00fan no han sido definidas. Autoridades federales se\u00f1alaron que la prioridad es que los costos sean competitivos frente a otros medios de transporte y accesibles para la poblaci\u00f3n.<\/p>\n<p>La propuesta contempla ubicar estaciones en zonas con alta concentraci\u00f3n de habitantes, con el objetivo de facilitar el acceso y evitar traslados largos o costosos, especialmente en colonias populares.<\/p>\n<p>\u201cEs correcto, muy competitivos, por eso quiere la presidenta que est\u00e9n las estaciones en donde est\u00e1 el grueso de las personas, en las colonias populares, entonces es con esa finalidad de que todos puedan, un tren para servicio de la gente\u201d, se\u00f1al\u00f3 la titular de la SICT en Guanajuato.<\/p>\n<p>Por ahora, el an\u00e1lisis de precios contin\u00faa en proceso, buscando que el servicio no solo reduzca tiempos de traslado, sino que tambi\u00e9n represente una opci\u00f3n econ\u00f3mica para los usuarios.<\/p>\n","protected":false},"excerpt":{"rendered":"<p>Cortazar, Gto. 11 de abril del 2026.- Aunque el proyecto del tren de pasajeros Quer\u00e9taro\u2013Irapuato contin\u00faa en desarrollo, las tarifas a\u00fan no han sido definidas. Autoridades federales se\u00f1alaron que la prioridad es que los costos sean competitivos frente a otros medios de transporte y accesibles para la poblaci\u00f3n. La propuesta contempla ubicar estaciones en zonas [&hellip;]<\/p>\n","protected":false},"author":3,"featured_media":13755,"comment_status":"open","ping_status":"closed","sticky":false,"template":"","format":"standard","meta":{"_jetpack_newsletter_access":"","_jetpack_dont_email_post_to_subs":false,"_jetpack_newsletter_tier_id":0,"_jetpack_memberships_contains_paywalled_content":false,"_jetpack_memberships_contains_paid_content":false,"footnotes":""},"categories":[77,76],"tags":[],"class_list":{"0":"post-13754","1":"post","2":"type-post","3":"status-publish","4":"format-standard","5":"has-post-thumbnail","7":"category-cortazar","8":"category-municipios"},"yoast_head":"<!-- This site is optimized with the Yoast SEO plugin v27.3 - https:\/\/yoast.com\/product\/yoast-seo-wordpress\/ -->\n<title>Tren Quer\u00e9taro\u2013Irapuato promete tarifas accesibles, pero a\u00fan sin precios definidos - El Hijo del llanero solititito<\/title>\n<meta name=\"robots\" content=\"index, follow, max-snippet:-1, max-image-preview:large, max-video-preview:-1\" \/>\n<link rel=\"canonical\" href=\"https:\/\/elhijodelllanero.mx\/index.php\/2026\/04\/11\/tren-queretaro-irapuato-promete-tarifas-accesibles-pero-aun-sin-precios-definidos\/\" \/>\n<meta property=\"og:locale\" content=\"es_ES\" \/>\n<meta property=\"og:type\" content=\"article\" \/>\n<meta property=\"og:title\" content=\"Tren Quer\u00e9taro\u2013Irapuato promete tarifas accesibles, pero a\u00fan sin precios definidos - El Hijo del llanero solititito\" \/>\n<meta property=\"og:description\" content=\"Cortazar, Gto. 11 de abril del 2026.- Aunque el proyecto del tren de pasajeros Quer\u00e9taro\u2013Irapuato contin\u00faa en desarrollo, las tarifas a\u00fan no han sido definidas. Autoridades federales se\u00f1alaron que la prioridad es que los costos sean competitivos frente a otros medios de transporte y accesibles para la poblaci\u00f3n. La propuesta contempla ubicar estaciones en zonas [&hellip;]\" \/>\n<meta property=\"og:url\" content=\"https:\/\/elhijodelllanero.mx\/index.php\/2026\/04\/11\/tren-queretaro-irapuato-promete-tarifas-accesibles-pero-aun-sin-precios-definidos\/\" \/>\n<meta property=\"og:site_name\" content=\"El Hijo del llanero solititito\" \/>\n<meta property=\"article:published_time\" content=\"2026-04-11T15:51:21+00:00\" \/>\n<meta property=\"og:image\" content=\"https:\/\/elhijodelllanero.mx\/wp-content\/uploads\/2026\/04\/IMG-20260411-WA0003.jpg\" \/>\n\t<meta property=\"og:image:width\" content=\"1280\" \/>\n\t<meta property=\"og:image:height\" content=\"853\" \/>\n\t<meta property=\"og:image:type\" content=\"image\/jpeg\" \/>\n<meta name=\"author\" content=\"Mar\u00eda de la Paz Rodarte Ram\u00edrez\" \/>\n<meta name=\"twitter:card\" content=\"summary_large_image\" \/>\n<meta name=\"twitter:label1\" content=\"Escrito por\" \/>\n\t<meta name=\"twitter:data1\" content=\"Mar\u00eda de la Paz Rodarte Ram\u00edrez\" \/>\n\t<meta name=\"twitter:label2\" content=\"Tiempo de lectura\" \/>\n\t<meta name=\"twitter:data2\" content=\"1 minuto\" \/>\n<script type=\"application\/ld+json\" class=\"yoast-schema-graph\">{\"@context\":\"https:\\\/\\\/schema.org\",\"@graph\":[{\"@type\":\"Article\",\"@id\":\"https:\\\/\\\/elhijodelllanero.mx\\\/index.php\\\/2026\\\/04\\\/11\\\/tren-queretaro-irapuato-promete-tarifas-accesibles-pero-aun-sin-precios-definidos\\\/#article\",\"isPartOf\":{\"@id\":\"https:\\\/\\\/elhijodelllanero.mx\\\/index.php\\\/2026\\\/04\\\/11\\\/tren-queretaro-irapuato-promete-tarifas-accesibles-pero-aun-sin-precios-definidos\\\/\"},\"author\":{\"name\":\"Mar\u00eda de la Paz Rodarte Ram\u00edrez\",\"@id\":\"https:\\\/\\\/elhijodelllanero.mx\\\/#\\\/schema\\\/person\\\/c7f8c86c55c1eab44ae2b93a9628245f\"},\"headline\":\"Tren Quer\u00e9taro\u2013Irapuato promete tarifas accesibles, pero a\u00fan sin precios definidos\",\"datePublished\":\"2026-04-11T15:51:21+00:00\",\"mainEntityOfPage\":{\"@id\":\"https:\\\/\\\/elhijodelllanero.mx\\\/index.php\\\/2026\\\/04\\\/11\\\/tren-queretaro-irapuato-promete-tarifas-accesibles-pero-aun-sin-precios-definidos\\\/\"},\"wordCount\":181,\"commentCount\":0,\"image\":{\"@id\":\"https:\\\/\\\/elhijodelllanero.mx\\\/index.php\\\/2026\\\/04\\\/11\\\/tren-queretaro-irapuato-promete-tarifas-accesibles-pero-aun-sin-precios-definidos\\\/#primaryimage\"},\"thumbnailUrl\":\"https:\\\/\\\/i0.wp.com\\\/elhijodelllanero.mx\\\/wp-content\\\/uploads\\\/2026\\\/04\\\/IMG-20260411-WA0003.jpg?fit=1280%2C853&ssl=1\",\"articleSection\":[\"CORTAZAR\",\"MUNICIPIOS\"],\"inLanguage\":\"es\",\"potentialAction\":[{\"@type\":\"CommentAction\",\"name\":\"Comment\",\"target\":[\"https:\\\/\\\/elhijodelllanero.mx\\\/index.php\\\/2026\\\/04\\\/11\\\/tren-queretaro-irapuato-promete-tarifas-accesibles-pero-aun-sin-precios-definidos\\\/#respond\"]}]},{\"@type\":\"WebPage\",\"@id\":\"https:\\\/\\\/elhijodelllanero.mx\\\/index.php\\\/2026\\\/04\\\/11\\\/tren-queretaro-irapuato-promete-tarifas-accesibles-pero-aun-sin-precios-definidos\\\/\",\"url\":\"https:\\\/\\\/elhijodelllanero.mx\\\/index.php\\\/2026\\\/04\\\/11\\\/tren-queretaro-irapuato-promete-tarifas-accesibles-pero-aun-sin-precios-definidos\\\/\",\"name\":\"Tren Quer\u00e9taro\u2013Irapuato promete tarifas accesibles, pero a\u00fan sin precios definidos - El Hijo del llanero solititito\",\"isPartOf\":{\"@id\":\"https:\\\/\\\/elhijodelllanero.mx\\\/#website\"},\"primaryImageOfPage\":{\"@id\":\"https:\\\/\\\/elhijodelllanero.mx\\\/index.php\\\/2026\\\/04\\\/11\\\/tren-queretaro-irapuato-promete-tarifas-accesibles-pero-aun-sin-precios-definidos\\\/#primaryimage\"},\"image\":{\"@id\":\"https:\\\/\\\/elhijodelllanero.mx\\\/index.php\\\/2026\\\/04\\\/11\\\/tren-queretaro-irapuato-promete-tarifas-accesibles-pero-aun-sin-precios-definidos\\\/#primaryimage\"},\"thumbnailUrl\":\"https:\\\/\\\/i0.wp.com\\\/elhijodelllanero.mx\\\/wp-content\\\/uploads\\\/2026\\\/04\\\/IMG-20260411-WA0003.jpg?fit=1280%2C853&ssl=1\",\"datePublished\":\"2026-04-11T15:51:21+00:00\",\"author\":{\"@id\":\"https:\\\/\\\/elhijodelllanero.mx\\\/#\\\/schema\\\/person\\\/c7f8c86c55c1eab44ae2b93a9628245f\"},\"breadcrumb\":{\"@id\":\"https:\\\/\\\/elhijodelllanero.mx\\\/index.php\\\/2026\\\/04\\\/11\\\/tren-queretaro-irapuato-promete-tarifas-accesibles-pero-aun-sin-precios-definidos\\\/#breadcrumb\"},\"inLanguage\":\"es\",\"potentialAction\":[{\"@type\":\"ReadAction\",\"target\":[\"https:\\\/\\\/elhijodelllanero.mx\\\/index.php\\\/2026\\\/04\\\/11\\\/tren-queretaro-irapuato-promete-tarifas-accesibles-pero-aun-sin-precios-definidos\\\/\"]}]},{\"@type\":\"ImageObject\",\"inLanguage\":\"es\",\"@id\":\"https:\\\/\\\/elhijodelllanero.mx\\\/index.php\\\/2026\\\/04\\\/11\\\/tren-queretaro-irapuato-promete-tarifas-accesibles-pero-aun-sin-precios-definidos\\\/#primaryimage\",\"url\":\"https:\\\/\\\/i0.wp.com\\\/elhijodelllanero.mx\\\/wp-content\\\/uploads\\\/2026\\\/04\\\/IMG-20260411-WA0003.jpg?fit=1280%2C853&ssl=1\",\"contentUrl\":\"https:\\\/\\\/i0.wp.com\\\/elhijodelllanero.mx\\\/wp-content\\\/uploads\\\/2026\\\/04\\\/IMG-20260411-WA0003.jpg?fit=1280%2C853&ssl=1\",\"width\":1280,\"height\":853},{\"@type\":\"BreadcrumbList\",\"@id\":\"https:\\\/\\\/elhijodelllanero.mx\\\/index.php\\\/2026\\\/04\\\/11\\\/tren-queretaro-irapuato-promete-tarifas-accesibles-pero-aun-sin-precios-definidos\\\/#breadcrumb\",\"itemListElement\":[{\"@type\":\"ListItem\",\"position\":1,\"name\":\"Portada\",\"item\":\"https:\\\/\\\/elhijodelllanero.mx\\\/\"},{\"@type\":\"ListItem\",\"position\":2,\"name\":\"Tren Quer\u00e9taro\u2013Irapuato promete tarifas accesibles, pero a\u00fan sin precios definidos\"}]},{\"@type\":\"WebSite\",\"@id\":\"https:\\\/\\\/elhijodelllanero.mx\\\/#website\",\"url\":\"https:\\\/\\\/elhijodelllanero.mx\\\/\",\"name\":\"El Hijo del llanero solititito\",\"description\":\"\",\"potentialAction\":[{\"@type\":\"SearchAction\",\"target\":{\"@type\":\"EntryPoint\",\"urlTemplate\":\"https:\\\/\\\/elhijodelllanero.mx\\\/?s={search_term_string}\"},\"query-input\":{\"@type\":\"PropertyValueSpecification\",\"valueRequired\":true,\"valueName\":\"search_term_string\"}}],\"inLanguage\":\"es\"},{\"@type\":\"Person\",\"@id\":\"https:\\\/\\\/elhijodelllanero.mx\\\/#\\\/schema\\\/person\\\/c7f8c86c55c1eab44ae2b93a9628245f\",\"name\":\"Mar\u00eda de la Paz Rodarte Ram\u00edrez\",\"image\":{\"@type\":\"ImageObject\",\"inLanguage\":\"es\",\"@id\":\"https:\\\/\\\/secure.gravatar.com\\\/avatar\\\/1f38f8518b09a266af73da2bce78d69e7d1275299970134ed62f572e0487e1d0?s=96&d=mm&r=g\",\"url\":\"https:\\\/\\\/secure.gravatar.com\\\/avatar\\\/1f38f8518b09a266af73da2bce78d69e7d1275299970134ed62f572e0487e1d0?s=96&d=mm&r=g\",\"contentUrl\":\"https:\\\/\\\/secure.gravatar.com\\\/avatar\\\/1f38f8518b09a266af73da2bce78d69e7d1275299970134ed62f572e0487e1d0?s=96&d=mm&r=g\",\"caption\":\"Mar\u00eda de la Paz Rodarte Ram\u00edrez\"},\"sameAs\":[\"https:\\\/\\\/www.elhijodelllanero.mx\"],\"url\":\"https:\\\/\\\/elhijodelllanero.mx\\\/index.php\\\/author\\\/maricuas\\\/\"}]}<\/script>\n<!-- \/ Yoast SEO plugin. -->","yoast_head_json":{"title":"Tren Quer\u00e9taro\u2013Irapuato promete tarifas accesibles, pero a\u00fan sin precios definidos - El Hijo del llanero solititito","robots":{"index":"index","follow":"follow","max-snippet":"max-snippet:-1","max-image-preview":"max-image-preview:large","max-video-preview":"max-video-preview:-1"},"canonical":"https:\/\/elhijodelllanero.mx\/index.php\/2026\/04\/11\/tren-queretaro-irapuato-promete-tarifas-accesibles-pero-aun-sin-precios-definidos\/","og_locale":"es_ES","og_type":"article","og_title":"Tren Quer\u00e9taro\u2013Irapuato promete tarifas accesibles, pero a\u00fan sin precios definidos - El Hijo del llanero solititito","og_description":"Cortazar, Gto. 11 de abril del 2026.- Aunque el proyecto del tren de pasajeros Quer\u00e9taro\u2013Irapuato contin\u00faa en desarrollo, las tarifas a\u00fan no han sido definidas. Autoridades federales se\u00f1alaron que la prioridad es que los costos sean competitivos frente a otros medios de transporte y accesibles para la poblaci\u00f3n. La propuesta contempla ubicar estaciones en zonas [&hellip;]","og_url":"https:\/\/elhijodelllanero.mx\/index.php\/2026\/04\/11\/tren-queretaro-irapuato-promete-tarifas-accesibles-pero-aun-sin-precios-definidos\/","og_site_name":"El Hijo del llanero solititito","article_published_time":"2026-04-11T15:51:21+00:00","og_image":[{"width":1280,"height":853,"url":"https:\/\/elhijodelllanero.mx\/wp-content\/uploads\/2026\/04\/IMG-20260411-WA0003.jpg","type":"image\/jpeg"}],"author":"Mar\u00eda de la Paz Rodarte Ram\u00edrez","twitter_card":"summary_large_image","twitter_misc":{"Escrito por":"Mar\u00eda de la Paz Rodarte Ram\u00edrez","Tiempo de lectura":"1 minuto"},"schema":{"@context":"https:\/\/schema.org","@graph":[{"@type":"Article","@id":"https:\/\/elhijodelllanero.mx\/index.php\/2026\/04\/11\/tren-queretaro-irapuato-promete-tarifas-accesibles-pero-aun-sin-precios-definidos\/#article","isPartOf":{"@id":"https:\/\/elhijodelllanero.mx\/index.php\/2026\/04\/11\/tren-queretaro-irapuato-promete-tarifas-accesibles-pero-aun-sin-precios-definidos\/"},"author":{"name":"Mar\u00eda de la Paz Rodarte Ram\u00edrez","@id":"https:\/\/elhijodelllanero.mx\/#\/schema\/person\/c7f8c86c55c1eab44ae2b93a9628245f"},"headline":"Tren Quer\u00e9taro\u2013Irapuato promete tarifas accesibles, pero a\u00fan sin precios definidos","datePublished":"2026-04-11T15:51:21+00:00","mainEntityOfPage":{"@id":"https:\/\/elhijodelllanero.mx\/index.php\/2026\/04\/11\/tren-queretaro-irapuato-promete-tarifas-accesibles-pero-aun-sin-precios-definidos\/"},"wordCount":181,"commentCount":0,"image":{"@id":"https:\/\/elhijodelllanero.mx\/index.php\/2026\/04\/11\/tren-queretaro-irapuato-promete-tarifas-accesibles-pero-aun-sin-precios-definidos\/#primaryimage"},"thumbnailUrl":"https:\/\/i0.wp.com\/elhijodelllanero.mx\/wp-content\/uploads\/2026\/04\/IMG-20260411-WA0003.jpg?fit=1280%2C853&ssl=1","articleSection":["CORTAZAR","MUNICIPIOS"],"inLanguage":"es","potentialAction":[{"@type":"CommentAction","name":"Comment","target":["https:\/\/elhijodelllanero.mx\/index.php\/2026\/04\/11\/tren-queretaro-irapuato-promete-tarifas-accesibles-pero-aun-sin-precios-definidos\/#respond"]}]},{"@type":"WebPage","@id":"https:\/\/elhijodelllanero.mx\/index.php\/2026\/04\/11\/tren-queretaro-irapuato-promete-tarifas-accesibles-pero-aun-sin-precios-definidos\/","url":"https:\/\/elhijodelllanero.mx\/index.php\/2026\/04\/11\/tren-queretaro-irapuato-promete-tarifas-accesibles-pero-aun-sin-precios-definidos\/","name":"Tren Quer\u00e9taro\u2013Irapuato promete tarifas accesibles, pero a\u00fan sin precios definidos - El Hijo del llanero solititito","isPartOf":{"@id":"https:\/\/elhijodelllanero.mx\/#website"},"primaryImageOfPage":{"@id":"https:\/\/elhijodelllanero.mx\/index.php\/2026\/04\/11\/tren-queretaro-irapuato-promete-tarifas-accesibles-pero-aun-sin-precios-definidos\/#primaryimage"},"image":{"@id":"https:\/\/elhijodelllanero.mx\/index.php\/2026\/04\/11\/tren-queretaro-irapuato-promete-tarifas-accesibles-pero-aun-sin-precios-definidos\/#primaryimage"},"thumbnailUrl":"https:\/\/i0.wp.com\/elhijodelllanero.mx\/wp-content\/uploads\/2026\/04\/IMG-20260411-WA0003.jpg?fit=1280%2C853&ssl=1","datePublished":"2026-04-11T15:51:21+00:00","author":{"@id":"https:\/\/elhijodelllanero.mx\/#\/schema\/person\/c7f8c86c55c1eab44ae2b93a9628245f"},"breadcrumb":{"@id":"https:\/\/elhijodelllanero.mx\/index.php\/2026\/04\/11\/tren-queretaro-irapuato-promete-tarifas-accesibles-pero-aun-sin-precios-definidos\/#breadcrumb"},"inLanguage":"es","potentialAction":[{"@type":"ReadAction","target":["https:\/\/elhijodelllanero.mx\/index.php\/2026\/04\/11\/tren-queretaro-irapuato-promete-tarifas-accesibles-pero-aun-sin-precios-definidos\/"]}]},{"@type":"ImageObject","inLanguage":"es","@id":"https:\/\/elhijodelllanero.mx\/index.php\/2026\/04\/11\/tren-queretaro-irapuato-promete-tarifas-accesibles-pero-aun-sin-precios-definidos\/#primaryimage","url":"https:\/\/i0.wp.com\/elhijodelllanero.mx\/wp-content\/uploads\/2026\/04\/IMG-20260411-WA0003.jpg?fit=1280%2C853&ssl=1","contentUrl":"https:\/\/i0.wp.com\/elhijodelllanero.mx\/wp-content\/uploads\/2026\/04\/IMG-20260411-WA0003.jpg?fit=1280%2C853&ssl=1","width":1280,"height":853},{"@type":"BreadcrumbList","@id":"https:\/\/elhijodelllanero.mx\/index.php\/2026\/04\/11\/tren-queretaro-irapuato-promete-tarifas-accesibles-pero-aun-sin-precios-definidos\/#breadcrumb","itemListElement":[{"@type":"ListItem","position":1,"name":"Portada","item":"https:\/\/elhijodelllanero.mx\/"},{"@type":"ListItem","position":2,"name":"Tren Quer\u00e9taro\u2013Irapuato promete tarifas accesibles, pero a\u00fan sin precios definidos"}]},{"@type":"WebSite","@id":"https:\/\/elhijodelllanero.mx\/#website","url":"https:\/\/elhijodelllanero.mx\/","name":"El Hijo del llanero solititito","description":"","potentialAction":[{"@type":"SearchAction","target":{"@type":"EntryPoint","urlTemplate":"https:\/\/elhijodelllanero.mx\/?s={search_term_string}"},"query-input":{"@type":"PropertyValueSpecification","valueRequired":true,"valueName":"search_term_string"}}],"inLanguage":"es"},{"@type":"Person","@id":"https:\/\/elhijodelllanero.mx\/#\/schema\/person\/c7f8c86c55c1eab44ae2b93a9628245f","name":"Mar\u00eda de la Paz Rodarte Ram\u00edrez","image":{"@type":"ImageObject","inLanguage":"es","@id":"https:\/\/secure.gravatar.com\/avatar\/1f38f8518b09a266af73da2bce78d69e7d1275299970134ed62f572e0487e1d0?s=96&d=mm&r=g","url":"https:\/\/secure.gravatar.com\/avatar\/1f38f8518b09a266af73da2bce78d69e7d1275299970134ed62f572e0487e1d0?s=96&d=mm&r=g","contentUrl":"https:\/\/secure.gravatar.com\/avatar\/1f38f8518b09a266af73da2bce78d69e7d1275299970134ed62f572e0487e1d0?s=96&d=mm&r=g","caption":"Mar\u00eda de la Paz Rodarte Ram\u00edrez"},"sameAs":["https:\/\/www.elhijodelllanero.mx"],"url":"https:\/\/elhijodelllanero.mx\/index.php\/author\/maricuas\/"}]}},"jetpack_featured_media_url":"https:\/\/i0.wp.com\/elhijodelllanero.mx\/wp-content\/uploads\/2026\/04\/IMG-20260411-WA0003.jpg?fit=1280%2C853&ssl=1","jetpack-related-posts":[],"jetpack_sharing_enabled":true,"_links":{"self":[{"href":"https:\/\/elhijodelllanero.mx\/index.php\/wp-json\/wp\/v2\/posts\/13754","targetHints":{"allow":["GET"]}}],"collection":[{"href":"https:\/\/elhijodelllanero.mx\/index.php\/wp-json\/wp\/v2\/posts"}],"about":[{"href":"https:\/\/elhijodelllanero.mx\/index.php\/wp-json\/wp\/v2\/types\/post"}],"author":[{"embeddable":true,"href":"https:\/\/elhijodelllanero.mx\/index.php\/wp-json\/wp\/v2\/users\/3"}],"replies":[{"embeddable":true,"href":"https:\/\/elhijodelllanero.mx\/index.php\/wp-json\/wp\/v2\/comments?post=13754"}],"version-history":[{"count":1,"href":"https:\/\/elhijodelllanero.mx\/index.php\/wp-json\/wp\/v2\/posts\/13754\/revisions"}],"predecessor-version":[{"id":13756,"href":"https:\/\/elhijodelllanero.mx\/index.php\/wp-json\/wp\/v2\/posts\/13754\/revisions\/13756"}],"wp:featuredmedia":[{"embeddable":true,"href":"https:\/\/elhijodelllanero.mx\/index.php\/wp-json\/wp\/v2\/media\/13755"}],"wp:attachment":[{"href":"https:\/\/elhijodelllanero.mx\/index.php\/wp-json\/wp\/v2\/media?parent=13754"}],"wp:term":[{"taxonomy":"category","embeddable":true,"href":"https:\/\/elhijodelllanero.mx\/index.php\/wp-json\/wp\/v2\/categories?post=13754"},{"taxonomy":"post_tag","embeddable":true,"href":"https:\/\/elhijodelllanero.mx\/index.php\/wp-json\/wp\/v2\/tags?post=13754"}],"curies":[{"name":"wp","href":"https:\/\/api.w.org\/{rel}","templated":true}]}}