{"id":13758,"date":"2026-04-11T22:06:45","date_gmt":"2026-04-11T22:06:45","guid":{"rendered":"https:\/\/elhijodelllanero.mx\/?p=13758"},"modified":"2026-04-11T22:06:45","modified_gmt":"2026-04-11T22:06:45","slug":"hallazgo-en-la-sierra-de-san-felipe-moviliza-a-autoridades-este-sabado","status":"publish","type":"post","link":"https:\/\/elhijodelllanero.mx\/index.php\/2026\/04\/11\/hallazgo-en-la-sierra-de-san-felipe-moviliza-a-autoridades-este-sabado\/","title":{"rendered":"Hallazgo en la sierra de San Felipe moviliza a autoridades este s\u00e1bado"},"content":{"rendered":"<p>San Felipe, Gto. 11 de abril del 2026.-La ma\u00f1ana de este s\u00e1bado 11 de abril, lo que parec\u00eda un recorrido tranquilo termin\u00f3 en un hallazgo estremecedor. Ciclistas que transitaban por la zona serrana, a la altura de Mesa de Borregos, en el Vergel de la Sierra, localizaron el cuerpo de un joven suspendido de un \u00e1rbol.<br \/>\nEl reporte se realiz\u00f3 cerca de las 7:00 de la ma\u00f1ana, lo que moviliz\u00f3 de inmediato a elementos de Seguridad P\u00fablica y cuerpos de emergencia de San Felipe, quienes confirmaron que el hombre, de entre 25 y 30 a\u00f1os de edad, ya no contaba con signos vitales.<br \/>\nDe manera extraoficial, se menciona que la v\u00edctima podr\u00eda ser originaria de Le\u00f3n, Guanajuato, aunque hasta el momento no se han dado a conocer sus datos generales.<br \/>\nLa zona fue acordonada mientras peritos y agentes ministeriales realizaban las diligencias correspondientes, as\u00ed como el levantamiento de indicios y del cuerpo.<br \/>\nLas autoridades ya iniciaron la carpeta de investigaci\u00f3n para esclarecer lo ocurrido.<\/p>\n","protected":false},"excerpt":{"rendered":"<p>San Felipe, Gto. 11 de abril del 2026.-La ma\u00f1ana de este s\u00e1bado 11 de abril, lo que parec\u00eda un recorrido tranquilo termin\u00f3 en un hallazgo estremecedor. Ciclistas que transitaban por la zona serrana, a la altura de Mesa de Borregos, en el Vergel de la Sierra, localizaron el cuerpo de un joven suspendido de un [&hellip;]<\/p>\n","protected":false},"author":3,"featured_media":13760,"comment_status":"open","ping_status":"closed","sticky":false,"template":"","format":"standard","meta":{"_jetpack_newsletter_access":"","_jetpack_dont_email_post_to_subs":false,"_jetpack_newsletter_tier_id":0,"_jetpack_memberships_contains_paywalled_content":false,"_jetpack_memberships_contains_paid_content":false,"footnotes":""},"categories":[38],"tags":[],"class_list":{"0":"post-13758","1":"post","2":"type-post","3":"status-publish","4":"format-standard","5":"has-post-thumbnail","7":"category-estado"},"yoast_head":"<!-- This site is optimized with the Yoast SEO plugin v27.3 - https:\/\/yoast.com\/product\/yoast-seo-wordpress\/ -->\n<title>Hallazgo en la sierra de San Felipe moviliza a autoridades este s\u00e1bado - El Hijo del llanero solititito<\/title>\n<meta name=\"robots\" content=\"index, follow, max-snippet:-1, max-image-preview:large, max-video-preview:-1\" \/>\n<link rel=\"canonical\" href=\"https:\/\/elhijodelllanero.mx\/index.php\/2026\/04\/11\/hallazgo-en-la-sierra-de-san-felipe-moviliza-a-autoridades-este-sabado\/\" \/>\n<meta property=\"og:locale\" content=\"es_ES\" \/>\n<meta property=\"og:type\" content=\"article\" \/>\n<meta property=\"og:title\" content=\"Hallazgo en la sierra de San Felipe moviliza a autoridades este s\u00e1bado - El Hijo del llanero solititito\" \/>\n<meta property=\"og:description\" content=\"San Felipe, Gto. 11 de abril del 2026.-La ma\u00f1ana de este s\u00e1bado 11 de abril, lo que parec\u00eda un recorrido tranquilo termin\u00f3 en un hallazgo estremecedor. Ciclistas que transitaban por la zona serrana, a la altura de Mesa de Borregos, en el Vergel de la Sierra, localizaron el cuerpo de un joven suspendido de un [&hellip;]\" \/>\n<meta property=\"og:url\" content=\"https:\/\/elhijodelllanero.mx\/index.php\/2026\/04\/11\/hallazgo-en-la-sierra-de-san-felipe-moviliza-a-autoridades-este-sabado\/\" \/>\n<meta property=\"og:site_name\" content=\"El Hijo del llanero solititito\" \/>\n<meta property=\"article:published_time\" content=\"2026-04-11T22:06:45+00:00\" \/>\n<meta property=\"og:image\" content=\"https:\/\/elhijodelllanero.mx\/wp-content\/uploads\/2026\/04\/WhatsApp-Image-2026-04-11-at-12.31.38-PM.jpeg\" \/>\n\t<meta property=\"og:image:width\" content=\"1600\" \/>\n\t<meta property=\"og:image:height\" content=\"1200\" \/>\n\t<meta property=\"og:image:type\" content=\"image\/jpeg\" \/>\n<meta name=\"author\" content=\"Mar\u00eda de la Paz Rodarte Ram\u00edrez\" \/>\n<meta name=\"twitter:card\" content=\"summary_large_image\" \/>\n<meta name=\"twitter:label1\" content=\"Escrito por\" \/>\n\t<meta name=\"twitter:data1\" content=\"Mar\u00eda de la Paz Rodarte Ram\u00edrez\" \/>\n\t<meta name=\"twitter:label2\" content=\"Tiempo de lectura\" \/>\n\t<meta name=\"twitter:data2\" content=\"1 minuto\" \/>\n<script type=\"application\/ld+json\" class=\"yoast-schema-graph\">{\"@context\":\"https:\\\/\\\/schema.org\",\"@graph\":[{\"@type\":\"Article\",\"@id\":\"https:\\\/\\\/elhijodelllanero.mx\\\/index.php\\\/2026\\\/04\\\/11\\\/hallazgo-en-la-sierra-de-san-felipe-moviliza-a-autoridades-este-sabado\\\/#article\",\"isPartOf\":{\"@id\":\"https:\\\/\\\/elhijodelllanero.mx\\\/index.php\\\/2026\\\/04\\\/11\\\/hallazgo-en-la-sierra-de-san-felipe-moviliza-a-autoridades-este-sabado\\\/\"},\"author\":{\"name\":\"Mar\u00eda de la Paz Rodarte Ram\u00edrez\",\"@id\":\"https:\\\/\\\/elhijodelllanero.mx\\\/#\\\/schema\\\/person\\\/c7f8c86c55c1eab44ae2b93a9628245f\"},\"headline\":\"Hallazgo en la sierra de San Felipe moviliza a autoridades este s\u00e1bado\",\"datePublished\":\"2026-04-11T22:06:45+00:00\",\"mainEntityOfPage\":{\"@id\":\"https:\\\/\\\/elhijodelllanero.mx\\\/index.php\\\/2026\\\/04\\\/11\\\/hallazgo-en-la-sierra-de-san-felipe-moviliza-a-autoridades-este-sabado\\\/\"},\"wordCount\":182,\"commentCount\":0,\"image\":{\"@id\":\"https:\\\/\\\/elhijodelllanero.mx\\\/index.php\\\/2026\\\/04\\\/11\\\/hallazgo-en-la-sierra-de-san-felipe-moviliza-a-autoridades-este-sabado\\\/#primaryimage\"},\"thumbnailUrl\":\"https:\\\/\\\/i0.wp.com\\\/elhijodelllanero.mx\\\/wp-content\\\/uploads\\\/2026\\\/04\\\/WhatsApp-Image-2026-04-11-at-12.31.38-PM.jpeg?fit=1600%2C1200&ssl=1\",\"articleSection\":[\"ESTADO\"],\"inLanguage\":\"es\",\"potentialAction\":[{\"@type\":\"CommentAction\",\"name\":\"Comment\",\"target\":[\"https:\\\/\\\/elhijodelllanero.mx\\\/index.php\\\/2026\\\/04\\\/11\\\/hallazgo-en-la-sierra-de-san-felipe-moviliza-a-autoridades-este-sabado\\\/#respond\"]}]},{\"@type\":\"WebPage\",\"@id\":\"https:\\\/\\\/elhijodelllanero.mx\\\/index.php\\\/2026\\\/04\\\/11\\\/hallazgo-en-la-sierra-de-san-felipe-moviliza-a-autoridades-este-sabado\\\/\",\"url\":\"https:\\\/\\\/elhijodelllanero.mx\\\/index.php\\\/2026\\\/04\\\/11\\\/hallazgo-en-la-sierra-de-san-felipe-moviliza-a-autoridades-este-sabado\\\/\",\"name\":\"Hallazgo en la sierra de San Felipe moviliza a autoridades este s\u00e1bado - El Hijo del llanero solititito\",\"isPartOf\":{\"@id\":\"https:\\\/\\\/elhijodelllanero.mx\\\/#website\"},\"primaryImageOfPage\":{\"@id\":\"https:\\\/\\\/elhijodelllanero.mx\\\/index.php\\\/2026\\\/04\\\/11\\\/hallazgo-en-la-sierra-de-san-felipe-moviliza-a-autoridades-este-sabado\\\/#primaryimage\"},\"image\":{\"@id\":\"https:\\\/\\\/elhijodelllanero.mx\\\/index.php\\\/2026\\\/04\\\/11\\\/hallazgo-en-la-sierra-de-san-felipe-moviliza-a-autoridades-este-sabado\\\/#primaryimage\"},\"thumbnailUrl\":\"https:\\\/\\\/i0.wp.com\\\/elhijodelllanero.mx\\\/wp-content\\\/uploads\\\/2026\\\/04\\\/WhatsApp-Image-2026-04-11-at-12.31.38-PM.jpeg?fit=1600%2C1200&ssl=1\",\"datePublished\":\"2026-04-11T22:06:45+00:00\",\"author\":{\"@id\":\"https:\\\/\\\/elhijodelllanero.mx\\\/#\\\/schema\\\/person\\\/c7f8c86c55c1eab44ae2b93a9628245f\"},\"breadcrumb\":{\"@id\":\"https:\\\/\\\/elhijodelllanero.mx\\\/index.php\\\/2026\\\/04\\\/11\\\/hallazgo-en-la-sierra-de-san-felipe-moviliza-a-autoridades-este-sabado\\\/#breadcrumb\"},\"inLanguage\":\"es\",\"potentialAction\":[{\"@type\":\"ReadAction\",\"target\":[\"https:\\\/\\\/elhijodelllanero.mx\\\/index.php\\\/2026\\\/04\\\/11\\\/hallazgo-en-la-sierra-de-san-felipe-moviliza-a-autoridades-este-sabado\\\/\"]}]},{\"@type\":\"ImageObject\",\"inLanguage\":\"es\",\"@id\":\"https:\\\/\\\/elhijodelllanero.mx\\\/index.php\\\/2026\\\/04\\\/11\\\/hallazgo-en-la-sierra-de-san-felipe-moviliza-a-autoridades-este-sabado\\\/#primaryimage\",\"url\":\"https:\\\/\\\/i0.wp.com\\\/elhijodelllanero.mx\\\/wp-content\\\/uploads\\\/2026\\\/04\\\/WhatsApp-Image-2026-04-11-at-12.31.38-PM.jpeg?fit=1600%2C1200&ssl=1\",\"contentUrl\":\"https:\\\/\\\/i0.wp.com\\\/elhijodelllanero.mx\\\/wp-content\\\/uploads\\\/2026\\\/04\\\/WhatsApp-Image-2026-04-11-at-12.31.38-PM.jpeg?fit=1600%2C1200&ssl=1\",\"width\":1600,\"height\":1200},{\"@type\":\"BreadcrumbList\",\"@id\":\"https:\\\/\\\/elhijodelllanero.mx\\\/index.php\\\/2026\\\/04\\\/11\\\/hallazgo-en-la-sierra-de-san-felipe-moviliza-a-autoridades-este-sabado\\\/#breadcrumb\",\"itemListElement\":[{\"@type\":\"ListItem\",\"position\":1,\"name\":\"Portada\",\"item\":\"https:\\\/\\\/elhijodelllanero.mx\\\/\"},{\"@type\":\"ListItem\",\"position\":2,\"name\":\"Hallazgo en la sierra de San Felipe moviliza a autoridades este s\u00e1bado\"}]},{\"@type\":\"WebSite\",\"@id\":\"https:\\\/\\\/elhijodelllanero.mx\\\/#website\",\"url\":\"https:\\\/\\\/elhijodelllanero.mx\\\/\",\"name\":\"El Hijo del llanero solititito\",\"description\":\"\",\"potentialAction\":[{\"@type\":\"SearchAction\",\"target\":{\"@type\":\"EntryPoint\",\"urlTemplate\":\"https:\\\/\\\/elhijodelllanero.mx\\\/?s={search_term_string}\"},\"query-input\":{\"@type\":\"PropertyValueSpecification\",\"valueRequired\":true,\"valueName\":\"search_term_string\"}}],\"inLanguage\":\"es\"},{\"@type\":\"Person\",\"@id\":\"https:\\\/\\\/elhijodelllanero.mx\\\/#\\\/schema\\\/person\\\/c7f8c86c55c1eab44ae2b93a9628245f\",\"name\":\"Mar\u00eda de la Paz Rodarte Ram\u00edrez\",\"image\":{\"@type\":\"ImageObject\",\"inLanguage\":\"es\",\"@id\":\"https:\\\/\\\/secure.gravatar.com\\\/avatar\\\/1f38f8518b09a266af73da2bce78d69e7d1275299970134ed62f572e0487e1d0?s=96&d=mm&r=g\",\"url\":\"https:\\\/\\\/secure.gravatar.com\\\/avatar\\\/1f38f8518b09a266af73da2bce78d69e7d1275299970134ed62f572e0487e1d0?s=96&d=mm&r=g\",\"contentUrl\":\"https:\\\/\\\/secure.gravatar.com\\\/avatar\\\/1f38f8518b09a266af73da2bce78d69e7d1275299970134ed62f572e0487e1d0?s=96&d=mm&r=g\",\"caption\":\"Mar\u00eda de la Paz Rodarte Ram\u00edrez\"},\"sameAs\":[\"https:\\\/\\\/www.elhijodelllanero.mx\"],\"url\":\"https:\\\/\\\/elhijodelllanero.mx\\\/index.php\\\/author\\\/maricuas\\\/\"}]}<\/script>\n<!-- \/ Yoast SEO plugin. -->","yoast_head_json":{"title":"Hallazgo en la sierra de San Felipe moviliza a autoridades este s\u00e1bado - El Hijo del llanero solititito","robots":{"index":"index","follow":"follow","max-snippet":"max-snippet:-1","max-image-preview":"max-image-preview:large","max-video-preview":"max-video-preview:-1"},"canonical":"https:\/\/elhijodelllanero.mx\/index.php\/2026\/04\/11\/hallazgo-en-la-sierra-de-san-felipe-moviliza-a-autoridades-este-sabado\/","og_locale":"es_ES","og_type":"article","og_title":"Hallazgo en la sierra de San Felipe moviliza a autoridades este s\u00e1bado - El Hijo del llanero solititito","og_description":"San Felipe, Gto. 11 de abril del 2026.-La ma\u00f1ana de este s\u00e1bado 11 de abril, lo que parec\u00eda un recorrido tranquilo termin\u00f3 en un hallazgo estremecedor. Ciclistas que transitaban por la zona serrana, a la altura de Mesa de Borregos, en el Vergel de la Sierra, localizaron el cuerpo de un joven suspendido de un [&hellip;]","og_url":"https:\/\/elhijodelllanero.mx\/index.php\/2026\/04\/11\/hallazgo-en-la-sierra-de-san-felipe-moviliza-a-autoridades-este-sabado\/","og_site_name":"El Hijo del llanero solititito","article_published_time":"2026-04-11T22:06:45+00:00","og_image":[{"width":1600,"height":1200,"url":"https:\/\/elhijodelllanero.mx\/wp-content\/uploads\/2026\/04\/WhatsApp-Image-2026-04-11-at-12.31.38-PM.jpeg","type":"image\/jpeg"}],"author":"Mar\u00eda de la Paz Rodarte Ram\u00edrez","twitter_card":"summary_large_image","twitter_misc":{"Escrito por":"Mar\u00eda de la Paz Rodarte Ram\u00edrez","Tiempo de lectura":"1 minuto"},"schema":{"@context":"https:\/\/schema.org","@graph":[{"@type":"Article","@id":"https:\/\/elhijodelllanero.mx\/index.php\/2026\/04\/11\/hallazgo-en-la-sierra-de-san-felipe-moviliza-a-autoridades-este-sabado\/#article","isPartOf":{"@id":"https:\/\/elhijodelllanero.mx\/index.php\/2026\/04\/11\/hallazgo-en-la-sierra-de-san-felipe-moviliza-a-autoridades-este-sabado\/"},"author":{"name":"Mar\u00eda de la Paz Rodarte Ram\u00edrez","@id":"https:\/\/elhijodelllanero.mx\/#\/schema\/person\/c7f8c86c55c1eab44ae2b93a9628245f"},"headline":"Hallazgo en la sierra de San Felipe moviliza a autoridades este s\u00e1bado","datePublished":"2026-04-11T22:06:45+00:00","mainEntityOfPage":{"@id":"https:\/\/elhijodelllanero.mx\/index.php\/2026\/04\/11\/hallazgo-en-la-sierra-de-san-felipe-moviliza-a-autoridades-este-sabado\/"},"wordCount":182,"commentCount":0,"image":{"@id":"https:\/\/elhijodelllanero.mx\/index.php\/2026\/04\/11\/hallazgo-en-la-sierra-de-san-felipe-moviliza-a-autoridades-este-sabado\/#primaryimage"},"thumbnailUrl":"https:\/\/i0.wp.com\/elhijodelllanero.mx\/wp-content\/uploads\/2026\/04\/WhatsApp-Image-2026-04-11-at-12.31.38-PM.jpeg?fit=1600%2C1200&ssl=1","articleSection":["ESTADO"],"inLanguage":"es","potentialAction":[{"@type":"CommentAction","name":"Comment","target":["https:\/\/elhijodelllanero.mx\/index.php\/2026\/04\/11\/hallazgo-en-la-sierra-de-san-felipe-moviliza-a-autoridades-este-sabado\/#respond"]}]},{"@type":"WebPage","@id":"https:\/\/elhijodelllanero.mx\/index.php\/2026\/04\/11\/hallazgo-en-la-sierra-de-san-felipe-moviliza-a-autoridades-este-sabado\/","url":"https:\/\/elhijodelllanero.mx\/index.php\/2026\/04\/11\/hallazgo-en-la-sierra-de-san-felipe-moviliza-a-autoridades-este-sabado\/","name":"Hallazgo en la sierra de San Felipe moviliza a autoridades este s\u00e1bado - El Hijo del llanero solititito","isPartOf":{"@id":"https:\/\/elhijodelllanero.mx\/#website"},"primaryImageOfPage":{"@id":"https:\/\/elhijodelllanero.mx\/index.php\/2026\/04\/11\/hallazgo-en-la-sierra-de-san-felipe-moviliza-a-autoridades-este-sabado\/#primaryimage"},"image":{"@id":"https:\/\/elhijodelllanero.mx\/index.php\/2026\/04\/11\/hallazgo-en-la-sierra-de-san-felipe-moviliza-a-autoridades-este-sabado\/#primaryimage"},"thumbnailUrl":"https:\/\/i0.wp.com\/elhijodelllanero.mx\/wp-content\/uploads\/2026\/04\/WhatsApp-Image-2026-04-11-at-12.31.38-PM.jpeg?fit=1600%2C1200&ssl=1","datePublished":"2026-04-11T22:06:45+00:00","author":{"@id":"https:\/\/elhijodelllanero.mx\/#\/schema\/person\/c7f8c86c55c1eab44ae2b93a9628245f"},"breadcrumb":{"@id":"https:\/\/elhijodelllanero.mx\/index.php\/2026\/04\/11\/hallazgo-en-la-sierra-de-san-felipe-moviliza-a-autoridades-este-sabado\/#breadcrumb"},"inLanguage":"es","potentialAction":[{"@type":"ReadAction","target":["https:\/\/elhijodelllanero.mx\/index.php\/2026\/04\/11\/hallazgo-en-la-sierra-de-san-felipe-moviliza-a-autoridades-este-sabado\/"]}]},{"@type":"ImageObject","inLanguage":"es","@id":"https:\/\/elhijodelllanero.mx\/index.php\/2026\/04\/11\/hallazgo-en-la-sierra-de-san-felipe-moviliza-a-autoridades-este-sabado\/#primaryimage","url":"https:\/\/i0.wp.com\/elhijodelllanero.mx\/wp-content\/uploads\/2026\/04\/WhatsApp-Image-2026-04-11-at-12.31.38-PM.jpeg?fit=1600%2C1200&ssl=1","contentUrl":"https:\/\/i0.wp.com\/elhijodelllanero.mx\/wp-content\/uploads\/2026\/04\/WhatsApp-Image-2026-04-11-at-12.31.38-PM.jpeg?fit=1600%2C1200&ssl=1","width":1600,"height":1200},{"@type":"BreadcrumbList","@id":"https:\/\/elhijodelllanero.mx\/index.php\/2026\/04\/11\/hallazgo-en-la-sierra-de-san-felipe-moviliza-a-autoridades-este-sabado\/#breadcrumb","itemListElement":[{"@type":"ListItem","position":1,"name":"Portada","item":"https:\/\/elhijodelllanero.mx\/"},{"@type":"ListItem","position":2,"name":"Hallazgo en la sierra de San Felipe moviliza a autoridades este s\u00e1bado"}]},{"@type":"WebSite","@id":"https:\/\/elhijodelllanero.mx\/#website","url":"https:\/\/elhijodelllanero.mx\/","name":"El Hijo del llanero solititito","description":"","potentialAction":[{"@type":"SearchAction","target":{"@type":"EntryPoint","urlTemplate":"https:\/\/elhijodelllanero.mx\/?s={search_term_string}"},"query-input":{"@type":"PropertyValueSpecification","valueRequired":true,"valueName":"search_term_string"}}],"inLanguage":"es"},{"@type":"Person","@id":"https:\/\/elhijodelllanero.mx\/#\/schema\/person\/c7f8c86c55c1eab44ae2b93a9628245f","name":"Mar\u00eda de la Paz Rodarte Ram\u00edrez","image":{"@type":"ImageObject","inLanguage":"es","@id":"https:\/\/secure.gravatar.com\/avatar\/1f38f8518b09a266af73da2bce78d69e7d1275299970134ed62f572e0487e1d0?s=96&d=mm&r=g","url":"https:\/\/secure.gravatar.com\/avatar\/1f38f8518b09a266af73da2bce78d69e7d1275299970134ed62f572e0487e1d0?s=96&d=mm&r=g","contentUrl":"https:\/\/secure.gravatar.com\/avatar\/1f38f8518b09a266af73da2bce78d69e7d1275299970134ed62f572e0487e1d0?s=96&d=mm&r=g","caption":"Mar\u00eda de la Paz Rodarte Ram\u00edrez"},"sameAs":["https:\/\/www.elhijodelllanero.mx"],"url":"https:\/\/elhijodelllanero.mx\/index.php\/author\/maricuas\/"}]}},"jetpack_featured_media_url":"https:\/\/i0.wp.com\/elhijodelllanero.mx\/wp-content\/uploads\/2026\/04\/WhatsApp-Image-2026-04-11-at-12.31.38-PM.jpeg?fit=1600%2C1200&ssl=1","jetpack-related-posts":[],"jetpack_sharing_enabled":true,"_links":{"self":[{"href":"https:\/\/elhijodelllanero.mx\/index.php\/wp-json\/wp\/v2\/posts\/13758","targetHints":{"allow":["GET"]}}],"collection":[{"href":"https:\/\/elhijodelllanero.mx\/index.php\/wp-json\/wp\/v2\/posts"}],"about":[{"href":"https:\/\/elhijodelllanero.mx\/index.php\/wp-json\/wp\/v2\/types\/post"}],"author":[{"embeddable":true,"href":"https:\/\/elhijodelllanero.mx\/index.php\/wp-json\/wp\/v2\/users\/3"}],"replies":[{"embeddable":true,"href":"https:\/\/elhijodelllanero.mx\/index.php\/wp-json\/wp\/v2\/comments?post=13758"}],"version-history":[{"count":1,"href":"https:\/\/elhijodelllanero.mx\/index.php\/wp-json\/wp\/v2\/posts\/13758\/revisions"}],"predecessor-version":[{"id":13761,"href":"https:\/\/elhijodelllanero.mx\/index.php\/wp-json\/wp\/v2\/posts\/13758\/revisions\/13761"}],"wp:featuredmedia":[{"embeddable":true,"href":"https:\/\/elhijodelllanero.mx\/index.php\/wp-json\/wp\/v2\/media\/13760"}],"wp:attachment":[{"href":"https:\/\/elhijodelllanero.mx\/index.php\/wp-json\/wp\/v2\/media?parent=13758"}],"wp:term":[{"taxonomy":"category","embeddable":true,"href":"https:\/\/elhijodelllanero.mx\/index.php\/wp-json\/wp\/v2\/categories?post=13758"},{"taxonomy":"post_tag","embeddable":true,"href":"https:\/\/elhijodelllanero.mx\/index.php\/wp-json\/wp\/v2\/tags?post=13758"}],"curies":[{"name":"wp","href":"https:\/\/api.w.org\/{rel}","templated":true}]}}