{"id":13764,"date":"2026-04-12T00:08:49","date_gmt":"2026-04-12T00:08:49","guid":{"rendered":"https:\/\/elhijodelllanero.mx\/?p=13764"},"modified":"2026-04-12T00:09:25","modified_gmt":"2026-04-12T00:09:25","slug":"ahora-si-va-en-serio-limpian-la-presa-allende-con-apoyo-de-la-gente","status":"publish","type":"post","link":"https:\/\/elhijodelllanero.mx\/index.php\/2026\/04\/12\/ahora-si-va-en-serio-limpian-la-presa-allende-con-apoyo-de-la-gente\/","title":{"rendered":"Ahora s\u00ed va en serio: limpian la presa Allende con apoyo de la gente."},"content":{"rendered":"<p>Guanajuato, Gto. 11 de abril del 2026.-Entre anuncios, coordinaci\u00f3n institucional y algo que rara vez pasa desapercibido, participaci\u00f3n ciudadana real, el Gobierno de M\u00e9xico arranc\u00f3 un plan integral para sanear la presa Ignacio Allende, uno de los cuerpos de agua m\u00e1s importantes de la regi\u00f3n.<\/p>\n<p>La estrategia, impulsada a nivel federal, busca mejorar la calidad del agua, recuperar el ecosistema y atender problemas que llevan a\u00f1os acumul\u00e1ndose\u2026 s\u00ed, de esos que todos ven pero pocos resuelven.<\/p>\n<p>Como primer paso, se realiz\u00f3 una asamblea informativa el pasado 10 de abril, donde autoridades no solo explicaron el plan, sino que tambi\u00e9n escucharon a habitantes de comunidades cercanas, algo que no siempre ocurre pero que esta vez form\u00f3 parte del proceso.<\/p>\n<p>Para no quedarse solo en el discurso, este 11 de abril se llev\u00f3 a cabo una jornada de limpieza en la que participaron m\u00e1s de 250 pobladores, quienes se sumaron a las labores para rescatar la presa y mejorar su entorno.<\/p>\n<p>En el operativo participan dependencias de los tres niveles de gobierno, incluyendo Conagua, autoridades estatales y municipales de San Miguel de Allende y Dolores Hidalgo, as\u00ed como instancias ambientales federales. Entre las acciones destacan el retiro de lirio acu\u00e1tico, el fortalecimiento del tratamiento de aguas residuales y la implementaci\u00f3n de medidas para prevenir la contaminaci\u00f3n.<\/p>\n<p>El reto no es menor. La diferencia, como siempre, estar\u00e1 en que estas acciones no se queden en una jornada o en buenas intenciones, sino que realmente se sostengan en el tiempo.<\/p>\n","protected":false},"excerpt":{"rendered":"<p>Guanajuato, Gto. 11 de abril del 2026.-Entre anuncios, coordinaci\u00f3n institucional y algo que rara vez pasa desapercibido, participaci\u00f3n ciudadana real, el Gobierno de M\u00e9xico arranc\u00f3 un plan integral para sanear la presa Ignacio Allende, uno de los cuerpos de agua m\u00e1s importantes de la regi\u00f3n. La estrategia, impulsada a nivel federal, busca mejorar la calidad [&hellip;]<\/p>\n","protected":false},"author":3,"featured_media":13765,"comment_status":"open","ping_status":"closed","sticky":false,"template":"","format":"standard","meta":{"_jetpack_newsletter_access":"","_jetpack_dont_email_post_to_subs":false,"_jetpack_newsletter_tier_id":0,"_jetpack_memberships_contains_paywalled_content":false,"_jetpack_memberships_contains_paid_content":false,"footnotes":""},"categories":[38],"tags":[],"class_list":{"0":"post-13764","1":"post","2":"type-post","3":"status-publish","4":"format-standard","5":"has-post-thumbnail","7":"category-estado"},"yoast_head":"<!-- This site is optimized with the Yoast SEO plugin v27.3 - https:\/\/yoast.com\/product\/yoast-seo-wordpress\/ -->\n<title>Ahora s\u00ed va en serio: limpian la presa Allende con apoyo de la gente. - El Hijo del llanero solititito<\/title>\n<meta name=\"robots\" content=\"index, follow, max-snippet:-1, max-image-preview:large, max-video-preview:-1\" \/>\n<link rel=\"canonical\" href=\"https:\/\/elhijodelllanero.mx\/index.php\/2026\/04\/12\/ahora-si-va-en-serio-limpian-la-presa-allende-con-apoyo-de-la-gente\/\" \/>\n<meta property=\"og:locale\" content=\"es_ES\" \/>\n<meta property=\"og:type\" content=\"article\" \/>\n<meta property=\"og:title\" content=\"Ahora s\u00ed va en serio: limpian la presa Allende con apoyo de la gente. - El Hijo del llanero solititito\" \/>\n<meta property=\"og:description\" content=\"Guanajuato, Gto. 11 de abril del 2026.-Entre anuncios, coordinaci\u00f3n institucional y algo que rara vez pasa desapercibido, participaci\u00f3n ciudadana real, el Gobierno de M\u00e9xico arranc\u00f3 un plan integral para sanear la presa Ignacio Allende, uno de los cuerpos de agua m\u00e1s importantes de la regi\u00f3n. La estrategia, impulsada a nivel federal, busca mejorar la calidad [&hellip;]\" \/>\n<meta property=\"og:url\" content=\"https:\/\/elhijodelllanero.mx\/index.php\/2026\/04\/12\/ahora-si-va-en-serio-limpian-la-presa-allende-con-apoyo-de-la-gente\/\" \/>\n<meta property=\"og:site_name\" content=\"El Hijo del llanero solititito\" \/>\n<meta property=\"article:published_time\" content=\"2026-04-12T00:08:49+00:00\" \/>\n<meta property=\"article:modified_time\" content=\"2026-04-12T00:09:25+00:00\" \/>\n<meta property=\"og:image\" content=\"https:\/\/elhijodelllanero.mx\/wp-content\/uploads\/2026\/04\/IMG-20260411-WA0005-scaled.jpg\" \/>\n\t<meta property=\"og:image:width\" content=\"2560\" \/>\n\t<meta property=\"og:image:height\" content=\"1920\" \/>\n\t<meta property=\"og:image:type\" content=\"image\/jpeg\" \/>\n<meta name=\"author\" content=\"Mar\u00eda de la Paz Rodarte Ram\u00edrez\" \/>\n<meta name=\"twitter:card\" content=\"summary_large_image\" \/>\n<meta name=\"twitter:label1\" content=\"Escrito por\" \/>\n\t<meta name=\"twitter:data1\" content=\"Mar\u00eda de la Paz Rodarte Ram\u00edrez\" \/>\n\t<meta name=\"twitter:label2\" content=\"Tiempo de lectura\" \/>\n\t<meta name=\"twitter:data2\" content=\"2 minutos\" \/>\n<script type=\"application\/ld+json\" class=\"yoast-schema-graph\">{\"@context\":\"https:\\\/\\\/schema.org\",\"@graph\":[{\"@type\":\"Article\",\"@id\":\"https:\\\/\\\/elhijodelllanero.mx\\\/index.php\\\/2026\\\/04\\\/12\\\/ahora-si-va-en-serio-limpian-la-presa-allende-con-apoyo-de-la-gente\\\/#article\",\"isPartOf\":{\"@id\":\"https:\\\/\\\/elhijodelllanero.mx\\\/index.php\\\/2026\\\/04\\\/12\\\/ahora-si-va-en-serio-limpian-la-presa-allende-con-apoyo-de-la-gente\\\/\"},\"author\":{\"name\":\"Mar\u00eda de la Paz Rodarte Ram\u00edrez\",\"@id\":\"https:\\\/\\\/elhijodelllanero.mx\\\/#\\\/schema\\\/person\\\/c7f8c86c55c1eab44ae2b93a9628245f\"},\"headline\":\"Ahora s\u00ed va en serio: limpian la presa Allende con apoyo de la gente.\",\"datePublished\":\"2026-04-12T00:08:49+00:00\",\"dateModified\":\"2026-04-12T00:09:25+00:00\",\"mainEntityOfPage\":{\"@id\":\"https:\\\/\\\/elhijodelllanero.mx\\\/index.php\\\/2026\\\/04\\\/12\\\/ahora-si-va-en-serio-limpian-la-presa-allende-con-apoyo-de-la-gente\\\/\"},\"wordCount\":268,\"commentCount\":0,\"image\":{\"@id\":\"https:\\\/\\\/elhijodelllanero.mx\\\/index.php\\\/2026\\\/04\\\/12\\\/ahora-si-va-en-serio-limpian-la-presa-allende-con-apoyo-de-la-gente\\\/#primaryimage\"},\"thumbnailUrl\":\"https:\\\/\\\/i0.wp.com\\\/elhijodelllanero.mx\\\/wp-content\\\/uploads\\\/2026\\\/04\\\/IMG-20260411-WA0005-scaled.jpg?fit=2560%2C1920&ssl=1\",\"articleSection\":[\"ESTADO\"],\"inLanguage\":\"es\",\"potentialAction\":[{\"@type\":\"CommentAction\",\"name\":\"Comment\",\"target\":[\"https:\\\/\\\/elhijodelllanero.mx\\\/index.php\\\/2026\\\/04\\\/12\\\/ahora-si-va-en-serio-limpian-la-presa-allende-con-apoyo-de-la-gente\\\/#respond\"]}]},{\"@type\":\"WebPage\",\"@id\":\"https:\\\/\\\/elhijodelllanero.mx\\\/index.php\\\/2026\\\/04\\\/12\\\/ahora-si-va-en-serio-limpian-la-presa-allende-con-apoyo-de-la-gente\\\/\",\"url\":\"https:\\\/\\\/elhijodelllanero.mx\\\/index.php\\\/2026\\\/04\\\/12\\\/ahora-si-va-en-serio-limpian-la-presa-allende-con-apoyo-de-la-gente\\\/\",\"name\":\"Ahora s\u00ed va en serio: limpian la presa Allende con apoyo de la gente. - El Hijo del llanero solititito\",\"isPartOf\":{\"@id\":\"https:\\\/\\\/elhijodelllanero.mx\\\/#website\"},\"primaryImageOfPage\":{\"@id\":\"https:\\\/\\\/elhijodelllanero.mx\\\/index.php\\\/2026\\\/04\\\/12\\\/ahora-si-va-en-serio-limpian-la-presa-allende-con-apoyo-de-la-gente\\\/#primaryimage\"},\"image\":{\"@id\":\"https:\\\/\\\/elhijodelllanero.mx\\\/index.php\\\/2026\\\/04\\\/12\\\/ahora-si-va-en-serio-limpian-la-presa-allende-con-apoyo-de-la-gente\\\/#primaryimage\"},\"thumbnailUrl\":\"https:\\\/\\\/i0.wp.com\\\/elhijodelllanero.mx\\\/wp-content\\\/uploads\\\/2026\\\/04\\\/IMG-20260411-WA0005-scaled.jpg?fit=2560%2C1920&ssl=1\",\"datePublished\":\"2026-04-12T00:08:49+00:00\",\"dateModified\":\"2026-04-12T00:09:25+00:00\",\"author\":{\"@id\":\"https:\\\/\\\/elhijodelllanero.mx\\\/#\\\/schema\\\/person\\\/c7f8c86c55c1eab44ae2b93a9628245f\"},\"breadcrumb\":{\"@id\":\"https:\\\/\\\/elhijodelllanero.mx\\\/index.php\\\/2026\\\/04\\\/12\\\/ahora-si-va-en-serio-limpian-la-presa-allende-con-apoyo-de-la-gente\\\/#breadcrumb\"},\"inLanguage\":\"es\",\"potentialAction\":[{\"@type\":\"ReadAction\",\"target\":[\"https:\\\/\\\/elhijodelllanero.mx\\\/index.php\\\/2026\\\/04\\\/12\\\/ahora-si-va-en-serio-limpian-la-presa-allende-con-apoyo-de-la-gente\\\/\"]}]},{\"@type\":\"ImageObject\",\"inLanguage\":\"es\",\"@id\":\"https:\\\/\\\/elhijodelllanero.mx\\\/index.php\\\/2026\\\/04\\\/12\\\/ahora-si-va-en-serio-limpian-la-presa-allende-con-apoyo-de-la-gente\\\/#primaryimage\",\"url\":\"https:\\\/\\\/i0.wp.com\\\/elhijodelllanero.mx\\\/wp-content\\\/uploads\\\/2026\\\/04\\\/IMG-20260411-WA0005-scaled.jpg?fit=2560%2C1920&ssl=1\",\"contentUrl\":\"https:\\\/\\\/i0.wp.com\\\/elhijodelllanero.mx\\\/wp-content\\\/uploads\\\/2026\\\/04\\\/IMG-20260411-WA0005-scaled.jpg?fit=2560%2C1920&ssl=1\",\"width\":2560,\"height\":1920},{\"@type\":\"BreadcrumbList\",\"@id\":\"https:\\\/\\\/elhijodelllanero.mx\\\/index.php\\\/2026\\\/04\\\/12\\\/ahora-si-va-en-serio-limpian-la-presa-allende-con-apoyo-de-la-gente\\\/#breadcrumb\",\"itemListElement\":[{\"@type\":\"ListItem\",\"position\":1,\"name\":\"Portada\",\"item\":\"https:\\\/\\\/elhijodelllanero.mx\\\/\"},{\"@type\":\"ListItem\",\"position\":2,\"name\":\"Ahora s\u00ed va en serio: limpian la presa Allende con apoyo de la gente.\"}]},{\"@type\":\"WebSite\",\"@id\":\"https:\\\/\\\/elhijodelllanero.mx\\\/#website\",\"url\":\"https:\\\/\\\/elhijodelllanero.mx\\\/\",\"name\":\"El Hijo del llanero solititito\",\"description\":\"\",\"potentialAction\":[{\"@type\":\"SearchAction\",\"target\":{\"@type\":\"EntryPoint\",\"urlTemplate\":\"https:\\\/\\\/elhijodelllanero.mx\\\/?s={search_term_string}\"},\"query-input\":{\"@type\":\"PropertyValueSpecification\",\"valueRequired\":true,\"valueName\":\"search_term_string\"}}],\"inLanguage\":\"es\"},{\"@type\":\"Person\",\"@id\":\"https:\\\/\\\/elhijodelllanero.mx\\\/#\\\/schema\\\/person\\\/c7f8c86c55c1eab44ae2b93a9628245f\",\"name\":\"Mar\u00eda de la Paz Rodarte Ram\u00edrez\",\"image\":{\"@type\":\"ImageObject\",\"inLanguage\":\"es\",\"@id\":\"https:\\\/\\\/secure.gravatar.com\\\/avatar\\\/1f38f8518b09a266af73da2bce78d69e7d1275299970134ed62f572e0487e1d0?s=96&d=mm&r=g\",\"url\":\"https:\\\/\\\/secure.gravatar.com\\\/avatar\\\/1f38f8518b09a266af73da2bce78d69e7d1275299970134ed62f572e0487e1d0?s=96&d=mm&r=g\",\"contentUrl\":\"https:\\\/\\\/secure.gravatar.com\\\/avatar\\\/1f38f8518b09a266af73da2bce78d69e7d1275299970134ed62f572e0487e1d0?s=96&d=mm&r=g\",\"caption\":\"Mar\u00eda de la Paz Rodarte Ram\u00edrez\"},\"sameAs\":[\"https:\\\/\\\/www.elhijodelllanero.mx\"],\"url\":\"https:\\\/\\\/elhijodelllanero.mx\\\/index.php\\\/author\\\/maricuas\\\/\"}]}<\/script>\n<!-- \/ Yoast SEO plugin. -->","yoast_head_json":{"title":"Ahora s\u00ed va en serio: limpian la presa Allende con apoyo de la gente. - El Hijo del llanero solititito","robots":{"index":"index","follow":"follow","max-snippet":"max-snippet:-1","max-image-preview":"max-image-preview:large","max-video-preview":"max-video-preview:-1"},"canonical":"https:\/\/elhijodelllanero.mx\/index.php\/2026\/04\/12\/ahora-si-va-en-serio-limpian-la-presa-allende-con-apoyo-de-la-gente\/","og_locale":"es_ES","og_type":"article","og_title":"Ahora s\u00ed va en serio: limpian la presa Allende con apoyo de la gente. - El Hijo del llanero solititito","og_description":"Guanajuato, Gto. 11 de abril del 2026.-Entre anuncios, coordinaci\u00f3n institucional y algo que rara vez pasa desapercibido, participaci\u00f3n ciudadana real, el Gobierno de M\u00e9xico arranc\u00f3 un plan integral para sanear la presa Ignacio Allende, uno de los cuerpos de agua m\u00e1s importantes de la regi\u00f3n. La estrategia, impulsada a nivel federal, busca mejorar la calidad [&hellip;]","og_url":"https:\/\/elhijodelllanero.mx\/index.php\/2026\/04\/12\/ahora-si-va-en-serio-limpian-la-presa-allende-con-apoyo-de-la-gente\/","og_site_name":"El Hijo del llanero solititito","article_published_time":"2026-04-12T00:08:49+00:00","article_modified_time":"2026-04-12T00:09:25+00:00","og_image":[{"width":2560,"height":1920,"url":"https:\/\/elhijodelllanero.mx\/wp-content\/uploads\/2026\/04\/IMG-20260411-WA0005-scaled.jpg","type":"image\/jpeg"}],"author":"Mar\u00eda de la Paz Rodarte Ram\u00edrez","twitter_card":"summary_large_image","twitter_misc":{"Escrito por":"Mar\u00eda de la Paz Rodarte Ram\u00edrez","Tiempo de lectura":"2 minutos"},"schema":{"@context":"https:\/\/schema.org","@graph":[{"@type":"Article","@id":"https:\/\/elhijodelllanero.mx\/index.php\/2026\/04\/12\/ahora-si-va-en-serio-limpian-la-presa-allende-con-apoyo-de-la-gente\/#article","isPartOf":{"@id":"https:\/\/elhijodelllanero.mx\/index.php\/2026\/04\/12\/ahora-si-va-en-serio-limpian-la-presa-allende-con-apoyo-de-la-gente\/"},"author":{"name":"Mar\u00eda de la Paz Rodarte Ram\u00edrez","@id":"https:\/\/elhijodelllanero.mx\/#\/schema\/person\/c7f8c86c55c1eab44ae2b93a9628245f"},"headline":"Ahora s\u00ed va en serio: limpian la presa Allende con apoyo de la gente.","datePublished":"2026-04-12T00:08:49+00:00","dateModified":"2026-04-12T00:09:25+00:00","mainEntityOfPage":{"@id":"https:\/\/elhijodelllanero.mx\/index.php\/2026\/04\/12\/ahora-si-va-en-serio-limpian-la-presa-allende-con-apoyo-de-la-gente\/"},"wordCount":268,"commentCount":0,"image":{"@id":"https:\/\/elhijodelllanero.mx\/index.php\/2026\/04\/12\/ahora-si-va-en-serio-limpian-la-presa-allende-con-apoyo-de-la-gente\/#primaryimage"},"thumbnailUrl":"https:\/\/i0.wp.com\/elhijodelllanero.mx\/wp-content\/uploads\/2026\/04\/IMG-20260411-WA0005-scaled.jpg?fit=2560%2C1920&ssl=1","articleSection":["ESTADO"],"inLanguage":"es","potentialAction":[{"@type":"CommentAction","name":"Comment","target":["https:\/\/elhijodelllanero.mx\/index.php\/2026\/04\/12\/ahora-si-va-en-serio-limpian-la-presa-allende-con-apoyo-de-la-gente\/#respond"]}]},{"@type":"WebPage","@id":"https:\/\/elhijodelllanero.mx\/index.php\/2026\/04\/12\/ahora-si-va-en-serio-limpian-la-presa-allende-con-apoyo-de-la-gente\/","url":"https:\/\/elhijodelllanero.mx\/index.php\/2026\/04\/12\/ahora-si-va-en-serio-limpian-la-presa-allende-con-apoyo-de-la-gente\/","name":"Ahora s\u00ed va en serio: limpian la presa Allende con apoyo de la gente. - El Hijo del llanero solititito","isPartOf":{"@id":"https:\/\/elhijodelllanero.mx\/#website"},"primaryImageOfPage":{"@id":"https:\/\/elhijodelllanero.mx\/index.php\/2026\/04\/12\/ahora-si-va-en-serio-limpian-la-presa-allende-con-apoyo-de-la-gente\/#primaryimage"},"image":{"@id":"https:\/\/elhijodelllanero.mx\/index.php\/2026\/04\/12\/ahora-si-va-en-serio-limpian-la-presa-allende-con-apoyo-de-la-gente\/#primaryimage"},"thumbnailUrl":"https:\/\/i0.wp.com\/elhijodelllanero.mx\/wp-content\/uploads\/2026\/04\/IMG-20260411-WA0005-scaled.jpg?fit=2560%2C1920&ssl=1","datePublished":"2026-04-12T00:08:49+00:00","dateModified":"2026-04-12T00:09:25+00:00","author":{"@id":"https:\/\/elhijodelllanero.mx\/#\/schema\/person\/c7f8c86c55c1eab44ae2b93a9628245f"},"breadcrumb":{"@id":"https:\/\/elhijodelllanero.mx\/index.php\/2026\/04\/12\/ahora-si-va-en-serio-limpian-la-presa-allende-con-apoyo-de-la-gente\/#breadcrumb"},"inLanguage":"es","potentialAction":[{"@type":"ReadAction","target":["https:\/\/elhijodelllanero.mx\/index.php\/2026\/04\/12\/ahora-si-va-en-serio-limpian-la-presa-allende-con-apoyo-de-la-gente\/"]}]},{"@type":"ImageObject","inLanguage":"es","@id":"https:\/\/elhijodelllanero.mx\/index.php\/2026\/04\/12\/ahora-si-va-en-serio-limpian-la-presa-allende-con-apoyo-de-la-gente\/#primaryimage","url":"https:\/\/i0.wp.com\/elhijodelllanero.mx\/wp-content\/uploads\/2026\/04\/IMG-20260411-WA0005-scaled.jpg?fit=2560%2C1920&ssl=1","contentUrl":"https:\/\/i0.wp.com\/elhijodelllanero.mx\/wp-content\/uploads\/2026\/04\/IMG-20260411-WA0005-scaled.jpg?fit=2560%2C1920&ssl=1","width":2560,"height":1920},{"@type":"BreadcrumbList","@id":"https:\/\/elhijodelllanero.mx\/index.php\/2026\/04\/12\/ahora-si-va-en-serio-limpian-la-presa-allende-con-apoyo-de-la-gente\/#breadcrumb","itemListElement":[{"@type":"ListItem","position":1,"name":"Portada","item":"https:\/\/elhijodelllanero.mx\/"},{"@type":"ListItem","position":2,"name":"Ahora s\u00ed va en serio: limpian la presa Allende con apoyo de la gente."}]},{"@type":"WebSite","@id":"https:\/\/elhijodelllanero.mx\/#website","url":"https:\/\/elhijodelllanero.mx\/","name":"El Hijo del llanero solititito","description":"","potentialAction":[{"@type":"SearchAction","target":{"@type":"EntryPoint","urlTemplate":"https:\/\/elhijodelllanero.mx\/?s={search_term_string}"},"query-input":{"@type":"PropertyValueSpecification","valueRequired":true,"valueName":"search_term_string"}}],"inLanguage":"es"},{"@type":"Person","@id":"https:\/\/elhijodelllanero.mx\/#\/schema\/person\/c7f8c86c55c1eab44ae2b93a9628245f","name":"Mar\u00eda de la Paz Rodarte Ram\u00edrez","image":{"@type":"ImageObject","inLanguage":"es","@id":"https:\/\/secure.gravatar.com\/avatar\/1f38f8518b09a266af73da2bce78d69e7d1275299970134ed62f572e0487e1d0?s=96&d=mm&r=g","url":"https:\/\/secure.gravatar.com\/avatar\/1f38f8518b09a266af73da2bce78d69e7d1275299970134ed62f572e0487e1d0?s=96&d=mm&r=g","contentUrl":"https:\/\/secure.gravatar.com\/avatar\/1f38f8518b09a266af73da2bce78d69e7d1275299970134ed62f572e0487e1d0?s=96&d=mm&r=g","caption":"Mar\u00eda de la Paz Rodarte Ram\u00edrez"},"sameAs":["https:\/\/www.elhijodelllanero.mx"],"url":"https:\/\/elhijodelllanero.mx\/index.php\/author\/maricuas\/"}]}},"jetpack_featured_media_url":"https:\/\/i0.wp.com\/elhijodelllanero.mx\/wp-content\/uploads\/2026\/04\/IMG-20260411-WA0005-scaled.jpg?fit=2560%2C1920&ssl=1","jetpack-related-posts":[],"jetpack_sharing_enabled":true,"_links":{"self":[{"href":"https:\/\/elhijodelllanero.mx\/index.php\/wp-json\/wp\/v2\/posts\/13764","targetHints":{"allow":["GET"]}}],"collection":[{"href":"https:\/\/elhijodelllanero.mx\/index.php\/wp-json\/wp\/v2\/posts"}],"about":[{"href":"https:\/\/elhijodelllanero.mx\/index.php\/wp-json\/wp\/v2\/types\/post"}],"author":[{"embeddable":true,"href":"https:\/\/elhijodelllanero.mx\/index.php\/wp-json\/wp\/v2\/users\/3"}],"replies":[{"embeddable":true,"href":"https:\/\/elhijodelllanero.mx\/index.php\/wp-json\/wp\/v2\/comments?post=13764"}],"version-history":[{"count":1,"href":"https:\/\/elhijodelllanero.mx\/index.php\/wp-json\/wp\/v2\/posts\/13764\/revisions"}],"predecessor-version":[{"id":13766,"href":"https:\/\/elhijodelllanero.mx\/index.php\/wp-json\/wp\/v2\/posts\/13764\/revisions\/13766"}],"wp:featuredmedia":[{"embeddable":true,"href":"https:\/\/elhijodelllanero.mx\/index.php\/wp-json\/wp\/v2\/media\/13765"}],"wp:attachment":[{"href":"https:\/\/elhijodelllanero.mx\/index.php\/wp-json\/wp\/v2\/media?parent=13764"}],"wp:term":[{"taxonomy":"category","embeddable":true,"href":"https:\/\/elhijodelllanero.mx\/index.php\/wp-json\/wp\/v2\/categories?post=13764"},{"taxonomy":"post_tag","embeddable":true,"href":"https:\/\/elhijodelllanero.mx\/index.php\/wp-json\/wp\/v2\/tags?post=13764"}],"curies":[{"name":"wp","href":"https:\/\/api.w.org\/{rel}","templated":true}]}}