{"id":13767,"date":"2026-04-12T03:51:49","date_gmt":"2026-04-12T03:51:49","guid":{"rendered":"https:\/\/elhijodelllanero.mx\/?p=13767"},"modified":"2026-04-12T03:51:49","modified_gmt":"2026-04-12T03:51:49","slug":"coppel-en-celaya-promocion-3x1-pero-en-asaltos","status":"publish","type":"post","link":"https:\/\/elhijodelllanero.mx\/index.php\/2026\/04\/12\/coppel-en-celaya-promocion-3x1-pero-en-asaltos\/","title":{"rendered":"Coppel en Celaya: promoci\u00f3n 3&#215;1\u2026 pero en asaltos."},"content":{"rendered":"<p>Celaya, Gto. 11 de abril del 2026.-Como si alguien hubiera decidido poner en repetici\u00f3n el mismo cap\u00edtulo, la tarde de este s\u00e1bado, alrededor de las 5:00, la sucursal de Coppel ubicada en la plaza de Soriana en Avenida 12 de Octubre, volvi\u00f3 a ser escenario de un asalto con el ya conocido \u201cmodo de operaci\u00f3n\u201d.<\/p>\n<p>Hombres armados llegaron, entraron sin mayor complicaci\u00f3n, anunciaron su presencia de forma violenta y en cuesti\u00f3n de minutos tomaron el control del lugar.<\/p>\n<p>Empleados y clientes fueron dirigidos hacia una bodega, mientras los responsables hac\u00edan lo suyo: llevarse principalmente equipos de telefon\u00eda.<\/p>\n<p>El saldo, el de siempre: sin personas lesionadas, pero con crisis nerviosa entre trabajadores y una sensaci\u00f3n de vulnerabilidad que ya ni sorprende. Los responsables, fieles a la costumbre, se retiraron sin ser detenidos.<\/p>\n<p>Minutos despu\u00e9s, el operativo. Patrullas, acordonamiento y presencia de autoridades que llegaron para tomar conocimiento de los hechos, cuando todo ya hab\u00eda pasado.<\/p>\n<p>Y por si alguien pensaba que esto era un caso aislado, conviene recordar que no. Con este hecho, suman tres robos a sucursales de la misma cadena en lo que va del a\u00f1o en Celaya.<\/p>\n<p>El 18 de febrero, otro asalto en Plaza Parque Celaya. El 11 de febrero, uno m\u00e1s en la salida a San Miguel Octopan. En todos, la misma historia: sujetos armados, intimidaci\u00f3n directa, robo r\u00e1pido y una salida limpia.<\/p>\n<p>Cambian las fechas, cambian las ubicaciones\u2026 pero el resultado parece calcado.<\/p>\n<p>En Celaya, al menos en estas historias, el \u201crecuento de los da\u00f1os\u201d ya no es solo un t\u00edtulo de canci\u00f3n, es pr\u00e1cticamente una rutina.<\/p>\n","protected":false},"excerpt":{"rendered":"<p>Celaya, Gto. 11 de abril del 2026.-Como si alguien hubiera decidido poner en repetici\u00f3n el mismo cap\u00edtulo, la tarde de este s\u00e1bado, alrededor de las 5:00, la sucursal de Coppel ubicada en la plaza de Soriana en Avenida 12 de Octubre, volvi\u00f3 a ser escenario de un asalto con el ya conocido \u201cmodo de operaci\u00f3n\u201d. [&hellip;]<\/p>\n","protected":false},"author":3,"featured_media":13768,"comment_status":"open","ping_status":"closed","sticky":false,"template":"","format":"standard","meta":{"_jetpack_newsletter_access":"","_jetpack_dont_email_post_to_subs":false,"_jetpack_newsletter_tier_id":0,"_jetpack_memberships_contains_paywalled_content":false,"_jetpack_memberships_contains_paid_content":false,"footnotes":""},"categories":[74,82],"tags":[],"class_list":{"0":"post-13767","1":"post","2":"type-post","3":"status-publish","4":"format-standard","5":"has-post-thumbnail","7":"category-celaya","8":"category-policiaco"},"yoast_head":"<!-- This site is optimized with the Yoast SEO plugin v27.3 - https:\/\/yoast.com\/product\/yoast-seo-wordpress\/ -->\n<title>Coppel en Celaya: promoci\u00f3n 3x1\u2026 pero en asaltos. - El Hijo del llanero solititito<\/title>\n<meta name=\"robots\" content=\"index, follow, max-snippet:-1, max-image-preview:large, max-video-preview:-1\" \/>\n<link rel=\"canonical\" href=\"https:\/\/elhijodelllanero.mx\/index.php\/2026\/04\/12\/coppel-en-celaya-promocion-3x1-pero-en-asaltos\/\" \/>\n<meta property=\"og:locale\" content=\"es_ES\" \/>\n<meta property=\"og:type\" content=\"article\" \/>\n<meta property=\"og:title\" content=\"Coppel en Celaya: promoci\u00f3n 3x1\u2026 pero en asaltos. - El Hijo del llanero solititito\" \/>\n<meta property=\"og:description\" content=\"Celaya, Gto. 11 de abril del 2026.-Como si alguien hubiera decidido poner en repetici\u00f3n el mismo cap\u00edtulo, la tarde de este s\u00e1bado, alrededor de las 5:00, la sucursal de Coppel ubicada en la plaza de Soriana en Avenida 12 de Octubre, volvi\u00f3 a ser escenario de un asalto con el ya conocido \u201cmodo de operaci\u00f3n\u201d. [&hellip;]\" \/>\n<meta property=\"og:url\" content=\"https:\/\/elhijodelllanero.mx\/index.php\/2026\/04\/12\/coppel-en-celaya-promocion-3x1-pero-en-asaltos\/\" \/>\n<meta property=\"og:site_name\" content=\"El Hijo del llanero solititito\" \/>\n<meta property=\"article:published_time\" content=\"2026-04-12T03:51:49+00:00\" \/>\n<meta property=\"og:image\" content=\"https:\/\/elhijodelllanero.mx\/wp-content\/uploads\/2026\/04\/IMG-20260411-WA0006.jpg\" \/>\n\t<meta property=\"og:image:width\" content=\"513\" \/>\n\t<meta property=\"og:image:height\" content=\"415\" \/>\n\t<meta property=\"og:image:type\" content=\"image\/jpeg\" \/>\n<meta name=\"author\" content=\"Mar\u00eda de la Paz Rodarte Ram\u00edrez\" \/>\n<meta name=\"twitter:card\" content=\"summary_large_image\" \/>\n<meta name=\"twitter:label1\" content=\"Escrito por\" \/>\n\t<meta name=\"twitter:data1\" content=\"Mar\u00eda de la Paz Rodarte Ram\u00edrez\" \/>\n\t<meta name=\"twitter:label2\" content=\"Tiempo de lectura\" \/>\n\t<meta name=\"twitter:data2\" content=\"2 minutos\" \/>\n<script type=\"application\/ld+json\" class=\"yoast-schema-graph\">{\"@context\":\"https:\\\/\\\/schema.org\",\"@graph\":[{\"@type\":\"Article\",\"@id\":\"https:\\\/\\\/elhijodelllanero.mx\\\/index.php\\\/2026\\\/04\\\/12\\\/coppel-en-celaya-promocion-3x1-pero-en-asaltos\\\/#article\",\"isPartOf\":{\"@id\":\"https:\\\/\\\/elhijodelllanero.mx\\\/index.php\\\/2026\\\/04\\\/12\\\/coppel-en-celaya-promocion-3x1-pero-en-asaltos\\\/\"},\"author\":{\"name\":\"Mar\u00eda de la Paz Rodarte Ram\u00edrez\",\"@id\":\"https:\\\/\\\/elhijodelllanero.mx\\\/#\\\/schema\\\/person\\\/c7f8c86c55c1eab44ae2b93a9628245f\"},\"headline\":\"Coppel en Celaya: promoci\u00f3n 3&#215;1\u2026 pero en asaltos.\",\"datePublished\":\"2026-04-12T03:51:49+00:00\",\"mainEntityOfPage\":{\"@id\":\"https:\\\/\\\/elhijodelllanero.mx\\\/index.php\\\/2026\\\/04\\\/12\\\/coppel-en-celaya-promocion-3x1-pero-en-asaltos\\\/\"},\"wordCount\":285,\"commentCount\":0,\"image\":{\"@id\":\"https:\\\/\\\/elhijodelllanero.mx\\\/index.php\\\/2026\\\/04\\\/12\\\/coppel-en-celaya-promocion-3x1-pero-en-asaltos\\\/#primaryimage\"},\"thumbnailUrl\":\"https:\\\/\\\/i0.wp.com\\\/elhijodelllanero.mx\\\/wp-content\\\/uploads\\\/2026\\\/04\\\/IMG-20260411-WA0006.jpg?fit=513%2C415&ssl=1\",\"articleSection\":[\"CELAYA\",\"POLICIACO\"],\"inLanguage\":\"es\",\"potentialAction\":[{\"@type\":\"CommentAction\",\"name\":\"Comment\",\"target\":[\"https:\\\/\\\/elhijodelllanero.mx\\\/index.php\\\/2026\\\/04\\\/12\\\/coppel-en-celaya-promocion-3x1-pero-en-asaltos\\\/#respond\"]}]},{\"@type\":\"WebPage\",\"@id\":\"https:\\\/\\\/elhijodelllanero.mx\\\/index.php\\\/2026\\\/04\\\/12\\\/coppel-en-celaya-promocion-3x1-pero-en-asaltos\\\/\",\"url\":\"https:\\\/\\\/elhijodelllanero.mx\\\/index.php\\\/2026\\\/04\\\/12\\\/coppel-en-celaya-promocion-3x1-pero-en-asaltos\\\/\",\"name\":\"Coppel en Celaya: promoci\u00f3n 3x1\u2026 pero en asaltos. - El Hijo del llanero solititito\",\"isPartOf\":{\"@id\":\"https:\\\/\\\/elhijodelllanero.mx\\\/#website\"},\"primaryImageOfPage\":{\"@id\":\"https:\\\/\\\/elhijodelllanero.mx\\\/index.php\\\/2026\\\/04\\\/12\\\/coppel-en-celaya-promocion-3x1-pero-en-asaltos\\\/#primaryimage\"},\"image\":{\"@id\":\"https:\\\/\\\/elhijodelllanero.mx\\\/index.php\\\/2026\\\/04\\\/12\\\/coppel-en-celaya-promocion-3x1-pero-en-asaltos\\\/#primaryimage\"},\"thumbnailUrl\":\"https:\\\/\\\/i0.wp.com\\\/elhijodelllanero.mx\\\/wp-content\\\/uploads\\\/2026\\\/04\\\/IMG-20260411-WA0006.jpg?fit=513%2C415&ssl=1\",\"datePublished\":\"2026-04-12T03:51:49+00:00\",\"author\":{\"@id\":\"https:\\\/\\\/elhijodelllanero.mx\\\/#\\\/schema\\\/person\\\/c7f8c86c55c1eab44ae2b93a9628245f\"},\"breadcrumb\":{\"@id\":\"https:\\\/\\\/elhijodelllanero.mx\\\/index.php\\\/2026\\\/04\\\/12\\\/coppel-en-celaya-promocion-3x1-pero-en-asaltos\\\/#breadcrumb\"},\"inLanguage\":\"es\",\"potentialAction\":[{\"@type\":\"ReadAction\",\"target\":[\"https:\\\/\\\/elhijodelllanero.mx\\\/index.php\\\/2026\\\/04\\\/12\\\/coppel-en-celaya-promocion-3x1-pero-en-asaltos\\\/\"]}]},{\"@type\":\"ImageObject\",\"inLanguage\":\"es\",\"@id\":\"https:\\\/\\\/elhijodelllanero.mx\\\/index.php\\\/2026\\\/04\\\/12\\\/coppel-en-celaya-promocion-3x1-pero-en-asaltos\\\/#primaryimage\",\"url\":\"https:\\\/\\\/i0.wp.com\\\/elhijodelllanero.mx\\\/wp-content\\\/uploads\\\/2026\\\/04\\\/IMG-20260411-WA0006.jpg?fit=513%2C415&ssl=1\",\"contentUrl\":\"https:\\\/\\\/i0.wp.com\\\/elhijodelllanero.mx\\\/wp-content\\\/uploads\\\/2026\\\/04\\\/IMG-20260411-WA0006.jpg?fit=513%2C415&ssl=1\",\"width\":513,\"height\":415},{\"@type\":\"BreadcrumbList\",\"@id\":\"https:\\\/\\\/elhijodelllanero.mx\\\/index.php\\\/2026\\\/04\\\/12\\\/coppel-en-celaya-promocion-3x1-pero-en-asaltos\\\/#breadcrumb\",\"itemListElement\":[{\"@type\":\"ListItem\",\"position\":1,\"name\":\"Portada\",\"item\":\"https:\\\/\\\/elhijodelllanero.mx\\\/\"},{\"@type\":\"ListItem\",\"position\":2,\"name\":\"Coppel en Celaya: promoci\u00f3n 3&#215;1\u2026 pero en asaltos.\"}]},{\"@type\":\"WebSite\",\"@id\":\"https:\\\/\\\/elhijodelllanero.mx\\\/#website\",\"url\":\"https:\\\/\\\/elhijodelllanero.mx\\\/\",\"name\":\"El Hijo del llanero solititito\",\"description\":\"\",\"potentialAction\":[{\"@type\":\"SearchAction\",\"target\":{\"@type\":\"EntryPoint\",\"urlTemplate\":\"https:\\\/\\\/elhijodelllanero.mx\\\/?s={search_term_string}\"},\"query-input\":{\"@type\":\"PropertyValueSpecification\",\"valueRequired\":true,\"valueName\":\"search_term_string\"}}],\"inLanguage\":\"es\"},{\"@type\":\"Person\",\"@id\":\"https:\\\/\\\/elhijodelllanero.mx\\\/#\\\/schema\\\/person\\\/c7f8c86c55c1eab44ae2b93a9628245f\",\"name\":\"Mar\u00eda de la Paz Rodarte Ram\u00edrez\",\"image\":{\"@type\":\"ImageObject\",\"inLanguage\":\"es\",\"@id\":\"https:\\\/\\\/secure.gravatar.com\\\/avatar\\\/1f38f8518b09a266af73da2bce78d69e7d1275299970134ed62f572e0487e1d0?s=96&d=mm&r=g\",\"url\":\"https:\\\/\\\/secure.gravatar.com\\\/avatar\\\/1f38f8518b09a266af73da2bce78d69e7d1275299970134ed62f572e0487e1d0?s=96&d=mm&r=g\",\"contentUrl\":\"https:\\\/\\\/secure.gravatar.com\\\/avatar\\\/1f38f8518b09a266af73da2bce78d69e7d1275299970134ed62f572e0487e1d0?s=96&d=mm&r=g\",\"caption\":\"Mar\u00eda de la Paz Rodarte Ram\u00edrez\"},\"sameAs\":[\"https:\\\/\\\/www.elhijodelllanero.mx\"],\"url\":\"https:\\\/\\\/elhijodelllanero.mx\\\/index.php\\\/author\\\/maricuas\\\/\"}]}<\/script>\n<!-- \/ Yoast SEO plugin. -->","yoast_head_json":{"title":"Coppel en Celaya: promoci\u00f3n 3x1\u2026 pero en asaltos. - El Hijo del llanero solititito","robots":{"index":"index","follow":"follow","max-snippet":"max-snippet:-1","max-image-preview":"max-image-preview:large","max-video-preview":"max-video-preview:-1"},"canonical":"https:\/\/elhijodelllanero.mx\/index.php\/2026\/04\/12\/coppel-en-celaya-promocion-3x1-pero-en-asaltos\/","og_locale":"es_ES","og_type":"article","og_title":"Coppel en Celaya: promoci\u00f3n 3x1\u2026 pero en asaltos. - El Hijo del llanero solititito","og_description":"Celaya, Gto. 11 de abril del 2026.-Como si alguien hubiera decidido poner en repetici\u00f3n el mismo cap\u00edtulo, la tarde de este s\u00e1bado, alrededor de las 5:00, la sucursal de Coppel ubicada en la plaza de Soriana en Avenida 12 de Octubre, volvi\u00f3 a ser escenario de un asalto con el ya conocido \u201cmodo de operaci\u00f3n\u201d. [&hellip;]","og_url":"https:\/\/elhijodelllanero.mx\/index.php\/2026\/04\/12\/coppel-en-celaya-promocion-3x1-pero-en-asaltos\/","og_site_name":"El Hijo del llanero solititito","article_published_time":"2026-04-12T03:51:49+00:00","og_image":[{"width":513,"height":415,"url":"https:\/\/elhijodelllanero.mx\/wp-content\/uploads\/2026\/04\/IMG-20260411-WA0006.jpg","type":"image\/jpeg"}],"author":"Mar\u00eda de la Paz Rodarte Ram\u00edrez","twitter_card":"summary_large_image","twitter_misc":{"Escrito por":"Mar\u00eda de la Paz Rodarte Ram\u00edrez","Tiempo de lectura":"2 minutos"},"schema":{"@context":"https:\/\/schema.org","@graph":[{"@type":"Article","@id":"https:\/\/elhijodelllanero.mx\/index.php\/2026\/04\/12\/coppel-en-celaya-promocion-3x1-pero-en-asaltos\/#article","isPartOf":{"@id":"https:\/\/elhijodelllanero.mx\/index.php\/2026\/04\/12\/coppel-en-celaya-promocion-3x1-pero-en-asaltos\/"},"author":{"name":"Mar\u00eda de la Paz Rodarte Ram\u00edrez","@id":"https:\/\/elhijodelllanero.mx\/#\/schema\/person\/c7f8c86c55c1eab44ae2b93a9628245f"},"headline":"Coppel en Celaya: promoci\u00f3n 3&#215;1\u2026 pero en asaltos.","datePublished":"2026-04-12T03:51:49+00:00","mainEntityOfPage":{"@id":"https:\/\/elhijodelllanero.mx\/index.php\/2026\/04\/12\/coppel-en-celaya-promocion-3x1-pero-en-asaltos\/"},"wordCount":285,"commentCount":0,"image":{"@id":"https:\/\/elhijodelllanero.mx\/index.php\/2026\/04\/12\/coppel-en-celaya-promocion-3x1-pero-en-asaltos\/#primaryimage"},"thumbnailUrl":"https:\/\/i0.wp.com\/elhijodelllanero.mx\/wp-content\/uploads\/2026\/04\/IMG-20260411-WA0006.jpg?fit=513%2C415&ssl=1","articleSection":["CELAYA","POLICIACO"],"inLanguage":"es","potentialAction":[{"@type":"CommentAction","name":"Comment","target":["https:\/\/elhijodelllanero.mx\/index.php\/2026\/04\/12\/coppel-en-celaya-promocion-3x1-pero-en-asaltos\/#respond"]}]},{"@type":"WebPage","@id":"https:\/\/elhijodelllanero.mx\/index.php\/2026\/04\/12\/coppel-en-celaya-promocion-3x1-pero-en-asaltos\/","url":"https:\/\/elhijodelllanero.mx\/index.php\/2026\/04\/12\/coppel-en-celaya-promocion-3x1-pero-en-asaltos\/","name":"Coppel en Celaya: promoci\u00f3n 3x1\u2026 pero en asaltos. - El Hijo del llanero solititito","isPartOf":{"@id":"https:\/\/elhijodelllanero.mx\/#website"},"primaryImageOfPage":{"@id":"https:\/\/elhijodelllanero.mx\/index.php\/2026\/04\/12\/coppel-en-celaya-promocion-3x1-pero-en-asaltos\/#primaryimage"},"image":{"@id":"https:\/\/elhijodelllanero.mx\/index.php\/2026\/04\/12\/coppel-en-celaya-promocion-3x1-pero-en-asaltos\/#primaryimage"},"thumbnailUrl":"https:\/\/i0.wp.com\/elhijodelllanero.mx\/wp-content\/uploads\/2026\/04\/IMG-20260411-WA0006.jpg?fit=513%2C415&ssl=1","datePublished":"2026-04-12T03:51:49+00:00","author":{"@id":"https:\/\/elhijodelllanero.mx\/#\/schema\/person\/c7f8c86c55c1eab44ae2b93a9628245f"},"breadcrumb":{"@id":"https:\/\/elhijodelllanero.mx\/index.php\/2026\/04\/12\/coppel-en-celaya-promocion-3x1-pero-en-asaltos\/#breadcrumb"},"inLanguage":"es","potentialAction":[{"@type":"ReadAction","target":["https:\/\/elhijodelllanero.mx\/index.php\/2026\/04\/12\/coppel-en-celaya-promocion-3x1-pero-en-asaltos\/"]}]},{"@type":"ImageObject","inLanguage":"es","@id":"https:\/\/elhijodelllanero.mx\/index.php\/2026\/04\/12\/coppel-en-celaya-promocion-3x1-pero-en-asaltos\/#primaryimage","url":"https:\/\/i0.wp.com\/elhijodelllanero.mx\/wp-content\/uploads\/2026\/04\/IMG-20260411-WA0006.jpg?fit=513%2C415&ssl=1","contentUrl":"https:\/\/i0.wp.com\/elhijodelllanero.mx\/wp-content\/uploads\/2026\/04\/IMG-20260411-WA0006.jpg?fit=513%2C415&ssl=1","width":513,"height":415},{"@type":"BreadcrumbList","@id":"https:\/\/elhijodelllanero.mx\/index.php\/2026\/04\/12\/coppel-en-celaya-promocion-3x1-pero-en-asaltos\/#breadcrumb","itemListElement":[{"@type":"ListItem","position":1,"name":"Portada","item":"https:\/\/elhijodelllanero.mx\/"},{"@type":"ListItem","position":2,"name":"Coppel en Celaya: promoci\u00f3n 3&#215;1\u2026 pero en asaltos."}]},{"@type":"WebSite","@id":"https:\/\/elhijodelllanero.mx\/#website","url":"https:\/\/elhijodelllanero.mx\/","name":"El Hijo del llanero solititito","description":"","potentialAction":[{"@type":"SearchAction","target":{"@type":"EntryPoint","urlTemplate":"https:\/\/elhijodelllanero.mx\/?s={search_term_string}"},"query-input":{"@type":"PropertyValueSpecification","valueRequired":true,"valueName":"search_term_string"}}],"inLanguage":"es"},{"@type":"Person","@id":"https:\/\/elhijodelllanero.mx\/#\/schema\/person\/c7f8c86c55c1eab44ae2b93a9628245f","name":"Mar\u00eda de la Paz Rodarte Ram\u00edrez","image":{"@type":"ImageObject","inLanguage":"es","@id":"https:\/\/secure.gravatar.com\/avatar\/1f38f8518b09a266af73da2bce78d69e7d1275299970134ed62f572e0487e1d0?s=96&d=mm&r=g","url":"https:\/\/secure.gravatar.com\/avatar\/1f38f8518b09a266af73da2bce78d69e7d1275299970134ed62f572e0487e1d0?s=96&d=mm&r=g","contentUrl":"https:\/\/secure.gravatar.com\/avatar\/1f38f8518b09a266af73da2bce78d69e7d1275299970134ed62f572e0487e1d0?s=96&d=mm&r=g","caption":"Mar\u00eda de la Paz Rodarte Ram\u00edrez"},"sameAs":["https:\/\/www.elhijodelllanero.mx"],"url":"https:\/\/elhijodelllanero.mx\/index.php\/author\/maricuas\/"}]}},"jetpack_featured_media_url":"https:\/\/i0.wp.com\/elhijodelllanero.mx\/wp-content\/uploads\/2026\/04\/IMG-20260411-WA0006.jpg?fit=513%2C415&ssl=1","jetpack-related-posts":[],"jetpack_sharing_enabled":true,"_links":{"self":[{"href":"https:\/\/elhijodelllanero.mx\/index.php\/wp-json\/wp\/v2\/posts\/13767","targetHints":{"allow":["GET"]}}],"collection":[{"href":"https:\/\/elhijodelllanero.mx\/index.php\/wp-json\/wp\/v2\/posts"}],"about":[{"href":"https:\/\/elhijodelllanero.mx\/index.php\/wp-json\/wp\/v2\/types\/post"}],"author":[{"embeddable":true,"href":"https:\/\/elhijodelllanero.mx\/index.php\/wp-json\/wp\/v2\/users\/3"}],"replies":[{"embeddable":true,"href":"https:\/\/elhijodelllanero.mx\/index.php\/wp-json\/wp\/v2\/comments?post=13767"}],"version-history":[{"count":1,"href":"https:\/\/elhijodelllanero.mx\/index.php\/wp-json\/wp\/v2\/posts\/13767\/revisions"}],"predecessor-version":[{"id":13769,"href":"https:\/\/elhijodelllanero.mx\/index.php\/wp-json\/wp\/v2\/posts\/13767\/revisions\/13769"}],"wp:featuredmedia":[{"embeddable":true,"href":"https:\/\/elhijodelllanero.mx\/index.php\/wp-json\/wp\/v2\/media\/13768"}],"wp:attachment":[{"href":"https:\/\/elhijodelllanero.mx\/index.php\/wp-json\/wp\/v2\/media?parent=13767"}],"wp:term":[{"taxonomy":"category","embeddable":true,"href":"https:\/\/elhijodelllanero.mx\/index.php\/wp-json\/wp\/v2\/categories?post=13767"},{"taxonomy":"post_tag","embeddable":true,"href":"https:\/\/elhijodelllanero.mx\/index.php\/wp-json\/wp\/v2\/tags?post=13767"}],"curies":[{"name":"wp","href":"https:\/\/api.w.org\/{rel}","templated":true}]}}