{"id":13771,"date":"2026-04-12T15:25:55","date_gmt":"2026-04-12T21:25:55","guid":{"rendered":"https:\/\/elhijodelllanero.mx\/?p=13771"},"modified":"2026-04-12T15:25:55","modified_gmt":"2026-04-12T21:25:55","slug":"la-lluvia-no-pidio-permiso-y-termino-cobrando-factura-en-doctor-mora","status":"publish","type":"post","link":"https:\/\/elhijodelllanero.mx\/index.php\/2026\/04\/12\/la-lluvia-no-pidio-permiso-y-termino-cobrando-factura-en-doctor-mora\/","title":{"rendered":"La lluvia no pidi\u00f3 permiso\u2026 y termin\u00f3 cobrando factura en Doctor Mora."},"content":{"rendered":"<p>Doctor Mora, Gto. 12 de abril del 2026.-Lo que empez\u00f3 como un fin de semana de lluvias intensas en el noreste del estado termin\u00f3 en tragedia. Un adulto mayor fue localizado sin vida en la comunidad de El Ranchito de San Jos\u00e9, en medio de las afectaciones provocadas por los escurrimientos y precipitaciones recientes.<\/p>\n<p>De acuerdo con informaci\u00f3n oficial del Gobierno Municipal, el hallazgo se dio tras las fuertes lluvias que azotaron la zona en las \u00faltimas horas. Aunque a\u00fan no hay una causa confirmada, de manera preliminar se apunta a que las condiciones clim\u00e1ticas habr\u00edan influido en el fallecimiento.<\/p>\n<p>Elementos de Protecci\u00f3n Civil y Seguridad P\u00fablica se trasladaron al lugar para resguardar el \u00e1rea mientras se llevaban a cabo las diligencias correspondientes. La zona permanece bajo supervisi\u00f3n en lo que las autoridades avanzan con las investigaciones y se esclarecen los hechos.<\/p>\n<p>Entre vecinos, el ambiente es de preocupaci\u00f3n. No solo por lo ocurrido, sino porque las lluvias siguen dejando afectaciones que, como suele pasar, primero parecen \u201csolo agua\u201d\u2026 hasta que dejan de serlo.<\/p>\n<p>Autoridades municipales reiteraron el llamado a la poblaci\u00f3n a no bajar la guardia durante la temporada: evitar cruzar zonas con corriente, no transitar por \u00e1reas de riesgo y mantenerse informados \u00fanicamente a trav\u00e9s de canales oficiales.<\/p>\n<p>Finalmente, expresaron sus condolencias a la familia del fallecido y recordaron que cualquier emergencia debe reportarse al 911.<\/p>\n","protected":false},"excerpt":{"rendered":"<p>Doctor Mora, Gto. 12 de abril del 2026.-Lo que empez\u00f3 como un fin de semana de lluvias intensas en el noreste del estado termin\u00f3 en tragedia. Un adulto mayor fue localizado sin vida en la comunidad de El Ranchito de San Jos\u00e9, en medio de las afectaciones provocadas por los escurrimientos y precipitaciones recientes. De [&hellip;]<\/p>\n","protected":false},"author":3,"featured_media":13772,"comment_status":"open","ping_status":"closed","sticky":false,"template":"","format":"standard","meta":{"_jetpack_newsletter_access":"","_jetpack_dont_email_post_to_subs":false,"_jetpack_newsletter_tier_id":0,"_jetpack_memberships_contains_paywalled_content":false,"_jetpack_memberships_contains_paid_content":false,"footnotes":""},"categories":[38],"tags":[],"class_list":{"0":"post-13771","1":"post","2":"type-post","3":"status-publish","4":"format-standard","5":"has-post-thumbnail","7":"category-estado"},"yoast_head":"<!-- This site is optimized with the Yoast SEO plugin v27.3 - https:\/\/yoast.com\/product\/yoast-seo-wordpress\/ -->\n<title>La lluvia no pidi\u00f3 permiso\u2026 y termin\u00f3 cobrando factura en Doctor Mora. - El Hijo del llanero solititito<\/title>\n<meta name=\"robots\" content=\"index, follow, max-snippet:-1, max-image-preview:large, max-video-preview:-1\" \/>\n<link rel=\"canonical\" href=\"https:\/\/elhijodelllanero.mx\/index.php\/2026\/04\/12\/la-lluvia-no-pidio-permiso-y-termino-cobrando-factura-en-doctor-mora\/\" \/>\n<meta property=\"og:locale\" content=\"es_ES\" \/>\n<meta property=\"og:type\" content=\"article\" \/>\n<meta property=\"og:title\" content=\"La lluvia no pidi\u00f3 permiso\u2026 y termin\u00f3 cobrando factura en Doctor Mora. - El Hijo del llanero solititito\" \/>\n<meta property=\"og:description\" content=\"Doctor Mora, Gto. 12 de abril del 2026.-Lo que empez\u00f3 como un fin de semana de lluvias intensas en el noreste del estado termin\u00f3 en tragedia. Un adulto mayor fue localizado sin vida en la comunidad de El Ranchito de San Jos\u00e9, en medio de las afectaciones provocadas por los escurrimientos y precipitaciones recientes. De [&hellip;]\" \/>\n<meta property=\"og:url\" content=\"https:\/\/elhijodelllanero.mx\/index.php\/2026\/04\/12\/la-lluvia-no-pidio-permiso-y-termino-cobrando-factura-en-doctor-mora\/\" \/>\n<meta property=\"og:site_name\" content=\"El Hijo del llanero solititito\" \/>\n<meta property=\"article:published_time\" content=\"2026-04-12T21:25:55+00:00\" \/>\n<meta property=\"og:image\" content=\"https:\/\/elhijodelllanero.mx\/wp-content\/uploads\/2026\/04\/IMG-20260412-WA0000.jpg\" \/>\n\t<meta property=\"og:image:width\" content=\"960\" \/>\n\t<meta property=\"og:image:height\" content=\"1280\" \/>\n\t<meta property=\"og:image:type\" content=\"image\/jpeg\" \/>\n<meta name=\"author\" content=\"Mar\u00eda de la Paz Rodarte Ram\u00edrez\" \/>\n<meta name=\"twitter:card\" content=\"summary_large_image\" \/>\n<meta name=\"twitter:label1\" content=\"Escrito por\" \/>\n\t<meta name=\"twitter:data1\" content=\"Mar\u00eda de la Paz Rodarte Ram\u00edrez\" \/>\n\t<meta name=\"twitter:label2\" content=\"Tiempo de lectura\" \/>\n\t<meta name=\"twitter:data2\" content=\"2 minutos\" \/>\n<script type=\"application\/ld+json\" class=\"yoast-schema-graph\">{\"@context\":\"https:\\\/\\\/schema.org\",\"@graph\":[{\"@type\":\"Article\",\"@id\":\"https:\\\/\\\/elhijodelllanero.mx\\\/index.php\\\/2026\\\/04\\\/12\\\/la-lluvia-no-pidio-permiso-y-termino-cobrando-factura-en-doctor-mora\\\/#article\",\"isPartOf\":{\"@id\":\"https:\\\/\\\/elhijodelllanero.mx\\\/index.php\\\/2026\\\/04\\\/12\\\/la-lluvia-no-pidio-permiso-y-termino-cobrando-factura-en-doctor-mora\\\/\"},\"author\":{\"name\":\"Mar\u00eda de la Paz Rodarte Ram\u00edrez\",\"@id\":\"https:\\\/\\\/elhijodelllanero.mx\\\/#\\\/schema\\\/person\\\/c7f8c86c55c1eab44ae2b93a9628245f\"},\"headline\":\"La lluvia no pidi\u00f3 permiso\u2026 y termin\u00f3 cobrando factura en Doctor Mora.\",\"datePublished\":\"2026-04-12T21:25:55+00:00\",\"mainEntityOfPage\":{\"@id\":\"https:\\\/\\\/elhijodelllanero.mx\\\/index.php\\\/2026\\\/04\\\/12\\\/la-lluvia-no-pidio-permiso-y-termino-cobrando-factura-en-doctor-mora\\\/\"},\"wordCount\":248,\"commentCount\":0,\"image\":{\"@id\":\"https:\\\/\\\/elhijodelllanero.mx\\\/index.php\\\/2026\\\/04\\\/12\\\/la-lluvia-no-pidio-permiso-y-termino-cobrando-factura-en-doctor-mora\\\/#primaryimage\"},\"thumbnailUrl\":\"https:\\\/\\\/i0.wp.com\\\/elhijodelllanero.mx\\\/wp-content\\\/uploads\\\/2026\\\/04\\\/IMG-20260412-WA0000.jpg?fit=960%2C1280&ssl=1\",\"articleSection\":[\"ESTADO\"],\"inLanguage\":\"es\",\"potentialAction\":[{\"@type\":\"CommentAction\",\"name\":\"Comment\",\"target\":[\"https:\\\/\\\/elhijodelllanero.mx\\\/index.php\\\/2026\\\/04\\\/12\\\/la-lluvia-no-pidio-permiso-y-termino-cobrando-factura-en-doctor-mora\\\/#respond\"]}]},{\"@type\":\"WebPage\",\"@id\":\"https:\\\/\\\/elhijodelllanero.mx\\\/index.php\\\/2026\\\/04\\\/12\\\/la-lluvia-no-pidio-permiso-y-termino-cobrando-factura-en-doctor-mora\\\/\",\"url\":\"https:\\\/\\\/elhijodelllanero.mx\\\/index.php\\\/2026\\\/04\\\/12\\\/la-lluvia-no-pidio-permiso-y-termino-cobrando-factura-en-doctor-mora\\\/\",\"name\":\"La lluvia no pidi\u00f3 permiso\u2026 y termin\u00f3 cobrando factura en Doctor Mora. - El Hijo del llanero solititito\",\"isPartOf\":{\"@id\":\"https:\\\/\\\/elhijodelllanero.mx\\\/#website\"},\"primaryImageOfPage\":{\"@id\":\"https:\\\/\\\/elhijodelllanero.mx\\\/index.php\\\/2026\\\/04\\\/12\\\/la-lluvia-no-pidio-permiso-y-termino-cobrando-factura-en-doctor-mora\\\/#primaryimage\"},\"image\":{\"@id\":\"https:\\\/\\\/elhijodelllanero.mx\\\/index.php\\\/2026\\\/04\\\/12\\\/la-lluvia-no-pidio-permiso-y-termino-cobrando-factura-en-doctor-mora\\\/#primaryimage\"},\"thumbnailUrl\":\"https:\\\/\\\/i0.wp.com\\\/elhijodelllanero.mx\\\/wp-content\\\/uploads\\\/2026\\\/04\\\/IMG-20260412-WA0000.jpg?fit=960%2C1280&ssl=1\",\"datePublished\":\"2026-04-12T21:25:55+00:00\",\"author\":{\"@id\":\"https:\\\/\\\/elhijodelllanero.mx\\\/#\\\/schema\\\/person\\\/c7f8c86c55c1eab44ae2b93a9628245f\"},\"breadcrumb\":{\"@id\":\"https:\\\/\\\/elhijodelllanero.mx\\\/index.php\\\/2026\\\/04\\\/12\\\/la-lluvia-no-pidio-permiso-y-termino-cobrando-factura-en-doctor-mora\\\/#breadcrumb\"},\"inLanguage\":\"es\",\"potentialAction\":[{\"@type\":\"ReadAction\",\"target\":[\"https:\\\/\\\/elhijodelllanero.mx\\\/index.php\\\/2026\\\/04\\\/12\\\/la-lluvia-no-pidio-permiso-y-termino-cobrando-factura-en-doctor-mora\\\/\"]}]},{\"@type\":\"ImageObject\",\"inLanguage\":\"es\",\"@id\":\"https:\\\/\\\/elhijodelllanero.mx\\\/index.php\\\/2026\\\/04\\\/12\\\/la-lluvia-no-pidio-permiso-y-termino-cobrando-factura-en-doctor-mora\\\/#primaryimage\",\"url\":\"https:\\\/\\\/i0.wp.com\\\/elhijodelllanero.mx\\\/wp-content\\\/uploads\\\/2026\\\/04\\\/IMG-20260412-WA0000.jpg?fit=960%2C1280&ssl=1\",\"contentUrl\":\"https:\\\/\\\/i0.wp.com\\\/elhijodelllanero.mx\\\/wp-content\\\/uploads\\\/2026\\\/04\\\/IMG-20260412-WA0000.jpg?fit=960%2C1280&ssl=1\",\"width\":960,\"height\":1280},{\"@type\":\"BreadcrumbList\",\"@id\":\"https:\\\/\\\/elhijodelllanero.mx\\\/index.php\\\/2026\\\/04\\\/12\\\/la-lluvia-no-pidio-permiso-y-termino-cobrando-factura-en-doctor-mora\\\/#breadcrumb\",\"itemListElement\":[{\"@type\":\"ListItem\",\"position\":1,\"name\":\"Portada\",\"item\":\"https:\\\/\\\/elhijodelllanero.mx\\\/\"},{\"@type\":\"ListItem\",\"position\":2,\"name\":\"La lluvia no pidi\u00f3 permiso\u2026 y termin\u00f3 cobrando factura en Doctor Mora.\"}]},{\"@type\":\"WebSite\",\"@id\":\"https:\\\/\\\/elhijodelllanero.mx\\\/#website\",\"url\":\"https:\\\/\\\/elhijodelllanero.mx\\\/\",\"name\":\"El Hijo del llanero solititito\",\"description\":\"\",\"potentialAction\":[{\"@type\":\"SearchAction\",\"target\":{\"@type\":\"EntryPoint\",\"urlTemplate\":\"https:\\\/\\\/elhijodelllanero.mx\\\/?s={search_term_string}\"},\"query-input\":{\"@type\":\"PropertyValueSpecification\",\"valueRequired\":true,\"valueName\":\"search_term_string\"}}],\"inLanguage\":\"es\"},{\"@type\":\"Person\",\"@id\":\"https:\\\/\\\/elhijodelllanero.mx\\\/#\\\/schema\\\/person\\\/c7f8c86c55c1eab44ae2b93a9628245f\",\"name\":\"Mar\u00eda de la Paz Rodarte Ram\u00edrez\",\"image\":{\"@type\":\"ImageObject\",\"inLanguage\":\"es\",\"@id\":\"https:\\\/\\\/secure.gravatar.com\\\/avatar\\\/1f38f8518b09a266af73da2bce78d69e7d1275299970134ed62f572e0487e1d0?s=96&d=mm&r=g\",\"url\":\"https:\\\/\\\/secure.gravatar.com\\\/avatar\\\/1f38f8518b09a266af73da2bce78d69e7d1275299970134ed62f572e0487e1d0?s=96&d=mm&r=g\",\"contentUrl\":\"https:\\\/\\\/secure.gravatar.com\\\/avatar\\\/1f38f8518b09a266af73da2bce78d69e7d1275299970134ed62f572e0487e1d0?s=96&d=mm&r=g\",\"caption\":\"Mar\u00eda de la Paz Rodarte Ram\u00edrez\"},\"sameAs\":[\"https:\\\/\\\/www.elhijodelllanero.mx\"],\"url\":\"https:\\\/\\\/elhijodelllanero.mx\\\/index.php\\\/author\\\/maricuas\\\/\"}]}<\/script>\n<!-- \/ Yoast SEO plugin. -->","yoast_head_json":{"title":"La lluvia no pidi\u00f3 permiso\u2026 y termin\u00f3 cobrando factura en Doctor Mora. - El Hijo del llanero solititito","robots":{"index":"index","follow":"follow","max-snippet":"max-snippet:-1","max-image-preview":"max-image-preview:large","max-video-preview":"max-video-preview:-1"},"canonical":"https:\/\/elhijodelllanero.mx\/index.php\/2026\/04\/12\/la-lluvia-no-pidio-permiso-y-termino-cobrando-factura-en-doctor-mora\/","og_locale":"es_ES","og_type":"article","og_title":"La lluvia no pidi\u00f3 permiso\u2026 y termin\u00f3 cobrando factura en Doctor Mora. - El Hijo del llanero solititito","og_description":"Doctor Mora, Gto. 12 de abril del 2026.-Lo que empez\u00f3 como un fin de semana de lluvias intensas en el noreste del estado termin\u00f3 en tragedia. Un adulto mayor fue localizado sin vida en la comunidad de El Ranchito de San Jos\u00e9, en medio de las afectaciones provocadas por los escurrimientos y precipitaciones recientes. De [&hellip;]","og_url":"https:\/\/elhijodelllanero.mx\/index.php\/2026\/04\/12\/la-lluvia-no-pidio-permiso-y-termino-cobrando-factura-en-doctor-mora\/","og_site_name":"El Hijo del llanero solititito","article_published_time":"2026-04-12T21:25:55+00:00","og_image":[{"width":960,"height":1280,"url":"https:\/\/elhijodelllanero.mx\/wp-content\/uploads\/2026\/04\/IMG-20260412-WA0000.jpg","type":"image\/jpeg"}],"author":"Mar\u00eda de la Paz Rodarte Ram\u00edrez","twitter_card":"summary_large_image","twitter_misc":{"Escrito por":"Mar\u00eda de la Paz Rodarte Ram\u00edrez","Tiempo de lectura":"2 minutos"},"schema":{"@context":"https:\/\/schema.org","@graph":[{"@type":"Article","@id":"https:\/\/elhijodelllanero.mx\/index.php\/2026\/04\/12\/la-lluvia-no-pidio-permiso-y-termino-cobrando-factura-en-doctor-mora\/#article","isPartOf":{"@id":"https:\/\/elhijodelllanero.mx\/index.php\/2026\/04\/12\/la-lluvia-no-pidio-permiso-y-termino-cobrando-factura-en-doctor-mora\/"},"author":{"name":"Mar\u00eda de la Paz Rodarte Ram\u00edrez","@id":"https:\/\/elhijodelllanero.mx\/#\/schema\/person\/c7f8c86c55c1eab44ae2b93a9628245f"},"headline":"La lluvia no pidi\u00f3 permiso\u2026 y termin\u00f3 cobrando factura en Doctor Mora.","datePublished":"2026-04-12T21:25:55+00:00","mainEntityOfPage":{"@id":"https:\/\/elhijodelllanero.mx\/index.php\/2026\/04\/12\/la-lluvia-no-pidio-permiso-y-termino-cobrando-factura-en-doctor-mora\/"},"wordCount":248,"commentCount":0,"image":{"@id":"https:\/\/elhijodelllanero.mx\/index.php\/2026\/04\/12\/la-lluvia-no-pidio-permiso-y-termino-cobrando-factura-en-doctor-mora\/#primaryimage"},"thumbnailUrl":"https:\/\/i0.wp.com\/elhijodelllanero.mx\/wp-content\/uploads\/2026\/04\/IMG-20260412-WA0000.jpg?fit=960%2C1280&ssl=1","articleSection":["ESTADO"],"inLanguage":"es","potentialAction":[{"@type":"CommentAction","name":"Comment","target":["https:\/\/elhijodelllanero.mx\/index.php\/2026\/04\/12\/la-lluvia-no-pidio-permiso-y-termino-cobrando-factura-en-doctor-mora\/#respond"]}]},{"@type":"WebPage","@id":"https:\/\/elhijodelllanero.mx\/index.php\/2026\/04\/12\/la-lluvia-no-pidio-permiso-y-termino-cobrando-factura-en-doctor-mora\/","url":"https:\/\/elhijodelllanero.mx\/index.php\/2026\/04\/12\/la-lluvia-no-pidio-permiso-y-termino-cobrando-factura-en-doctor-mora\/","name":"La lluvia no pidi\u00f3 permiso\u2026 y termin\u00f3 cobrando factura en Doctor Mora. - El Hijo del llanero solititito","isPartOf":{"@id":"https:\/\/elhijodelllanero.mx\/#website"},"primaryImageOfPage":{"@id":"https:\/\/elhijodelllanero.mx\/index.php\/2026\/04\/12\/la-lluvia-no-pidio-permiso-y-termino-cobrando-factura-en-doctor-mora\/#primaryimage"},"image":{"@id":"https:\/\/elhijodelllanero.mx\/index.php\/2026\/04\/12\/la-lluvia-no-pidio-permiso-y-termino-cobrando-factura-en-doctor-mora\/#primaryimage"},"thumbnailUrl":"https:\/\/i0.wp.com\/elhijodelllanero.mx\/wp-content\/uploads\/2026\/04\/IMG-20260412-WA0000.jpg?fit=960%2C1280&ssl=1","datePublished":"2026-04-12T21:25:55+00:00","author":{"@id":"https:\/\/elhijodelllanero.mx\/#\/schema\/person\/c7f8c86c55c1eab44ae2b93a9628245f"},"breadcrumb":{"@id":"https:\/\/elhijodelllanero.mx\/index.php\/2026\/04\/12\/la-lluvia-no-pidio-permiso-y-termino-cobrando-factura-en-doctor-mora\/#breadcrumb"},"inLanguage":"es","potentialAction":[{"@type":"ReadAction","target":["https:\/\/elhijodelllanero.mx\/index.php\/2026\/04\/12\/la-lluvia-no-pidio-permiso-y-termino-cobrando-factura-en-doctor-mora\/"]}]},{"@type":"ImageObject","inLanguage":"es","@id":"https:\/\/elhijodelllanero.mx\/index.php\/2026\/04\/12\/la-lluvia-no-pidio-permiso-y-termino-cobrando-factura-en-doctor-mora\/#primaryimage","url":"https:\/\/i0.wp.com\/elhijodelllanero.mx\/wp-content\/uploads\/2026\/04\/IMG-20260412-WA0000.jpg?fit=960%2C1280&ssl=1","contentUrl":"https:\/\/i0.wp.com\/elhijodelllanero.mx\/wp-content\/uploads\/2026\/04\/IMG-20260412-WA0000.jpg?fit=960%2C1280&ssl=1","width":960,"height":1280},{"@type":"BreadcrumbList","@id":"https:\/\/elhijodelllanero.mx\/index.php\/2026\/04\/12\/la-lluvia-no-pidio-permiso-y-termino-cobrando-factura-en-doctor-mora\/#breadcrumb","itemListElement":[{"@type":"ListItem","position":1,"name":"Portada","item":"https:\/\/elhijodelllanero.mx\/"},{"@type":"ListItem","position":2,"name":"La lluvia no pidi\u00f3 permiso\u2026 y termin\u00f3 cobrando factura en Doctor Mora."}]},{"@type":"WebSite","@id":"https:\/\/elhijodelllanero.mx\/#website","url":"https:\/\/elhijodelllanero.mx\/","name":"El Hijo del llanero solititito","description":"","potentialAction":[{"@type":"SearchAction","target":{"@type":"EntryPoint","urlTemplate":"https:\/\/elhijodelllanero.mx\/?s={search_term_string}"},"query-input":{"@type":"PropertyValueSpecification","valueRequired":true,"valueName":"search_term_string"}}],"inLanguage":"es"},{"@type":"Person","@id":"https:\/\/elhijodelllanero.mx\/#\/schema\/person\/c7f8c86c55c1eab44ae2b93a9628245f","name":"Mar\u00eda de la Paz Rodarte Ram\u00edrez","image":{"@type":"ImageObject","inLanguage":"es","@id":"https:\/\/secure.gravatar.com\/avatar\/1f38f8518b09a266af73da2bce78d69e7d1275299970134ed62f572e0487e1d0?s=96&d=mm&r=g","url":"https:\/\/secure.gravatar.com\/avatar\/1f38f8518b09a266af73da2bce78d69e7d1275299970134ed62f572e0487e1d0?s=96&d=mm&r=g","contentUrl":"https:\/\/secure.gravatar.com\/avatar\/1f38f8518b09a266af73da2bce78d69e7d1275299970134ed62f572e0487e1d0?s=96&d=mm&r=g","caption":"Mar\u00eda de la Paz Rodarte Ram\u00edrez"},"sameAs":["https:\/\/www.elhijodelllanero.mx"],"url":"https:\/\/elhijodelllanero.mx\/index.php\/author\/maricuas\/"}]}},"jetpack_featured_media_url":"https:\/\/i0.wp.com\/elhijodelllanero.mx\/wp-content\/uploads\/2026\/04\/IMG-20260412-WA0000.jpg?fit=960%2C1280&ssl=1","jetpack-related-posts":[],"jetpack_sharing_enabled":true,"_links":{"self":[{"href":"https:\/\/elhijodelllanero.mx\/index.php\/wp-json\/wp\/v2\/posts\/13771","targetHints":{"allow":["GET"]}}],"collection":[{"href":"https:\/\/elhijodelllanero.mx\/index.php\/wp-json\/wp\/v2\/posts"}],"about":[{"href":"https:\/\/elhijodelllanero.mx\/index.php\/wp-json\/wp\/v2\/types\/post"}],"author":[{"embeddable":true,"href":"https:\/\/elhijodelllanero.mx\/index.php\/wp-json\/wp\/v2\/users\/3"}],"replies":[{"embeddable":true,"href":"https:\/\/elhijodelllanero.mx\/index.php\/wp-json\/wp\/v2\/comments?post=13771"}],"version-history":[{"count":1,"href":"https:\/\/elhijodelllanero.mx\/index.php\/wp-json\/wp\/v2\/posts\/13771\/revisions"}],"predecessor-version":[{"id":13773,"href":"https:\/\/elhijodelllanero.mx\/index.php\/wp-json\/wp\/v2\/posts\/13771\/revisions\/13773"}],"wp:featuredmedia":[{"embeddable":true,"href":"https:\/\/elhijodelllanero.mx\/index.php\/wp-json\/wp\/v2\/media\/13772"}],"wp:attachment":[{"href":"https:\/\/elhijodelllanero.mx\/index.php\/wp-json\/wp\/v2\/media?parent=13771"}],"wp:term":[{"taxonomy":"category","embeddable":true,"href":"https:\/\/elhijodelllanero.mx\/index.php\/wp-json\/wp\/v2\/categories?post=13771"},{"taxonomy":"post_tag","embeddable":true,"href":"https:\/\/elhijodelllanero.mx\/index.php\/wp-json\/wp\/v2\/tags?post=13771"}],"curies":[{"name":"wp","href":"https:\/\/api.w.org\/{rel}","templated":true}]}}