{"id":13775,"date":"2026-04-12T17:06:13","date_gmt":"2026-04-12T23:06:13","guid":{"rendered":"https:\/\/elhijodelllanero.mx\/?p=13775"},"modified":"2026-04-12T17:06:13","modified_gmt":"2026-04-12T23:06:13","slug":"san-miguel-de-ixtla-estrena-nombramiento-y-no-lo-presume-lo-vive","status":"publish","type":"post","link":"https:\/\/elhijodelllanero.mx\/index.php\/2026\/04\/12\/san-miguel-de-ixtla-estrena-nombramiento-y-no-lo-presume-lo-vive\/","title":{"rendered":"San Miguel de Ixtla estrena nombramiento\u2026 y no lo presume, lo vive."},"content":{"rendered":"<p>Apaseo el Grande, Gto. 12 de abril del 2026.-Hoy no fue un d\u00eda cualquiera en San Miguel de Ixtla. Hoy se llev\u00f3 a cabo la primera Feria de Pueblos con Encanto, y con ella, el momento oficial en el que el lugar recibe ese nombramiento que, siendo honestos, ya tra\u00eda ganado desde hace tiempo. Solo faltaba que alguien lo dijera en voz alta y con micr\u00f3fono.<\/p>\n<p>Desde temprano, el pueblo decidi\u00f3 no guardarse nada. A las 6:30 de la ma\u00f1ana, la misa acompa\u00f1ada por rondalla marc\u00f3 el inicio de una jornada que se sent\u00eda m\u00e1s celebraci\u00f3n que protocolo. Despu\u00e9s, los recorridos por capillas fueron ese tipo de experiencia que no necesita explicaci\u00f3n: se camina, se observa y se entiende por qu\u00e9 este lugar tiene historia de sobra.<\/p>\n<p>Para cuando lleg\u00f3 la feria gastron\u00f3mica, el ambiente ya estaba en su punto. Y claro, aqu\u00ed la comida no es relleno de evento, es protagonista. Lo que se sirve viene de la tierra misma: aguacate, nopales, tunas, garambullos, maguey\u2026 ingredientes que no necesitan presentaci\u00f3n porque llevan generaciones haciendo bien su trabajo.<\/p>\n<p>La cabalgata avanz\u00f3 con ese aire de tradici\u00f3n que no se ensaya, mientras danzas como la de apaches y soldados del Se\u00f1or de Ojo Zarco recordaban que aqu\u00ed las costumbres no son decoraci\u00f3n, son identidad.<\/p>\n<p>Ya pasado el mediod\u00eda, lleg\u00f3 la inauguraci\u00f3n oficial. Hubo discursos, s\u00ed, pero tambi\u00e9n algo m\u00e1s importante: orgullo. Talleres de atole, mazap\u00e1n, acuarela y canastos, presentaciones art\u00edsticas y talento local que, sin complicarse, llen\u00f3 el espacio de vida.<\/p>\n<p>Y por si el d\u00eda no hab\u00eda sido suficiente, la noche cerr\u00f3 con un recorrido tem\u00e1tico de la Guerra Cristera, porque en Ixtla hasta la historia tiene horario estelar.<\/p>\n<p>Estar en San Miguel de Ixtla hoy fue entender que el encanto no es un t\u00edtulo que se cuelga, es algo que se respira, se come y se camina. El nombramiento lleg\u00f3, s\u00ed\u2026 pero el pueblo ya llevaba ventaja.<\/p>\n","protected":false},"excerpt":{"rendered":"<p>Apaseo el Grande, Gto. 12 de abril del 2026.-Hoy no fue un d\u00eda cualquiera en San Miguel de Ixtla. Hoy se llev\u00f3 a cabo la primera Feria de Pueblos con Encanto, y con ella, el momento oficial en el que el lugar recibe ese nombramiento que, siendo honestos, ya tra\u00eda ganado desde hace tiempo. Solo [&hellip;]<\/p>\n","protected":false},"author":3,"featured_media":13776,"comment_status":"open","ping_status":"closed","sticky":false,"template":"","format":"standard","meta":{"_jetpack_newsletter_access":"","_jetpack_dont_email_post_to_subs":false,"_jetpack_newsletter_tier_id":0,"_jetpack_memberships_contains_paywalled_content":false,"_jetpack_memberships_contains_paid_content":false,"footnotes":""},"categories":[78,76],"tags":[],"class_list":{"0":"post-13775","1":"post","2":"type-post","3":"status-publish","4":"format-standard","5":"has-post-thumbnail","7":"category-apaseo-el-grande","8":"category-municipios"},"yoast_head":"<!-- This site is optimized with the Yoast SEO plugin v27.3 - https:\/\/yoast.com\/product\/yoast-seo-wordpress\/ -->\n<title>San Miguel de Ixtla estrena nombramiento\u2026 y no lo presume, lo vive. - El Hijo del llanero solititito<\/title>\n<meta name=\"robots\" content=\"index, follow, max-snippet:-1, max-image-preview:large, max-video-preview:-1\" \/>\n<link rel=\"canonical\" href=\"https:\/\/elhijodelllanero.mx\/index.php\/2026\/04\/12\/san-miguel-de-ixtla-estrena-nombramiento-y-no-lo-presume-lo-vive\/\" \/>\n<meta property=\"og:locale\" content=\"es_ES\" \/>\n<meta property=\"og:type\" content=\"article\" \/>\n<meta property=\"og:title\" content=\"San Miguel de Ixtla estrena nombramiento\u2026 y no lo presume, lo vive. - El Hijo del llanero solititito\" \/>\n<meta property=\"og:description\" content=\"Apaseo el Grande, Gto. 12 de abril del 2026.-Hoy no fue un d\u00eda cualquiera en San Miguel de Ixtla. Hoy se llev\u00f3 a cabo la primera Feria de Pueblos con Encanto, y con ella, el momento oficial en el que el lugar recibe ese nombramiento que, siendo honestos, ya tra\u00eda ganado desde hace tiempo. Solo [&hellip;]\" \/>\n<meta property=\"og:url\" content=\"https:\/\/elhijodelllanero.mx\/index.php\/2026\/04\/12\/san-miguel-de-ixtla-estrena-nombramiento-y-no-lo-presume-lo-vive\/\" \/>\n<meta property=\"og:site_name\" content=\"El Hijo del llanero solititito\" \/>\n<meta property=\"article:published_time\" content=\"2026-04-12T23:06:13+00:00\" \/>\n<meta property=\"og:image\" content=\"https:\/\/elhijodelllanero.mx\/wp-content\/uploads\/2026\/04\/20260412_170241-COLLAGE-scaled.jpg\" \/>\n\t<meta property=\"og:image:width\" content=\"2560\" \/>\n\t<meta property=\"og:image:height\" content=\"2560\" \/>\n\t<meta property=\"og:image:type\" content=\"image\/jpeg\" \/>\n<meta name=\"author\" content=\"Mar\u00eda de la Paz Rodarte Ram\u00edrez\" \/>\n<meta name=\"twitter:card\" content=\"summary_large_image\" \/>\n<meta name=\"twitter:label1\" content=\"Escrito por\" \/>\n\t<meta name=\"twitter:data1\" content=\"Mar\u00eda de la Paz Rodarte Ram\u00edrez\" \/>\n\t<meta name=\"twitter:label2\" content=\"Tiempo de lectura\" \/>\n\t<meta name=\"twitter:data2\" content=\"2 minutos\" \/>\n<script type=\"application\/ld+json\" class=\"yoast-schema-graph\">{\"@context\":\"https:\\\/\\\/schema.org\",\"@graph\":[{\"@type\":\"Article\",\"@id\":\"https:\\\/\\\/elhijodelllanero.mx\\\/index.php\\\/2026\\\/04\\\/12\\\/san-miguel-de-ixtla-estrena-nombramiento-y-no-lo-presume-lo-vive\\\/#article\",\"isPartOf\":{\"@id\":\"https:\\\/\\\/elhijodelllanero.mx\\\/index.php\\\/2026\\\/04\\\/12\\\/san-miguel-de-ixtla-estrena-nombramiento-y-no-lo-presume-lo-vive\\\/\"},\"author\":{\"name\":\"Mar\u00eda de la Paz Rodarte Ram\u00edrez\",\"@id\":\"https:\\\/\\\/elhijodelllanero.mx\\\/#\\\/schema\\\/person\\\/c7f8c86c55c1eab44ae2b93a9628245f\"},\"headline\":\"San Miguel de Ixtla estrena nombramiento\u2026 y no lo presume, lo vive.\",\"datePublished\":\"2026-04-12T23:06:13+00:00\",\"mainEntityOfPage\":{\"@id\":\"https:\\\/\\\/elhijodelllanero.mx\\\/index.php\\\/2026\\\/04\\\/12\\\/san-miguel-de-ixtla-estrena-nombramiento-y-no-lo-presume-lo-vive\\\/\"},\"wordCount\":353,\"commentCount\":0,\"image\":{\"@id\":\"https:\\\/\\\/elhijodelllanero.mx\\\/index.php\\\/2026\\\/04\\\/12\\\/san-miguel-de-ixtla-estrena-nombramiento-y-no-lo-presume-lo-vive\\\/#primaryimage\"},\"thumbnailUrl\":\"https:\\\/\\\/i0.wp.com\\\/elhijodelllanero.mx\\\/wp-content\\\/uploads\\\/2026\\\/04\\\/20260412_170241-COLLAGE-scaled.jpg?fit=2560%2C2560&ssl=1\",\"articleSection\":[\"APASEO EL GRANDE\",\"MUNICIPIOS\"],\"inLanguage\":\"es\",\"potentialAction\":[{\"@type\":\"CommentAction\",\"name\":\"Comment\",\"target\":[\"https:\\\/\\\/elhijodelllanero.mx\\\/index.php\\\/2026\\\/04\\\/12\\\/san-miguel-de-ixtla-estrena-nombramiento-y-no-lo-presume-lo-vive\\\/#respond\"]}]},{\"@type\":\"WebPage\",\"@id\":\"https:\\\/\\\/elhijodelllanero.mx\\\/index.php\\\/2026\\\/04\\\/12\\\/san-miguel-de-ixtla-estrena-nombramiento-y-no-lo-presume-lo-vive\\\/\",\"url\":\"https:\\\/\\\/elhijodelllanero.mx\\\/index.php\\\/2026\\\/04\\\/12\\\/san-miguel-de-ixtla-estrena-nombramiento-y-no-lo-presume-lo-vive\\\/\",\"name\":\"San Miguel de Ixtla estrena nombramiento\u2026 y no lo presume, lo vive. - El Hijo del llanero solititito\",\"isPartOf\":{\"@id\":\"https:\\\/\\\/elhijodelllanero.mx\\\/#website\"},\"primaryImageOfPage\":{\"@id\":\"https:\\\/\\\/elhijodelllanero.mx\\\/index.php\\\/2026\\\/04\\\/12\\\/san-miguel-de-ixtla-estrena-nombramiento-y-no-lo-presume-lo-vive\\\/#primaryimage\"},\"image\":{\"@id\":\"https:\\\/\\\/elhijodelllanero.mx\\\/index.php\\\/2026\\\/04\\\/12\\\/san-miguel-de-ixtla-estrena-nombramiento-y-no-lo-presume-lo-vive\\\/#primaryimage\"},\"thumbnailUrl\":\"https:\\\/\\\/i0.wp.com\\\/elhijodelllanero.mx\\\/wp-content\\\/uploads\\\/2026\\\/04\\\/20260412_170241-COLLAGE-scaled.jpg?fit=2560%2C2560&ssl=1\",\"datePublished\":\"2026-04-12T23:06:13+00:00\",\"author\":{\"@id\":\"https:\\\/\\\/elhijodelllanero.mx\\\/#\\\/schema\\\/person\\\/c7f8c86c55c1eab44ae2b93a9628245f\"},\"breadcrumb\":{\"@id\":\"https:\\\/\\\/elhijodelllanero.mx\\\/index.php\\\/2026\\\/04\\\/12\\\/san-miguel-de-ixtla-estrena-nombramiento-y-no-lo-presume-lo-vive\\\/#breadcrumb\"},\"inLanguage\":\"es\",\"potentialAction\":[{\"@type\":\"ReadAction\",\"target\":[\"https:\\\/\\\/elhijodelllanero.mx\\\/index.php\\\/2026\\\/04\\\/12\\\/san-miguel-de-ixtla-estrena-nombramiento-y-no-lo-presume-lo-vive\\\/\"]}]},{\"@type\":\"ImageObject\",\"inLanguage\":\"es\",\"@id\":\"https:\\\/\\\/elhijodelllanero.mx\\\/index.php\\\/2026\\\/04\\\/12\\\/san-miguel-de-ixtla-estrena-nombramiento-y-no-lo-presume-lo-vive\\\/#primaryimage\",\"url\":\"https:\\\/\\\/i0.wp.com\\\/elhijodelllanero.mx\\\/wp-content\\\/uploads\\\/2026\\\/04\\\/20260412_170241-COLLAGE-scaled.jpg?fit=2560%2C2560&ssl=1\",\"contentUrl\":\"https:\\\/\\\/i0.wp.com\\\/elhijodelllanero.mx\\\/wp-content\\\/uploads\\\/2026\\\/04\\\/20260412_170241-COLLAGE-scaled.jpg?fit=2560%2C2560&ssl=1\",\"width\":2560,\"height\":2560},{\"@type\":\"BreadcrumbList\",\"@id\":\"https:\\\/\\\/elhijodelllanero.mx\\\/index.php\\\/2026\\\/04\\\/12\\\/san-miguel-de-ixtla-estrena-nombramiento-y-no-lo-presume-lo-vive\\\/#breadcrumb\",\"itemListElement\":[{\"@type\":\"ListItem\",\"position\":1,\"name\":\"Portada\",\"item\":\"https:\\\/\\\/elhijodelllanero.mx\\\/\"},{\"@type\":\"ListItem\",\"position\":2,\"name\":\"San Miguel de Ixtla estrena nombramiento\u2026 y no lo presume, lo vive.\"}]},{\"@type\":\"WebSite\",\"@id\":\"https:\\\/\\\/elhijodelllanero.mx\\\/#website\",\"url\":\"https:\\\/\\\/elhijodelllanero.mx\\\/\",\"name\":\"El Hijo del llanero solititito\",\"description\":\"\",\"potentialAction\":[{\"@type\":\"SearchAction\",\"target\":{\"@type\":\"EntryPoint\",\"urlTemplate\":\"https:\\\/\\\/elhijodelllanero.mx\\\/?s={search_term_string}\"},\"query-input\":{\"@type\":\"PropertyValueSpecification\",\"valueRequired\":true,\"valueName\":\"search_term_string\"}}],\"inLanguage\":\"es\"},{\"@type\":\"Person\",\"@id\":\"https:\\\/\\\/elhijodelllanero.mx\\\/#\\\/schema\\\/person\\\/c7f8c86c55c1eab44ae2b93a9628245f\",\"name\":\"Mar\u00eda de la Paz Rodarte Ram\u00edrez\",\"image\":{\"@type\":\"ImageObject\",\"inLanguage\":\"es\",\"@id\":\"https:\\\/\\\/secure.gravatar.com\\\/avatar\\\/1f38f8518b09a266af73da2bce78d69e7d1275299970134ed62f572e0487e1d0?s=96&d=mm&r=g\",\"url\":\"https:\\\/\\\/secure.gravatar.com\\\/avatar\\\/1f38f8518b09a266af73da2bce78d69e7d1275299970134ed62f572e0487e1d0?s=96&d=mm&r=g\",\"contentUrl\":\"https:\\\/\\\/secure.gravatar.com\\\/avatar\\\/1f38f8518b09a266af73da2bce78d69e7d1275299970134ed62f572e0487e1d0?s=96&d=mm&r=g\",\"caption\":\"Mar\u00eda de la Paz Rodarte Ram\u00edrez\"},\"sameAs\":[\"https:\\\/\\\/www.elhijodelllanero.mx\"],\"url\":\"https:\\\/\\\/elhijodelllanero.mx\\\/index.php\\\/author\\\/maricuas\\\/\"}]}<\/script>\n<!-- \/ Yoast SEO plugin. -->","yoast_head_json":{"title":"San Miguel de Ixtla estrena nombramiento\u2026 y no lo presume, lo vive. - El Hijo del llanero solititito","robots":{"index":"index","follow":"follow","max-snippet":"max-snippet:-1","max-image-preview":"max-image-preview:large","max-video-preview":"max-video-preview:-1"},"canonical":"https:\/\/elhijodelllanero.mx\/index.php\/2026\/04\/12\/san-miguel-de-ixtla-estrena-nombramiento-y-no-lo-presume-lo-vive\/","og_locale":"es_ES","og_type":"article","og_title":"San Miguel de Ixtla estrena nombramiento\u2026 y no lo presume, lo vive. - El Hijo del llanero solititito","og_description":"Apaseo el Grande, Gto. 12 de abril del 2026.-Hoy no fue un d\u00eda cualquiera en San Miguel de Ixtla. Hoy se llev\u00f3 a cabo la primera Feria de Pueblos con Encanto, y con ella, el momento oficial en el que el lugar recibe ese nombramiento que, siendo honestos, ya tra\u00eda ganado desde hace tiempo. Solo [&hellip;]","og_url":"https:\/\/elhijodelllanero.mx\/index.php\/2026\/04\/12\/san-miguel-de-ixtla-estrena-nombramiento-y-no-lo-presume-lo-vive\/","og_site_name":"El Hijo del llanero solititito","article_published_time":"2026-04-12T23:06:13+00:00","og_image":[{"width":2560,"height":2560,"url":"https:\/\/elhijodelllanero.mx\/wp-content\/uploads\/2026\/04\/20260412_170241-COLLAGE-scaled.jpg","type":"image\/jpeg"}],"author":"Mar\u00eda de la Paz Rodarte Ram\u00edrez","twitter_card":"summary_large_image","twitter_misc":{"Escrito por":"Mar\u00eda de la Paz Rodarte Ram\u00edrez","Tiempo de lectura":"2 minutos"},"schema":{"@context":"https:\/\/schema.org","@graph":[{"@type":"Article","@id":"https:\/\/elhijodelllanero.mx\/index.php\/2026\/04\/12\/san-miguel-de-ixtla-estrena-nombramiento-y-no-lo-presume-lo-vive\/#article","isPartOf":{"@id":"https:\/\/elhijodelllanero.mx\/index.php\/2026\/04\/12\/san-miguel-de-ixtla-estrena-nombramiento-y-no-lo-presume-lo-vive\/"},"author":{"name":"Mar\u00eda de la Paz Rodarte Ram\u00edrez","@id":"https:\/\/elhijodelllanero.mx\/#\/schema\/person\/c7f8c86c55c1eab44ae2b93a9628245f"},"headline":"San Miguel de Ixtla estrena nombramiento\u2026 y no lo presume, lo vive.","datePublished":"2026-04-12T23:06:13+00:00","mainEntityOfPage":{"@id":"https:\/\/elhijodelllanero.mx\/index.php\/2026\/04\/12\/san-miguel-de-ixtla-estrena-nombramiento-y-no-lo-presume-lo-vive\/"},"wordCount":353,"commentCount":0,"image":{"@id":"https:\/\/elhijodelllanero.mx\/index.php\/2026\/04\/12\/san-miguel-de-ixtla-estrena-nombramiento-y-no-lo-presume-lo-vive\/#primaryimage"},"thumbnailUrl":"https:\/\/i0.wp.com\/elhijodelllanero.mx\/wp-content\/uploads\/2026\/04\/20260412_170241-COLLAGE-scaled.jpg?fit=2560%2C2560&ssl=1","articleSection":["APASEO EL GRANDE","MUNICIPIOS"],"inLanguage":"es","potentialAction":[{"@type":"CommentAction","name":"Comment","target":["https:\/\/elhijodelllanero.mx\/index.php\/2026\/04\/12\/san-miguel-de-ixtla-estrena-nombramiento-y-no-lo-presume-lo-vive\/#respond"]}]},{"@type":"WebPage","@id":"https:\/\/elhijodelllanero.mx\/index.php\/2026\/04\/12\/san-miguel-de-ixtla-estrena-nombramiento-y-no-lo-presume-lo-vive\/","url":"https:\/\/elhijodelllanero.mx\/index.php\/2026\/04\/12\/san-miguel-de-ixtla-estrena-nombramiento-y-no-lo-presume-lo-vive\/","name":"San Miguel de Ixtla estrena nombramiento\u2026 y no lo presume, lo vive. - El Hijo del llanero solititito","isPartOf":{"@id":"https:\/\/elhijodelllanero.mx\/#website"},"primaryImageOfPage":{"@id":"https:\/\/elhijodelllanero.mx\/index.php\/2026\/04\/12\/san-miguel-de-ixtla-estrena-nombramiento-y-no-lo-presume-lo-vive\/#primaryimage"},"image":{"@id":"https:\/\/elhijodelllanero.mx\/index.php\/2026\/04\/12\/san-miguel-de-ixtla-estrena-nombramiento-y-no-lo-presume-lo-vive\/#primaryimage"},"thumbnailUrl":"https:\/\/i0.wp.com\/elhijodelllanero.mx\/wp-content\/uploads\/2026\/04\/20260412_170241-COLLAGE-scaled.jpg?fit=2560%2C2560&ssl=1","datePublished":"2026-04-12T23:06:13+00:00","author":{"@id":"https:\/\/elhijodelllanero.mx\/#\/schema\/person\/c7f8c86c55c1eab44ae2b93a9628245f"},"breadcrumb":{"@id":"https:\/\/elhijodelllanero.mx\/index.php\/2026\/04\/12\/san-miguel-de-ixtla-estrena-nombramiento-y-no-lo-presume-lo-vive\/#breadcrumb"},"inLanguage":"es","potentialAction":[{"@type":"ReadAction","target":["https:\/\/elhijodelllanero.mx\/index.php\/2026\/04\/12\/san-miguel-de-ixtla-estrena-nombramiento-y-no-lo-presume-lo-vive\/"]}]},{"@type":"ImageObject","inLanguage":"es","@id":"https:\/\/elhijodelllanero.mx\/index.php\/2026\/04\/12\/san-miguel-de-ixtla-estrena-nombramiento-y-no-lo-presume-lo-vive\/#primaryimage","url":"https:\/\/i0.wp.com\/elhijodelllanero.mx\/wp-content\/uploads\/2026\/04\/20260412_170241-COLLAGE-scaled.jpg?fit=2560%2C2560&ssl=1","contentUrl":"https:\/\/i0.wp.com\/elhijodelllanero.mx\/wp-content\/uploads\/2026\/04\/20260412_170241-COLLAGE-scaled.jpg?fit=2560%2C2560&ssl=1","width":2560,"height":2560},{"@type":"BreadcrumbList","@id":"https:\/\/elhijodelllanero.mx\/index.php\/2026\/04\/12\/san-miguel-de-ixtla-estrena-nombramiento-y-no-lo-presume-lo-vive\/#breadcrumb","itemListElement":[{"@type":"ListItem","position":1,"name":"Portada","item":"https:\/\/elhijodelllanero.mx\/"},{"@type":"ListItem","position":2,"name":"San Miguel de Ixtla estrena nombramiento\u2026 y no lo presume, lo vive."}]},{"@type":"WebSite","@id":"https:\/\/elhijodelllanero.mx\/#website","url":"https:\/\/elhijodelllanero.mx\/","name":"El Hijo del llanero solititito","description":"","potentialAction":[{"@type":"SearchAction","target":{"@type":"EntryPoint","urlTemplate":"https:\/\/elhijodelllanero.mx\/?s={search_term_string}"},"query-input":{"@type":"PropertyValueSpecification","valueRequired":true,"valueName":"search_term_string"}}],"inLanguage":"es"},{"@type":"Person","@id":"https:\/\/elhijodelllanero.mx\/#\/schema\/person\/c7f8c86c55c1eab44ae2b93a9628245f","name":"Mar\u00eda de la Paz Rodarte Ram\u00edrez","image":{"@type":"ImageObject","inLanguage":"es","@id":"https:\/\/secure.gravatar.com\/avatar\/1f38f8518b09a266af73da2bce78d69e7d1275299970134ed62f572e0487e1d0?s=96&d=mm&r=g","url":"https:\/\/secure.gravatar.com\/avatar\/1f38f8518b09a266af73da2bce78d69e7d1275299970134ed62f572e0487e1d0?s=96&d=mm&r=g","contentUrl":"https:\/\/secure.gravatar.com\/avatar\/1f38f8518b09a266af73da2bce78d69e7d1275299970134ed62f572e0487e1d0?s=96&d=mm&r=g","caption":"Mar\u00eda de la Paz Rodarte Ram\u00edrez"},"sameAs":["https:\/\/www.elhijodelllanero.mx"],"url":"https:\/\/elhijodelllanero.mx\/index.php\/author\/maricuas\/"}]}},"jetpack_featured_media_url":"https:\/\/i0.wp.com\/elhijodelllanero.mx\/wp-content\/uploads\/2026\/04\/20260412_170241-COLLAGE-scaled.jpg?fit=2560%2C2560&ssl=1","jetpack-related-posts":[],"jetpack_sharing_enabled":true,"_links":{"self":[{"href":"https:\/\/elhijodelllanero.mx\/index.php\/wp-json\/wp\/v2\/posts\/13775","targetHints":{"allow":["GET"]}}],"collection":[{"href":"https:\/\/elhijodelllanero.mx\/index.php\/wp-json\/wp\/v2\/posts"}],"about":[{"href":"https:\/\/elhijodelllanero.mx\/index.php\/wp-json\/wp\/v2\/types\/post"}],"author":[{"embeddable":true,"href":"https:\/\/elhijodelllanero.mx\/index.php\/wp-json\/wp\/v2\/users\/3"}],"replies":[{"embeddable":true,"href":"https:\/\/elhijodelllanero.mx\/index.php\/wp-json\/wp\/v2\/comments?post=13775"}],"version-history":[{"count":1,"href":"https:\/\/elhijodelllanero.mx\/index.php\/wp-json\/wp\/v2\/posts\/13775\/revisions"}],"predecessor-version":[{"id":13777,"href":"https:\/\/elhijodelllanero.mx\/index.php\/wp-json\/wp\/v2\/posts\/13775\/revisions\/13777"}],"wp:featuredmedia":[{"embeddable":true,"href":"https:\/\/elhijodelllanero.mx\/index.php\/wp-json\/wp\/v2\/media\/13776"}],"wp:attachment":[{"href":"https:\/\/elhijodelllanero.mx\/index.php\/wp-json\/wp\/v2\/media?parent=13775"}],"wp:term":[{"taxonomy":"category","embeddable":true,"href":"https:\/\/elhijodelllanero.mx\/index.php\/wp-json\/wp\/v2\/categories?post=13775"},{"taxonomy":"post_tag","embeddable":true,"href":"https:\/\/elhijodelllanero.mx\/index.php\/wp-json\/wp\/v2\/tags?post=13775"}],"curies":[{"name":"wp","href":"https:\/\/api.w.org\/{rel}","templated":true}]}}