{"id":13778,"date":"2026-04-13T06:49:19","date_gmt":"2026-04-13T12:49:19","guid":{"rendered":"https:\/\/elhijodelllanero.mx\/?p=13778"},"modified":"2026-04-13T06:49:19","modified_gmt":"2026-04-13T12:49:19","slug":"cuando-el-rojo-no-aplica-y-la-noche-cobra-factura-muere-repartidor","status":"publish","type":"post","link":"https:\/\/elhijodelllanero.mx\/index.php\/2026\/04\/13\/cuando-el-rojo-no-aplica-y-la-noche-cobra-factura-muere-repartidor\/","title":{"rendered":"Cuando el rojo \u201cno aplica\u201d y la noche cobra factura: muere repartidor."},"content":{"rendered":"<p>Celaya, Gto. 13 de abril del 2026.-Eran poco despu\u00e9s de las 11 y media de la noche del domingo cuando, en el cruce del Bulevar Adolfo L\u00f3pez Mateos y Luis Cortazar, alguien decidi\u00f3 que las reglas de tr\u00e1nsito eran m\u00e1s una sugerencia que una obligaci\u00f3n. El resultado fue inmediato y definitivo.<\/p>\n<p>Un autom\u00f3vil compacto azul y una motocicleta se encontraron de frente en una escena que, aunque suene repetitiva, nunca deja de ser tr\u00e1gica. El impacto fue lo suficientemente fuerte como para reducir la moto a fierros retorcidos y dejar a su conductor debajo del veh\u00edculo. S\u00ed, debajo.<\/p>\n<p>Vecinos reportaron el hecho al 911 tras escuchar el golpe. Param\u00e9dicos de Cruz Roja acudieron al sitio, pero el hombre ya no contaba con signos vitales. A esa hora, la prisa ya no importaba y el sem\u00e1foro, ese que alguien decidi\u00f3 ignorar, segu\u00eda funcionando como si nada hubiera pasado.<\/p>\n<p>De manera preliminar, se se\u00f1al\u00f3 que la conductora del autom\u00f3vil, quien iba acompa\u00f1ada por otra mujer, presuntamente no respet\u00f3 la luz roja. Testigos tambi\u00e9n mencionaron que podr\u00eda haber estado en estado de ebriedad. Nada confirmado a\u00fan, porque incluso en estos casos evidentes, la formalidad exige su tiempo.<\/p>\n<p>Personas en el lugar intervinieron para que las ocupantes permanecieran en la zona hasta la llegada de las autoridades, un detalle que no siempre ocurre, pero que esta vez evit\u00f3 que la historia sumara otro elemento m\u00e1s inc\u00f3modo.<\/p>\n<p>Elementos de seguridad acordonaron el \u00e1rea mientras peritos de la Fiscal\u00eda General del Estado realizaban las diligencias correspondientes. Medir distancias, tomar fotograf\u00edas, levantar indicios. Traducir una tragedia en datos t\u00e9cnicos para, eventualmente, determinar responsabilidades.<\/p>\n<p>Otro accidente m\u00e1s en la ciudad. Otro cruce que funciona\u2026 hasta que alguien decide que no. Y mientras tanto, una vida menos, por esa vieja costumbre de creer que unos segundos valen m\u00e1s que todo lo dem\u00e1s.<\/p>\n","protected":false},"excerpt":{"rendered":"<p>Celaya, Gto. 13 de abril del 2026.-Eran poco despu\u00e9s de las 11 y media de la noche del domingo cuando, en el cruce del Bulevar Adolfo L\u00f3pez Mateos y Luis Cortazar, alguien decidi\u00f3 que las reglas de tr\u00e1nsito eran m\u00e1s una sugerencia que una obligaci\u00f3n. El resultado fue inmediato y definitivo. Un autom\u00f3vil compacto azul [&hellip;]<\/p>\n","protected":false},"author":3,"featured_media":13779,"comment_status":"open","ping_status":"closed","sticky":false,"template":"","format":"standard","meta":{"_jetpack_newsletter_access":"","_jetpack_dont_email_post_to_subs":false,"_jetpack_newsletter_tier_id":0,"_jetpack_memberships_contains_paywalled_content":false,"_jetpack_memberships_contains_paid_content":false,"footnotes":""},"categories":[74,82],"tags":[],"class_list":{"0":"post-13778","1":"post","2":"type-post","3":"status-publish","4":"format-standard","5":"has-post-thumbnail","7":"category-celaya","8":"category-policiaco"},"yoast_head":"<!-- This site is optimized with the Yoast SEO plugin v27.3 - https:\/\/yoast.com\/product\/yoast-seo-wordpress\/ -->\n<title>Cuando el rojo \u201cno aplica\u201d y la noche cobra factura: muere repartidor. - El Hijo del llanero solititito<\/title>\n<meta name=\"robots\" content=\"index, follow, max-snippet:-1, max-image-preview:large, max-video-preview:-1\" \/>\n<link rel=\"canonical\" href=\"https:\/\/elhijodelllanero.mx\/index.php\/2026\/04\/13\/cuando-el-rojo-no-aplica-y-la-noche-cobra-factura-muere-repartidor\/\" \/>\n<meta property=\"og:locale\" content=\"es_ES\" \/>\n<meta property=\"og:type\" content=\"article\" \/>\n<meta property=\"og:title\" content=\"Cuando el rojo \u201cno aplica\u201d y la noche cobra factura: muere repartidor. - El Hijo del llanero solititito\" \/>\n<meta property=\"og:description\" content=\"Celaya, Gto. 13 de abril del 2026.-Eran poco despu\u00e9s de las 11 y media de la noche del domingo cuando, en el cruce del Bulevar Adolfo L\u00f3pez Mateos y Luis Cortazar, alguien decidi\u00f3 que las reglas de tr\u00e1nsito eran m\u00e1s una sugerencia que una obligaci\u00f3n. El resultado fue inmediato y definitivo. Un autom\u00f3vil compacto azul [&hellip;]\" \/>\n<meta property=\"og:url\" content=\"https:\/\/elhijodelllanero.mx\/index.php\/2026\/04\/13\/cuando-el-rojo-no-aplica-y-la-noche-cobra-factura-muere-repartidor\/\" \/>\n<meta property=\"og:site_name\" content=\"El Hijo del llanero solititito\" \/>\n<meta property=\"article:published_time\" content=\"2026-04-13T12:49:19+00:00\" \/>\n<meta property=\"og:image\" content=\"https:\/\/elhijodelllanero.mx\/wp-content\/uploads\/2026\/04\/IMG-20260413-WA0000.jpg\" \/>\n\t<meta property=\"og:image:width\" content=\"900\" \/>\n\t<meta property=\"og:image:height\" content=\"1600\" \/>\n\t<meta property=\"og:image:type\" content=\"image\/jpeg\" \/>\n<meta name=\"author\" content=\"Mar\u00eda de la Paz Rodarte Ram\u00edrez\" \/>\n<meta name=\"twitter:card\" content=\"summary_large_image\" \/>\n<meta name=\"twitter:label1\" content=\"Escrito por\" \/>\n\t<meta name=\"twitter:data1\" content=\"Mar\u00eda de la Paz Rodarte Ram\u00edrez\" \/>\n\t<meta name=\"twitter:label2\" content=\"Tiempo de lectura\" \/>\n\t<meta name=\"twitter:data2\" content=\"2 minutos\" \/>\n<script type=\"application\/ld+json\" class=\"yoast-schema-graph\">{\"@context\":\"https:\\\/\\\/schema.org\",\"@graph\":[{\"@type\":\"Article\",\"@id\":\"https:\\\/\\\/elhijodelllanero.mx\\\/index.php\\\/2026\\\/04\\\/13\\\/cuando-el-rojo-no-aplica-y-la-noche-cobra-factura-muere-repartidor\\\/#article\",\"isPartOf\":{\"@id\":\"https:\\\/\\\/elhijodelllanero.mx\\\/index.php\\\/2026\\\/04\\\/13\\\/cuando-el-rojo-no-aplica-y-la-noche-cobra-factura-muere-repartidor\\\/\"},\"author\":{\"name\":\"Mar\u00eda de la Paz Rodarte Ram\u00edrez\",\"@id\":\"https:\\\/\\\/elhijodelllanero.mx\\\/#\\\/schema\\\/person\\\/c7f8c86c55c1eab44ae2b93a9628245f\"},\"headline\":\"Cuando el rojo \u201cno aplica\u201d y la noche cobra factura: muere repartidor.\",\"datePublished\":\"2026-04-13T12:49:19+00:00\",\"mainEntityOfPage\":{\"@id\":\"https:\\\/\\\/elhijodelllanero.mx\\\/index.php\\\/2026\\\/04\\\/13\\\/cuando-el-rojo-no-aplica-y-la-noche-cobra-factura-muere-repartidor\\\/\"},\"wordCount\":337,\"commentCount\":0,\"image\":{\"@id\":\"https:\\\/\\\/elhijodelllanero.mx\\\/index.php\\\/2026\\\/04\\\/13\\\/cuando-el-rojo-no-aplica-y-la-noche-cobra-factura-muere-repartidor\\\/#primaryimage\"},\"thumbnailUrl\":\"https:\\\/\\\/i0.wp.com\\\/elhijodelllanero.mx\\\/wp-content\\\/uploads\\\/2026\\\/04\\\/IMG-20260413-WA0000.jpg?fit=900%2C1600&ssl=1\",\"articleSection\":[\"CELAYA\",\"POLICIACO\"],\"inLanguage\":\"es\",\"potentialAction\":[{\"@type\":\"CommentAction\",\"name\":\"Comment\",\"target\":[\"https:\\\/\\\/elhijodelllanero.mx\\\/index.php\\\/2026\\\/04\\\/13\\\/cuando-el-rojo-no-aplica-y-la-noche-cobra-factura-muere-repartidor\\\/#respond\"]}]},{\"@type\":\"WebPage\",\"@id\":\"https:\\\/\\\/elhijodelllanero.mx\\\/index.php\\\/2026\\\/04\\\/13\\\/cuando-el-rojo-no-aplica-y-la-noche-cobra-factura-muere-repartidor\\\/\",\"url\":\"https:\\\/\\\/elhijodelllanero.mx\\\/index.php\\\/2026\\\/04\\\/13\\\/cuando-el-rojo-no-aplica-y-la-noche-cobra-factura-muere-repartidor\\\/\",\"name\":\"Cuando el rojo \u201cno aplica\u201d y la noche cobra factura: muere repartidor. - El Hijo del llanero solititito\",\"isPartOf\":{\"@id\":\"https:\\\/\\\/elhijodelllanero.mx\\\/#website\"},\"primaryImageOfPage\":{\"@id\":\"https:\\\/\\\/elhijodelllanero.mx\\\/index.php\\\/2026\\\/04\\\/13\\\/cuando-el-rojo-no-aplica-y-la-noche-cobra-factura-muere-repartidor\\\/#primaryimage\"},\"image\":{\"@id\":\"https:\\\/\\\/elhijodelllanero.mx\\\/index.php\\\/2026\\\/04\\\/13\\\/cuando-el-rojo-no-aplica-y-la-noche-cobra-factura-muere-repartidor\\\/#primaryimage\"},\"thumbnailUrl\":\"https:\\\/\\\/i0.wp.com\\\/elhijodelllanero.mx\\\/wp-content\\\/uploads\\\/2026\\\/04\\\/IMG-20260413-WA0000.jpg?fit=900%2C1600&ssl=1\",\"datePublished\":\"2026-04-13T12:49:19+00:00\",\"author\":{\"@id\":\"https:\\\/\\\/elhijodelllanero.mx\\\/#\\\/schema\\\/person\\\/c7f8c86c55c1eab44ae2b93a9628245f\"},\"breadcrumb\":{\"@id\":\"https:\\\/\\\/elhijodelllanero.mx\\\/index.php\\\/2026\\\/04\\\/13\\\/cuando-el-rojo-no-aplica-y-la-noche-cobra-factura-muere-repartidor\\\/#breadcrumb\"},\"inLanguage\":\"es\",\"potentialAction\":[{\"@type\":\"ReadAction\",\"target\":[\"https:\\\/\\\/elhijodelllanero.mx\\\/index.php\\\/2026\\\/04\\\/13\\\/cuando-el-rojo-no-aplica-y-la-noche-cobra-factura-muere-repartidor\\\/\"]}]},{\"@type\":\"ImageObject\",\"inLanguage\":\"es\",\"@id\":\"https:\\\/\\\/elhijodelllanero.mx\\\/index.php\\\/2026\\\/04\\\/13\\\/cuando-el-rojo-no-aplica-y-la-noche-cobra-factura-muere-repartidor\\\/#primaryimage\",\"url\":\"https:\\\/\\\/i0.wp.com\\\/elhijodelllanero.mx\\\/wp-content\\\/uploads\\\/2026\\\/04\\\/IMG-20260413-WA0000.jpg?fit=900%2C1600&ssl=1\",\"contentUrl\":\"https:\\\/\\\/i0.wp.com\\\/elhijodelllanero.mx\\\/wp-content\\\/uploads\\\/2026\\\/04\\\/IMG-20260413-WA0000.jpg?fit=900%2C1600&ssl=1\",\"width\":900,\"height\":1600},{\"@type\":\"BreadcrumbList\",\"@id\":\"https:\\\/\\\/elhijodelllanero.mx\\\/index.php\\\/2026\\\/04\\\/13\\\/cuando-el-rojo-no-aplica-y-la-noche-cobra-factura-muere-repartidor\\\/#breadcrumb\",\"itemListElement\":[{\"@type\":\"ListItem\",\"position\":1,\"name\":\"Portada\",\"item\":\"https:\\\/\\\/elhijodelllanero.mx\\\/\"},{\"@type\":\"ListItem\",\"position\":2,\"name\":\"Cuando el rojo \u201cno aplica\u201d y la noche cobra factura: muere repartidor.\"}]},{\"@type\":\"WebSite\",\"@id\":\"https:\\\/\\\/elhijodelllanero.mx\\\/#website\",\"url\":\"https:\\\/\\\/elhijodelllanero.mx\\\/\",\"name\":\"El Hijo del llanero solititito\",\"description\":\"\",\"potentialAction\":[{\"@type\":\"SearchAction\",\"target\":{\"@type\":\"EntryPoint\",\"urlTemplate\":\"https:\\\/\\\/elhijodelllanero.mx\\\/?s={search_term_string}\"},\"query-input\":{\"@type\":\"PropertyValueSpecification\",\"valueRequired\":true,\"valueName\":\"search_term_string\"}}],\"inLanguage\":\"es\"},{\"@type\":\"Person\",\"@id\":\"https:\\\/\\\/elhijodelllanero.mx\\\/#\\\/schema\\\/person\\\/c7f8c86c55c1eab44ae2b93a9628245f\",\"name\":\"Mar\u00eda de la Paz Rodarte Ram\u00edrez\",\"image\":{\"@type\":\"ImageObject\",\"inLanguage\":\"es\",\"@id\":\"https:\\\/\\\/secure.gravatar.com\\\/avatar\\\/1f38f8518b09a266af73da2bce78d69e7d1275299970134ed62f572e0487e1d0?s=96&d=mm&r=g\",\"url\":\"https:\\\/\\\/secure.gravatar.com\\\/avatar\\\/1f38f8518b09a266af73da2bce78d69e7d1275299970134ed62f572e0487e1d0?s=96&d=mm&r=g\",\"contentUrl\":\"https:\\\/\\\/secure.gravatar.com\\\/avatar\\\/1f38f8518b09a266af73da2bce78d69e7d1275299970134ed62f572e0487e1d0?s=96&d=mm&r=g\",\"caption\":\"Mar\u00eda de la Paz Rodarte Ram\u00edrez\"},\"sameAs\":[\"https:\\\/\\\/www.elhijodelllanero.mx\"],\"url\":\"https:\\\/\\\/elhijodelllanero.mx\\\/index.php\\\/author\\\/maricuas\\\/\"}]}<\/script>\n<!-- \/ Yoast SEO plugin. -->","yoast_head_json":{"title":"Cuando el rojo \u201cno aplica\u201d y la noche cobra factura: muere repartidor. - El Hijo del llanero solititito","robots":{"index":"index","follow":"follow","max-snippet":"max-snippet:-1","max-image-preview":"max-image-preview:large","max-video-preview":"max-video-preview:-1"},"canonical":"https:\/\/elhijodelllanero.mx\/index.php\/2026\/04\/13\/cuando-el-rojo-no-aplica-y-la-noche-cobra-factura-muere-repartidor\/","og_locale":"es_ES","og_type":"article","og_title":"Cuando el rojo \u201cno aplica\u201d y la noche cobra factura: muere repartidor. - El Hijo del llanero solititito","og_description":"Celaya, Gto. 13 de abril del 2026.-Eran poco despu\u00e9s de las 11 y media de la noche del domingo cuando, en el cruce del Bulevar Adolfo L\u00f3pez Mateos y Luis Cortazar, alguien decidi\u00f3 que las reglas de tr\u00e1nsito eran m\u00e1s una sugerencia que una obligaci\u00f3n. El resultado fue inmediato y definitivo. Un autom\u00f3vil compacto azul [&hellip;]","og_url":"https:\/\/elhijodelllanero.mx\/index.php\/2026\/04\/13\/cuando-el-rojo-no-aplica-y-la-noche-cobra-factura-muere-repartidor\/","og_site_name":"El Hijo del llanero solititito","article_published_time":"2026-04-13T12:49:19+00:00","og_image":[{"width":900,"height":1600,"url":"https:\/\/elhijodelllanero.mx\/wp-content\/uploads\/2026\/04\/IMG-20260413-WA0000.jpg","type":"image\/jpeg"}],"author":"Mar\u00eda de la Paz Rodarte Ram\u00edrez","twitter_card":"summary_large_image","twitter_misc":{"Escrito por":"Mar\u00eda de la Paz Rodarte Ram\u00edrez","Tiempo de lectura":"2 minutos"},"schema":{"@context":"https:\/\/schema.org","@graph":[{"@type":"Article","@id":"https:\/\/elhijodelllanero.mx\/index.php\/2026\/04\/13\/cuando-el-rojo-no-aplica-y-la-noche-cobra-factura-muere-repartidor\/#article","isPartOf":{"@id":"https:\/\/elhijodelllanero.mx\/index.php\/2026\/04\/13\/cuando-el-rojo-no-aplica-y-la-noche-cobra-factura-muere-repartidor\/"},"author":{"name":"Mar\u00eda de la Paz Rodarte Ram\u00edrez","@id":"https:\/\/elhijodelllanero.mx\/#\/schema\/person\/c7f8c86c55c1eab44ae2b93a9628245f"},"headline":"Cuando el rojo \u201cno aplica\u201d y la noche cobra factura: muere repartidor.","datePublished":"2026-04-13T12:49:19+00:00","mainEntityOfPage":{"@id":"https:\/\/elhijodelllanero.mx\/index.php\/2026\/04\/13\/cuando-el-rojo-no-aplica-y-la-noche-cobra-factura-muere-repartidor\/"},"wordCount":337,"commentCount":0,"image":{"@id":"https:\/\/elhijodelllanero.mx\/index.php\/2026\/04\/13\/cuando-el-rojo-no-aplica-y-la-noche-cobra-factura-muere-repartidor\/#primaryimage"},"thumbnailUrl":"https:\/\/i0.wp.com\/elhijodelllanero.mx\/wp-content\/uploads\/2026\/04\/IMG-20260413-WA0000.jpg?fit=900%2C1600&ssl=1","articleSection":["CELAYA","POLICIACO"],"inLanguage":"es","potentialAction":[{"@type":"CommentAction","name":"Comment","target":["https:\/\/elhijodelllanero.mx\/index.php\/2026\/04\/13\/cuando-el-rojo-no-aplica-y-la-noche-cobra-factura-muere-repartidor\/#respond"]}]},{"@type":"WebPage","@id":"https:\/\/elhijodelllanero.mx\/index.php\/2026\/04\/13\/cuando-el-rojo-no-aplica-y-la-noche-cobra-factura-muere-repartidor\/","url":"https:\/\/elhijodelllanero.mx\/index.php\/2026\/04\/13\/cuando-el-rojo-no-aplica-y-la-noche-cobra-factura-muere-repartidor\/","name":"Cuando el rojo \u201cno aplica\u201d y la noche cobra factura: muere repartidor. - El Hijo del llanero solititito","isPartOf":{"@id":"https:\/\/elhijodelllanero.mx\/#website"},"primaryImageOfPage":{"@id":"https:\/\/elhijodelllanero.mx\/index.php\/2026\/04\/13\/cuando-el-rojo-no-aplica-y-la-noche-cobra-factura-muere-repartidor\/#primaryimage"},"image":{"@id":"https:\/\/elhijodelllanero.mx\/index.php\/2026\/04\/13\/cuando-el-rojo-no-aplica-y-la-noche-cobra-factura-muere-repartidor\/#primaryimage"},"thumbnailUrl":"https:\/\/i0.wp.com\/elhijodelllanero.mx\/wp-content\/uploads\/2026\/04\/IMG-20260413-WA0000.jpg?fit=900%2C1600&ssl=1","datePublished":"2026-04-13T12:49:19+00:00","author":{"@id":"https:\/\/elhijodelllanero.mx\/#\/schema\/person\/c7f8c86c55c1eab44ae2b93a9628245f"},"breadcrumb":{"@id":"https:\/\/elhijodelllanero.mx\/index.php\/2026\/04\/13\/cuando-el-rojo-no-aplica-y-la-noche-cobra-factura-muere-repartidor\/#breadcrumb"},"inLanguage":"es","potentialAction":[{"@type":"ReadAction","target":["https:\/\/elhijodelllanero.mx\/index.php\/2026\/04\/13\/cuando-el-rojo-no-aplica-y-la-noche-cobra-factura-muere-repartidor\/"]}]},{"@type":"ImageObject","inLanguage":"es","@id":"https:\/\/elhijodelllanero.mx\/index.php\/2026\/04\/13\/cuando-el-rojo-no-aplica-y-la-noche-cobra-factura-muere-repartidor\/#primaryimage","url":"https:\/\/i0.wp.com\/elhijodelllanero.mx\/wp-content\/uploads\/2026\/04\/IMG-20260413-WA0000.jpg?fit=900%2C1600&ssl=1","contentUrl":"https:\/\/i0.wp.com\/elhijodelllanero.mx\/wp-content\/uploads\/2026\/04\/IMG-20260413-WA0000.jpg?fit=900%2C1600&ssl=1","width":900,"height":1600},{"@type":"BreadcrumbList","@id":"https:\/\/elhijodelllanero.mx\/index.php\/2026\/04\/13\/cuando-el-rojo-no-aplica-y-la-noche-cobra-factura-muere-repartidor\/#breadcrumb","itemListElement":[{"@type":"ListItem","position":1,"name":"Portada","item":"https:\/\/elhijodelllanero.mx\/"},{"@type":"ListItem","position":2,"name":"Cuando el rojo \u201cno aplica\u201d y la noche cobra factura: muere repartidor."}]},{"@type":"WebSite","@id":"https:\/\/elhijodelllanero.mx\/#website","url":"https:\/\/elhijodelllanero.mx\/","name":"El Hijo del llanero solititito","description":"","potentialAction":[{"@type":"SearchAction","target":{"@type":"EntryPoint","urlTemplate":"https:\/\/elhijodelllanero.mx\/?s={search_term_string}"},"query-input":{"@type":"PropertyValueSpecification","valueRequired":true,"valueName":"search_term_string"}}],"inLanguage":"es"},{"@type":"Person","@id":"https:\/\/elhijodelllanero.mx\/#\/schema\/person\/c7f8c86c55c1eab44ae2b93a9628245f","name":"Mar\u00eda de la Paz Rodarte Ram\u00edrez","image":{"@type":"ImageObject","inLanguage":"es","@id":"https:\/\/secure.gravatar.com\/avatar\/1f38f8518b09a266af73da2bce78d69e7d1275299970134ed62f572e0487e1d0?s=96&d=mm&r=g","url":"https:\/\/secure.gravatar.com\/avatar\/1f38f8518b09a266af73da2bce78d69e7d1275299970134ed62f572e0487e1d0?s=96&d=mm&r=g","contentUrl":"https:\/\/secure.gravatar.com\/avatar\/1f38f8518b09a266af73da2bce78d69e7d1275299970134ed62f572e0487e1d0?s=96&d=mm&r=g","caption":"Mar\u00eda de la Paz Rodarte Ram\u00edrez"},"sameAs":["https:\/\/www.elhijodelllanero.mx"],"url":"https:\/\/elhijodelllanero.mx\/index.php\/author\/maricuas\/"}]}},"jetpack_featured_media_url":"https:\/\/i0.wp.com\/elhijodelllanero.mx\/wp-content\/uploads\/2026\/04\/IMG-20260413-WA0000.jpg?fit=900%2C1600&ssl=1","jetpack-related-posts":[],"jetpack_sharing_enabled":true,"_links":{"self":[{"href":"https:\/\/elhijodelllanero.mx\/index.php\/wp-json\/wp\/v2\/posts\/13778","targetHints":{"allow":["GET"]}}],"collection":[{"href":"https:\/\/elhijodelllanero.mx\/index.php\/wp-json\/wp\/v2\/posts"}],"about":[{"href":"https:\/\/elhijodelllanero.mx\/index.php\/wp-json\/wp\/v2\/types\/post"}],"author":[{"embeddable":true,"href":"https:\/\/elhijodelllanero.mx\/index.php\/wp-json\/wp\/v2\/users\/3"}],"replies":[{"embeddable":true,"href":"https:\/\/elhijodelllanero.mx\/index.php\/wp-json\/wp\/v2\/comments?post=13778"}],"version-history":[{"count":1,"href":"https:\/\/elhijodelllanero.mx\/index.php\/wp-json\/wp\/v2\/posts\/13778\/revisions"}],"predecessor-version":[{"id":13780,"href":"https:\/\/elhijodelllanero.mx\/index.php\/wp-json\/wp\/v2\/posts\/13778\/revisions\/13780"}],"wp:featuredmedia":[{"embeddable":true,"href":"https:\/\/elhijodelllanero.mx\/index.php\/wp-json\/wp\/v2\/media\/13779"}],"wp:attachment":[{"href":"https:\/\/elhijodelllanero.mx\/index.php\/wp-json\/wp\/v2\/media?parent=13778"}],"wp:term":[{"taxonomy":"category","embeddable":true,"href":"https:\/\/elhijodelllanero.mx\/index.php\/wp-json\/wp\/v2\/categories?post=13778"},{"taxonomy":"post_tag","embeddable":true,"href":"https:\/\/elhijodelllanero.mx\/index.php\/wp-json\/wp\/v2\/tags?post=13778"}],"curies":[{"name":"wp","href":"https:\/\/api.w.org\/{rel}","templated":true}]}}