{"id":13781,"date":"2026-04-13T08:41:48","date_gmt":"2026-04-13T14:41:48","guid":{"rendered":"https:\/\/elhijodelllanero.mx\/?p=13781"},"modified":"2026-04-13T08:41:48","modified_gmt":"2026-04-13T14:41:48","slug":"vuelca-autobus-de-peregrinos-en-la-san-luis-de-la-paz-victoria-deja-45-heridos","status":"publish","type":"post","link":"https:\/\/elhijodelllanero.mx\/index.php\/2026\/04\/13\/vuelca-autobus-de-peregrinos-en-la-san-luis-de-la-paz-victoria-deja-45-heridos\/","title":{"rendered":"Vuelca autob\u00fas de peregrinos en la San Luis de la Paz\u2013Victoria; deja 45 heridos."},"content":{"rendered":"<p>San Luis de la Paz, Gto. 13 de abril del 2026.-Lo que parec\u00eda un trayecto sin mayor historia termin\u00f3 en accidente la noche del domingo 12 de abril. Un autob\u00fas que circulaba por la carretera hacia Victoria sali\u00f3 del camino y acab\u00f3 volcado sobre uno de sus lados, a la altura del kil\u00f3metro 9, en la comunidad Sagrado Coraz\u00f3n de Jes\u00fas.<\/p>\n<p>El reporte al sistema de emergencias moviliz\u00f3 a corporaciones de distintos municipios. Param\u00e9dicos y rescatistas trabajaron en el lugar para atender a los pasajeros, sumando 45 personas con lesiones, quienes fueron estabilizadas y llevadas a hospitales cercanos para su valoraci\u00f3n.<\/p>\n<p>La unidad, que ten\u00eda como origen San Juan de los Lagos, qued\u00f3 fuera de la carpeta asf\u00e1ltica, dejando una escena que oblig\u00f3 a cerrar parcialmente la circulaci\u00f3n mientras se realizaban las labores de auxilio.<\/p>\n<p>Hasta ahora, no hay una versi\u00f3n oficial sobre qu\u00e9 provoc\u00f3 el accidente. Ser\u00e1n las autoridades quienes determinen si fue una falla mec\u00e1nica, condiciones del camino o simplemente otro recordatorio de que en carretera, cualquier descuido pasa factura.<\/p>\n","protected":false},"excerpt":{"rendered":"<p>San Luis de la Paz, Gto. 13 de abril del 2026.-Lo que parec\u00eda un trayecto sin mayor historia termin\u00f3 en accidente la noche del domingo 12 de abril. Un autob\u00fas que circulaba por la carretera hacia Victoria sali\u00f3 del camino y acab\u00f3 volcado sobre uno de sus lados, a la altura del kil\u00f3metro 9, en [&hellip;]<\/p>\n","protected":false},"author":3,"featured_media":13782,"comment_status":"open","ping_status":"closed","sticky":false,"template":"","format":"standard","meta":{"_jetpack_newsletter_access":"","_jetpack_dont_email_post_to_subs":false,"_jetpack_newsletter_tier_id":0,"_jetpack_memberships_contains_paywalled_content":false,"_jetpack_memberships_contains_paid_content":false,"footnotes":""},"categories":[38,82],"tags":[],"class_list":{"0":"post-13781","1":"post","2":"type-post","3":"status-publish","4":"format-standard","5":"has-post-thumbnail","7":"category-estado","8":"category-policiaco"},"yoast_head":"<!-- This site is optimized with the Yoast SEO plugin v27.3 - https:\/\/yoast.com\/product\/yoast-seo-wordpress\/ -->\n<title>Vuelca autob\u00fas de peregrinos en la San Luis de la Paz\u2013Victoria; deja 45 heridos. - El Hijo del llanero solititito<\/title>\n<meta name=\"robots\" content=\"index, follow, max-snippet:-1, max-image-preview:large, max-video-preview:-1\" \/>\n<link rel=\"canonical\" href=\"https:\/\/elhijodelllanero.mx\/index.php\/2026\/04\/13\/vuelca-autobus-de-peregrinos-en-la-san-luis-de-la-paz-victoria-deja-45-heridos\/\" \/>\n<meta property=\"og:locale\" content=\"es_ES\" \/>\n<meta property=\"og:type\" content=\"article\" \/>\n<meta property=\"og:title\" content=\"Vuelca autob\u00fas de peregrinos en la San Luis de la Paz\u2013Victoria; deja 45 heridos. - El Hijo del llanero solititito\" \/>\n<meta property=\"og:description\" content=\"San Luis de la Paz, Gto. 13 de abril del 2026.-Lo que parec\u00eda un trayecto sin mayor historia termin\u00f3 en accidente la noche del domingo 12 de abril. Un autob\u00fas que circulaba por la carretera hacia Victoria sali\u00f3 del camino y acab\u00f3 volcado sobre uno de sus lados, a la altura del kil\u00f3metro 9, en [&hellip;]\" \/>\n<meta property=\"og:url\" content=\"https:\/\/elhijodelllanero.mx\/index.php\/2026\/04\/13\/vuelca-autobus-de-peregrinos-en-la-san-luis-de-la-paz-victoria-deja-45-heridos\/\" \/>\n<meta property=\"og:site_name\" content=\"El Hijo del llanero solititito\" \/>\n<meta property=\"article:published_time\" content=\"2026-04-13T14:41:48+00:00\" \/>\n<meta property=\"og:image\" content=\"https:\/\/elhijodelllanero.mx\/wp-content\/uploads\/2026\/04\/20260413_084106-COLLAGE-scaled.jpg\" \/>\n\t<meta property=\"og:image:width\" content=\"1923\" \/>\n\t<meta property=\"og:image:height\" content=\"2560\" \/>\n\t<meta property=\"og:image:type\" content=\"image\/jpeg\" \/>\n<meta name=\"author\" content=\"Mar\u00eda de la Paz Rodarte Ram\u00edrez\" \/>\n<meta name=\"twitter:card\" content=\"summary_large_image\" \/>\n<meta name=\"twitter:label1\" content=\"Escrito por\" \/>\n\t<meta name=\"twitter:data1\" content=\"Mar\u00eda de la Paz Rodarte Ram\u00edrez\" \/>\n\t<meta name=\"twitter:label2\" content=\"Tiempo de lectura\" \/>\n\t<meta name=\"twitter:data2\" content=\"1 minuto\" \/>\n<script type=\"application\/ld+json\" class=\"yoast-schema-graph\">{\"@context\":\"https:\\\/\\\/schema.org\",\"@graph\":[{\"@type\":\"Article\",\"@id\":\"https:\\\/\\\/elhijodelllanero.mx\\\/index.php\\\/2026\\\/04\\\/13\\\/vuelca-autobus-de-peregrinos-en-la-san-luis-de-la-paz-victoria-deja-45-heridos\\\/#article\",\"isPartOf\":{\"@id\":\"https:\\\/\\\/elhijodelllanero.mx\\\/index.php\\\/2026\\\/04\\\/13\\\/vuelca-autobus-de-peregrinos-en-la-san-luis-de-la-paz-victoria-deja-45-heridos\\\/\"},\"author\":{\"name\":\"Mar\u00eda de la Paz Rodarte Ram\u00edrez\",\"@id\":\"https:\\\/\\\/elhijodelllanero.mx\\\/#\\\/schema\\\/person\\\/c7f8c86c55c1eab44ae2b93a9628245f\"},\"headline\":\"Vuelca autob\u00fas de peregrinos en la San Luis de la Paz\u2013Victoria; deja 45 heridos.\",\"datePublished\":\"2026-04-13T14:41:48+00:00\",\"mainEntityOfPage\":{\"@id\":\"https:\\\/\\\/elhijodelllanero.mx\\\/index.php\\\/2026\\\/04\\\/13\\\/vuelca-autobus-de-peregrinos-en-la-san-luis-de-la-paz-victoria-deja-45-heridos\\\/\"},\"wordCount\":196,\"commentCount\":0,\"image\":{\"@id\":\"https:\\\/\\\/elhijodelllanero.mx\\\/index.php\\\/2026\\\/04\\\/13\\\/vuelca-autobus-de-peregrinos-en-la-san-luis-de-la-paz-victoria-deja-45-heridos\\\/#primaryimage\"},\"thumbnailUrl\":\"https:\\\/\\\/i0.wp.com\\\/elhijodelllanero.mx\\\/wp-content\\\/uploads\\\/2026\\\/04\\\/20260413_084106-COLLAGE-scaled.jpg?fit=1923%2C2560&ssl=1\",\"articleSection\":[\"ESTADO\",\"POLICIACO\"],\"inLanguage\":\"es\",\"potentialAction\":[{\"@type\":\"CommentAction\",\"name\":\"Comment\",\"target\":[\"https:\\\/\\\/elhijodelllanero.mx\\\/index.php\\\/2026\\\/04\\\/13\\\/vuelca-autobus-de-peregrinos-en-la-san-luis-de-la-paz-victoria-deja-45-heridos\\\/#respond\"]}]},{\"@type\":\"WebPage\",\"@id\":\"https:\\\/\\\/elhijodelllanero.mx\\\/index.php\\\/2026\\\/04\\\/13\\\/vuelca-autobus-de-peregrinos-en-la-san-luis-de-la-paz-victoria-deja-45-heridos\\\/\",\"url\":\"https:\\\/\\\/elhijodelllanero.mx\\\/index.php\\\/2026\\\/04\\\/13\\\/vuelca-autobus-de-peregrinos-en-la-san-luis-de-la-paz-victoria-deja-45-heridos\\\/\",\"name\":\"Vuelca autob\u00fas de peregrinos en la San Luis de la Paz\u2013Victoria; deja 45 heridos. - El Hijo del llanero solititito\",\"isPartOf\":{\"@id\":\"https:\\\/\\\/elhijodelllanero.mx\\\/#website\"},\"primaryImageOfPage\":{\"@id\":\"https:\\\/\\\/elhijodelllanero.mx\\\/index.php\\\/2026\\\/04\\\/13\\\/vuelca-autobus-de-peregrinos-en-la-san-luis-de-la-paz-victoria-deja-45-heridos\\\/#primaryimage\"},\"image\":{\"@id\":\"https:\\\/\\\/elhijodelllanero.mx\\\/index.php\\\/2026\\\/04\\\/13\\\/vuelca-autobus-de-peregrinos-en-la-san-luis-de-la-paz-victoria-deja-45-heridos\\\/#primaryimage\"},\"thumbnailUrl\":\"https:\\\/\\\/i0.wp.com\\\/elhijodelllanero.mx\\\/wp-content\\\/uploads\\\/2026\\\/04\\\/20260413_084106-COLLAGE-scaled.jpg?fit=1923%2C2560&ssl=1\",\"datePublished\":\"2026-04-13T14:41:48+00:00\",\"author\":{\"@id\":\"https:\\\/\\\/elhijodelllanero.mx\\\/#\\\/schema\\\/person\\\/c7f8c86c55c1eab44ae2b93a9628245f\"},\"breadcrumb\":{\"@id\":\"https:\\\/\\\/elhijodelllanero.mx\\\/index.php\\\/2026\\\/04\\\/13\\\/vuelca-autobus-de-peregrinos-en-la-san-luis-de-la-paz-victoria-deja-45-heridos\\\/#breadcrumb\"},\"inLanguage\":\"es\",\"potentialAction\":[{\"@type\":\"ReadAction\",\"target\":[\"https:\\\/\\\/elhijodelllanero.mx\\\/index.php\\\/2026\\\/04\\\/13\\\/vuelca-autobus-de-peregrinos-en-la-san-luis-de-la-paz-victoria-deja-45-heridos\\\/\"]}]},{\"@type\":\"ImageObject\",\"inLanguage\":\"es\",\"@id\":\"https:\\\/\\\/elhijodelllanero.mx\\\/index.php\\\/2026\\\/04\\\/13\\\/vuelca-autobus-de-peregrinos-en-la-san-luis-de-la-paz-victoria-deja-45-heridos\\\/#primaryimage\",\"url\":\"https:\\\/\\\/i0.wp.com\\\/elhijodelllanero.mx\\\/wp-content\\\/uploads\\\/2026\\\/04\\\/20260413_084106-COLLAGE-scaled.jpg?fit=1923%2C2560&ssl=1\",\"contentUrl\":\"https:\\\/\\\/i0.wp.com\\\/elhijodelllanero.mx\\\/wp-content\\\/uploads\\\/2026\\\/04\\\/20260413_084106-COLLAGE-scaled.jpg?fit=1923%2C2560&ssl=1\",\"width\":1923,\"height\":2560},{\"@type\":\"BreadcrumbList\",\"@id\":\"https:\\\/\\\/elhijodelllanero.mx\\\/index.php\\\/2026\\\/04\\\/13\\\/vuelca-autobus-de-peregrinos-en-la-san-luis-de-la-paz-victoria-deja-45-heridos\\\/#breadcrumb\",\"itemListElement\":[{\"@type\":\"ListItem\",\"position\":1,\"name\":\"Portada\",\"item\":\"https:\\\/\\\/elhijodelllanero.mx\\\/\"},{\"@type\":\"ListItem\",\"position\":2,\"name\":\"Vuelca autob\u00fas de peregrinos en la San Luis de la Paz\u2013Victoria; deja 45 heridos.\"}]},{\"@type\":\"WebSite\",\"@id\":\"https:\\\/\\\/elhijodelllanero.mx\\\/#website\",\"url\":\"https:\\\/\\\/elhijodelllanero.mx\\\/\",\"name\":\"El Hijo del llanero solititito\",\"description\":\"\",\"potentialAction\":[{\"@type\":\"SearchAction\",\"target\":{\"@type\":\"EntryPoint\",\"urlTemplate\":\"https:\\\/\\\/elhijodelllanero.mx\\\/?s={search_term_string}\"},\"query-input\":{\"@type\":\"PropertyValueSpecification\",\"valueRequired\":true,\"valueName\":\"search_term_string\"}}],\"inLanguage\":\"es\"},{\"@type\":\"Person\",\"@id\":\"https:\\\/\\\/elhijodelllanero.mx\\\/#\\\/schema\\\/person\\\/c7f8c86c55c1eab44ae2b93a9628245f\",\"name\":\"Mar\u00eda de la Paz Rodarte Ram\u00edrez\",\"image\":{\"@type\":\"ImageObject\",\"inLanguage\":\"es\",\"@id\":\"https:\\\/\\\/secure.gravatar.com\\\/avatar\\\/1f38f8518b09a266af73da2bce78d69e7d1275299970134ed62f572e0487e1d0?s=96&d=mm&r=g\",\"url\":\"https:\\\/\\\/secure.gravatar.com\\\/avatar\\\/1f38f8518b09a266af73da2bce78d69e7d1275299970134ed62f572e0487e1d0?s=96&d=mm&r=g\",\"contentUrl\":\"https:\\\/\\\/secure.gravatar.com\\\/avatar\\\/1f38f8518b09a266af73da2bce78d69e7d1275299970134ed62f572e0487e1d0?s=96&d=mm&r=g\",\"caption\":\"Mar\u00eda de la Paz Rodarte Ram\u00edrez\"},\"sameAs\":[\"https:\\\/\\\/www.elhijodelllanero.mx\"],\"url\":\"https:\\\/\\\/elhijodelllanero.mx\\\/index.php\\\/author\\\/maricuas\\\/\"}]}<\/script>\n<!-- \/ Yoast SEO plugin. -->","yoast_head_json":{"title":"Vuelca autob\u00fas de peregrinos en la San Luis de la Paz\u2013Victoria; deja 45 heridos. - El Hijo del llanero solititito","robots":{"index":"index","follow":"follow","max-snippet":"max-snippet:-1","max-image-preview":"max-image-preview:large","max-video-preview":"max-video-preview:-1"},"canonical":"https:\/\/elhijodelllanero.mx\/index.php\/2026\/04\/13\/vuelca-autobus-de-peregrinos-en-la-san-luis-de-la-paz-victoria-deja-45-heridos\/","og_locale":"es_ES","og_type":"article","og_title":"Vuelca autob\u00fas de peregrinos en la San Luis de la Paz\u2013Victoria; deja 45 heridos. - El Hijo del llanero solititito","og_description":"San Luis de la Paz, Gto. 13 de abril del 2026.-Lo que parec\u00eda un trayecto sin mayor historia termin\u00f3 en accidente la noche del domingo 12 de abril. Un autob\u00fas que circulaba por la carretera hacia Victoria sali\u00f3 del camino y acab\u00f3 volcado sobre uno de sus lados, a la altura del kil\u00f3metro 9, en [&hellip;]","og_url":"https:\/\/elhijodelllanero.mx\/index.php\/2026\/04\/13\/vuelca-autobus-de-peregrinos-en-la-san-luis-de-la-paz-victoria-deja-45-heridos\/","og_site_name":"El Hijo del llanero solititito","article_published_time":"2026-04-13T14:41:48+00:00","og_image":[{"width":1923,"height":2560,"url":"https:\/\/elhijodelllanero.mx\/wp-content\/uploads\/2026\/04\/20260413_084106-COLLAGE-scaled.jpg","type":"image\/jpeg"}],"author":"Mar\u00eda de la Paz Rodarte Ram\u00edrez","twitter_card":"summary_large_image","twitter_misc":{"Escrito por":"Mar\u00eda de la Paz Rodarte Ram\u00edrez","Tiempo de lectura":"1 minuto"},"schema":{"@context":"https:\/\/schema.org","@graph":[{"@type":"Article","@id":"https:\/\/elhijodelllanero.mx\/index.php\/2026\/04\/13\/vuelca-autobus-de-peregrinos-en-la-san-luis-de-la-paz-victoria-deja-45-heridos\/#article","isPartOf":{"@id":"https:\/\/elhijodelllanero.mx\/index.php\/2026\/04\/13\/vuelca-autobus-de-peregrinos-en-la-san-luis-de-la-paz-victoria-deja-45-heridos\/"},"author":{"name":"Mar\u00eda de la Paz Rodarte Ram\u00edrez","@id":"https:\/\/elhijodelllanero.mx\/#\/schema\/person\/c7f8c86c55c1eab44ae2b93a9628245f"},"headline":"Vuelca autob\u00fas de peregrinos en la San Luis de la Paz\u2013Victoria; deja 45 heridos.","datePublished":"2026-04-13T14:41:48+00:00","mainEntityOfPage":{"@id":"https:\/\/elhijodelllanero.mx\/index.php\/2026\/04\/13\/vuelca-autobus-de-peregrinos-en-la-san-luis-de-la-paz-victoria-deja-45-heridos\/"},"wordCount":196,"commentCount":0,"image":{"@id":"https:\/\/elhijodelllanero.mx\/index.php\/2026\/04\/13\/vuelca-autobus-de-peregrinos-en-la-san-luis-de-la-paz-victoria-deja-45-heridos\/#primaryimage"},"thumbnailUrl":"https:\/\/i0.wp.com\/elhijodelllanero.mx\/wp-content\/uploads\/2026\/04\/20260413_084106-COLLAGE-scaled.jpg?fit=1923%2C2560&ssl=1","articleSection":["ESTADO","POLICIACO"],"inLanguage":"es","potentialAction":[{"@type":"CommentAction","name":"Comment","target":["https:\/\/elhijodelllanero.mx\/index.php\/2026\/04\/13\/vuelca-autobus-de-peregrinos-en-la-san-luis-de-la-paz-victoria-deja-45-heridos\/#respond"]}]},{"@type":"WebPage","@id":"https:\/\/elhijodelllanero.mx\/index.php\/2026\/04\/13\/vuelca-autobus-de-peregrinos-en-la-san-luis-de-la-paz-victoria-deja-45-heridos\/","url":"https:\/\/elhijodelllanero.mx\/index.php\/2026\/04\/13\/vuelca-autobus-de-peregrinos-en-la-san-luis-de-la-paz-victoria-deja-45-heridos\/","name":"Vuelca autob\u00fas de peregrinos en la San Luis de la Paz\u2013Victoria; deja 45 heridos. - El Hijo del llanero solititito","isPartOf":{"@id":"https:\/\/elhijodelllanero.mx\/#website"},"primaryImageOfPage":{"@id":"https:\/\/elhijodelllanero.mx\/index.php\/2026\/04\/13\/vuelca-autobus-de-peregrinos-en-la-san-luis-de-la-paz-victoria-deja-45-heridos\/#primaryimage"},"image":{"@id":"https:\/\/elhijodelllanero.mx\/index.php\/2026\/04\/13\/vuelca-autobus-de-peregrinos-en-la-san-luis-de-la-paz-victoria-deja-45-heridos\/#primaryimage"},"thumbnailUrl":"https:\/\/i0.wp.com\/elhijodelllanero.mx\/wp-content\/uploads\/2026\/04\/20260413_084106-COLLAGE-scaled.jpg?fit=1923%2C2560&ssl=1","datePublished":"2026-04-13T14:41:48+00:00","author":{"@id":"https:\/\/elhijodelllanero.mx\/#\/schema\/person\/c7f8c86c55c1eab44ae2b93a9628245f"},"breadcrumb":{"@id":"https:\/\/elhijodelllanero.mx\/index.php\/2026\/04\/13\/vuelca-autobus-de-peregrinos-en-la-san-luis-de-la-paz-victoria-deja-45-heridos\/#breadcrumb"},"inLanguage":"es","potentialAction":[{"@type":"ReadAction","target":["https:\/\/elhijodelllanero.mx\/index.php\/2026\/04\/13\/vuelca-autobus-de-peregrinos-en-la-san-luis-de-la-paz-victoria-deja-45-heridos\/"]}]},{"@type":"ImageObject","inLanguage":"es","@id":"https:\/\/elhijodelllanero.mx\/index.php\/2026\/04\/13\/vuelca-autobus-de-peregrinos-en-la-san-luis-de-la-paz-victoria-deja-45-heridos\/#primaryimage","url":"https:\/\/i0.wp.com\/elhijodelllanero.mx\/wp-content\/uploads\/2026\/04\/20260413_084106-COLLAGE-scaled.jpg?fit=1923%2C2560&ssl=1","contentUrl":"https:\/\/i0.wp.com\/elhijodelllanero.mx\/wp-content\/uploads\/2026\/04\/20260413_084106-COLLAGE-scaled.jpg?fit=1923%2C2560&ssl=1","width":1923,"height":2560},{"@type":"BreadcrumbList","@id":"https:\/\/elhijodelllanero.mx\/index.php\/2026\/04\/13\/vuelca-autobus-de-peregrinos-en-la-san-luis-de-la-paz-victoria-deja-45-heridos\/#breadcrumb","itemListElement":[{"@type":"ListItem","position":1,"name":"Portada","item":"https:\/\/elhijodelllanero.mx\/"},{"@type":"ListItem","position":2,"name":"Vuelca autob\u00fas de peregrinos en la San Luis de la Paz\u2013Victoria; deja 45 heridos."}]},{"@type":"WebSite","@id":"https:\/\/elhijodelllanero.mx\/#website","url":"https:\/\/elhijodelllanero.mx\/","name":"El Hijo del llanero solititito","description":"","potentialAction":[{"@type":"SearchAction","target":{"@type":"EntryPoint","urlTemplate":"https:\/\/elhijodelllanero.mx\/?s={search_term_string}"},"query-input":{"@type":"PropertyValueSpecification","valueRequired":true,"valueName":"search_term_string"}}],"inLanguage":"es"},{"@type":"Person","@id":"https:\/\/elhijodelllanero.mx\/#\/schema\/person\/c7f8c86c55c1eab44ae2b93a9628245f","name":"Mar\u00eda de la Paz Rodarte Ram\u00edrez","image":{"@type":"ImageObject","inLanguage":"es","@id":"https:\/\/secure.gravatar.com\/avatar\/1f38f8518b09a266af73da2bce78d69e7d1275299970134ed62f572e0487e1d0?s=96&d=mm&r=g","url":"https:\/\/secure.gravatar.com\/avatar\/1f38f8518b09a266af73da2bce78d69e7d1275299970134ed62f572e0487e1d0?s=96&d=mm&r=g","contentUrl":"https:\/\/secure.gravatar.com\/avatar\/1f38f8518b09a266af73da2bce78d69e7d1275299970134ed62f572e0487e1d0?s=96&d=mm&r=g","caption":"Mar\u00eda de la Paz Rodarte Ram\u00edrez"},"sameAs":["https:\/\/www.elhijodelllanero.mx"],"url":"https:\/\/elhijodelllanero.mx\/index.php\/author\/maricuas\/"}]}},"jetpack_featured_media_url":"https:\/\/i0.wp.com\/elhijodelllanero.mx\/wp-content\/uploads\/2026\/04\/20260413_084106-COLLAGE-scaled.jpg?fit=1923%2C2560&ssl=1","jetpack-related-posts":[],"jetpack_sharing_enabled":true,"_links":{"self":[{"href":"https:\/\/elhijodelllanero.mx\/index.php\/wp-json\/wp\/v2\/posts\/13781","targetHints":{"allow":["GET"]}}],"collection":[{"href":"https:\/\/elhijodelllanero.mx\/index.php\/wp-json\/wp\/v2\/posts"}],"about":[{"href":"https:\/\/elhijodelllanero.mx\/index.php\/wp-json\/wp\/v2\/types\/post"}],"author":[{"embeddable":true,"href":"https:\/\/elhijodelllanero.mx\/index.php\/wp-json\/wp\/v2\/users\/3"}],"replies":[{"embeddable":true,"href":"https:\/\/elhijodelllanero.mx\/index.php\/wp-json\/wp\/v2\/comments?post=13781"}],"version-history":[{"count":1,"href":"https:\/\/elhijodelllanero.mx\/index.php\/wp-json\/wp\/v2\/posts\/13781\/revisions"}],"predecessor-version":[{"id":13783,"href":"https:\/\/elhijodelllanero.mx\/index.php\/wp-json\/wp\/v2\/posts\/13781\/revisions\/13783"}],"wp:featuredmedia":[{"embeddable":true,"href":"https:\/\/elhijodelllanero.mx\/index.php\/wp-json\/wp\/v2\/media\/13782"}],"wp:attachment":[{"href":"https:\/\/elhijodelllanero.mx\/index.php\/wp-json\/wp\/v2\/media?parent=13781"}],"wp:term":[{"taxonomy":"category","embeddable":true,"href":"https:\/\/elhijodelllanero.mx\/index.php\/wp-json\/wp\/v2\/categories?post=13781"},{"taxonomy":"post_tag","embeddable":true,"href":"https:\/\/elhijodelllanero.mx\/index.php\/wp-json\/wp\/v2\/tags?post=13781"}],"curies":[{"name":"wp","href":"https:\/\/api.w.org\/{rel}","templated":true}]}}