{"id":13787,"date":"2026-04-13T14:27:14","date_gmt":"2026-04-13T20:27:14","guid":{"rendered":"https:\/\/elhijodelllanero.mx\/?p=13787"},"modified":"2026-04-13T14:27:14","modified_gmt":"2026-04-13T20:27:14","slug":"celaya-se-prepara-para-dos-dias-de-puro-antojo-de-tacos","status":"publish","type":"post","link":"https:\/\/elhijodelllanero.mx\/index.php\/2026\/04\/13\/celaya-se-prepara-para-dos-dias-de-puro-antojo-de-tacos\/","title":{"rendered":"Celaya se prepara para dos d\u00edas de puro antojo de tacos."},"content":{"rendered":"<p>Celaya, Gto. 13 de abril del 2026.- El Festival del Taco 2026, que se realizar\u00e1 el 18 y 19 de abril en la Segunda Secci\u00f3n del Parque Xochipilli, tiene una expectativa de m\u00e1s de 10 mil asistentes.<br \/>\nLa informaci\u00f3n se dio a conocer durante la rueda de prensa del eje de Bienestar Integral, donde el presidente municipal, Juan Miguel Ram\u00edrez S\u00e1nchez, destac\u00f3 que este tipo de eventos buscan fortalecer la convivencia familiar y la identidad local. Por su parte, el director del Parque Xochipilli, Santiago Pi, detall\u00f3 que el festival tendr\u00e1 un horario de 10 de la ma\u00f1ana a 10 de la noche, con un costo de acceso de 10 pesos.<br \/>\nCon m\u00e1s de 20 a\u00f1os de tradici\u00f3n, el festival reunir\u00e1 a expositores locales y de otros estados, ofreciendo desde los tacos cl\u00e1sicos hasta propuestas m\u00e1s atrevidas como el pastor negro de jabal\u00ed, adem\u00e1s de postres, nieves artesanales y un mercadito que siempre termina siendo parada obligada.<br \/>\nEn lo art\u00edstico, el programa incluye presentaciones para toda la familia, destacando el show de la comediante Ana Julia Yey\u00e9, adem\u00e1s de agrupaciones como Poder Latino, Alma Sonora del Tecnol\u00f3gico de Roque y el cierre con talento local como Azurisma.<br \/>\nAs\u00ed que el plan est\u00e1 puesto sobre la mesa: comida, m\u00fasica y ambiente familiar. Ya lo dem\u00e1s depende de qu\u00e9 tanto aguante tenga cada quien\u2026 especialmente con los tacos.<\/p>\n","protected":false},"excerpt":{"rendered":"<p>Celaya, Gto. 13 de abril del 2026.- El Festival del Taco 2026, que se realizar\u00e1 el 18 y 19 de abril en la Segunda Secci\u00f3n del Parque Xochipilli, tiene una expectativa de m\u00e1s de 10 mil asistentes. La informaci\u00f3n se dio a conocer durante la rueda de prensa del eje de Bienestar Integral, donde el [&hellip;]<\/p>\n","protected":false},"author":3,"featured_media":13788,"comment_status":"open","ping_status":"closed","sticky":false,"template":"","format":"standard","meta":{"_jetpack_newsletter_access":"","_jetpack_dont_email_post_to_subs":false,"_jetpack_newsletter_tier_id":0,"_jetpack_memberships_contains_paywalled_content":false,"_jetpack_memberships_contains_paid_content":false,"footnotes":""},"categories":[74],"tags":[],"class_list":{"0":"post-13787","1":"post","2":"type-post","3":"status-publish","4":"format-standard","5":"has-post-thumbnail","7":"category-celaya"},"yoast_head":"<!-- This site is optimized with the Yoast SEO plugin v27.3 - https:\/\/yoast.com\/product\/yoast-seo-wordpress\/ -->\n<title>Celaya se prepara para dos d\u00edas de puro antojo de tacos. - El Hijo del llanero solititito<\/title>\n<meta name=\"robots\" content=\"index, follow, max-snippet:-1, max-image-preview:large, max-video-preview:-1\" \/>\n<link rel=\"canonical\" href=\"https:\/\/elhijodelllanero.mx\/index.php\/2026\/04\/13\/celaya-se-prepara-para-dos-dias-de-puro-antojo-de-tacos\/\" \/>\n<meta property=\"og:locale\" content=\"es_ES\" \/>\n<meta property=\"og:type\" content=\"article\" \/>\n<meta property=\"og:title\" content=\"Celaya se prepara para dos d\u00edas de puro antojo de tacos. - El Hijo del llanero solititito\" \/>\n<meta property=\"og:description\" content=\"Celaya, Gto. 13 de abril del 2026.- El Festival del Taco 2026, que se realizar\u00e1 el 18 y 19 de abril en la Segunda Secci\u00f3n del Parque Xochipilli, tiene una expectativa de m\u00e1s de 10 mil asistentes. La informaci\u00f3n se dio a conocer durante la rueda de prensa del eje de Bienestar Integral, donde el [&hellip;]\" \/>\n<meta property=\"og:url\" content=\"https:\/\/elhijodelllanero.mx\/index.php\/2026\/04\/13\/celaya-se-prepara-para-dos-dias-de-puro-antojo-de-tacos\/\" \/>\n<meta property=\"og:site_name\" content=\"El Hijo del llanero solititito\" \/>\n<meta property=\"article:published_time\" content=\"2026-04-13T20:27:14+00:00\" \/>\n<meta property=\"og:image\" content=\"https:\/\/elhijodelllanero.mx\/wp-content\/uploads\/2026\/04\/WhatsApp-Image-2026-04-13-at-1.18.21-PM.jpeg\" \/>\n\t<meta property=\"og:image:width\" content=\"1600\" \/>\n\t<meta property=\"og:image:height\" content=\"1070\" \/>\n\t<meta property=\"og:image:type\" content=\"image\/jpeg\" \/>\n<meta name=\"author\" content=\"Mar\u00eda de la Paz Rodarte Ram\u00edrez\" \/>\n<meta name=\"twitter:card\" content=\"summary_large_image\" \/>\n<meta name=\"twitter:label1\" content=\"Escrito por\" \/>\n\t<meta name=\"twitter:data1\" content=\"Mar\u00eda de la Paz Rodarte Ram\u00edrez\" \/>\n\t<meta name=\"twitter:label2\" content=\"Tiempo de lectura\" \/>\n\t<meta name=\"twitter:data2\" content=\"2 minutos\" \/>\n<script type=\"application\/ld+json\" class=\"yoast-schema-graph\">{\"@context\":\"https:\\\/\\\/schema.org\",\"@graph\":[{\"@type\":\"Article\",\"@id\":\"https:\\\/\\\/elhijodelllanero.mx\\\/index.php\\\/2026\\\/04\\\/13\\\/celaya-se-prepara-para-dos-dias-de-puro-antojo-de-tacos\\\/#article\",\"isPartOf\":{\"@id\":\"https:\\\/\\\/elhijodelllanero.mx\\\/index.php\\\/2026\\\/04\\\/13\\\/celaya-se-prepara-para-dos-dias-de-puro-antojo-de-tacos\\\/\"},\"author\":{\"name\":\"Mar\u00eda de la Paz Rodarte Ram\u00edrez\",\"@id\":\"https:\\\/\\\/elhijodelllanero.mx\\\/#\\\/schema\\\/person\\\/c7f8c86c55c1eab44ae2b93a9628245f\"},\"headline\":\"Celaya se prepara para dos d\u00edas de puro antojo de tacos.\",\"datePublished\":\"2026-04-13T20:27:14+00:00\",\"mainEntityOfPage\":{\"@id\":\"https:\\\/\\\/elhijodelllanero.mx\\\/index.php\\\/2026\\\/04\\\/13\\\/celaya-se-prepara-para-dos-dias-de-puro-antojo-de-tacos\\\/\"},\"wordCount\":246,\"commentCount\":0,\"image\":{\"@id\":\"https:\\\/\\\/elhijodelllanero.mx\\\/index.php\\\/2026\\\/04\\\/13\\\/celaya-se-prepara-para-dos-dias-de-puro-antojo-de-tacos\\\/#primaryimage\"},\"thumbnailUrl\":\"https:\\\/\\\/i0.wp.com\\\/elhijodelllanero.mx\\\/wp-content\\\/uploads\\\/2026\\\/04\\\/WhatsApp-Image-2026-04-13-at-1.18.21-PM.jpeg?fit=1600%2C1070&ssl=1\",\"articleSection\":[\"CELAYA\"],\"inLanguage\":\"es\",\"potentialAction\":[{\"@type\":\"CommentAction\",\"name\":\"Comment\",\"target\":[\"https:\\\/\\\/elhijodelllanero.mx\\\/index.php\\\/2026\\\/04\\\/13\\\/celaya-se-prepara-para-dos-dias-de-puro-antojo-de-tacos\\\/#respond\"]}]},{\"@type\":\"WebPage\",\"@id\":\"https:\\\/\\\/elhijodelllanero.mx\\\/index.php\\\/2026\\\/04\\\/13\\\/celaya-se-prepara-para-dos-dias-de-puro-antojo-de-tacos\\\/\",\"url\":\"https:\\\/\\\/elhijodelllanero.mx\\\/index.php\\\/2026\\\/04\\\/13\\\/celaya-se-prepara-para-dos-dias-de-puro-antojo-de-tacos\\\/\",\"name\":\"Celaya se prepara para dos d\u00edas de puro antojo de tacos. - El Hijo del llanero solititito\",\"isPartOf\":{\"@id\":\"https:\\\/\\\/elhijodelllanero.mx\\\/#website\"},\"primaryImageOfPage\":{\"@id\":\"https:\\\/\\\/elhijodelllanero.mx\\\/index.php\\\/2026\\\/04\\\/13\\\/celaya-se-prepara-para-dos-dias-de-puro-antojo-de-tacos\\\/#primaryimage\"},\"image\":{\"@id\":\"https:\\\/\\\/elhijodelllanero.mx\\\/index.php\\\/2026\\\/04\\\/13\\\/celaya-se-prepara-para-dos-dias-de-puro-antojo-de-tacos\\\/#primaryimage\"},\"thumbnailUrl\":\"https:\\\/\\\/i0.wp.com\\\/elhijodelllanero.mx\\\/wp-content\\\/uploads\\\/2026\\\/04\\\/WhatsApp-Image-2026-04-13-at-1.18.21-PM.jpeg?fit=1600%2C1070&ssl=1\",\"datePublished\":\"2026-04-13T20:27:14+00:00\",\"author\":{\"@id\":\"https:\\\/\\\/elhijodelllanero.mx\\\/#\\\/schema\\\/person\\\/c7f8c86c55c1eab44ae2b93a9628245f\"},\"breadcrumb\":{\"@id\":\"https:\\\/\\\/elhijodelllanero.mx\\\/index.php\\\/2026\\\/04\\\/13\\\/celaya-se-prepara-para-dos-dias-de-puro-antojo-de-tacos\\\/#breadcrumb\"},\"inLanguage\":\"es\",\"potentialAction\":[{\"@type\":\"ReadAction\",\"target\":[\"https:\\\/\\\/elhijodelllanero.mx\\\/index.php\\\/2026\\\/04\\\/13\\\/celaya-se-prepara-para-dos-dias-de-puro-antojo-de-tacos\\\/\"]}]},{\"@type\":\"ImageObject\",\"inLanguage\":\"es\",\"@id\":\"https:\\\/\\\/elhijodelllanero.mx\\\/index.php\\\/2026\\\/04\\\/13\\\/celaya-se-prepara-para-dos-dias-de-puro-antojo-de-tacos\\\/#primaryimage\",\"url\":\"https:\\\/\\\/i0.wp.com\\\/elhijodelllanero.mx\\\/wp-content\\\/uploads\\\/2026\\\/04\\\/WhatsApp-Image-2026-04-13-at-1.18.21-PM.jpeg?fit=1600%2C1070&ssl=1\",\"contentUrl\":\"https:\\\/\\\/i0.wp.com\\\/elhijodelllanero.mx\\\/wp-content\\\/uploads\\\/2026\\\/04\\\/WhatsApp-Image-2026-04-13-at-1.18.21-PM.jpeg?fit=1600%2C1070&ssl=1\",\"width\":1600,\"height\":1070},{\"@type\":\"BreadcrumbList\",\"@id\":\"https:\\\/\\\/elhijodelllanero.mx\\\/index.php\\\/2026\\\/04\\\/13\\\/celaya-se-prepara-para-dos-dias-de-puro-antojo-de-tacos\\\/#breadcrumb\",\"itemListElement\":[{\"@type\":\"ListItem\",\"position\":1,\"name\":\"Portada\",\"item\":\"https:\\\/\\\/elhijodelllanero.mx\\\/\"},{\"@type\":\"ListItem\",\"position\":2,\"name\":\"Celaya se prepara para dos d\u00edas de puro antojo de tacos.\"}]},{\"@type\":\"WebSite\",\"@id\":\"https:\\\/\\\/elhijodelllanero.mx\\\/#website\",\"url\":\"https:\\\/\\\/elhijodelllanero.mx\\\/\",\"name\":\"El Hijo del llanero solititito\",\"description\":\"\",\"potentialAction\":[{\"@type\":\"SearchAction\",\"target\":{\"@type\":\"EntryPoint\",\"urlTemplate\":\"https:\\\/\\\/elhijodelllanero.mx\\\/?s={search_term_string}\"},\"query-input\":{\"@type\":\"PropertyValueSpecification\",\"valueRequired\":true,\"valueName\":\"search_term_string\"}}],\"inLanguage\":\"es\"},{\"@type\":\"Person\",\"@id\":\"https:\\\/\\\/elhijodelllanero.mx\\\/#\\\/schema\\\/person\\\/c7f8c86c55c1eab44ae2b93a9628245f\",\"name\":\"Mar\u00eda de la Paz Rodarte Ram\u00edrez\",\"image\":{\"@type\":\"ImageObject\",\"inLanguage\":\"es\",\"@id\":\"https:\\\/\\\/secure.gravatar.com\\\/avatar\\\/1f38f8518b09a266af73da2bce78d69e7d1275299970134ed62f572e0487e1d0?s=96&d=mm&r=g\",\"url\":\"https:\\\/\\\/secure.gravatar.com\\\/avatar\\\/1f38f8518b09a266af73da2bce78d69e7d1275299970134ed62f572e0487e1d0?s=96&d=mm&r=g\",\"contentUrl\":\"https:\\\/\\\/secure.gravatar.com\\\/avatar\\\/1f38f8518b09a266af73da2bce78d69e7d1275299970134ed62f572e0487e1d0?s=96&d=mm&r=g\",\"caption\":\"Mar\u00eda de la Paz Rodarte Ram\u00edrez\"},\"sameAs\":[\"https:\\\/\\\/www.elhijodelllanero.mx\"],\"url\":\"https:\\\/\\\/elhijodelllanero.mx\\\/index.php\\\/author\\\/maricuas\\\/\"}]}<\/script>\n<!-- \/ Yoast SEO plugin. -->","yoast_head_json":{"title":"Celaya se prepara para dos d\u00edas de puro antojo de tacos. - El Hijo del llanero solititito","robots":{"index":"index","follow":"follow","max-snippet":"max-snippet:-1","max-image-preview":"max-image-preview:large","max-video-preview":"max-video-preview:-1"},"canonical":"https:\/\/elhijodelllanero.mx\/index.php\/2026\/04\/13\/celaya-se-prepara-para-dos-dias-de-puro-antojo-de-tacos\/","og_locale":"es_ES","og_type":"article","og_title":"Celaya se prepara para dos d\u00edas de puro antojo de tacos. - El Hijo del llanero solititito","og_description":"Celaya, Gto. 13 de abril del 2026.- El Festival del Taco 2026, que se realizar\u00e1 el 18 y 19 de abril en la Segunda Secci\u00f3n del Parque Xochipilli, tiene una expectativa de m\u00e1s de 10 mil asistentes. La informaci\u00f3n se dio a conocer durante la rueda de prensa del eje de Bienestar Integral, donde el [&hellip;]","og_url":"https:\/\/elhijodelllanero.mx\/index.php\/2026\/04\/13\/celaya-se-prepara-para-dos-dias-de-puro-antojo-de-tacos\/","og_site_name":"El Hijo del llanero solititito","article_published_time":"2026-04-13T20:27:14+00:00","og_image":[{"width":1600,"height":1070,"url":"https:\/\/elhijodelllanero.mx\/wp-content\/uploads\/2026\/04\/WhatsApp-Image-2026-04-13-at-1.18.21-PM.jpeg","type":"image\/jpeg"}],"author":"Mar\u00eda de la Paz Rodarte Ram\u00edrez","twitter_card":"summary_large_image","twitter_misc":{"Escrito por":"Mar\u00eda de la Paz Rodarte Ram\u00edrez","Tiempo de lectura":"2 minutos"},"schema":{"@context":"https:\/\/schema.org","@graph":[{"@type":"Article","@id":"https:\/\/elhijodelllanero.mx\/index.php\/2026\/04\/13\/celaya-se-prepara-para-dos-dias-de-puro-antojo-de-tacos\/#article","isPartOf":{"@id":"https:\/\/elhijodelllanero.mx\/index.php\/2026\/04\/13\/celaya-se-prepara-para-dos-dias-de-puro-antojo-de-tacos\/"},"author":{"name":"Mar\u00eda de la Paz Rodarte Ram\u00edrez","@id":"https:\/\/elhijodelllanero.mx\/#\/schema\/person\/c7f8c86c55c1eab44ae2b93a9628245f"},"headline":"Celaya se prepara para dos d\u00edas de puro antojo de tacos.","datePublished":"2026-04-13T20:27:14+00:00","mainEntityOfPage":{"@id":"https:\/\/elhijodelllanero.mx\/index.php\/2026\/04\/13\/celaya-se-prepara-para-dos-dias-de-puro-antojo-de-tacos\/"},"wordCount":246,"commentCount":0,"image":{"@id":"https:\/\/elhijodelllanero.mx\/index.php\/2026\/04\/13\/celaya-se-prepara-para-dos-dias-de-puro-antojo-de-tacos\/#primaryimage"},"thumbnailUrl":"https:\/\/i0.wp.com\/elhijodelllanero.mx\/wp-content\/uploads\/2026\/04\/WhatsApp-Image-2026-04-13-at-1.18.21-PM.jpeg?fit=1600%2C1070&ssl=1","articleSection":["CELAYA"],"inLanguage":"es","potentialAction":[{"@type":"CommentAction","name":"Comment","target":["https:\/\/elhijodelllanero.mx\/index.php\/2026\/04\/13\/celaya-se-prepara-para-dos-dias-de-puro-antojo-de-tacos\/#respond"]}]},{"@type":"WebPage","@id":"https:\/\/elhijodelllanero.mx\/index.php\/2026\/04\/13\/celaya-se-prepara-para-dos-dias-de-puro-antojo-de-tacos\/","url":"https:\/\/elhijodelllanero.mx\/index.php\/2026\/04\/13\/celaya-se-prepara-para-dos-dias-de-puro-antojo-de-tacos\/","name":"Celaya se prepara para dos d\u00edas de puro antojo de tacos. - El Hijo del llanero solititito","isPartOf":{"@id":"https:\/\/elhijodelllanero.mx\/#website"},"primaryImageOfPage":{"@id":"https:\/\/elhijodelllanero.mx\/index.php\/2026\/04\/13\/celaya-se-prepara-para-dos-dias-de-puro-antojo-de-tacos\/#primaryimage"},"image":{"@id":"https:\/\/elhijodelllanero.mx\/index.php\/2026\/04\/13\/celaya-se-prepara-para-dos-dias-de-puro-antojo-de-tacos\/#primaryimage"},"thumbnailUrl":"https:\/\/i0.wp.com\/elhijodelllanero.mx\/wp-content\/uploads\/2026\/04\/WhatsApp-Image-2026-04-13-at-1.18.21-PM.jpeg?fit=1600%2C1070&ssl=1","datePublished":"2026-04-13T20:27:14+00:00","author":{"@id":"https:\/\/elhijodelllanero.mx\/#\/schema\/person\/c7f8c86c55c1eab44ae2b93a9628245f"},"breadcrumb":{"@id":"https:\/\/elhijodelllanero.mx\/index.php\/2026\/04\/13\/celaya-se-prepara-para-dos-dias-de-puro-antojo-de-tacos\/#breadcrumb"},"inLanguage":"es","potentialAction":[{"@type":"ReadAction","target":["https:\/\/elhijodelllanero.mx\/index.php\/2026\/04\/13\/celaya-se-prepara-para-dos-dias-de-puro-antojo-de-tacos\/"]}]},{"@type":"ImageObject","inLanguage":"es","@id":"https:\/\/elhijodelllanero.mx\/index.php\/2026\/04\/13\/celaya-se-prepara-para-dos-dias-de-puro-antojo-de-tacos\/#primaryimage","url":"https:\/\/i0.wp.com\/elhijodelllanero.mx\/wp-content\/uploads\/2026\/04\/WhatsApp-Image-2026-04-13-at-1.18.21-PM.jpeg?fit=1600%2C1070&ssl=1","contentUrl":"https:\/\/i0.wp.com\/elhijodelllanero.mx\/wp-content\/uploads\/2026\/04\/WhatsApp-Image-2026-04-13-at-1.18.21-PM.jpeg?fit=1600%2C1070&ssl=1","width":1600,"height":1070},{"@type":"BreadcrumbList","@id":"https:\/\/elhijodelllanero.mx\/index.php\/2026\/04\/13\/celaya-se-prepara-para-dos-dias-de-puro-antojo-de-tacos\/#breadcrumb","itemListElement":[{"@type":"ListItem","position":1,"name":"Portada","item":"https:\/\/elhijodelllanero.mx\/"},{"@type":"ListItem","position":2,"name":"Celaya se prepara para dos d\u00edas de puro antojo de tacos."}]},{"@type":"WebSite","@id":"https:\/\/elhijodelllanero.mx\/#website","url":"https:\/\/elhijodelllanero.mx\/","name":"El Hijo del llanero solititito","description":"","potentialAction":[{"@type":"SearchAction","target":{"@type":"EntryPoint","urlTemplate":"https:\/\/elhijodelllanero.mx\/?s={search_term_string}"},"query-input":{"@type":"PropertyValueSpecification","valueRequired":true,"valueName":"search_term_string"}}],"inLanguage":"es"},{"@type":"Person","@id":"https:\/\/elhijodelllanero.mx\/#\/schema\/person\/c7f8c86c55c1eab44ae2b93a9628245f","name":"Mar\u00eda de la Paz Rodarte Ram\u00edrez","image":{"@type":"ImageObject","inLanguage":"es","@id":"https:\/\/secure.gravatar.com\/avatar\/1f38f8518b09a266af73da2bce78d69e7d1275299970134ed62f572e0487e1d0?s=96&d=mm&r=g","url":"https:\/\/secure.gravatar.com\/avatar\/1f38f8518b09a266af73da2bce78d69e7d1275299970134ed62f572e0487e1d0?s=96&d=mm&r=g","contentUrl":"https:\/\/secure.gravatar.com\/avatar\/1f38f8518b09a266af73da2bce78d69e7d1275299970134ed62f572e0487e1d0?s=96&d=mm&r=g","caption":"Mar\u00eda de la Paz Rodarte Ram\u00edrez"},"sameAs":["https:\/\/www.elhijodelllanero.mx"],"url":"https:\/\/elhijodelllanero.mx\/index.php\/author\/maricuas\/"}]}},"jetpack_featured_media_url":"https:\/\/i0.wp.com\/elhijodelllanero.mx\/wp-content\/uploads\/2026\/04\/WhatsApp-Image-2026-04-13-at-1.18.21-PM.jpeg?fit=1600%2C1070&ssl=1","jetpack-related-posts":[],"jetpack_sharing_enabled":true,"_links":{"self":[{"href":"https:\/\/elhijodelllanero.mx\/index.php\/wp-json\/wp\/v2\/posts\/13787","targetHints":{"allow":["GET"]}}],"collection":[{"href":"https:\/\/elhijodelllanero.mx\/index.php\/wp-json\/wp\/v2\/posts"}],"about":[{"href":"https:\/\/elhijodelllanero.mx\/index.php\/wp-json\/wp\/v2\/types\/post"}],"author":[{"embeddable":true,"href":"https:\/\/elhijodelllanero.mx\/index.php\/wp-json\/wp\/v2\/users\/3"}],"replies":[{"embeddable":true,"href":"https:\/\/elhijodelllanero.mx\/index.php\/wp-json\/wp\/v2\/comments?post=13787"}],"version-history":[{"count":1,"href":"https:\/\/elhijodelllanero.mx\/index.php\/wp-json\/wp\/v2\/posts\/13787\/revisions"}],"predecessor-version":[{"id":13789,"href":"https:\/\/elhijodelllanero.mx\/index.php\/wp-json\/wp\/v2\/posts\/13787\/revisions\/13789"}],"wp:featuredmedia":[{"embeddable":true,"href":"https:\/\/elhijodelllanero.mx\/index.php\/wp-json\/wp\/v2\/media\/13788"}],"wp:attachment":[{"href":"https:\/\/elhijodelllanero.mx\/index.php\/wp-json\/wp\/v2\/media?parent=13787"}],"wp:term":[{"taxonomy":"category","embeddable":true,"href":"https:\/\/elhijodelllanero.mx\/index.php\/wp-json\/wp\/v2\/categories?post=13787"},{"taxonomy":"post_tag","embeddable":true,"href":"https:\/\/elhijodelllanero.mx\/index.php\/wp-json\/wp\/v2\/tags?post=13787"}],"curies":[{"name":"wp","href":"https:\/\/api.w.org\/{rel}","templated":true}]}}