{"id":13793,"date":"2026-04-13T17:13:55","date_gmt":"2026-04-13T23:13:55","guid":{"rendered":"https:\/\/elhijodelllanero.mx\/?p=13793"},"modified":"2026-04-13T17:13:55","modified_gmt":"2026-04-13T23:13:55","slug":"rumbo-a-orlando-celaya-va-por-otro-oro","status":"publish","type":"post","link":"https:\/\/elhijodelllanero.mx\/index.php\/2026\/04\/13\/rumbo-a-orlando-celaya-va-por-otro-oro\/","title":{"rendered":"Rumbo a Orlando: Celaya va por otro oro."},"content":{"rendered":"<p>Celaya, Gto. 13 de abril del 2026.-No van de paseo ni a tomarse fotos en Disney. Un equipo de 19 chicas de la academia Jaguares Dance Team ya tiene destino claro: el All Star World Championship en Orlando, Florida, donde competir\u00e1n del 15 al 19 de abril representando a M\u00e9xico.<\/p>\n<p>El abanderamiento se realiz\u00f3 en el Polideportivo de Galaxias del Parque, marcando el arranque oficial de un viaje que no empez\u00f3 ayer. Detr\u00e1s hay meses de disciplina, ensayos y ese tipo de cansancio que no se presume, pero s\u00ed se nota en la tarima.<\/p>\n<p>Participar\u00e1n en las categor\u00edas Jazz Senior y Pom Senior como parte de la selecci\u00f3n nacional MexiCop, lo que ya pone la vara alta\u2026 aunque ellas mismas se encargaron de subirla el a\u00f1o pasado al regresar con medalla de oro. As\u00ed que s\u00ed, la expectativa no es peque\u00f1a.<\/p>\n<p>M\u00e1s all\u00e1 de los discursos y las fotos oficiales, lo relevante es esto: hay talento local compitiendo en escenarios internacionales y haci\u00e9ndolo en serio. No es casualidad, es trabajo constante\u2026 del que casi nadie ve, pero todos celebran cuando suena el resultado.<\/p>\n","protected":false},"excerpt":{"rendered":"<p>Celaya, Gto. 13 de abril del 2026.-No van de paseo ni a tomarse fotos en Disney. Un equipo de 19 chicas de la academia Jaguares Dance Team ya tiene destino claro: el All Star World Championship en Orlando, Florida, donde competir\u00e1n del 15 al 19 de abril representando a M\u00e9xico. El abanderamiento se realiz\u00f3 en [&hellip;]<\/p>\n","protected":false},"author":3,"featured_media":13794,"comment_status":"open","ping_status":"closed","sticky":false,"template":"","format":"standard","meta":{"_jetpack_newsletter_access":"","_jetpack_dont_email_post_to_subs":false,"_jetpack_newsletter_tier_id":0,"_jetpack_memberships_contains_paywalled_content":false,"_jetpack_memberships_contains_paid_content":false,"footnotes":""},"categories":[74,40],"tags":[],"class_list":{"0":"post-13793","1":"post","2":"type-post","3":"status-publish","4":"format-standard","5":"has-post-thumbnail","7":"category-celaya","8":"category-deportes"},"yoast_head":"<!-- This site is optimized with the Yoast SEO plugin v27.3 - https:\/\/yoast.com\/product\/yoast-seo-wordpress\/ -->\n<title>Rumbo a Orlando: Celaya va por otro oro. - El Hijo del llanero solititito<\/title>\n<meta name=\"robots\" content=\"index, follow, max-snippet:-1, max-image-preview:large, max-video-preview:-1\" \/>\n<link rel=\"canonical\" href=\"https:\/\/elhijodelllanero.mx\/index.php\/2026\/04\/13\/rumbo-a-orlando-celaya-va-por-otro-oro\/\" \/>\n<meta property=\"og:locale\" content=\"es_ES\" \/>\n<meta property=\"og:type\" content=\"article\" \/>\n<meta property=\"og:title\" content=\"Rumbo a Orlando: Celaya va por otro oro. - El Hijo del llanero solititito\" \/>\n<meta property=\"og:description\" content=\"Celaya, Gto. 13 de abril del 2026.-No van de paseo ni a tomarse fotos en Disney. Un equipo de 19 chicas de la academia Jaguares Dance Team ya tiene destino claro: el All Star World Championship en Orlando, Florida, donde competir\u00e1n del 15 al 19 de abril representando a M\u00e9xico. El abanderamiento se realiz\u00f3 en [&hellip;]\" \/>\n<meta property=\"og:url\" content=\"https:\/\/elhijodelllanero.mx\/index.php\/2026\/04\/13\/rumbo-a-orlando-celaya-va-por-otro-oro\/\" \/>\n<meta property=\"og:site_name\" content=\"El Hijo del llanero solititito\" \/>\n<meta property=\"article:published_time\" content=\"2026-04-13T23:13:55+00:00\" \/>\n<meta property=\"og:image\" content=\"https:\/\/elhijodelllanero.mx\/wp-content\/uploads\/2026\/04\/20260413_171318-COLLAGE-scaled.jpg\" \/>\n\t<meta property=\"og:image:width\" content=\"2560\" \/>\n\t<meta property=\"og:image:height\" content=\"2560\" \/>\n\t<meta property=\"og:image:type\" content=\"image\/jpeg\" \/>\n<meta name=\"author\" content=\"Mar\u00eda de la Paz Rodarte Ram\u00edrez\" \/>\n<meta name=\"twitter:card\" content=\"summary_large_image\" \/>\n<meta name=\"twitter:label1\" content=\"Escrito por\" \/>\n\t<meta name=\"twitter:data1\" content=\"Mar\u00eda de la Paz Rodarte Ram\u00edrez\" \/>\n\t<meta name=\"twitter:label2\" content=\"Tiempo de lectura\" \/>\n\t<meta name=\"twitter:data2\" content=\"2 minutos\" \/>\n<script type=\"application\/ld+json\" class=\"yoast-schema-graph\">{\"@context\":\"https:\\\/\\\/schema.org\",\"@graph\":[{\"@type\":\"Article\",\"@id\":\"https:\\\/\\\/elhijodelllanero.mx\\\/index.php\\\/2026\\\/04\\\/13\\\/rumbo-a-orlando-celaya-va-por-otro-oro\\\/#article\",\"isPartOf\":{\"@id\":\"https:\\\/\\\/elhijodelllanero.mx\\\/index.php\\\/2026\\\/04\\\/13\\\/rumbo-a-orlando-celaya-va-por-otro-oro\\\/\"},\"author\":{\"name\":\"Mar\u00eda de la Paz Rodarte Ram\u00edrez\",\"@id\":\"https:\\\/\\\/elhijodelllanero.mx\\\/#\\\/schema\\\/person\\\/c7f8c86c55c1eab44ae2b93a9628245f\"},\"headline\":\"Rumbo a Orlando: Celaya va por otro oro.\",\"datePublished\":\"2026-04-13T23:13:55+00:00\",\"mainEntityOfPage\":{\"@id\":\"https:\\\/\\\/elhijodelllanero.mx\\\/index.php\\\/2026\\\/04\\\/13\\\/rumbo-a-orlando-celaya-va-por-otro-oro\\\/\"},\"wordCount\":197,\"commentCount\":0,\"image\":{\"@id\":\"https:\\\/\\\/elhijodelllanero.mx\\\/index.php\\\/2026\\\/04\\\/13\\\/rumbo-a-orlando-celaya-va-por-otro-oro\\\/#primaryimage\"},\"thumbnailUrl\":\"https:\\\/\\\/i0.wp.com\\\/elhijodelllanero.mx\\\/wp-content\\\/uploads\\\/2026\\\/04\\\/20260413_171318-COLLAGE-scaled.jpg?fit=2560%2C2560&ssl=1\",\"articleSection\":[\"CELAYA\",\"DEPORTES\"],\"inLanguage\":\"es\",\"potentialAction\":[{\"@type\":\"CommentAction\",\"name\":\"Comment\",\"target\":[\"https:\\\/\\\/elhijodelllanero.mx\\\/index.php\\\/2026\\\/04\\\/13\\\/rumbo-a-orlando-celaya-va-por-otro-oro\\\/#respond\"]}]},{\"@type\":\"WebPage\",\"@id\":\"https:\\\/\\\/elhijodelllanero.mx\\\/index.php\\\/2026\\\/04\\\/13\\\/rumbo-a-orlando-celaya-va-por-otro-oro\\\/\",\"url\":\"https:\\\/\\\/elhijodelllanero.mx\\\/index.php\\\/2026\\\/04\\\/13\\\/rumbo-a-orlando-celaya-va-por-otro-oro\\\/\",\"name\":\"Rumbo a Orlando: Celaya va por otro oro. - El Hijo del llanero solititito\",\"isPartOf\":{\"@id\":\"https:\\\/\\\/elhijodelllanero.mx\\\/#website\"},\"primaryImageOfPage\":{\"@id\":\"https:\\\/\\\/elhijodelllanero.mx\\\/index.php\\\/2026\\\/04\\\/13\\\/rumbo-a-orlando-celaya-va-por-otro-oro\\\/#primaryimage\"},\"image\":{\"@id\":\"https:\\\/\\\/elhijodelllanero.mx\\\/index.php\\\/2026\\\/04\\\/13\\\/rumbo-a-orlando-celaya-va-por-otro-oro\\\/#primaryimage\"},\"thumbnailUrl\":\"https:\\\/\\\/i0.wp.com\\\/elhijodelllanero.mx\\\/wp-content\\\/uploads\\\/2026\\\/04\\\/20260413_171318-COLLAGE-scaled.jpg?fit=2560%2C2560&ssl=1\",\"datePublished\":\"2026-04-13T23:13:55+00:00\",\"author\":{\"@id\":\"https:\\\/\\\/elhijodelllanero.mx\\\/#\\\/schema\\\/person\\\/c7f8c86c55c1eab44ae2b93a9628245f\"},\"breadcrumb\":{\"@id\":\"https:\\\/\\\/elhijodelllanero.mx\\\/index.php\\\/2026\\\/04\\\/13\\\/rumbo-a-orlando-celaya-va-por-otro-oro\\\/#breadcrumb\"},\"inLanguage\":\"es\",\"potentialAction\":[{\"@type\":\"ReadAction\",\"target\":[\"https:\\\/\\\/elhijodelllanero.mx\\\/index.php\\\/2026\\\/04\\\/13\\\/rumbo-a-orlando-celaya-va-por-otro-oro\\\/\"]}]},{\"@type\":\"ImageObject\",\"inLanguage\":\"es\",\"@id\":\"https:\\\/\\\/elhijodelllanero.mx\\\/index.php\\\/2026\\\/04\\\/13\\\/rumbo-a-orlando-celaya-va-por-otro-oro\\\/#primaryimage\",\"url\":\"https:\\\/\\\/i0.wp.com\\\/elhijodelllanero.mx\\\/wp-content\\\/uploads\\\/2026\\\/04\\\/20260413_171318-COLLAGE-scaled.jpg?fit=2560%2C2560&ssl=1\",\"contentUrl\":\"https:\\\/\\\/i0.wp.com\\\/elhijodelllanero.mx\\\/wp-content\\\/uploads\\\/2026\\\/04\\\/20260413_171318-COLLAGE-scaled.jpg?fit=2560%2C2560&ssl=1\",\"width\":2560,\"height\":2560},{\"@type\":\"BreadcrumbList\",\"@id\":\"https:\\\/\\\/elhijodelllanero.mx\\\/index.php\\\/2026\\\/04\\\/13\\\/rumbo-a-orlando-celaya-va-por-otro-oro\\\/#breadcrumb\",\"itemListElement\":[{\"@type\":\"ListItem\",\"position\":1,\"name\":\"Portada\",\"item\":\"https:\\\/\\\/elhijodelllanero.mx\\\/\"},{\"@type\":\"ListItem\",\"position\":2,\"name\":\"Rumbo a Orlando: Celaya va por otro oro.\"}]},{\"@type\":\"WebSite\",\"@id\":\"https:\\\/\\\/elhijodelllanero.mx\\\/#website\",\"url\":\"https:\\\/\\\/elhijodelllanero.mx\\\/\",\"name\":\"El Hijo del llanero solititito\",\"description\":\"\",\"potentialAction\":[{\"@type\":\"SearchAction\",\"target\":{\"@type\":\"EntryPoint\",\"urlTemplate\":\"https:\\\/\\\/elhijodelllanero.mx\\\/?s={search_term_string}\"},\"query-input\":{\"@type\":\"PropertyValueSpecification\",\"valueRequired\":true,\"valueName\":\"search_term_string\"}}],\"inLanguage\":\"es\"},{\"@type\":\"Person\",\"@id\":\"https:\\\/\\\/elhijodelllanero.mx\\\/#\\\/schema\\\/person\\\/c7f8c86c55c1eab44ae2b93a9628245f\",\"name\":\"Mar\u00eda de la Paz Rodarte Ram\u00edrez\",\"image\":{\"@type\":\"ImageObject\",\"inLanguage\":\"es\",\"@id\":\"https:\\\/\\\/secure.gravatar.com\\\/avatar\\\/1f38f8518b09a266af73da2bce78d69e7d1275299970134ed62f572e0487e1d0?s=96&d=mm&r=g\",\"url\":\"https:\\\/\\\/secure.gravatar.com\\\/avatar\\\/1f38f8518b09a266af73da2bce78d69e7d1275299970134ed62f572e0487e1d0?s=96&d=mm&r=g\",\"contentUrl\":\"https:\\\/\\\/secure.gravatar.com\\\/avatar\\\/1f38f8518b09a266af73da2bce78d69e7d1275299970134ed62f572e0487e1d0?s=96&d=mm&r=g\",\"caption\":\"Mar\u00eda de la Paz Rodarte Ram\u00edrez\"},\"sameAs\":[\"https:\\\/\\\/www.elhijodelllanero.mx\"],\"url\":\"https:\\\/\\\/elhijodelllanero.mx\\\/index.php\\\/author\\\/maricuas\\\/\"}]}<\/script>\n<!-- \/ Yoast SEO plugin. -->","yoast_head_json":{"title":"Rumbo a Orlando: Celaya va por otro oro. - El Hijo del llanero solititito","robots":{"index":"index","follow":"follow","max-snippet":"max-snippet:-1","max-image-preview":"max-image-preview:large","max-video-preview":"max-video-preview:-1"},"canonical":"https:\/\/elhijodelllanero.mx\/index.php\/2026\/04\/13\/rumbo-a-orlando-celaya-va-por-otro-oro\/","og_locale":"es_ES","og_type":"article","og_title":"Rumbo a Orlando: Celaya va por otro oro. - El Hijo del llanero solititito","og_description":"Celaya, Gto. 13 de abril del 2026.-No van de paseo ni a tomarse fotos en Disney. Un equipo de 19 chicas de la academia Jaguares Dance Team ya tiene destino claro: el All Star World Championship en Orlando, Florida, donde competir\u00e1n del 15 al 19 de abril representando a M\u00e9xico. El abanderamiento se realiz\u00f3 en [&hellip;]","og_url":"https:\/\/elhijodelllanero.mx\/index.php\/2026\/04\/13\/rumbo-a-orlando-celaya-va-por-otro-oro\/","og_site_name":"El Hijo del llanero solititito","article_published_time":"2026-04-13T23:13:55+00:00","og_image":[{"width":2560,"height":2560,"url":"https:\/\/elhijodelllanero.mx\/wp-content\/uploads\/2026\/04\/20260413_171318-COLLAGE-scaled.jpg","type":"image\/jpeg"}],"author":"Mar\u00eda de la Paz Rodarte Ram\u00edrez","twitter_card":"summary_large_image","twitter_misc":{"Escrito por":"Mar\u00eda de la Paz Rodarte Ram\u00edrez","Tiempo de lectura":"2 minutos"},"schema":{"@context":"https:\/\/schema.org","@graph":[{"@type":"Article","@id":"https:\/\/elhijodelllanero.mx\/index.php\/2026\/04\/13\/rumbo-a-orlando-celaya-va-por-otro-oro\/#article","isPartOf":{"@id":"https:\/\/elhijodelllanero.mx\/index.php\/2026\/04\/13\/rumbo-a-orlando-celaya-va-por-otro-oro\/"},"author":{"name":"Mar\u00eda de la Paz Rodarte Ram\u00edrez","@id":"https:\/\/elhijodelllanero.mx\/#\/schema\/person\/c7f8c86c55c1eab44ae2b93a9628245f"},"headline":"Rumbo a Orlando: Celaya va por otro oro.","datePublished":"2026-04-13T23:13:55+00:00","mainEntityOfPage":{"@id":"https:\/\/elhijodelllanero.mx\/index.php\/2026\/04\/13\/rumbo-a-orlando-celaya-va-por-otro-oro\/"},"wordCount":197,"commentCount":0,"image":{"@id":"https:\/\/elhijodelllanero.mx\/index.php\/2026\/04\/13\/rumbo-a-orlando-celaya-va-por-otro-oro\/#primaryimage"},"thumbnailUrl":"https:\/\/i0.wp.com\/elhijodelllanero.mx\/wp-content\/uploads\/2026\/04\/20260413_171318-COLLAGE-scaled.jpg?fit=2560%2C2560&ssl=1","articleSection":["CELAYA","DEPORTES"],"inLanguage":"es","potentialAction":[{"@type":"CommentAction","name":"Comment","target":["https:\/\/elhijodelllanero.mx\/index.php\/2026\/04\/13\/rumbo-a-orlando-celaya-va-por-otro-oro\/#respond"]}]},{"@type":"WebPage","@id":"https:\/\/elhijodelllanero.mx\/index.php\/2026\/04\/13\/rumbo-a-orlando-celaya-va-por-otro-oro\/","url":"https:\/\/elhijodelllanero.mx\/index.php\/2026\/04\/13\/rumbo-a-orlando-celaya-va-por-otro-oro\/","name":"Rumbo a Orlando: Celaya va por otro oro. - El Hijo del llanero solititito","isPartOf":{"@id":"https:\/\/elhijodelllanero.mx\/#website"},"primaryImageOfPage":{"@id":"https:\/\/elhijodelllanero.mx\/index.php\/2026\/04\/13\/rumbo-a-orlando-celaya-va-por-otro-oro\/#primaryimage"},"image":{"@id":"https:\/\/elhijodelllanero.mx\/index.php\/2026\/04\/13\/rumbo-a-orlando-celaya-va-por-otro-oro\/#primaryimage"},"thumbnailUrl":"https:\/\/i0.wp.com\/elhijodelllanero.mx\/wp-content\/uploads\/2026\/04\/20260413_171318-COLLAGE-scaled.jpg?fit=2560%2C2560&ssl=1","datePublished":"2026-04-13T23:13:55+00:00","author":{"@id":"https:\/\/elhijodelllanero.mx\/#\/schema\/person\/c7f8c86c55c1eab44ae2b93a9628245f"},"breadcrumb":{"@id":"https:\/\/elhijodelllanero.mx\/index.php\/2026\/04\/13\/rumbo-a-orlando-celaya-va-por-otro-oro\/#breadcrumb"},"inLanguage":"es","potentialAction":[{"@type":"ReadAction","target":["https:\/\/elhijodelllanero.mx\/index.php\/2026\/04\/13\/rumbo-a-orlando-celaya-va-por-otro-oro\/"]}]},{"@type":"ImageObject","inLanguage":"es","@id":"https:\/\/elhijodelllanero.mx\/index.php\/2026\/04\/13\/rumbo-a-orlando-celaya-va-por-otro-oro\/#primaryimage","url":"https:\/\/i0.wp.com\/elhijodelllanero.mx\/wp-content\/uploads\/2026\/04\/20260413_171318-COLLAGE-scaled.jpg?fit=2560%2C2560&ssl=1","contentUrl":"https:\/\/i0.wp.com\/elhijodelllanero.mx\/wp-content\/uploads\/2026\/04\/20260413_171318-COLLAGE-scaled.jpg?fit=2560%2C2560&ssl=1","width":2560,"height":2560},{"@type":"BreadcrumbList","@id":"https:\/\/elhijodelllanero.mx\/index.php\/2026\/04\/13\/rumbo-a-orlando-celaya-va-por-otro-oro\/#breadcrumb","itemListElement":[{"@type":"ListItem","position":1,"name":"Portada","item":"https:\/\/elhijodelllanero.mx\/"},{"@type":"ListItem","position":2,"name":"Rumbo a Orlando: Celaya va por otro oro."}]},{"@type":"WebSite","@id":"https:\/\/elhijodelllanero.mx\/#website","url":"https:\/\/elhijodelllanero.mx\/","name":"El Hijo del llanero solititito","description":"","potentialAction":[{"@type":"SearchAction","target":{"@type":"EntryPoint","urlTemplate":"https:\/\/elhijodelllanero.mx\/?s={search_term_string}"},"query-input":{"@type":"PropertyValueSpecification","valueRequired":true,"valueName":"search_term_string"}}],"inLanguage":"es"},{"@type":"Person","@id":"https:\/\/elhijodelllanero.mx\/#\/schema\/person\/c7f8c86c55c1eab44ae2b93a9628245f","name":"Mar\u00eda de la Paz Rodarte Ram\u00edrez","image":{"@type":"ImageObject","inLanguage":"es","@id":"https:\/\/secure.gravatar.com\/avatar\/1f38f8518b09a266af73da2bce78d69e7d1275299970134ed62f572e0487e1d0?s=96&d=mm&r=g","url":"https:\/\/secure.gravatar.com\/avatar\/1f38f8518b09a266af73da2bce78d69e7d1275299970134ed62f572e0487e1d0?s=96&d=mm&r=g","contentUrl":"https:\/\/secure.gravatar.com\/avatar\/1f38f8518b09a266af73da2bce78d69e7d1275299970134ed62f572e0487e1d0?s=96&d=mm&r=g","caption":"Mar\u00eda de la Paz Rodarte Ram\u00edrez"},"sameAs":["https:\/\/www.elhijodelllanero.mx"],"url":"https:\/\/elhijodelllanero.mx\/index.php\/author\/maricuas\/"}]}},"jetpack_featured_media_url":"https:\/\/i0.wp.com\/elhijodelllanero.mx\/wp-content\/uploads\/2026\/04\/20260413_171318-COLLAGE-scaled.jpg?fit=2560%2C2560&ssl=1","jetpack-related-posts":[],"jetpack_sharing_enabled":true,"_links":{"self":[{"href":"https:\/\/elhijodelllanero.mx\/index.php\/wp-json\/wp\/v2\/posts\/13793","targetHints":{"allow":["GET"]}}],"collection":[{"href":"https:\/\/elhijodelllanero.mx\/index.php\/wp-json\/wp\/v2\/posts"}],"about":[{"href":"https:\/\/elhijodelllanero.mx\/index.php\/wp-json\/wp\/v2\/types\/post"}],"author":[{"embeddable":true,"href":"https:\/\/elhijodelllanero.mx\/index.php\/wp-json\/wp\/v2\/users\/3"}],"replies":[{"embeddable":true,"href":"https:\/\/elhijodelllanero.mx\/index.php\/wp-json\/wp\/v2\/comments?post=13793"}],"version-history":[{"count":1,"href":"https:\/\/elhijodelllanero.mx\/index.php\/wp-json\/wp\/v2\/posts\/13793\/revisions"}],"predecessor-version":[{"id":13795,"href":"https:\/\/elhijodelllanero.mx\/index.php\/wp-json\/wp\/v2\/posts\/13793\/revisions\/13795"}],"wp:featuredmedia":[{"embeddable":true,"href":"https:\/\/elhijodelllanero.mx\/index.php\/wp-json\/wp\/v2\/media\/13794"}],"wp:attachment":[{"href":"https:\/\/elhijodelllanero.mx\/index.php\/wp-json\/wp\/v2\/media?parent=13793"}],"wp:term":[{"taxonomy":"category","embeddable":true,"href":"https:\/\/elhijodelllanero.mx\/index.php\/wp-json\/wp\/v2\/categories?post=13793"},{"taxonomy":"post_tag","embeddable":true,"href":"https:\/\/elhijodelllanero.mx\/index.php\/wp-json\/wp\/v2\/tags?post=13793"}],"curies":[{"name":"wp","href":"https:\/\/api.w.org\/{rel}","templated":true}]}}