{"id":13796,"date":"2026-04-13T19:10:49","date_gmt":"2026-04-14T01:10:49","guid":{"rendered":"https:\/\/elhijodelllanero.mx\/?p=13796"},"modified":"2026-04-13T19:10:49","modified_gmt":"2026-04-14T01:10:49","slug":"productores-protestan-en-acambaro-contra-acueducto-solis-leon","status":"publish","type":"post","link":"https:\/\/elhijodelllanero.mx\/index.php\/2026\/04\/13\/productores-protestan-en-acambaro-contra-acueducto-solis-leon\/","title":{"rendered":"Productores protestan en Ac\u00e1mbaro contra acueducto Sol\u00eds-Le\u00f3n."},"content":{"rendered":"<p>Ac\u00e1mbaro, Gto. 13 de abril del 2026.-Productores agr\u00edcolas y usuarios del m\u00f3dulo de riego del Distrito 11, de los municipios de Ac\u00e1mbaro y Tarandacuao, realizaron una manifestaci\u00f3n en contra del proyecto del acueducto Sol\u00eds-Le\u00f3n, recorriendo diversas calles del municipio.<\/p>\n<p>La movilizaci\u00f3n se llev\u00f3 a cabo con la participaci\u00f3n de campesinos a bordo de tractores, a caballo y tambi\u00e9n a pie, quienes portaban pancartas para expresar su preocupaci\u00f3n por las posibles afectaciones al abastecimiento de agua en la regi\u00f3n.<\/p>\n<p>Entre los principales se\u00f1alamientos, advirtieron sobre un eventual impacto en la disponibilidad del recurso h\u00eddrico para el campo, lo que podr\u00eda traducirse en afectaciones directas a la producci\u00f3n agr\u00edcola.<\/p>\n<p>El proyecto, impulsado por autoridades estatales y federales, se mantiene actualmente detenido. Incluso, a inicios de este a\u00f1o fue retirada maquinaria que ya se encontraba en la zona.<\/p>\n<p>Aunque el gobierno estatal ha sostenido mesas de di\u00e1logo con los productores para socializar la obra, la postura de rechazo se ha mantenido firme, al considerar que podr\u00eda comprometer el acceso al agua que utilizan para sus actividades. Hasta el momento, no hay una fecha definida para la posible reactivaci\u00f3n del proyecto.<\/p>\n","protected":false},"excerpt":{"rendered":"<p>Ac\u00e1mbaro, Gto. 13 de abril del 2026.-Productores agr\u00edcolas y usuarios del m\u00f3dulo de riego del Distrito 11, de los municipios de Ac\u00e1mbaro y Tarandacuao, realizaron una manifestaci\u00f3n en contra del proyecto del acueducto Sol\u00eds-Le\u00f3n, recorriendo diversas calles del municipio. La movilizaci\u00f3n se llev\u00f3 a cabo con la participaci\u00f3n de campesinos a bordo de tractores, a [&hellip;]<\/p>\n","protected":false},"author":3,"featured_media":13797,"comment_status":"open","ping_status":"closed","sticky":false,"template":"","format":"standard","meta":{"_jetpack_newsletter_access":"","_jetpack_dont_email_post_to_subs":false,"_jetpack_newsletter_tier_id":0,"_jetpack_memberships_contains_paywalled_content":false,"_jetpack_memberships_contains_paid_content":false,"footnotes":""},"categories":[38],"tags":[],"class_list":{"0":"post-13796","1":"post","2":"type-post","3":"status-publish","4":"format-standard","5":"has-post-thumbnail","7":"category-estado"},"yoast_head":"<!-- This site is optimized with the Yoast SEO plugin v27.3 - https:\/\/yoast.com\/product\/yoast-seo-wordpress\/ -->\n<title>Productores protestan en Ac\u00e1mbaro contra acueducto Sol\u00eds-Le\u00f3n. - El Hijo del llanero solititito<\/title>\n<meta name=\"robots\" content=\"index, follow, max-snippet:-1, max-image-preview:large, max-video-preview:-1\" \/>\n<link rel=\"canonical\" href=\"https:\/\/elhijodelllanero.mx\/index.php\/2026\/04\/13\/productores-protestan-en-acambaro-contra-acueducto-solis-leon\/\" \/>\n<meta property=\"og:locale\" content=\"es_ES\" \/>\n<meta property=\"og:type\" content=\"article\" \/>\n<meta property=\"og:title\" content=\"Productores protestan en Ac\u00e1mbaro contra acueducto Sol\u00eds-Le\u00f3n. - El Hijo del llanero solititito\" \/>\n<meta property=\"og:description\" content=\"Ac\u00e1mbaro, Gto. 13 de abril del 2026.-Productores agr\u00edcolas y usuarios del m\u00f3dulo de riego del Distrito 11, de los municipios de Ac\u00e1mbaro y Tarandacuao, realizaron una manifestaci\u00f3n en contra del proyecto del acueducto Sol\u00eds-Le\u00f3n, recorriendo diversas calles del municipio. La movilizaci\u00f3n se llev\u00f3 a cabo con la participaci\u00f3n de campesinos a bordo de tractores, a [&hellip;]\" \/>\n<meta property=\"og:url\" content=\"https:\/\/elhijodelllanero.mx\/index.php\/2026\/04\/13\/productores-protestan-en-acambaro-contra-acueducto-solis-leon\/\" \/>\n<meta property=\"og:site_name\" content=\"El Hijo del llanero solititito\" \/>\n<meta property=\"article:published_time\" content=\"2026-04-14T01:10:49+00:00\" \/>\n<meta property=\"og:image\" content=\"https:\/\/elhijodelllanero.mx\/wp-content\/uploads\/2026\/04\/IMG-20260413-WA0012.jpg\" \/>\n\t<meta property=\"og:image:width\" content=\"1600\" \/>\n\t<meta property=\"og:image:height\" content=\"901\" \/>\n\t<meta property=\"og:image:type\" content=\"image\/jpeg\" \/>\n<meta name=\"author\" content=\"Mar\u00eda de la Paz Rodarte Ram\u00edrez\" \/>\n<meta name=\"twitter:card\" content=\"summary_large_image\" \/>\n<meta name=\"twitter:label1\" content=\"Escrito por\" \/>\n\t<meta name=\"twitter:data1\" content=\"Mar\u00eda de la Paz Rodarte Ram\u00edrez\" \/>\n\t<meta name=\"twitter:label2\" content=\"Tiempo de lectura\" \/>\n\t<meta name=\"twitter:data2\" content=\"1 minuto\" \/>\n<script type=\"application\/ld+json\" class=\"yoast-schema-graph\">{\"@context\":\"https:\\\/\\\/schema.org\",\"@graph\":[{\"@type\":\"Article\",\"@id\":\"https:\\\/\\\/elhijodelllanero.mx\\\/index.php\\\/2026\\\/04\\\/13\\\/productores-protestan-en-acambaro-contra-acueducto-solis-leon\\\/#article\",\"isPartOf\":{\"@id\":\"https:\\\/\\\/elhijodelllanero.mx\\\/index.php\\\/2026\\\/04\\\/13\\\/productores-protestan-en-acambaro-contra-acueducto-solis-leon\\\/\"},\"author\":{\"name\":\"Mar\u00eda de la Paz Rodarte Ram\u00edrez\",\"@id\":\"https:\\\/\\\/elhijodelllanero.mx\\\/#\\\/schema\\\/person\\\/c7f8c86c55c1eab44ae2b93a9628245f\"},\"headline\":\"Productores protestan en Ac\u00e1mbaro contra acueducto Sol\u00eds-Le\u00f3n.\",\"datePublished\":\"2026-04-14T01:10:49+00:00\",\"mainEntityOfPage\":{\"@id\":\"https:\\\/\\\/elhijodelllanero.mx\\\/index.php\\\/2026\\\/04\\\/13\\\/productores-protestan-en-acambaro-contra-acueducto-solis-leon\\\/\"},\"wordCount\":216,\"commentCount\":0,\"image\":{\"@id\":\"https:\\\/\\\/elhijodelllanero.mx\\\/index.php\\\/2026\\\/04\\\/13\\\/productores-protestan-en-acambaro-contra-acueducto-solis-leon\\\/#primaryimage\"},\"thumbnailUrl\":\"https:\\\/\\\/i0.wp.com\\\/elhijodelllanero.mx\\\/wp-content\\\/uploads\\\/2026\\\/04\\\/IMG-20260413-WA0012.jpg?fit=1600%2C901&ssl=1\",\"articleSection\":[\"ESTADO\"],\"inLanguage\":\"es\",\"potentialAction\":[{\"@type\":\"CommentAction\",\"name\":\"Comment\",\"target\":[\"https:\\\/\\\/elhijodelllanero.mx\\\/index.php\\\/2026\\\/04\\\/13\\\/productores-protestan-en-acambaro-contra-acueducto-solis-leon\\\/#respond\"]}]},{\"@type\":\"WebPage\",\"@id\":\"https:\\\/\\\/elhijodelllanero.mx\\\/index.php\\\/2026\\\/04\\\/13\\\/productores-protestan-en-acambaro-contra-acueducto-solis-leon\\\/\",\"url\":\"https:\\\/\\\/elhijodelllanero.mx\\\/index.php\\\/2026\\\/04\\\/13\\\/productores-protestan-en-acambaro-contra-acueducto-solis-leon\\\/\",\"name\":\"Productores protestan en Ac\u00e1mbaro contra acueducto Sol\u00eds-Le\u00f3n. - El Hijo del llanero solititito\",\"isPartOf\":{\"@id\":\"https:\\\/\\\/elhijodelllanero.mx\\\/#website\"},\"primaryImageOfPage\":{\"@id\":\"https:\\\/\\\/elhijodelllanero.mx\\\/index.php\\\/2026\\\/04\\\/13\\\/productores-protestan-en-acambaro-contra-acueducto-solis-leon\\\/#primaryimage\"},\"image\":{\"@id\":\"https:\\\/\\\/elhijodelllanero.mx\\\/index.php\\\/2026\\\/04\\\/13\\\/productores-protestan-en-acambaro-contra-acueducto-solis-leon\\\/#primaryimage\"},\"thumbnailUrl\":\"https:\\\/\\\/i0.wp.com\\\/elhijodelllanero.mx\\\/wp-content\\\/uploads\\\/2026\\\/04\\\/IMG-20260413-WA0012.jpg?fit=1600%2C901&ssl=1\",\"datePublished\":\"2026-04-14T01:10:49+00:00\",\"author\":{\"@id\":\"https:\\\/\\\/elhijodelllanero.mx\\\/#\\\/schema\\\/person\\\/c7f8c86c55c1eab44ae2b93a9628245f\"},\"breadcrumb\":{\"@id\":\"https:\\\/\\\/elhijodelllanero.mx\\\/index.php\\\/2026\\\/04\\\/13\\\/productores-protestan-en-acambaro-contra-acueducto-solis-leon\\\/#breadcrumb\"},\"inLanguage\":\"es\",\"potentialAction\":[{\"@type\":\"ReadAction\",\"target\":[\"https:\\\/\\\/elhijodelllanero.mx\\\/index.php\\\/2026\\\/04\\\/13\\\/productores-protestan-en-acambaro-contra-acueducto-solis-leon\\\/\"]}]},{\"@type\":\"ImageObject\",\"inLanguage\":\"es\",\"@id\":\"https:\\\/\\\/elhijodelllanero.mx\\\/index.php\\\/2026\\\/04\\\/13\\\/productores-protestan-en-acambaro-contra-acueducto-solis-leon\\\/#primaryimage\",\"url\":\"https:\\\/\\\/i0.wp.com\\\/elhijodelllanero.mx\\\/wp-content\\\/uploads\\\/2026\\\/04\\\/IMG-20260413-WA0012.jpg?fit=1600%2C901&ssl=1\",\"contentUrl\":\"https:\\\/\\\/i0.wp.com\\\/elhijodelllanero.mx\\\/wp-content\\\/uploads\\\/2026\\\/04\\\/IMG-20260413-WA0012.jpg?fit=1600%2C901&ssl=1\",\"width\":1600,\"height\":901},{\"@type\":\"BreadcrumbList\",\"@id\":\"https:\\\/\\\/elhijodelllanero.mx\\\/index.php\\\/2026\\\/04\\\/13\\\/productores-protestan-en-acambaro-contra-acueducto-solis-leon\\\/#breadcrumb\",\"itemListElement\":[{\"@type\":\"ListItem\",\"position\":1,\"name\":\"Portada\",\"item\":\"https:\\\/\\\/elhijodelllanero.mx\\\/\"},{\"@type\":\"ListItem\",\"position\":2,\"name\":\"Productores protestan en Ac\u00e1mbaro contra acueducto Sol\u00eds-Le\u00f3n.\"}]},{\"@type\":\"WebSite\",\"@id\":\"https:\\\/\\\/elhijodelllanero.mx\\\/#website\",\"url\":\"https:\\\/\\\/elhijodelllanero.mx\\\/\",\"name\":\"El Hijo del llanero solititito\",\"description\":\"\",\"potentialAction\":[{\"@type\":\"SearchAction\",\"target\":{\"@type\":\"EntryPoint\",\"urlTemplate\":\"https:\\\/\\\/elhijodelllanero.mx\\\/?s={search_term_string}\"},\"query-input\":{\"@type\":\"PropertyValueSpecification\",\"valueRequired\":true,\"valueName\":\"search_term_string\"}}],\"inLanguage\":\"es\"},{\"@type\":\"Person\",\"@id\":\"https:\\\/\\\/elhijodelllanero.mx\\\/#\\\/schema\\\/person\\\/c7f8c86c55c1eab44ae2b93a9628245f\",\"name\":\"Mar\u00eda de la Paz Rodarte Ram\u00edrez\",\"image\":{\"@type\":\"ImageObject\",\"inLanguage\":\"es\",\"@id\":\"https:\\\/\\\/secure.gravatar.com\\\/avatar\\\/1f38f8518b09a266af73da2bce78d69e7d1275299970134ed62f572e0487e1d0?s=96&d=mm&r=g\",\"url\":\"https:\\\/\\\/secure.gravatar.com\\\/avatar\\\/1f38f8518b09a266af73da2bce78d69e7d1275299970134ed62f572e0487e1d0?s=96&d=mm&r=g\",\"contentUrl\":\"https:\\\/\\\/secure.gravatar.com\\\/avatar\\\/1f38f8518b09a266af73da2bce78d69e7d1275299970134ed62f572e0487e1d0?s=96&d=mm&r=g\",\"caption\":\"Mar\u00eda de la Paz Rodarte Ram\u00edrez\"},\"sameAs\":[\"https:\\\/\\\/www.elhijodelllanero.mx\"],\"url\":\"https:\\\/\\\/elhijodelllanero.mx\\\/index.php\\\/author\\\/maricuas\\\/\"}]}<\/script>\n<!-- \/ Yoast SEO plugin. -->","yoast_head_json":{"title":"Productores protestan en Ac\u00e1mbaro contra acueducto Sol\u00eds-Le\u00f3n. - El Hijo del llanero solititito","robots":{"index":"index","follow":"follow","max-snippet":"max-snippet:-1","max-image-preview":"max-image-preview:large","max-video-preview":"max-video-preview:-1"},"canonical":"https:\/\/elhijodelllanero.mx\/index.php\/2026\/04\/13\/productores-protestan-en-acambaro-contra-acueducto-solis-leon\/","og_locale":"es_ES","og_type":"article","og_title":"Productores protestan en Ac\u00e1mbaro contra acueducto Sol\u00eds-Le\u00f3n. - El Hijo del llanero solititito","og_description":"Ac\u00e1mbaro, Gto. 13 de abril del 2026.-Productores agr\u00edcolas y usuarios del m\u00f3dulo de riego del Distrito 11, de los municipios de Ac\u00e1mbaro y Tarandacuao, realizaron una manifestaci\u00f3n en contra del proyecto del acueducto Sol\u00eds-Le\u00f3n, recorriendo diversas calles del municipio. La movilizaci\u00f3n se llev\u00f3 a cabo con la participaci\u00f3n de campesinos a bordo de tractores, a [&hellip;]","og_url":"https:\/\/elhijodelllanero.mx\/index.php\/2026\/04\/13\/productores-protestan-en-acambaro-contra-acueducto-solis-leon\/","og_site_name":"El Hijo del llanero solititito","article_published_time":"2026-04-14T01:10:49+00:00","og_image":[{"width":1600,"height":901,"url":"https:\/\/elhijodelllanero.mx\/wp-content\/uploads\/2026\/04\/IMG-20260413-WA0012.jpg","type":"image\/jpeg"}],"author":"Mar\u00eda de la Paz Rodarte Ram\u00edrez","twitter_card":"summary_large_image","twitter_misc":{"Escrito por":"Mar\u00eda de la Paz Rodarte Ram\u00edrez","Tiempo de lectura":"1 minuto"},"schema":{"@context":"https:\/\/schema.org","@graph":[{"@type":"Article","@id":"https:\/\/elhijodelllanero.mx\/index.php\/2026\/04\/13\/productores-protestan-en-acambaro-contra-acueducto-solis-leon\/#article","isPartOf":{"@id":"https:\/\/elhijodelllanero.mx\/index.php\/2026\/04\/13\/productores-protestan-en-acambaro-contra-acueducto-solis-leon\/"},"author":{"name":"Mar\u00eda de la Paz Rodarte Ram\u00edrez","@id":"https:\/\/elhijodelllanero.mx\/#\/schema\/person\/c7f8c86c55c1eab44ae2b93a9628245f"},"headline":"Productores protestan en Ac\u00e1mbaro contra acueducto Sol\u00eds-Le\u00f3n.","datePublished":"2026-04-14T01:10:49+00:00","mainEntityOfPage":{"@id":"https:\/\/elhijodelllanero.mx\/index.php\/2026\/04\/13\/productores-protestan-en-acambaro-contra-acueducto-solis-leon\/"},"wordCount":216,"commentCount":0,"image":{"@id":"https:\/\/elhijodelllanero.mx\/index.php\/2026\/04\/13\/productores-protestan-en-acambaro-contra-acueducto-solis-leon\/#primaryimage"},"thumbnailUrl":"https:\/\/i0.wp.com\/elhijodelllanero.mx\/wp-content\/uploads\/2026\/04\/IMG-20260413-WA0012.jpg?fit=1600%2C901&ssl=1","articleSection":["ESTADO"],"inLanguage":"es","potentialAction":[{"@type":"CommentAction","name":"Comment","target":["https:\/\/elhijodelllanero.mx\/index.php\/2026\/04\/13\/productores-protestan-en-acambaro-contra-acueducto-solis-leon\/#respond"]}]},{"@type":"WebPage","@id":"https:\/\/elhijodelllanero.mx\/index.php\/2026\/04\/13\/productores-protestan-en-acambaro-contra-acueducto-solis-leon\/","url":"https:\/\/elhijodelllanero.mx\/index.php\/2026\/04\/13\/productores-protestan-en-acambaro-contra-acueducto-solis-leon\/","name":"Productores protestan en Ac\u00e1mbaro contra acueducto Sol\u00eds-Le\u00f3n. - El Hijo del llanero solititito","isPartOf":{"@id":"https:\/\/elhijodelllanero.mx\/#website"},"primaryImageOfPage":{"@id":"https:\/\/elhijodelllanero.mx\/index.php\/2026\/04\/13\/productores-protestan-en-acambaro-contra-acueducto-solis-leon\/#primaryimage"},"image":{"@id":"https:\/\/elhijodelllanero.mx\/index.php\/2026\/04\/13\/productores-protestan-en-acambaro-contra-acueducto-solis-leon\/#primaryimage"},"thumbnailUrl":"https:\/\/i0.wp.com\/elhijodelllanero.mx\/wp-content\/uploads\/2026\/04\/IMG-20260413-WA0012.jpg?fit=1600%2C901&ssl=1","datePublished":"2026-04-14T01:10:49+00:00","author":{"@id":"https:\/\/elhijodelllanero.mx\/#\/schema\/person\/c7f8c86c55c1eab44ae2b93a9628245f"},"breadcrumb":{"@id":"https:\/\/elhijodelllanero.mx\/index.php\/2026\/04\/13\/productores-protestan-en-acambaro-contra-acueducto-solis-leon\/#breadcrumb"},"inLanguage":"es","potentialAction":[{"@type":"ReadAction","target":["https:\/\/elhijodelllanero.mx\/index.php\/2026\/04\/13\/productores-protestan-en-acambaro-contra-acueducto-solis-leon\/"]}]},{"@type":"ImageObject","inLanguage":"es","@id":"https:\/\/elhijodelllanero.mx\/index.php\/2026\/04\/13\/productores-protestan-en-acambaro-contra-acueducto-solis-leon\/#primaryimage","url":"https:\/\/i0.wp.com\/elhijodelllanero.mx\/wp-content\/uploads\/2026\/04\/IMG-20260413-WA0012.jpg?fit=1600%2C901&ssl=1","contentUrl":"https:\/\/i0.wp.com\/elhijodelllanero.mx\/wp-content\/uploads\/2026\/04\/IMG-20260413-WA0012.jpg?fit=1600%2C901&ssl=1","width":1600,"height":901},{"@type":"BreadcrumbList","@id":"https:\/\/elhijodelllanero.mx\/index.php\/2026\/04\/13\/productores-protestan-en-acambaro-contra-acueducto-solis-leon\/#breadcrumb","itemListElement":[{"@type":"ListItem","position":1,"name":"Portada","item":"https:\/\/elhijodelllanero.mx\/"},{"@type":"ListItem","position":2,"name":"Productores protestan en Ac\u00e1mbaro contra acueducto Sol\u00eds-Le\u00f3n."}]},{"@type":"WebSite","@id":"https:\/\/elhijodelllanero.mx\/#website","url":"https:\/\/elhijodelllanero.mx\/","name":"El Hijo del llanero solititito","description":"","potentialAction":[{"@type":"SearchAction","target":{"@type":"EntryPoint","urlTemplate":"https:\/\/elhijodelllanero.mx\/?s={search_term_string}"},"query-input":{"@type":"PropertyValueSpecification","valueRequired":true,"valueName":"search_term_string"}}],"inLanguage":"es"},{"@type":"Person","@id":"https:\/\/elhijodelllanero.mx\/#\/schema\/person\/c7f8c86c55c1eab44ae2b93a9628245f","name":"Mar\u00eda de la Paz Rodarte Ram\u00edrez","image":{"@type":"ImageObject","inLanguage":"es","@id":"https:\/\/secure.gravatar.com\/avatar\/1f38f8518b09a266af73da2bce78d69e7d1275299970134ed62f572e0487e1d0?s=96&d=mm&r=g","url":"https:\/\/secure.gravatar.com\/avatar\/1f38f8518b09a266af73da2bce78d69e7d1275299970134ed62f572e0487e1d0?s=96&d=mm&r=g","contentUrl":"https:\/\/secure.gravatar.com\/avatar\/1f38f8518b09a266af73da2bce78d69e7d1275299970134ed62f572e0487e1d0?s=96&d=mm&r=g","caption":"Mar\u00eda de la Paz Rodarte Ram\u00edrez"},"sameAs":["https:\/\/www.elhijodelllanero.mx"],"url":"https:\/\/elhijodelllanero.mx\/index.php\/author\/maricuas\/"}]}},"jetpack_featured_media_url":"https:\/\/i0.wp.com\/elhijodelllanero.mx\/wp-content\/uploads\/2026\/04\/IMG-20260413-WA0012.jpg?fit=1600%2C901&ssl=1","jetpack-related-posts":[],"jetpack_sharing_enabled":true,"_links":{"self":[{"href":"https:\/\/elhijodelllanero.mx\/index.php\/wp-json\/wp\/v2\/posts\/13796","targetHints":{"allow":["GET"]}}],"collection":[{"href":"https:\/\/elhijodelllanero.mx\/index.php\/wp-json\/wp\/v2\/posts"}],"about":[{"href":"https:\/\/elhijodelllanero.mx\/index.php\/wp-json\/wp\/v2\/types\/post"}],"author":[{"embeddable":true,"href":"https:\/\/elhijodelllanero.mx\/index.php\/wp-json\/wp\/v2\/users\/3"}],"replies":[{"embeddable":true,"href":"https:\/\/elhijodelllanero.mx\/index.php\/wp-json\/wp\/v2\/comments?post=13796"}],"version-history":[{"count":1,"href":"https:\/\/elhijodelllanero.mx\/index.php\/wp-json\/wp\/v2\/posts\/13796\/revisions"}],"predecessor-version":[{"id":13798,"href":"https:\/\/elhijodelllanero.mx\/index.php\/wp-json\/wp\/v2\/posts\/13796\/revisions\/13798"}],"wp:featuredmedia":[{"embeddable":true,"href":"https:\/\/elhijodelllanero.mx\/index.php\/wp-json\/wp\/v2\/media\/13797"}],"wp:attachment":[{"href":"https:\/\/elhijodelllanero.mx\/index.php\/wp-json\/wp\/v2\/media?parent=13796"}],"wp:term":[{"taxonomy":"category","embeddable":true,"href":"https:\/\/elhijodelllanero.mx\/index.php\/wp-json\/wp\/v2\/categories?post=13796"},{"taxonomy":"post_tag","embeddable":true,"href":"https:\/\/elhijodelllanero.mx\/index.php\/wp-json\/wp\/v2\/tags?post=13796"}],"curies":[{"name":"wp","href":"https:\/\/api.w.org\/{rel}","templated":true}]}}