{"id":13805,"date":"2026-04-14T08:37:24","date_gmt":"2026-04-14T14:37:24","guid":{"rendered":"https:\/\/elhijodelllanero.mx\/?p=13805"},"modified":"2026-04-14T08:37:42","modified_gmt":"2026-04-14T14:37:42","slug":"alertan-por-salud-en-villagran-suben-embarazos-adolescentes-y-accidentes","status":"publish","type":"post","link":"https:\/\/elhijodelllanero.mx\/index.php\/2026\/04\/14\/alertan-por-salud-en-villagran-suben-embarazos-adolescentes-y-accidentes\/","title":{"rendered":"Alertan por salud en Villagr\u00e1n: suben embarazos adolescentes y accidentes."},"content":{"rendered":"<p>Villagr\u00e1n, Gto. 14 de abril del 2026.- M\u00e1s all\u00e1 de la foto oficial, una capacitaci\u00f3n del Comit\u00e9 Municipal de Salud dej\u00f3 claro el panorama: en Villagr\u00e1n los principales retos no son nuevos, pero s\u00ed van en aumento.<\/p>\n<p>Durante la jornada, en la que participaron autoridades municipales y personal del sector salud, se expusieron los problemas que m\u00e1s impactan a la poblaci\u00f3n: enfermedades respiratorias, infecciones urinarias y padecimientos gastrointestinales siguen siendo los m\u00e1s frecuentes.<\/p>\n<p>Sin embargo, los datos que m\u00e1s preocupan est\u00e1n en otros frentes. El municipio se mantiene entre los primeros lugares a nivel estatal en embarazos adolescentes, con casos incluso en menores de 15 a\u00f1os. Tan solo en lo que va del a\u00f1o ya se han detectado 62 embarazos, varios de ellos en zonas espec\u00edficas como la colonia 18 de Marzo y comunidades como Torrecillas, El Chinaco y Mexicanos.<\/p>\n<p>A esto se suma un problema que crece sin hacer mucho ruido: el 75.2% de la poblaci\u00f3n presenta sobrepeso u obesidad, lo que abre la puerta a enfermedades cardiometab\u00f3licas que, esas s\u00ed, no perdonan con el tiempo.<\/p>\n<p>En materia de accidentes, Villagr\u00e1n ocupa el noveno lugar estatal con 288 percances registrados, varios de ellos relacionados con exceso de velocidad y con un saldo que incluye personas hospitalizadas y fallecimientos.<\/p>\n<p>En contraste, uno de los pocos avances se reporta en la cobertura de vacunaci\u00f3n contra el sarampi\u00f3n, que alcanz\u00f3 m\u00e1s del 98% en escuelas de nivel b\u00e1sico, adem\u00e1s de acciones dirigidas a sectores con mayor riesgo de contagio.<\/p>\n<p>Tambi\u00e9n se record\u00f3 el brote de dengue registrado el a\u00f1o pasado, que oblig\u00f3 a implementar cercos sanitarios y fumigaciones en las zonas afectadas.<\/p>\n<p>El diagn\u00f3stico ya est\u00e1 sobre la mesa. El reto, como casi siempre, ser\u00e1 que estas cifras no se queden solo en una presentaci\u00f3n m\u00e1s y se traduzcan en acciones que realmente cambien la historia.<\/p>\n","protected":false},"excerpt":{"rendered":"<p>Villagr\u00e1n, Gto. 14 de abril del 2026.- M\u00e1s all\u00e1 de la foto oficial, una capacitaci\u00f3n del Comit\u00e9 Municipal de Salud dej\u00f3 claro el panorama: en Villagr\u00e1n los principales retos no son nuevos, pero s\u00ed van en aumento. Durante la jornada, en la que participaron autoridades municipales y personal del sector salud, se expusieron los problemas [&hellip;]<\/p>\n","protected":false},"author":3,"featured_media":0,"comment_status":"open","ping_status":"closed","sticky":false,"template":"","format":"standard","meta":{"_jetpack_newsletter_access":"","_jetpack_dont_email_post_to_subs":false,"_jetpack_newsletter_tier_id":0,"_jetpack_memberships_contains_paywalled_content":false,"_jetpack_memberships_contains_paid_content":false,"footnotes":""},"categories":[76,85],"tags":[],"class_list":{"0":"post-13805","1":"post","2":"type-post","3":"status-publish","4":"format-standard","6":"category-municipios","7":"category-villagran"},"yoast_head":"<!-- This site is optimized with the Yoast SEO plugin v27.3 - https:\/\/yoast.com\/product\/yoast-seo-wordpress\/ -->\n<title>Alertan por salud en Villagr\u00e1n: suben embarazos adolescentes y accidentes. - El Hijo del llanero solititito<\/title>\n<meta name=\"robots\" content=\"index, follow, max-snippet:-1, max-image-preview:large, max-video-preview:-1\" \/>\n<link rel=\"canonical\" href=\"https:\/\/elhijodelllanero.mx\/index.php\/2026\/04\/14\/alertan-por-salud-en-villagran-suben-embarazos-adolescentes-y-accidentes\/\" \/>\n<meta property=\"og:locale\" content=\"es_ES\" \/>\n<meta property=\"og:type\" content=\"article\" \/>\n<meta property=\"og:title\" content=\"Alertan por salud en Villagr\u00e1n: suben embarazos adolescentes y accidentes. - El Hijo del llanero solititito\" \/>\n<meta property=\"og:description\" content=\"Villagr\u00e1n, Gto. 14 de abril del 2026.- M\u00e1s all\u00e1 de la foto oficial, una capacitaci\u00f3n del Comit\u00e9 Municipal de Salud dej\u00f3 claro el panorama: en Villagr\u00e1n los principales retos no son nuevos, pero s\u00ed van en aumento. Durante la jornada, en la que participaron autoridades municipales y personal del sector salud, se expusieron los problemas [&hellip;]\" \/>\n<meta property=\"og:url\" content=\"https:\/\/elhijodelllanero.mx\/index.php\/2026\/04\/14\/alertan-por-salud-en-villagran-suben-embarazos-adolescentes-y-accidentes\/\" \/>\n<meta property=\"og:site_name\" content=\"El Hijo del llanero solititito\" \/>\n<meta property=\"article:published_time\" content=\"2026-04-14T14:37:24+00:00\" \/>\n<meta property=\"article:modified_time\" content=\"2026-04-14T14:37:42+00:00\" \/>\n<meta name=\"author\" content=\"Mar\u00eda de la Paz Rodarte Ram\u00edrez\" \/>\n<meta name=\"twitter:card\" content=\"summary_large_image\" \/>\n<meta name=\"twitter:label1\" content=\"Escrito por\" \/>\n\t<meta name=\"twitter:data1\" content=\"Mar\u00eda de la Paz Rodarte Ram\u00edrez\" \/>\n\t<meta name=\"twitter:label2\" content=\"Tiempo de lectura\" \/>\n\t<meta name=\"twitter:data2\" content=\"2 minutos\" \/>\n<script type=\"application\/ld+json\" class=\"yoast-schema-graph\">{\"@context\":\"https:\\\/\\\/schema.org\",\"@graph\":[{\"@type\":\"Article\",\"@id\":\"https:\\\/\\\/elhijodelllanero.mx\\\/index.php\\\/2026\\\/04\\\/14\\\/alertan-por-salud-en-villagran-suben-embarazos-adolescentes-y-accidentes\\\/#article\",\"isPartOf\":{\"@id\":\"https:\\\/\\\/elhijodelllanero.mx\\\/index.php\\\/2026\\\/04\\\/14\\\/alertan-por-salud-en-villagran-suben-embarazos-adolescentes-y-accidentes\\\/\"},\"author\":{\"name\":\"Mar\u00eda de la Paz Rodarte Ram\u00edrez\",\"@id\":\"https:\\\/\\\/elhijodelllanero.mx\\\/#\\\/schema\\\/person\\\/c7f8c86c55c1eab44ae2b93a9628245f\"},\"headline\":\"Alertan por salud en Villagr\u00e1n: suben embarazos adolescentes y accidentes.\",\"datePublished\":\"2026-04-14T14:37:24+00:00\",\"dateModified\":\"2026-04-14T14:37:42+00:00\",\"mainEntityOfPage\":{\"@id\":\"https:\\\/\\\/elhijodelllanero.mx\\\/index.php\\\/2026\\\/04\\\/14\\\/alertan-por-salud-en-villagran-suben-embarazos-adolescentes-y-accidentes\\\/\"},\"wordCount\":333,\"commentCount\":0,\"articleSection\":[\"MUNICIPIOS\",\"Villagr\u00e1n\"],\"inLanguage\":\"es\",\"potentialAction\":[{\"@type\":\"CommentAction\",\"name\":\"Comment\",\"target\":[\"https:\\\/\\\/elhijodelllanero.mx\\\/index.php\\\/2026\\\/04\\\/14\\\/alertan-por-salud-en-villagran-suben-embarazos-adolescentes-y-accidentes\\\/#respond\"]}]},{\"@type\":\"WebPage\",\"@id\":\"https:\\\/\\\/elhijodelllanero.mx\\\/index.php\\\/2026\\\/04\\\/14\\\/alertan-por-salud-en-villagran-suben-embarazos-adolescentes-y-accidentes\\\/\",\"url\":\"https:\\\/\\\/elhijodelllanero.mx\\\/index.php\\\/2026\\\/04\\\/14\\\/alertan-por-salud-en-villagran-suben-embarazos-adolescentes-y-accidentes\\\/\",\"name\":\"Alertan por salud en Villagr\u00e1n: suben embarazos adolescentes y accidentes. - El Hijo del llanero solititito\",\"isPartOf\":{\"@id\":\"https:\\\/\\\/elhijodelllanero.mx\\\/#website\"},\"datePublished\":\"2026-04-14T14:37:24+00:00\",\"dateModified\":\"2026-04-14T14:37:42+00:00\",\"author\":{\"@id\":\"https:\\\/\\\/elhijodelllanero.mx\\\/#\\\/schema\\\/person\\\/c7f8c86c55c1eab44ae2b93a9628245f\"},\"breadcrumb\":{\"@id\":\"https:\\\/\\\/elhijodelllanero.mx\\\/index.php\\\/2026\\\/04\\\/14\\\/alertan-por-salud-en-villagran-suben-embarazos-adolescentes-y-accidentes\\\/#breadcrumb\"},\"inLanguage\":\"es\",\"potentialAction\":[{\"@type\":\"ReadAction\",\"target\":[\"https:\\\/\\\/elhijodelllanero.mx\\\/index.php\\\/2026\\\/04\\\/14\\\/alertan-por-salud-en-villagran-suben-embarazos-adolescentes-y-accidentes\\\/\"]}]},{\"@type\":\"BreadcrumbList\",\"@id\":\"https:\\\/\\\/elhijodelllanero.mx\\\/index.php\\\/2026\\\/04\\\/14\\\/alertan-por-salud-en-villagran-suben-embarazos-adolescentes-y-accidentes\\\/#breadcrumb\",\"itemListElement\":[{\"@type\":\"ListItem\",\"position\":1,\"name\":\"Portada\",\"item\":\"https:\\\/\\\/elhijodelllanero.mx\\\/\"},{\"@type\":\"ListItem\",\"position\":2,\"name\":\"Alertan por salud en Villagr\u00e1n: suben embarazos adolescentes y accidentes.\"}]},{\"@type\":\"WebSite\",\"@id\":\"https:\\\/\\\/elhijodelllanero.mx\\\/#website\",\"url\":\"https:\\\/\\\/elhijodelllanero.mx\\\/\",\"name\":\"El Hijo del llanero solititito\",\"description\":\"\",\"potentialAction\":[{\"@type\":\"SearchAction\",\"target\":{\"@type\":\"EntryPoint\",\"urlTemplate\":\"https:\\\/\\\/elhijodelllanero.mx\\\/?s={search_term_string}\"},\"query-input\":{\"@type\":\"PropertyValueSpecification\",\"valueRequired\":true,\"valueName\":\"search_term_string\"}}],\"inLanguage\":\"es\"},{\"@type\":\"Person\",\"@id\":\"https:\\\/\\\/elhijodelllanero.mx\\\/#\\\/schema\\\/person\\\/c7f8c86c55c1eab44ae2b93a9628245f\",\"name\":\"Mar\u00eda de la Paz Rodarte Ram\u00edrez\",\"image\":{\"@type\":\"ImageObject\",\"inLanguage\":\"es\",\"@id\":\"https:\\\/\\\/secure.gravatar.com\\\/avatar\\\/1f38f8518b09a266af73da2bce78d69e7d1275299970134ed62f572e0487e1d0?s=96&d=mm&r=g\",\"url\":\"https:\\\/\\\/secure.gravatar.com\\\/avatar\\\/1f38f8518b09a266af73da2bce78d69e7d1275299970134ed62f572e0487e1d0?s=96&d=mm&r=g\",\"contentUrl\":\"https:\\\/\\\/secure.gravatar.com\\\/avatar\\\/1f38f8518b09a266af73da2bce78d69e7d1275299970134ed62f572e0487e1d0?s=96&d=mm&r=g\",\"caption\":\"Mar\u00eda de la Paz Rodarte Ram\u00edrez\"},\"sameAs\":[\"https:\\\/\\\/www.elhijodelllanero.mx\"],\"url\":\"https:\\\/\\\/elhijodelllanero.mx\\\/index.php\\\/author\\\/maricuas\\\/\"}]}<\/script>\n<!-- \/ Yoast SEO plugin. -->","yoast_head_json":{"title":"Alertan por salud en Villagr\u00e1n: suben embarazos adolescentes y accidentes. - El Hijo del llanero solititito","robots":{"index":"index","follow":"follow","max-snippet":"max-snippet:-1","max-image-preview":"max-image-preview:large","max-video-preview":"max-video-preview:-1"},"canonical":"https:\/\/elhijodelllanero.mx\/index.php\/2026\/04\/14\/alertan-por-salud-en-villagran-suben-embarazos-adolescentes-y-accidentes\/","og_locale":"es_ES","og_type":"article","og_title":"Alertan por salud en Villagr\u00e1n: suben embarazos adolescentes y accidentes. - El Hijo del llanero solititito","og_description":"Villagr\u00e1n, Gto. 14 de abril del 2026.- M\u00e1s all\u00e1 de la foto oficial, una capacitaci\u00f3n del Comit\u00e9 Municipal de Salud dej\u00f3 claro el panorama: en Villagr\u00e1n los principales retos no son nuevos, pero s\u00ed van en aumento. Durante la jornada, en la que participaron autoridades municipales y personal del sector salud, se expusieron los problemas [&hellip;]","og_url":"https:\/\/elhijodelllanero.mx\/index.php\/2026\/04\/14\/alertan-por-salud-en-villagran-suben-embarazos-adolescentes-y-accidentes\/","og_site_name":"El Hijo del llanero solititito","article_published_time":"2026-04-14T14:37:24+00:00","article_modified_time":"2026-04-14T14:37:42+00:00","author":"Mar\u00eda de la Paz Rodarte Ram\u00edrez","twitter_card":"summary_large_image","twitter_misc":{"Escrito por":"Mar\u00eda de la Paz Rodarte Ram\u00edrez","Tiempo de lectura":"2 minutos"},"schema":{"@context":"https:\/\/schema.org","@graph":[{"@type":"Article","@id":"https:\/\/elhijodelllanero.mx\/index.php\/2026\/04\/14\/alertan-por-salud-en-villagran-suben-embarazos-adolescentes-y-accidentes\/#article","isPartOf":{"@id":"https:\/\/elhijodelllanero.mx\/index.php\/2026\/04\/14\/alertan-por-salud-en-villagran-suben-embarazos-adolescentes-y-accidentes\/"},"author":{"name":"Mar\u00eda de la Paz Rodarte Ram\u00edrez","@id":"https:\/\/elhijodelllanero.mx\/#\/schema\/person\/c7f8c86c55c1eab44ae2b93a9628245f"},"headline":"Alertan por salud en Villagr\u00e1n: suben embarazos adolescentes y accidentes.","datePublished":"2026-04-14T14:37:24+00:00","dateModified":"2026-04-14T14:37:42+00:00","mainEntityOfPage":{"@id":"https:\/\/elhijodelllanero.mx\/index.php\/2026\/04\/14\/alertan-por-salud-en-villagran-suben-embarazos-adolescentes-y-accidentes\/"},"wordCount":333,"commentCount":0,"articleSection":["MUNICIPIOS","Villagr\u00e1n"],"inLanguage":"es","potentialAction":[{"@type":"CommentAction","name":"Comment","target":["https:\/\/elhijodelllanero.mx\/index.php\/2026\/04\/14\/alertan-por-salud-en-villagran-suben-embarazos-adolescentes-y-accidentes\/#respond"]}]},{"@type":"WebPage","@id":"https:\/\/elhijodelllanero.mx\/index.php\/2026\/04\/14\/alertan-por-salud-en-villagran-suben-embarazos-adolescentes-y-accidentes\/","url":"https:\/\/elhijodelllanero.mx\/index.php\/2026\/04\/14\/alertan-por-salud-en-villagran-suben-embarazos-adolescentes-y-accidentes\/","name":"Alertan por salud en Villagr\u00e1n: suben embarazos adolescentes y accidentes. - El Hijo del llanero solititito","isPartOf":{"@id":"https:\/\/elhijodelllanero.mx\/#website"},"datePublished":"2026-04-14T14:37:24+00:00","dateModified":"2026-04-14T14:37:42+00:00","author":{"@id":"https:\/\/elhijodelllanero.mx\/#\/schema\/person\/c7f8c86c55c1eab44ae2b93a9628245f"},"breadcrumb":{"@id":"https:\/\/elhijodelllanero.mx\/index.php\/2026\/04\/14\/alertan-por-salud-en-villagran-suben-embarazos-adolescentes-y-accidentes\/#breadcrumb"},"inLanguage":"es","potentialAction":[{"@type":"ReadAction","target":["https:\/\/elhijodelllanero.mx\/index.php\/2026\/04\/14\/alertan-por-salud-en-villagran-suben-embarazos-adolescentes-y-accidentes\/"]}]},{"@type":"BreadcrumbList","@id":"https:\/\/elhijodelllanero.mx\/index.php\/2026\/04\/14\/alertan-por-salud-en-villagran-suben-embarazos-adolescentes-y-accidentes\/#breadcrumb","itemListElement":[{"@type":"ListItem","position":1,"name":"Portada","item":"https:\/\/elhijodelllanero.mx\/"},{"@type":"ListItem","position":2,"name":"Alertan por salud en Villagr\u00e1n: suben embarazos adolescentes y accidentes."}]},{"@type":"WebSite","@id":"https:\/\/elhijodelllanero.mx\/#website","url":"https:\/\/elhijodelllanero.mx\/","name":"El Hijo del llanero solititito","description":"","potentialAction":[{"@type":"SearchAction","target":{"@type":"EntryPoint","urlTemplate":"https:\/\/elhijodelllanero.mx\/?s={search_term_string}"},"query-input":{"@type":"PropertyValueSpecification","valueRequired":true,"valueName":"search_term_string"}}],"inLanguage":"es"},{"@type":"Person","@id":"https:\/\/elhijodelllanero.mx\/#\/schema\/person\/c7f8c86c55c1eab44ae2b93a9628245f","name":"Mar\u00eda de la Paz Rodarte Ram\u00edrez","image":{"@type":"ImageObject","inLanguage":"es","@id":"https:\/\/secure.gravatar.com\/avatar\/1f38f8518b09a266af73da2bce78d69e7d1275299970134ed62f572e0487e1d0?s=96&d=mm&r=g","url":"https:\/\/secure.gravatar.com\/avatar\/1f38f8518b09a266af73da2bce78d69e7d1275299970134ed62f572e0487e1d0?s=96&d=mm&r=g","contentUrl":"https:\/\/secure.gravatar.com\/avatar\/1f38f8518b09a266af73da2bce78d69e7d1275299970134ed62f572e0487e1d0?s=96&d=mm&r=g","caption":"Mar\u00eda de la Paz Rodarte Ram\u00edrez"},"sameAs":["https:\/\/www.elhijodelllanero.mx"],"url":"https:\/\/elhijodelllanero.mx\/index.php\/author\/maricuas\/"}]}},"jetpack_featured_media_url":"","jetpack-related-posts":[],"jetpack_sharing_enabled":true,"_links":{"self":[{"href":"https:\/\/elhijodelllanero.mx\/index.php\/wp-json\/wp\/v2\/posts\/13805","targetHints":{"allow":["GET"]}}],"collection":[{"href":"https:\/\/elhijodelllanero.mx\/index.php\/wp-json\/wp\/v2\/posts"}],"about":[{"href":"https:\/\/elhijodelllanero.mx\/index.php\/wp-json\/wp\/v2\/types\/post"}],"author":[{"embeddable":true,"href":"https:\/\/elhijodelllanero.mx\/index.php\/wp-json\/wp\/v2\/users\/3"}],"replies":[{"embeddable":true,"href":"https:\/\/elhijodelllanero.mx\/index.php\/wp-json\/wp\/v2\/comments?post=13805"}],"version-history":[{"count":1,"href":"https:\/\/elhijodelllanero.mx\/index.php\/wp-json\/wp\/v2\/posts\/13805\/revisions"}],"predecessor-version":[{"id":13806,"href":"https:\/\/elhijodelllanero.mx\/index.php\/wp-json\/wp\/v2\/posts\/13805\/revisions\/13806"}],"wp:attachment":[{"href":"https:\/\/elhijodelllanero.mx\/index.php\/wp-json\/wp\/v2\/media?parent=13805"}],"wp:term":[{"taxonomy":"category","embeddable":true,"href":"https:\/\/elhijodelllanero.mx\/index.php\/wp-json\/wp\/v2\/categories?post=13805"},{"taxonomy":"post_tag","embeddable":true,"href":"https:\/\/elhijodelllanero.mx\/index.php\/wp-json\/wp\/v2\/tags?post=13805"}],"curies":[{"name":"wp","href":"https:\/\/api.w.org\/{rel}","templated":true}]}}