{"id":13822,"date":"2026-04-14T13:32:08","date_gmt":"2026-04-14T19:32:08","guid":{"rendered":"https:\/\/elhijodelllanero.mx\/?p=13822"},"modified":"2026-04-14T13:32:08","modified_gmt":"2026-04-14T19:32:08","slug":"celaya-pone-a-prueba-a-sus-jovenes-arranca-yo-me-la-se","status":"publish","type":"post","link":"https:\/\/elhijodelllanero.mx\/index.php\/2026\/04\/14\/celaya-pone-a-prueba-a-sus-jovenes-arranca-yo-me-la-se\/","title":{"rendered":"Celaya pone a prueba a sus j\u00f3venes: arranca \u201cYo me la s\u00e9\u201d."},"content":{"rendered":"<p>Celaya, Gto. 14 de abril de 2026.-El Teatro de la Ciudad se llen\u00f3 de nervios, risas y cerebros en modo competitivo con el arranque del concurso de trivias \u201cYo me la s\u00e9\u201d, donde estudiantes de distintas escuelas midieron qu\u00e9 tanto traen en la cabeza\u2026 m\u00e1s all\u00e1 del TikTok.<\/p>\n<p>La primera ronda reuni\u00f3 a alumnos del Colegio Marista, Pablo Picasso, CECyTE Celaya II y SABES de San Miguel Octopan, en una din\u00e1mica donde el conocimiento, la rapidez y uno que otro dato curioso marcaron la diferencia.<\/p>\n<p>El alcalde Juan Miguel Ram\u00edrez destac\u00f3 que este tipo de espacios no solo son competencia, tambi\u00e9n son una forma de impulsar el pensamiento cr\u00edtico y reconocer el talento joven que s\u00ed trae ganas de destacar.<\/p>\n<p>Y ojo, porque esto apenas empieza. Habr\u00e1 m\u00e1s etapas hasta llegar a la final, donde los mejores podr\u00e1n llevarse premios de hasta 10 mil pesos.<\/p>\n","protected":false},"excerpt":{"rendered":"<p>Celaya, Gto. 14 de abril de 2026.-El Teatro de la Ciudad se llen\u00f3 de nervios, risas y cerebros en modo competitivo con el arranque del concurso de trivias \u201cYo me la s\u00e9\u201d, donde estudiantes de distintas escuelas midieron qu\u00e9 tanto traen en la cabeza\u2026 m\u00e1s all\u00e1 del TikTok. La primera ronda reuni\u00f3 a alumnos del [&hellip;]<\/p>\n","protected":false},"author":3,"featured_media":13823,"comment_status":"open","ping_status":"closed","sticky":false,"template":"","format":"standard","meta":{"_jetpack_newsletter_access":"","_jetpack_dont_email_post_to_subs":false,"_jetpack_newsletter_tier_id":0,"_jetpack_memberships_contains_paywalled_content":false,"_jetpack_memberships_contains_paid_content":false,"footnotes":""},"categories":[74],"tags":[],"class_list":{"0":"post-13822","1":"post","2":"type-post","3":"status-publish","4":"format-standard","5":"has-post-thumbnail","7":"category-celaya"},"yoast_head":"<!-- This site is optimized with the Yoast SEO plugin v27.3 - https:\/\/yoast.com\/product\/yoast-seo-wordpress\/ -->\n<title>Celaya pone a prueba a sus j\u00f3venes: arranca \u201cYo me la s\u00e9\u201d. - El Hijo del llanero solititito<\/title>\n<meta name=\"robots\" content=\"index, follow, max-snippet:-1, max-image-preview:large, max-video-preview:-1\" \/>\n<link rel=\"canonical\" href=\"https:\/\/elhijodelllanero.mx\/index.php\/2026\/04\/14\/celaya-pone-a-prueba-a-sus-jovenes-arranca-yo-me-la-se\/\" \/>\n<meta property=\"og:locale\" content=\"es_ES\" \/>\n<meta property=\"og:type\" content=\"article\" \/>\n<meta property=\"og:title\" content=\"Celaya pone a prueba a sus j\u00f3venes: arranca \u201cYo me la s\u00e9\u201d. - El Hijo del llanero solititito\" \/>\n<meta property=\"og:description\" content=\"Celaya, Gto. 14 de abril de 2026.-El Teatro de la Ciudad se llen\u00f3 de nervios, risas y cerebros en modo competitivo con el arranque del concurso de trivias \u201cYo me la s\u00e9\u201d, donde estudiantes de distintas escuelas midieron qu\u00e9 tanto traen en la cabeza\u2026 m\u00e1s all\u00e1 del TikTok. La primera ronda reuni\u00f3 a alumnos del [&hellip;]\" \/>\n<meta property=\"og:url\" content=\"https:\/\/elhijodelllanero.mx\/index.php\/2026\/04\/14\/celaya-pone-a-prueba-a-sus-jovenes-arranca-yo-me-la-se\/\" \/>\n<meta property=\"og:site_name\" content=\"El Hijo del llanero solititito\" \/>\n<meta property=\"article:published_time\" content=\"2026-04-14T19:32:08+00:00\" \/>\n<meta property=\"og:image\" content=\"https:\/\/elhijodelllanero.mx\/wp-content\/uploads\/2026\/04\/20260414_133140-COLLAGE-scaled.jpg\" \/>\n\t<meta property=\"og:image:width\" content=\"2560\" \/>\n\t<meta property=\"og:image:height\" content=\"2560\" \/>\n\t<meta property=\"og:image:type\" content=\"image\/jpeg\" \/>\n<meta name=\"author\" content=\"Mar\u00eda de la Paz Rodarte Ram\u00edrez\" \/>\n<meta name=\"twitter:card\" content=\"summary_large_image\" \/>\n<meta name=\"twitter:label1\" content=\"Escrito por\" \/>\n\t<meta name=\"twitter:data1\" content=\"Mar\u00eda de la Paz Rodarte Ram\u00edrez\" \/>\n\t<meta name=\"twitter:label2\" content=\"Tiempo de lectura\" \/>\n\t<meta name=\"twitter:data2\" content=\"1 minuto\" \/>\n<script type=\"application\/ld+json\" class=\"yoast-schema-graph\">{\"@context\":\"https:\\\/\\\/schema.org\",\"@graph\":[{\"@type\":\"Article\",\"@id\":\"https:\\\/\\\/elhijodelllanero.mx\\\/index.php\\\/2026\\\/04\\\/14\\\/celaya-pone-a-prueba-a-sus-jovenes-arranca-yo-me-la-se\\\/#article\",\"isPartOf\":{\"@id\":\"https:\\\/\\\/elhijodelllanero.mx\\\/index.php\\\/2026\\\/04\\\/14\\\/celaya-pone-a-prueba-a-sus-jovenes-arranca-yo-me-la-se\\\/\"},\"author\":{\"name\":\"Mar\u00eda de la Paz Rodarte Ram\u00edrez\",\"@id\":\"https:\\\/\\\/elhijodelllanero.mx\\\/#\\\/schema\\\/person\\\/c7f8c86c55c1eab44ae2b93a9628245f\"},\"headline\":\"Celaya pone a prueba a sus j\u00f3venes: arranca \u201cYo me la s\u00e9\u201d.\",\"datePublished\":\"2026-04-14T19:32:08+00:00\",\"mainEntityOfPage\":{\"@id\":\"https:\\\/\\\/elhijodelllanero.mx\\\/index.php\\\/2026\\\/04\\\/14\\\/celaya-pone-a-prueba-a-sus-jovenes-arranca-yo-me-la-se\\\/\"},\"wordCount\":163,\"commentCount\":0,\"image\":{\"@id\":\"https:\\\/\\\/elhijodelllanero.mx\\\/index.php\\\/2026\\\/04\\\/14\\\/celaya-pone-a-prueba-a-sus-jovenes-arranca-yo-me-la-se\\\/#primaryimage\"},\"thumbnailUrl\":\"https:\\\/\\\/i0.wp.com\\\/elhijodelllanero.mx\\\/wp-content\\\/uploads\\\/2026\\\/04\\\/20260414_133140-COLLAGE-scaled.jpg?fit=2560%2C2560&ssl=1\",\"articleSection\":[\"CELAYA\"],\"inLanguage\":\"es\",\"potentialAction\":[{\"@type\":\"CommentAction\",\"name\":\"Comment\",\"target\":[\"https:\\\/\\\/elhijodelllanero.mx\\\/index.php\\\/2026\\\/04\\\/14\\\/celaya-pone-a-prueba-a-sus-jovenes-arranca-yo-me-la-se\\\/#respond\"]}]},{\"@type\":\"WebPage\",\"@id\":\"https:\\\/\\\/elhijodelllanero.mx\\\/index.php\\\/2026\\\/04\\\/14\\\/celaya-pone-a-prueba-a-sus-jovenes-arranca-yo-me-la-se\\\/\",\"url\":\"https:\\\/\\\/elhijodelllanero.mx\\\/index.php\\\/2026\\\/04\\\/14\\\/celaya-pone-a-prueba-a-sus-jovenes-arranca-yo-me-la-se\\\/\",\"name\":\"Celaya pone a prueba a sus j\u00f3venes: arranca \u201cYo me la s\u00e9\u201d. - El Hijo del llanero solititito\",\"isPartOf\":{\"@id\":\"https:\\\/\\\/elhijodelllanero.mx\\\/#website\"},\"primaryImageOfPage\":{\"@id\":\"https:\\\/\\\/elhijodelllanero.mx\\\/index.php\\\/2026\\\/04\\\/14\\\/celaya-pone-a-prueba-a-sus-jovenes-arranca-yo-me-la-se\\\/#primaryimage\"},\"image\":{\"@id\":\"https:\\\/\\\/elhijodelllanero.mx\\\/index.php\\\/2026\\\/04\\\/14\\\/celaya-pone-a-prueba-a-sus-jovenes-arranca-yo-me-la-se\\\/#primaryimage\"},\"thumbnailUrl\":\"https:\\\/\\\/i0.wp.com\\\/elhijodelllanero.mx\\\/wp-content\\\/uploads\\\/2026\\\/04\\\/20260414_133140-COLLAGE-scaled.jpg?fit=2560%2C2560&ssl=1\",\"datePublished\":\"2026-04-14T19:32:08+00:00\",\"author\":{\"@id\":\"https:\\\/\\\/elhijodelllanero.mx\\\/#\\\/schema\\\/person\\\/c7f8c86c55c1eab44ae2b93a9628245f\"},\"breadcrumb\":{\"@id\":\"https:\\\/\\\/elhijodelllanero.mx\\\/index.php\\\/2026\\\/04\\\/14\\\/celaya-pone-a-prueba-a-sus-jovenes-arranca-yo-me-la-se\\\/#breadcrumb\"},\"inLanguage\":\"es\",\"potentialAction\":[{\"@type\":\"ReadAction\",\"target\":[\"https:\\\/\\\/elhijodelllanero.mx\\\/index.php\\\/2026\\\/04\\\/14\\\/celaya-pone-a-prueba-a-sus-jovenes-arranca-yo-me-la-se\\\/\"]}]},{\"@type\":\"ImageObject\",\"inLanguage\":\"es\",\"@id\":\"https:\\\/\\\/elhijodelllanero.mx\\\/index.php\\\/2026\\\/04\\\/14\\\/celaya-pone-a-prueba-a-sus-jovenes-arranca-yo-me-la-se\\\/#primaryimage\",\"url\":\"https:\\\/\\\/i0.wp.com\\\/elhijodelllanero.mx\\\/wp-content\\\/uploads\\\/2026\\\/04\\\/20260414_133140-COLLAGE-scaled.jpg?fit=2560%2C2560&ssl=1\",\"contentUrl\":\"https:\\\/\\\/i0.wp.com\\\/elhijodelllanero.mx\\\/wp-content\\\/uploads\\\/2026\\\/04\\\/20260414_133140-COLLAGE-scaled.jpg?fit=2560%2C2560&ssl=1\",\"width\":2560,\"height\":2560},{\"@type\":\"BreadcrumbList\",\"@id\":\"https:\\\/\\\/elhijodelllanero.mx\\\/index.php\\\/2026\\\/04\\\/14\\\/celaya-pone-a-prueba-a-sus-jovenes-arranca-yo-me-la-se\\\/#breadcrumb\",\"itemListElement\":[{\"@type\":\"ListItem\",\"position\":1,\"name\":\"Portada\",\"item\":\"https:\\\/\\\/elhijodelllanero.mx\\\/\"},{\"@type\":\"ListItem\",\"position\":2,\"name\":\"Celaya pone a prueba a sus j\u00f3venes: arranca \u201cYo me la s\u00e9\u201d.\"}]},{\"@type\":\"WebSite\",\"@id\":\"https:\\\/\\\/elhijodelllanero.mx\\\/#website\",\"url\":\"https:\\\/\\\/elhijodelllanero.mx\\\/\",\"name\":\"El Hijo del llanero solititito\",\"description\":\"\",\"potentialAction\":[{\"@type\":\"SearchAction\",\"target\":{\"@type\":\"EntryPoint\",\"urlTemplate\":\"https:\\\/\\\/elhijodelllanero.mx\\\/?s={search_term_string}\"},\"query-input\":{\"@type\":\"PropertyValueSpecification\",\"valueRequired\":true,\"valueName\":\"search_term_string\"}}],\"inLanguage\":\"es\"},{\"@type\":\"Person\",\"@id\":\"https:\\\/\\\/elhijodelllanero.mx\\\/#\\\/schema\\\/person\\\/c7f8c86c55c1eab44ae2b93a9628245f\",\"name\":\"Mar\u00eda de la Paz Rodarte Ram\u00edrez\",\"image\":{\"@type\":\"ImageObject\",\"inLanguage\":\"es\",\"@id\":\"https:\\\/\\\/secure.gravatar.com\\\/avatar\\\/1f38f8518b09a266af73da2bce78d69e7d1275299970134ed62f572e0487e1d0?s=96&d=mm&r=g\",\"url\":\"https:\\\/\\\/secure.gravatar.com\\\/avatar\\\/1f38f8518b09a266af73da2bce78d69e7d1275299970134ed62f572e0487e1d0?s=96&d=mm&r=g\",\"contentUrl\":\"https:\\\/\\\/secure.gravatar.com\\\/avatar\\\/1f38f8518b09a266af73da2bce78d69e7d1275299970134ed62f572e0487e1d0?s=96&d=mm&r=g\",\"caption\":\"Mar\u00eda de la Paz Rodarte Ram\u00edrez\"},\"sameAs\":[\"https:\\\/\\\/www.elhijodelllanero.mx\"],\"url\":\"https:\\\/\\\/elhijodelllanero.mx\\\/index.php\\\/author\\\/maricuas\\\/\"}]}<\/script>\n<!-- \/ Yoast SEO plugin. -->","yoast_head_json":{"title":"Celaya pone a prueba a sus j\u00f3venes: arranca \u201cYo me la s\u00e9\u201d. - El Hijo del llanero solititito","robots":{"index":"index","follow":"follow","max-snippet":"max-snippet:-1","max-image-preview":"max-image-preview:large","max-video-preview":"max-video-preview:-1"},"canonical":"https:\/\/elhijodelllanero.mx\/index.php\/2026\/04\/14\/celaya-pone-a-prueba-a-sus-jovenes-arranca-yo-me-la-se\/","og_locale":"es_ES","og_type":"article","og_title":"Celaya pone a prueba a sus j\u00f3venes: arranca \u201cYo me la s\u00e9\u201d. - El Hijo del llanero solititito","og_description":"Celaya, Gto. 14 de abril de 2026.-El Teatro de la Ciudad se llen\u00f3 de nervios, risas y cerebros en modo competitivo con el arranque del concurso de trivias \u201cYo me la s\u00e9\u201d, donde estudiantes de distintas escuelas midieron qu\u00e9 tanto traen en la cabeza\u2026 m\u00e1s all\u00e1 del TikTok. La primera ronda reuni\u00f3 a alumnos del [&hellip;]","og_url":"https:\/\/elhijodelllanero.mx\/index.php\/2026\/04\/14\/celaya-pone-a-prueba-a-sus-jovenes-arranca-yo-me-la-se\/","og_site_name":"El Hijo del llanero solititito","article_published_time":"2026-04-14T19:32:08+00:00","og_image":[{"width":2560,"height":2560,"url":"https:\/\/elhijodelllanero.mx\/wp-content\/uploads\/2026\/04\/20260414_133140-COLLAGE-scaled.jpg","type":"image\/jpeg"}],"author":"Mar\u00eda de la Paz Rodarte Ram\u00edrez","twitter_card":"summary_large_image","twitter_misc":{"Escrito por":"Mar\u00eda de la Paz Rodarte Ram\u00edrez","Tiempo de lectura":"1 minuto"},"schema":{"@context":"https:\/\/schema.org","@graph":[{"@type":"Article","@id":"https:\/\/elhijodelllanero.mx\/index.php\/2026\/04\/14\/celaya-pone-a-prueba-a-sus-jovenes-arranca-yo-me-la-se\/#article","isPartOf":{"@id":"https:\/\/elhijodelllanero.mx\/index.php\/2026\/04\/14\/celaya-pone-a-prueba-a-sus-jovenes-arranca-yo-me-la-se\/"},"author":{"name":"Mar\u00eda de la Paz Rodarte Ram\u00edrez","@id":"https:\/\/elhijodelllanero.mx\/#\/schema\/person\/c7f8c86c55c1eab44ae2b93a9628245f"},"headline":"Celaya pone a prueba a sus j\u00f3venes: arranca \u201cYo me la s\u00e9\u201d.","datePublished":"2026-04-14T19:32:08+00:00","mainEntityOfPage":{"@id":"https:\/\/elhijodelllanero.mx\/index.php\/2026\/04\/14\/celaya-pone-a-prueba-a-sus-jovenes-arranca-yo-me-la-se\/"},"wordCount":163,"commentCount":0,"image":{"@id":"https:\/\/elhijodelllanero.mx\/index.php\/2026\/04\/14\/celaya-pone-a-prueba-a-sus-jovenes-arranca-yo-me-la-se\/#primaryimage"},"thumbnailUrl":"https:\/\/i0.wp.com\/elhijodelllanero.mx\/wp-content\/uploads\/2026\/04\/20260414_133140-COLLAGE-scaled.jpg?fit=2560%2C2560&ssl=1","articleSection":["CELAYA"],"inLanguage":"es","potentialAction":[{"@type":"CommentAction","name":"Comment","target":["https:\/\/elhijodelllanero.mx\/index.php\/2026\/04\/14\/celaya-pone-a-prueba-a-sus-jovenes-arranca-yo-me-la-se\/#respond"]}]},{"@type":"WebPage","@id":"https:\/\/elhijodelllanero.mx\/index.php\/2026\/04\/14\/celaya-pone-a-prueba-a-sus-jovenes-arranca-yo-me-la-se\/","url":"https:\/\/elhijodelllanero.mx\/index.php\/2026\/04\/14\/celaya-pone-a-prueba-a-sus-jovenes-arranca-yo-me-la-se\/","name":"Celaya pone a prueba a sus j\u00f3venes: arranca \u201cYo me la s\u00e9\u201d. - El Hijo del llanero solititito","isPartOf":{"@id":"https:\/\/elhijodelllanero.mx\/#website"},"primaryImageOfPage":{"@id":"https:\/\/elhijodelllanero.mx\/index.php\/2026\/04\/14\/celaya-pone-a-prueba-a-sus-jovenes-arranca-yo-me-la-se\/#primaryimage"},"image":{"@id":"https:\/\/elhijodelllanero.mx\/index.php\/2026\/04\/14\/celaya-pone-a-prueba-a-sus-jovenes-arranca-yo-me-la-se\/#primaryimage"},"thumbnailUrl":"https:\/\/i0.wp.com\/elhijodelllanero.mx\/wp-content\/uploads\/2026\/04\/20260414_133140-COLLAGE-scaled.jpg?fit=2560%2C2560&ssl=1","datePublished":"2026-04-14T19:32:08+00:00","author":{"@id":"https:\/\/elhijodelllanero.mx\/#\/schema\/person\/c7f8c86c55c1eab44ae2b93a9628245f"},"breadcrumb":{"@id":"https:\/\/elhijodelllanero.mx\/index.php\/2026\/04\/14\/celaya-pone-a-prueba-a-sus-jovenes-arranca-yo-me-la-se\/#breadcrumb"},"inLanguage":"es","potentialAction":[{"@type":"ReadAction","target":["https:\/\/elhijodelllanero.mx\/index.php\/2026\/04\/14\/celaya-pone-a-prueba-a-sus-jovenes-arranca-yo-me-la-se\/"]}]},{"@type":"ImageObject","inLanguage":"es","@id":"https:\/\/elhijodelllanero.mx\/index.php\/2026\/04\/14\/celaya-pone-a-prueba-a-sus-jovenes-arranca-yo-me-la-se\/#primaryimage","url":"https:\/\/i0.wp.com\/elhijodelllanero.mx\/wp-content\/uploads\/2026\/04\/20260414_133140-COLLAGE-scaled.jpg?fit=2560%2C2560&ssl=1","contentUrl":"https:\/\/i0.wp.com\/elhijodelllanero.mx\/wp-content\/uploads\/2026\/04\/20260414_133140-COLLAGE-scaled.jpg?fit=2560%2C2560&ssl=1","width":2560,"height":2560},{"@type":"BreadcrumbList","@id":"https:\/\/elhijodelllanero.mx\/index.php\/2026\/04\/14\/celaya-pone-a-prueba-a-sus-jovenes-arranca-yo-me-la-se\/#breadcrumb","itemListElement":[{"@type":"ListItem","position":1,"name":"Portada","item":"https:\/\/elhijodelllanero.mx\/"},{"@type":"ListItem","position":2,"name":"Celaya pone a prueba a sus j\u00f3venes: arranca \u201cYo me la s\u00e9\u201d."}]},{"@type":"WebSite","@id":"https:\/\/elhijodelllanero.mx\/#website","url":"https:\/\/elhijodelllanero.mx\/","name":"El Hijo del llanero solititito","description":"","potentialAction":[{"@type":"SearchAction","target":{"@type":"EntryPoint","urlTemplate":"https:\/\/elhijodelllanero.mx\/?s={search_term_string}"},"query-input":{"@type":"PropertyValueSpecification","valueRequired":true,"valueName":"search_term_string"}}],"inLanguage":"es"},{"@type":"Person","@id":"https:\/\/elhijodelllanero.mx\/#\/schema\/person\/c7f8c86c55c1eab44ae2b93a9628245f","name":"Mar\u00eda de la Paz Rodarte Ram\u00edrez","image":{"@type":"ImageObject","inLanguage":"es","@id":"https:\/\/secure.gravatar.com\/avatar\/1f38f8518b09a266af73da2bce78d69e7d1275299970134ed62f572e0487e1d0?s=96&d=mm&r=g","url":"https:\/\/secure.gravatar.com\/avatar\/1f38f8518b09a266af73da2bce78d69e7d1275299970134ed62f572e0487e1d0?s=96&d=mm&r=g","contentUrl":"https:\/\/secure.gravatar.com\/avatar\/1f38f8518b09a266af73da2bce78d69e7d1275299970134ed62f572e0487e1d0?s=96&d=mm&r=g","caption":"Mar\u00eda de la Paz Rodarte Ram\u00edrez"},"sameAs":["https:\/\/www.elhijodelllanero.mx"],"url":"https:\/\/elhijodelllanero.mx\/index.php\/author\/maricuas\/"}]}},"jetpack_featured_media_url":"https:\/\/i0.wp.com\/elhijodelllanero.mx\/wp-content\/uploads\/2026\/04\/20260414_133140-COLLAGE-scaled.jpg?fit=2560%2C2560&ssl=1","jetpack-related-posts":[],"jetpack_sharing_enabled":true,"_links":{"self":[{"href":"https:\/\/elhijodelllanero.mx\/index.php\/wp-json\/wp\/v2\/posts\/13822","targetHints":{"allow":["GET"]}}],"collection":[{"href":"https:\/\/elhijodelllanero.mx\/index.php\/wp-json\/wp\/v2\/posts"}],"about":[{"href":"https:\/\/elhijodelllanero.mx\/index.php\/wp-json\/wp\/v2\/types\/post"}],"author":[{"embeddable":true,"href":"https:\/\/elhijodelllanero.mx\/index.php\/wp-json\/wp\/v2\/users\/3"}],"replies":[{"embeddable":true,"href":"https:\/\/elhijodelllanero.mx\/index.php\/wp-json\/wp\/v2\/comments?post=13822"}],"version-history":[{"count":1,"href":"https:\/\/elhijodelllanero.mx\/index.php\/wp-json\/wp\/v2\/posts\/13822\/revisions"}],"predecessor-version":[{"id":13824,"href":"https:\/\/elhijodelllanero.mx\/index.php\/wp-json\/wp\/v2\/posts\/13822\/revisions\/13824"}],"wp:featuredmedia":[{"embeddable":true,"href":"https:\/\/elhijodelllanero.mx\/index.php\/wp-json\/wp\/v2\/media\/13823"}],"wp:attachment":[{"href":"https:\/\/elhijodelllanero.mx\/index.php\/wp-json\/wp\/v2\/media?parent=13822"}],"wp:term":[{"taxonomy":"category","embeddable":true,"href":"https:\/\/elhijodelllanero.mx\/index.php\/wp-json\/wp\/v2\/categories?post=13822"},{"taxonomy":"post_tag","embeddable":true,"href":"https:\/\/elhijodelllanero.mx\/index.php\/wp-json\/wp\/v2\/tags?post=13822"}],"curies":[{"name":"wp","href":"https:\/\/api.w.org\/{rel}","templated":true}]}}