{"id":13826,"date":"2026-04-14T16:29:24","date_gmt":"2026-04-14T22:29:24","guid":{"rendered":"https:\/\/elhijodelllanero.mx\/?p=13826"},"modified":"2026-04-14T16:29:24","modified_gmt":"2026-04-14T22:29:24","slug":"tren-de-pasajeros-transformara-celaya-con-tramos-a-ras-de-suelo-tunel-y-viaducto","status":"publish","type":"post","link":"https:\/\/elhijodelllanero.mx\/index.php\/2026\/04\/14\/tren-de-pasajeros-transformara-celaya-con-tramos-a-ras-de-suelo-tunel-y-viaducto\/","title":{"rendered":"Tren de pasajeros transformar\u00e1 Celaya con tramos a ras de suelo, t\u00fanel y viaducto."},"content":{"rendered":"<p>Celaya, Gto. 14 de Abril de 2026.- El proyecto del tren de pasajeros ya perfila cambios importantes en la imagen y movilidad de Celaya, con una ruta que atravesar\u00e1 la ciudad en distintos niveles y con intervenciones urbanas que van m\u00e1s all\u00e1 de las v\u00edas.<\/p>\n<p>De acuerdo con informaci\u00f3n oficial del municipio, la obra contempla la rehabilitaci\u00f3n de la estaci\u00f3n actual y la construcci\u00f3n de una nueva terminal en la zona de la antigua infraestructura ferroviaria en la Alameda.<\/p>\n<p>El paso del tren por la ciudad estar\u00e1 dividido en cuatro etapas. En una primera fase, circular\u00e1 a nivel de piso en un esquema confinado, con delimitaci\u00f3n lateral y pasos inferiores en puntos clave para evitar cruces directos.<\/p>\n<p>M\u00e1s adelante, el tren se internar\u00e1 en un \u201cfalso t\u00fanel\u201d desde la zona de avenida Tecnol\u00f3gico hasta Santa Anita, lo que permitir\u00e1 aprovechar la superficie para un parque lineal.<\/p>\n<p>Posteriormente, el recorrido continuar\u00e1 en un viaducto elevado y, en su \u00faltima etapa dentro del municipio, operar\u00e1 como tren a\u00e9reo antes de retomar el nivel de suelo al salir de Celaya.<\/p>\n<p>El plan tambi\u00e9n considera el posible rescate del antiguo almac\u00e9n de carga en H\u00e9roe de Nacozari, con la intenci\u00f3n de convertirlo en un museo que recupere parte de la historia local.<\/p>\n<p>Este proyecto forma parte de una red ferroviaria de alcance nacional que conectar\u00e1 desde el norte del pa\u00eds hacia distintas regiones, y tiene como objetivo iniciar operaciones hacia finales de 2027.<\/p>\n<p>M\u00e1s all\u00e1 del anuncio, el reto ser\u00e1 claro: ejecutar una obra de este tama\u00f1o sin colapsar la ciudad en el proceso. Porque una cosa es el render\u2026 y otra muy distinta la realidad.<\/p>\n","protected":false},"excerpt":{"rendered":"<p>Celaya, Gto. 14 de Abril de 2026.- El proyecto del tren de pasajeros ya perfila cambios importantes en la imagen y movilidad de Celaya, con una ruta que atravesar\u00e1 la ciudad en distintos niveles y con intervenciones urbanas que van m\u00e1s all\u00e1 de las v\u00edas. De acuerdo con informaci\u00f3n oficial del municipio, la obra contempla [&hellip;]<\/p>\n","protected":false},"author":3,"featured_media":13827,"comment_status":"open","ping_status":"closed","sticky":false,"template":"","format":"standard","meta":{"_jetpack_newsletter_access":"","_jetpack_dont_email_post_to_subs":false,"_jetpack_newsletter_tier_id":0,"_jetpack_memberships_contains_paywalled_content":false,"_jetpack_memberships_contains_paid_content":false,"footnotes":""},"categories":[74],"tags":[],"class_list":{"0":"post-13826","1":"post","2":"type-post","3":"status-publish","4":"format-standard","5":"has-post-thumbnail","7":"category-celaya"},"yoast_head":"<!-- This site is optimized with the Yoast SEO plugin v27.3 - https:\/\/yoast.com\/product\/yoast-seo-wordpress\/ -->\n<title>Tren de pasajeros transformar\u00e1 Celaya con tramos a ras de suelo, t\u00fanel y viaducto. - El Hijo del llanero solititito<\/title>\n<meta name=\"robots\" content=\"index, follow, max-snippet:-1, max-image-preview:large, max-video-preview:-1\" \/>\n<link rel=\"canonical\" href=\"https:\/\/elhijodelllanero.mx\/index.php\/2026\/04\/14\/tren-de-pasajeros-transformara-celaya-con-tramos-a-ras-de-suelo-tunel-y-viaducto\/\" \/>\n<meta property=\"og:locale\" content=\"es_ES\" \/>\n<meta property=\"og:type\" content=\"article\" \/>\n<meta property=\"og:title\" content=\"Tren de pasajeros transformar\u00e1 Celaya con tramos a ras de suelo, t\u00fanel y viaducto. - El Hijo del llanero solititito\" \/>\n<meta property=\"og:description\" content=\"Celaya, Gto. 14 de Abril de 2026.- El proyecto del tren de pasajeros ya perfila cambios importantes en la imagen y movilidad de Celaya, con una ruta que atravesar\u00e1 la ciudad en distintos niveles y con intervenciones urbanas que van m\u00e1s all\u00e1 de las v\u00edas. De acuerdo con informaci\u00f3n oficial del municipio, la obra contempla [&hellip;]\" \/>\n<meta property=\"og:url\" content=\"https:\/\/elhijodelllanero.mx\/index.php\/2026\/04\/14\/tren-de-pasajeros-transformara-celaya-con-tramos-a-ras-de-suelo-tunel-y-viaducto\/\" \/>\n<meta property=\"og:site_name\" content=\"El Hijo del llanero solititito\" \/>\n<meta property=\"article:published_time\" content=\"2026-04-14T22:29:24+00:00\" \/>\n<meta property=\"og:image\" content=\"https:\/\/elhijodelllanero.mx\/wp-content\/uploads\/2026\/04\/20260414_162639-COLLAGE-scaled.jpg\" \/>\n\t<meta property=\"og:image:width\" content=\"2560\" \/>\n\t<meta property=\"og:image:height\" content=\"2560\" \/>\n\t<meta property=\"og:image:type\" content=\"image\/jpeg\" \/>\n<meta name=\"author\" content=\"Mar\u00eda de la Paz Rodarte Ram\u00edrez\" \/>\n<meta name=\"twitter:card\" content=\"summary_large_image\" \/>\n<meta name=\"twitter:label1\" content=\"Escrito por\" \/>\n\t<meta name=\"twitter:data1\" content=\"Mar\u00eda de la Paz Rodarte Ram\u00edrez\" \/>\n\t<meta name=\"twitter:label2\" content=\"Tiempo de lectura\" \/>\n\t<meta name=\"twitter:data2\" content=\"2 minutos\" \/>\n<script type=\"application\/ld+json\" class=\"yoast-schema-graph\">{\"@context\":\"https:\\\/\\\/schema.org\",\"@graph\":[{\"@type\":\"Article\",\"@id\":\"https:\\\/\\\/elhijodelllanero.mx\\\/index.php\\\/2026\\\/04\\\/14\\\/tren-de-pasajeros-transformara-celaya-con-tramos-a-ras-de-suelo-tunel-y-viaducto\\\/#article\",\"isPartOf\":{\"@id\":\"https:\\\/\\\/elhijodelllanero.mx\\\/index.php\\\/2026\\\/04\\\/14\\\/tren-de-pasajeros-transformara-celaya-con-tramos-a-ras-de-suelo-tunel-y-viaducto\\\/\"},\"author\":{\"name\":\"Mar\u00eda de la Paz Rodarte Ram\u00edrez\",\"@id\":\"https:\\\/\\\/elhijodelllanero.mx\\\/#\\\/schema\\\/person\\\/c7f8c86c55c1eab44ae2b93a9628245f\"},\"headline\":\"Tren de pasajeros transformar\u00e1 Celaya con tramos a ras de suelo, t\u00fanel y viaducto.\",\"datePublished\":\"2026-04-14T22:29:24+00:00\",\"mainEntityOfPage\":{\"@id\":\"https:\\\/\\\/elhijodelllanero.mx\\\/index.php\\\/2026\\\/04\\\/14\\\/tren-de-pasajeros-transformara-celaya-con-tramos-a-ras-de-suelo-tunel-y-viaducto\\\/\"},\"wordCount\":303,\"commentCount\":0,\"image\":{\"@id\":\"https:\\\/\\\/elhijodelllanero.mx\\\/index.php\\\/2026\\\/04\\\/14\\\/tren-de-pasajeros-transformara-celaya-con-tramos-a-ras-de-suelo-tunel-y-viaducto\\\/#primaryimage\"},\"thumbnailUrl\":\"https:\\\/\\\/i0.wp.com\\\/elhijodelllanero.mx\\\/wp-content\\\/uploads\\\/2026\\\/04\\\/20260414_162639-COLLAGE-scaled.jpg?fit=2560%2C2560&ssl=1\",\"articleSection\":[\"CELAYA\"],\"inLanguage\":\"es\",\"potentialAction\":[{\"@type\":\"CommentAction\",\"name\":\"Comment\",\"target\":[\"https:\\\/\\\/elhijodelllanero.mx\\\/index.php\\\/2026\\\/04\\\/14\\\/tren-de-pasajeros-transformara-celaya-con-tramos-a-ras-de-suelo-tunel-y-viaducto\\\/#respond\"]}]},{\"@type\":\"WebPage\",\"@id\":\"https:\\\/\\\/elhijodelllanero.mx\\\/index.php\\\/2026\\\/04\\\/14\\\/tren-de-pasajeros-transformara-celaya-con-tramos-a-ras-de-suelo-tunel-y-viaducto\\\/\",\"url\":\"https:\\\/\\\/elhijodelllanero.mx\\\/index.php\\\/2026\\\/04\\\/14\\\/tren-de-pasajeros-transformara-celaya-con-tramos-a-ras-de-suelo-tunel-y-viaducto\\\/\",\"name\":\"Tren de pasajeros transformar\u00e1 Celaya con tramos a ras de suelo, t\u00fanel y viaducto. - El Hijo del llanero solititito\",\"isPartOf\":{\"@id\":\"https:\\\/\\\/elhijodelllanero.mx\\\/#website\"},\"primaryImageOfPage\":{\"@id\":\"https:\\\/\\\/elhijodelllanero.mx\\\/index.php\\\/2026\\\/04\\\/14\\\/tren-de-pasajeros-transformara-celaya-con-tramos-a-ras-de-suelo-tunel-y-viaducto\\\/#primaryimage\"},\"image\":{\"@id\":\"https:\\\/\\\/elhijodelllanero.mx\\\/index.php\\\/2026\\\/04\\\/14\\\/tren-de-pasajeros-transformara-celaya-con-tramos-a-ras-de-suelo-tunel-y-viaducto\\\/#primaryimage\"},\"thumbnailUrl\":\"https:\\\/\\\/i0.wp.com\\\/elhijodelllanero.mx\\\/wp-content\\\/uploads\\\/2026\\\/04\\\/20260414_162639-COLLAGE-scaled.jpg?fit=2560%2C2560&ssl=1\",\"datePublished\":\"2026-04-14T22:29:24+00:00\",\"author\":{\"@id\":\"https:\\\/\\\/elhijodelllanero.mx\\\/#\\\/schema\\\/person\\\/c7f8c86c55c1eab44ae2b93a9628245f\"},\"breadcrumb\":{\"@id\":\"https:\\\/\\\/elhijodelllanero.mx\\\/index.php\\\/2026\\\/04\\\/14\\\/tren-de-pasajeros-transformara-celaya-con-tramos-a-ras-de-suelo-tunel-y-viaducto\\\/#breadcrumb\"},\"inLanguage\":\"es\",\"potentialAction\":[{\"@type\":\"ReadAction\",\"target\":[\"https:\\\/\\\/elhijodelllanero.mx\\\/index.php\\\/2026\\\/04\\\/14\\\/tren-de-pasajeros-transformara-celaya-con-tramos-a-ras-de-suelo-tunel-y-viaducto\\\/\"]}]},{\"@type\":\"ImageObject\",\"inLanguage\":\"es\",\"@id\":\"https:\\\/\\\/elhijodelllanero.mx\\\/index.php\\\/2026\\\/04\\\/14\\\/tren-de-pasajeros-transformara-celaya-con-tramos-a-ras-de-suelo-tunel-y-viaducto\\\/#primaryimage\",\"url\":\"https:\\\/\\\/i0.wp.com\\\/elhijodelllanero.mx\\\/wp-content\\\/uploads\\\/2026\\\/04\\\/20260414_162639-COLLAGE-scaled.jpg?fit=2560%2C2560&ssl=1\",\"contentUrl\":\"https:\\\/\\\/i0.wp.com\\\/elhijodelllanero.mx\\\/wp-content\\\/uploads\\\/2026\\\/04\\\/20260414_162639-COLLAGE-scaled.jpg?fit=2560%2C2560&ssl=1\",\"width\":2560,\"height\":2560},{\"@type\":\"BreadcrumbList\",\"@id\":\"https:\\\/\\\/elhijodelllanero.mx\\\/index.php\\\/2026\\\/04\\\/14\\\/tren-de-pasajeros-transformara-celaya-con-tramos-a-ras-de-suelo-tunel-y-viaducto\\\/#breadcrumb\",\"itemListElement\":[{\"@type\":\"ListItem\",\"position\":1,\"name\":\"Portada\",\"item\":\"https:\\\/\\\/elhijodelllanero.mx\\\/\"},{\"@type\":\"ListItem\",\"position\":2,\"name\":\"Tren de pasajeros transformar\u00e1 Celaya con tramos a ras de suelo, t\u00fanel y viaducto.\"}]},{\"@type\":\"WebSite\",\"@id\":\"https:\\\/\\\/elhijodelllanero.mx\\\/#website\",\"url\":\"https:\\\/\\\/elhijodelllanero.mx\\\/\",\"name\":\"El Hijo del llanero solititito\",\"description\":\"\",\"potentialAction\":[{\"@type\":\"SearchAction\",\"target\":{\"@type\":\"EntryPoint\",\"urlTemplate\":\"https:\\\/\\\/elhijodelllanero.mx\\\/?s={search_term_string}\"},\"query-input\":{\"@type\":\"PropertyValueSpecification\",\"valueRequired\":true,\"valueName\":\"search_term_string\"}}],\"inLanguage\":\"es\"},{\"@type\":\"Person\",\"@id\":\"https:\\\/\\\/elhijodelllanero.mx\\\/#\\\/schema\\\/person\\\/c7f8c86c55c1eab44ae2b93a9628245f\",\"name\":\"Mar\u00eda de la Paz Rodarte Ram\u00edrez\",\"image\":{\"@type\":\"ImageObject\",\"inLanguage\":\"es\",\"@id\":\"https:\\\/\\\/secure.gravatar.com\\\/avatar\\\/1f38f8518b09a266af73da2bce78d69e7d1275299970134ed62f572e0487e1d0?s=96&d=mm&r=g\",\"url\":\"https:\\\/\\\/secure.gravatar.com\\\/avatar\\\/1f38f8518b09a266af73da2bce78d69e7d1275299970134ed62f572e0487e1d0?s=96&d=mm&r=g\",\"contentUrl\":\"https:\\\/\\\/secure.gravatar.com\\\/avatar\\\/1f38f8518b09a266af73da2bce78d69e7d1275299970134ed62f572e0487e1d0?s=96&d=mm&r=g\",\"caption\":\"Mar\u00eda de la Paz Rodarte Ram\u00edrez\"},\"sameAs\":[\"https:\\\/\\\/www.elhijodelllanero.mx\"],\"url\":\"https:\\\/\\\/elhijodelllanero.mx\\\/index.php\\\/author\\\/maricuas\\\/\"}]}<\/script>\n<!-- \/ Yoast SEO plugin. -->","yoast_head_json":{"title":"Tren de pasajeros transformar\u00e1 Celaya con tramos a ras de suelo, t\u00fanel y viaducto. - El Hijo del llanero solititito","robots":{"index":"index","follow":"follow","max-snippet":"max-snippet:-1","max-image-preview":"max-image-preview:large","max-video-preview":"max-video-preview:-1"},"canonical":"https:\/\/elhijodelllanero.mx\/index.php\/2026\/04\/14\/tren-de-pasajeros-transformara-celaya-con-tramos-a-ras-de-suelo-tunel-y-viaducto\/","og_locale":"es_ES","og_type":"article","og_title":"Tren de pasajeros transformar\u00e1 Celaya con tramos a ras de suelo, t\u00fanel y viaducto. - El Hijo del llanero solititito","og_description":"Celaya, Gto. 14 de Abril de 2026.- El proyecto del tren de pasajeros ya perfila cambios importantes en la imagen y movilidad de Celaya, con una ruta que atravesar\u00e1 la ciudad en distintos niveles y con intervenciones urbanas que van m\u00e1s all\u00e1 de las v\u00edas. De acuerdo con informaci\u00f3n oficial del municipio, la obra contempla [&hellip;]","og_url":"https:\/\/elhijodelllanero.mx\/index.php\/2026\/04\/14\/tren-de-pasajeros-transformara-celaya-con-tramos-a-ras-de-suelo-tunel-y-viaducto\/","og_site_name":"El Hijo del llanero solititito","article_published_time":"2026-04-14T22:29:24+00:00","og_image":[{"width":2560,"height":2560,"url":"https:\/\/elhijodelllanero.mx\/wp-content\/uploads\/2026\/04\/20260414_162639-COLLAGE-scaled.jpg","type":"image\/jpeg"}],"author":"Mar\u00eda de la Paz Rodarte Ram\u00edrez","twitter_card":"summary_large_image","twitter_misc":{"Escrito por":"Mar\u00eda de la Paz Rodarte Ram\u00edrez","Tiempo de lectura":"2 minutos"},"schema":{"@context":"https:\/\/schema.org","@graph":[{"@type":"Article","@id":"https:\/\/elhijodelllanero.mx\/index.php\/2026\/04\/14\/tren-de-pasajeros-transformara-celaya-con-tramos-a-ras-de-suelo-tunel-y-viaducto\/#article","isPartOf":{"@id":"https:\/\/elhijodelllanero.mx\/index.php\/2026\/04\/14\/tren-de-pasajeros-transformara-celaya-con-tramos-a-ras-de-suelo-tunel-y-viaducto\/"},"author":{"name":"Mar\u00eda de la Paz Rodarte Ram\u00edrez","@id":"https:\/\/elhijodelllanero.mx\/#\/schema\/person\/c7f8c86c55c1eab44ae2b93a9628245f"},"headline":"Tren de pasajeros transformar\u00e1 Celaya con tramos a ras de suelo, t\u00fanel y viaducto.","datePublished":"2026-04-14T22:29:24+00:00","mainEntityOfPage":{"@id":"https:\/\/elhijodelllanero.mx\/index.php\/2026\/04\/14\/tren-de-pasajeros-transformara-celaya-con-tramos-a-ras-de-suelo-tunel-y-viaducto\/"},"wordCount":303,"commentCount":0,"image":{"@id":"https:\/\/elhijodelllanero.mx\/index.php\/2026\/04\/14\/tren-de-pasajeros-transformara-celaya-con-tramos-a-ras-de-suelo-tunel-y-viaducto\/#primaryimage"},"thumbnailUrl":"https:\/\/i0.wp.com\/elhijodelllanero.mx\/wp-content\/uploads\/2026\/04\/20260414_162639-COLLAGE-scaled.jpg?fit=2560%2C2560&ssl=1","articleSection":["CELAYA"],"inLanguage":"es","potentialAction":[{"@type":"CommentAction","name":"Comment","target":["https:\/\/elhijodelllanero.mx\/index.php\/2026\/04\/14\/tren-de-pasajeros-transformara-celaya-con-tramos-a-ras-de-suelo-tunel-y-viaducto\/#respond"]}]},{"@type":"WebPage","@id":"https:\/\/elhijodelllanero.mx\/index.php\/2026\/04\/14\/tren-de-pasajeros-transformara-celaya-con-tramos-a-ras-de-suelo-tunel-y-viaducto\/","url":"https:\/\/elhijodelllanero.mx\/index.php\/2026\/04\/14\/tren-de-pasajeros-transformara-celaya-con-tramos-a-ras-de-suelo-tunel-y-viaducto\/","name":"Tren de pasajeros transformar\u00e1 Celaya con tramos a ras de suelo, t\u00fanel y viaducto. - El Hijo del llanero solititito","isPartOf":{"@id":"https:\/\/elhijodelllanero.mx\/#website"},"primaryImageOfPage":{"@id":"https:\/\/elhijodelllanero.mx\/index.php\/2026\/04\/14\/tren-de-pasajeros-transformara-celaya-con-tramos-a-ras-de-suelo-tunel-y-viaducto\/#primaryimage"},"image":{"@id":"https:\/\/elhijodelllanero.mx\/index.php\/2026\/04\/14\/tren-de-pasajeros-transformara-celaya-con-tramos-a-ras-de-suelo-tunel-y-viaducto\/#primaryimage"},"thumbnailUrl":"https:\/\/i0.wp.com\/elhijodelllanero.mx\/wp-content\/uploads\/2026\/04\/20260414_162639-COLLAGE-scaled.jpg?fit=2560%2C2560&ssl=1","datePublished":"2026-04-14T22:29:24+00:00","author":{"@id":"https:\/\/elhijodelllanero.mx\/#\/schema\/person\/c7f8c86c55c1eab44ae2b93a9628245f"},"breadcrumb":{"@id":"https:\/\/elhijodelllanero.mx\/index.php\/2026\/04\/14\/tren-de-pasajeros-transformara-celaya-con-tramos-a-ras-de-suelo-tunel-y-viaducto\/#breadcrumb"},"inLanguage":"es","potentialAction":[{"@type":"ReadAction","target":["https:\/\/elhijodelllanero.mx\/index.php\/2026\/04\/14\/tren-de-pasajeros-transformara-celaya-con-tramos-a-ras-de-suelo-tunel-y-viaducto\/"]}]},{"@type":"ImageObject","inLanguage":"es","@id":"https:\/\/elhijodelllanero.mx\/index.php\/2026\/04\/14\/tren-de-pasajeros-transformara-celaya-con-tramos-a-ras-de-suelo-tunel-y-viaducto\/#primaryimage","url":"https:\/\/i0.wp.com\/elhijodelllanero.mx\/wp-content\/uploads\/2026\/04\/20260414_162639-COLLAGE-scaled.jpg?fit=2560%2C2560&ssl=1","contentUrl":"https:\/\/i0.wp.com\/elhijodelllanero.mx\/wp-content\/uploads\/2026\/04\/20260414_162639-COLLAGE-scaled.jpg?fit=2560%2C2560&ssl=1","width":2560,"height":2560},{"@type":"BreadcrumbList","@id":"https:\/\/elhijodelllanero.mx\/index.php\/2026\/04\/14\/tren-de-pasajeros-transformara-celaya-con-tramos-a-ras-de-suelo-tunel-y-viaducto\/#breadcrumb","itemListElement":[{"@type":"ListItem","position":1,"name":"Portada","item":"https:\/\/elhijodelllanero.mx\/"},{"@type":"ListItem","position":2,"name":"Tren de pasajeros transformar\u00e1 Celaya con tramos a ras de suelo, t\u00fanel y viaducto."}]},{"@type":"WebSite","@id":"https:\/\/elhijodelllanero.mx\/#website","url":"https:\/\/elhijodelllanero.mx\/","name":"El Hijo del llanero solititito","description":"","potentialAction":[{"@type":"SearchAction","target":{"@type":"EntryPoint","urlTemplate":"https:\/\/elhijodelllanero.mx\/?s={search_term_string}"},"query-input":{"@type":"PropertyValueSpecification","valueRequired":true,"valueName":"search_term_string"}}],"inLanguage":"es"},{"@type":"Person","@id":"https:\/\/elhijodelllanero.mx\/#\/schema\/person\/c7f8c86c55c1eab44ae2b93a9628245f","name":"Mar\u00eda de la Paz Rodarte Ram\u00edrez","image":{"@type":"ImageObject","inLanguage":"es","@id":"https:\/\/secure.gravatar.com\/avatar\/1f38f8518b09a266af73da2bce78d69e7d1275299970134ed62f572e0487e1d0?s=96&d=mm&r=g","url":"https:\/\/secure.gravatar.com\/avatar\/1f38f8518b09a266af73da2bce78d69e7d1275299970134ed62f572e0487e1d0?s=96&d=mm&r=g","contentUrl":"https:\/\/secure.gravatar.com\/avatar\/1f38f8518b09a266af73da2bce78d69e7d1275299970134ed62f572e0487e1d0?s=96&d=mm&r=g","caption":"Mar\u00eda de la Paz Rodarte Ram\u00edrez"},"sameAs":["https:\/\/www.elhijodelllanero.mx"],"url":"https:\/\/elhijodelllanero.mx\/index.php\/author\/maricuas\/"}]}},"jetpack_featured_media_url":"https:\/\/i0.wp.com\/elhijodelllanero.mx\/wp-content\/uploads\/2026\/04\/20260414_162639-COLLAGE-scaled.jpg?fit=2560%2C2560&ssl=1","jetpack-related-posts":[],"jetpack_sharing_enabled":true,"_links":{"self":[{"href":"https:\/\/elhijodelllanero.mx\/index.php\/wp-json\/wp\/v2\/posts\/13826","targetHints":{"allow":["GET"]}}],"collection":[{"href":"https:\/\/elhijodelllanero.mx\/index.php\/wp-json\/wp\/v2\/posts"}],"about":[{"href":"https:\/\/elhijodelllanero.mx\/index.php\/wp-json\/wp\/v2\/types\/post"}],"author":[{"embeddable":true,"href":"https:\/\/elhijodelllanero.mx\/index.php\/wp-json\/wp\/v2\/users\/3"}],"replies":[{"embeddable":true,"href":"https:\/\/elhijodelllanero.mx\/index.php\/wp-json\/wp\/v2\/comments?post=13826"}],"version-history":[{"count":1,"href":"https:\/\/elhijodelllanero.mx\/index.php\/wp-json\/wp\/v2\/posts\/13826\/revisions"}],"predecessor-version":[{"id":13828,"href":"https:\/\/elhijodelllanero.mx\/index.php\/wp-json\/wp\/v2\/posts\/13826\/revisions\/13828"}],"wp:featuredmedia":[{"embeddable":true,"href":"https:\/\/elhijodelllanero.mx\/index.php\/wp-json\/wp\/v2\/media\/13827"}],"wp:attachment":[{"href":"https:\/\/elhijodelllanero.mx\/index.php\/wp-json\/wp\/v2\/media?parent=13826"}],"wp:term":[{"taxonomy":"category","embeddable":true,"href":"https:\/\/elhijodelllanero.mx\/index.php\/wp-json\/wp\/v2\/categories?post=13826"},{"taxonomy":"post_tag","embeddable":true,"href":"https:\/\/elhijodelllanero.mx\/index.php\/wp-json\/wp\/v2\/tags?post=13826"}],"curies":[{"name":"wp","href":"https:\/\/api.w.org\/{rel}","templated":true}]}}