{"id":13832,"date":"2026-04-14T16:37:32","date_gmt":"2026-04-14T22:37:32","guid":{"rendered":"https:\/\/elhijodelllanero.mx\/?p=13832"},"modified":"2026-04-14T16:37:32","modified_gmt":"2026-04-14T22:37:32","slug":"incluso-tras-las-rejas-buscan-romper-ciclos-de-violencia-en-gto","status":"publish","type":"post","link":"https:\/\/elhijodelllanero.mx\/index.php\/2026\/04\/14\/incluso-tras-las-rejas-buscan-romper-ciclos-de-violencia-en-gto\/","title":{"rendered":"Incluso tras las rejas: buscan romper ciclos de violencia en Gto."},"content":{"rendered":"<p>Guanajuato, Gto. 14 de abril de 2026.-En los centros penitenciarios del estado tambi\u00e9n se habla de respeto, derechos y segundas oportunidades. La Secretar\u00eda de las Mujeres, junto con la Secretar\u00eda de Seguridad y Paz, llev\u00f3 jornadas de sensibilizaci\u00f3n bajo el nombre \u201cUna vida libre de violencia\u201d, dirigidas a personas privadas de la libertad.<\/p>\n<p>M\u00e1s de 300 internos, entre ellos 146 mujeres, participaron en estas pl\u00e1ticas realizadas en Valle de Santiago, Guanajuato, Le\u00f3n y el centro especializado para adolescentes. El objetivo no es menor: entender la violencia, reconocerla y empezar a romper con esos patrones que muchas veces vienen desde mucho antes de llegar a prisi\u00f3n.<\/p>\n<p>Hoy, alrededor de 400 mujeres forman parte de la poblaci\u00f3n penitenciaria en el estado. Detr\u00e1s de cada n\u00famero hay historias complejas, errores, contextos\u2026 pero tambi\u00e9n la posibilidad de aprender algo distinto.<\/p>\n<p>Estas acciones buscan justo eso: sembrar conciencia donde pocas veces se mira, recordando que el respeto y la igualdad no deber\u00edan tener excepciones, ni siquiera dentro de un penal.<\/p>\n","protected":false},"excerpt":{"rendered":"<p>Guanajuato, Gto. 14 de abril de 2026.-En los centros penitenciarios del estado tambi\u00e9n se habla de respeto, derechos y segundas oportunidades. La Secretar\u00eda de las Mujeres, junto con la Secretar\u00eda de Seguridad y Paz, llev\u00f3 jornadas de sensibilizaci\u00f3n bajo el nombre \u201cUna vida libre de violencia\u201d, dirigidas a personas privadas de la libertad. M\u00e1s de [&hellip;]<\/p>\n","protected":false},"author":3,"featured_media":13833,"comment_status":"open","ping_status":"closed","sticky":false,"template":"","format":"standard","meta":{"_jetpack_newsletter_access":"","_jetpack_dont_email_post_to_subs":false,"_jetpack_newsletter_tier_id":0,"_jetpack_memberships_contains_paywalled_content":false,"_jetpack_memberships_contains_paid_content":false,"footnotes":""},"categories":[38],"tags":[],"class_list":{"0":"post-13832","1":"post","2":"type-post","3":"status-publish","4":"format-standard","5":"has-post-thumbnail","7":"category-estado"},"yoast_head":"<!-- This site is optimized with the Yoast SEO plugin v27.3 - https:\/\/yoast.com\/product\/yoast-seo-wordpress\/ -->\n<title>Incluso tras las rejas: buscan romper ciclos de violencia en Gto. - El Hijo del llanero solititito<\/title>\n<meta name=\"robots\" content=\"index, follow, max-snippet:-1, max-image-preview:large, max-video-preview:-1\" \/>\n<link rel=\"canonical\" href=\"https:\/\/elhijodelllanero.mx\/index.php\/2026\/04\/14\/incluso-tras-las-rejas-buscan-romper-ciclos-de-violencia-en-gto\/\" \/>\n<meta property=\"og:locale\" content=\"es_ES\" \/>\n<meta property=\"og:type\" content=\"article\" \/>\n<meta property=\"og:title\" content=\"Incluso tras las rejas: buscan romper ciclos de violencia en Gto. - El Hijo del llanero solititito\" \/>\n<meta property=\"og:description\" content=\"Guanajuato, Gto. 14 de abril de 2026.-En los centros penitenciarios del estado tambi\u00e9n se habla de respeto, derechos y segundas oportunidades. La Secretar\u00eda de las Mujeres, junto con la Secretar\u00eda de Seguridad y Paz, llev\u00f3 jornadas de sensibilizaci\u00f3n bajo el nombre \u201cUna vida libre de violencia\u201d, dirigidas a personas privadas de la libertad. M\u00e1s de [&hellip;]\" \/>\n<meta property=\"og:url\" content=\"https:\/\/elhijodelllanero.mx\/index.php\/2026\/04\/14\/incluso-tras-las-rejas-buscan-romper-ciclos-de-violencia-en-gto\/\" \/>\n<meta property=\"og:site_name\" content=\"El Hijo del llanero solititito\" \/>\n<meta property=\"article:published_time\" content=\"2026-04-14T22:37:32+00:00\" \/>\n<meta property=\"og:image\" content=\"https:\/\/elhijodelllanero.mx\/wp-content\/uploads\/2026\/04\/IMG-20260414-WA0018.jpg\" \/>\n\t<meta property=\"og:image:width\" content=\"1280\" \/>\n\t<meta property=\"og:image:height\" content=\"960\" \/>\n\t<meta property=\"og:image:type\" content=\"image\/jpeg\" \/>\n<meta name=\"author\" content=\"Mar\u00eda de la Paz Rodarte Ram\u00edrez\" \/>\n<meta name=\"twitter:card\" content=\"summary_large_image\" \/>\n<meta name=\"twitter:label1\" content=\"Escrito por\" \/>\n\t<meta name=\"twitter:data1\" content=\"Mar\u00eda de la Paz Rodarte Ram\u00edrez\" \/>\n\t<meta name=\"twitter:label2\" content=\"Tiempo de lectura\" \/>\n\t<meta name=\"twitter:data2\" content=\"1 minuto\" \/>\n<script type=\"application\/ld+json\" class=\"yoast-schema-graph\">{\"@context\":\"https:\\\/\\\/schema.org\",\"@graph\":[{\"@type\":\"Article\",\"@id\":\"https:\\\/\\\/elhijodelllanero.mx\\\/index.php\\\/2026\\\/04\\\/14\\\/incluso-tras-las-rejas-buscan-romper-ciclos-de-violencia-en-gto\\\/#article\",\"isPartOf\":{\"@id\":\"https:\\\/\\\/elhijodelllanero.mx\\\/index.php\\\/2026\\\/04\\\/14\\\/incluso-tras-las-rejas-buscan-romper-ciclos-de-violencia-en-gto\\\/\"},\"author\":{\"name\":\"Mar\u00eda de la Paz Rodarte Ram\u00edrez\",\"@id\":\"https:\\\/\\\/elhijodelllanero.mx\\\/#\\\/schema\\\/person\\\/c7f8c86c55c1eab44ae2b93a9628245f\"},\"headline\":\"Incluso tras las rejas: buscan romper ciclos de violencia en Gto.\",\"datePublished\":\"2026-04-14T22:37:32+00:00\",\"mainEntityOfPage\":{\"@id\":\"https:\\\/\\\/elhijodelllanero.mx\\\/index.php\\\/2026\\\/04\\\/14\\\/incluso-tras-las-rejas-buscan-romper-ciclos-de-violencia-en-gto\\\/\"},\"wordCount\":185,\"commentCount\":0,\"image\":{\"@id\":\"https:\\\/\\\/elhijodelllanero.mx\\\/index.php\\\/2026\\\/04\\\/14\\\/incluso-tras-las-rejas-buscan-romper-ciclos-de-violencia-en-gto\\\/#primaryimage\"},\"thumbnailUrl\":\"https:\\\/\\\/i0.wp.com\\\/elhijodelllanero.mx\\\/wp-content\\\/uploads\\\/2026\\\/04\\\/IMG-20260414-WA0018.jpg?fit=1280%2C960&ssl=1\",\"articleSection\":[\"ESTADO\"],\"inLanguage\":\"es\",\"potentialAction\":[{\"@type\":\"CommentAction\",\"name\":\"Comment\",\"target\":[\"https:\\\/\\\/elhijodelllanero.mx\\\/index.php\\\/2026\\\/04\\\/14\\\/incluso-tras-las-rejas-buscan-romper-ciclos-de-violencia-en-gto\\\/#respond\"]}]},{\"@type\":\"WebPage\",\"@id\":\"https:\\\/\\\/elhijodelllanero.mx\\\/index.php\\\/2026\\\/04\\\/14\\\/incluso-tras-las-rejas-buscan-romper-ciclos-de-violencia-en-gto\\\/\",\"url\":\"https:\\\/\\\/elhijodelllanero.mx\\\/index.php\\\/2026\\\/04\\\/14\\\/incluso-tras-las-rejas-buscan-romper-ciclos-de-violencia-en-gto\\\/\",\"name\":\"Incluso tras las rejas: buscan romper ciclos de violencia en Gto. - El Hijo del llanero solititito\",\"isPartOf\":{\"@id\":\"https:\\\/\\\/elhijodelllanero.mx\\\/#website\"},\"primaryImageOfPage\":{\"@id\":\"https:\\\/\\\/elhijodelllanero.mx\\\/index.php\\\/2026\\\/04\\\/14\\\/incluso-tras-las-rejas-buscan-romper-ciclos-de-violencia-en-gto\\\/#primaryimage\"},\"image\":{\"@id\":\"https:\\\/\\\/elhijodelllanero.mx\\\/index.php\\\/2026\\\/04\\\/14\\\/incluso-tras-las-rejas-buscan-romper-ciclos-de-violencia-en-gto\\\/#primaryimage\"},\"thumbnailUrl\":\"https:\\\/\\\/i0.wp.com\\\/elhijodelllanero.mx\\\/wp-content\\\/uploads\\\/2026\\\/04\\\/IMG-20260414-WA0018.jpg?fit=1280%2C960&ssl=1\",\"datePublished\":\"2026-04-14T22:37:32+00:00\",\"author\":{\"@id\":\"https:\\\/\\\/elhijodelllanero.mx\\\/#\\\/schema\\\/person\\\/c7f8c86c55c1eab44ae2b93a9628245f\"},\"breadcrumb\":{\"@id\":\"https:\\\/\\\/elhijodelllanero.mx\\\/index.php\\\/2026\\\/04\\\/14\\\/incluso-tras-las-rejas-buscan-romper-ciclos-de-violencia-en-gto\\\/#breadcrumb\"},\"inLanguage\":\"es\",\"potentialAction\":[{\"@type\":\"ReadAction\",\"target\":[\"https:\\\/\\\/elhijodelllanero.mx\\\/index.php\\\/2026\\\/04\\\/14\\\/incluso-tras-las-rejas-buscan-romper-ciclos-de-violencia-en-gto\\\/\"]}]},{\"@type\":\"ImageObject\",\"inLanguage\":\"es\",\"@id\":\"https:\\\/\\\/elhijodelllanero.mx\\\/index.php\\\/2026\\\/04\\\/14\\\/incluso-tras-las-rejas-buscan-romper-ciclos-de-violencia-en-gto\\\/#primaryimage\",\"url\":\"https:\\\/\\\/i0.wp.com\\\/elhijodelllanero.mx\\\/wp-content\\\/uploads\\\/2026\\\/04\\\/IMG-20260414-WA0018.jpg?fit=1280%2C960&ssl=1\",\"contentUrl\":\"https:\\\/\\\/i0.wp.com\\\/elhijodelllanero.mx\\\/wp-content\\\/uploads\\\/2026\\\/04\\\/IMG-20260414-WA0018.jpg?fit=1280%2C960&ssl=1\",\"width\":1280,\"height\":960},{\"@type\":\"BreadcrumbList\",\"@id\":\"https:\\\/\\\/elhijodelllanero.mx\\\/index.php\\\/2026\\\/04\\\/14\\\/incluso-tras-las-rejas-buscan-romper-ciclos-de-violencia-en-gto\\\/#breadcrumb\",\"itemListElement\":[{\"@type\":\"ListItem\",\"position\":1,\"name\":\"Portada\",\"item\":\"https:\\\/\\\/elhijodelllanero.mx\\\/\"},{\"@type\":\"ListItem\",\"position\":2,\"name\":\"Incluso tras las rejas: buscan romper ciclos de violencia en Gto.\"}]},{\"@type\":\"WebSite\",\"@id\":\"https:\\\/\\\/elhijodelllanero.mx\\\/#website\",\"url\":\"https:\\\/\\\/elhijodelllanero.mx\\\/\",\"name\":\"El Hijo del llanero solititito\",\"description\":\"\",\"potentialAction\":[{\"@type\":\"SearchAction\",\"target\":{\"@type\":\"EntryPoint\",\"urlTemplate\":\"https:\\\/\\\/elhijodelllanero.mx\\\/?s={search_term_string}\"},\"query-input\":{\"@type\":\"PropertyValueSpecification\",\"valueRequired\":true,\"valueName\":\"search_term_string\"}}],\"inLanguage\":\"es\"},{\"@type\":\"Person\",\"@id\":\"https:\\\/\\\/elhijodelllanero.mx\\\/#\\\/schema\\\/person\\\/c7f8c86c55c1eab44ae2b93a9628245f\",\"name\":\"Mar\u00eda de la Paz Rodarte Ram\u00edrez\",\"image\":{\"@type\":\"ImageObject\",\"inLanguage\":\"es\",\"@id\":\"https:\\\/\\\/secure.gravatar.com\\\/avatar\\\/1f38f8518b09a266af73da2bce78d69e7d1275299970134ed62f572e0487e1d0?s=96&d=mm&r=g\",\"url\":\"https:\\\/\\\/secure.gravatar.com\\\/avatar\\\/1f38f8518b09a266af73da2bce78d69e7d1275299970134ed62f572e0487e1d0?s=96&d=mm&r=g\",\"contentUrl\":\"https:\\\/\\\/secure.gravatar.com\\\/avatar\\\/1f38f8518b09a266af73da2bce78d69e7d1275299970134ed62f572e0487e1d0?s=96&d=mm&r=g\",\"caption\":\"Mar\u00eda de la Paz Rodarte Ram\u00edrez\"},\"sameAs\":[\"https:\\\/\\\/www.elhijodelllanero.mx\"],\"url\":\"https:\\\/\\\/elhijodelllanero.mx\\\/index.php\\\/author\\\/maricuas\\\/\"}]}<\/script>\n<!-- \/ Yoast SEO plugin. -->","yoast_head_json":{"title":"Incluso tras las rejas: buscan romper ciclos de violencia en Gto. - El Hijo del llanero solititito","robots":{"index":"index","follow":"follow","max-snippet":"max-snippet:-1","max-image-preview":"max-image-preview:large","max-video-preview":"max-video-preview:-1"},"canonical":"https:\/\/elhijodelllanero.mx\/index.php\/2026\/04\/14\/incluso-tras-las-rejas-buscan-romper-ciclos-de-violencia-en-gto\/","og_locale":"es_ES","og_type":"article","og_title":"Incluso tras las rejas: buscan romper ciclos de violencia en Gto. - El Hijo del llanero solititito","og_description":"Guanajuato, Gto. 14 de abril de 2026.-En los centros penitenciarios del estado tambi\u00e9n se habla de respeto, derechos y segundas oportunidades. La Secretar\u00eda de las Mujeres, junto con la Secretar\u00eda de Seguridad y Paz, llev\u00f3 jornadas de sensibilizaci\u00f3n bajo el nombre \u201cUna vida libre de violencia\u201d, dirigidas a personas privadas de la libertad. M\u00e1s de [&hellip;]","og_url":"https:\/\/elhijodelllanero.mx\/index.php\/2026\/04\/14\/incluso-tras-las-rejas-buscan-romper-ciclos-de-violencia-en-gto\/","og_site_name":"El Hijo del llanero solititito","article_published_time":"2026-04-14T22:37:32+00:00","og_image":[{"width":1280,"height":960,"url":"https:\/\/elhijodelllanero.mx\/wp-content\/uploads\/2026\/04\/IMG-20260414-WA0018.jpg","type":"image\/jpeg"}],"author":"Mar\u00eda de la Paz Rodarte Ram\u00edrez","twitter_card":"summary_large_image","twitter_misc":{"Escrito por":"Mar\u00eda de la Paz Rodarte Ram\u00edrez","Tiempo de lectura":"1 minuto"},"schema":{"@context":"https:\/\/schema.org","@graph":[{"@type":"Article","@id":"https:\/\/elhijodelllanero.mx\/index.php\/2026\/04\/14\/incluso-tras-las-rejas-buscan-romper-ciclos-de-violencia-en-gto\/#article","isPartOf":{"@id":"https:\/\/elhijodelllanero.mx\/index.php\/2026\/04\/14\/incluso-tras-las-rejas-buscan-romper-ciclos-de-violencia-en-gto\/"},"author":{"name":"Mar\u00eda de la Paz Rodarte Ram\u00edrez","@id":"https:\/\/elhijodelllanero.mx\/#\/schema\/person\/c7f8c86c55c1eab44ae2b93a9628245f"},"headline":"Incluso tras las rejas: buscan romper ciclos de violencia en Gto.","datePublished":"2026-04-14T22:37:32+00:00","mainEntityOfPage":{"@id":"https:\/\/elhijodelllanero.mx\/index.php\/2026\/04\/14\/incluso-tras-las-rejas-buscan-romper-ciclos-de-violencia-en-gto\/"},"wordCount":185,"commentCount":0,"image":{"@id":"https:\/\/elhijodelllanero.mx\/index.php\/2026\/04\/14\/incluso-tras-las-rejas-buscan-romper-ciclos-de-violencia-en-gto\/#primaryimage"},"thumbnailUrl":"https:\/\/i0.wp.com\/elhijodelllanero.mx\/wp-content\/uploads\/2026\/04\/IMG-20260414-WA0018.jpg?fit=1280%2C960&ssl=1","articleSection":["ESTADO"],"inLanguage":"es","potentialAction":[{"@type":"CommentAction","name":"Comment","target":["https:\/\/elhijodelllanero.mx\/index.php\/2026\/04\/14\/incluso-tras-las-rejas-buscan-romper-ciclos-de-violencia-en-gto\/#respond"]}]},{"@type":"WebPage","@id":"https:\/\/elhijodelllanero.mx\/index.php\/2026\/04\/14\/incluso-tras-las-rejas-buscan-romper-ciclos-de-violencia-en-gto\/","url":"https:\/\/elhijodelllanero.mx\/index.php\/2026\/04\/14\/incluso-tras-las-rejas-buscan-romper-ciclos-de-violencia-en-gto\/","name":"Incluso tras las rejas: buscan romper ciclos de violencia en Gto. - El Hijo del llanero solititito","isPartOf":{"@id":"https:\/\/elhijodelllanero.mx\/#website"},"primaryImageOfPage":{"@id":"https:\/\/elhijodelllanero.mx\/index.php\/2026\/04\/14\/incluso-tras-las-rejas-buscan-romper-ciclos-de-violencia-en-gto\/#primaryimage"},"image":{"@id":"https:\/\/elhijodelllanero.mx\/index.php\/2026\/04\/14\/incluso-tras-las-rejas-buscan-romper-ciclos-de-violencia-en-gto\/#primaryimage"},"thumbnailUrl":"https:\/\/i0.wp.com\/elhijodelllanero.mx\/wp-content\/uploads\/2026\/04\/IMG-20260414-WA0018.jpg?fit=1280%2C960&ssl=1","datePublished":"2026-04-14T22:37:32+00:00","author":{"@id":"https:\/\/elhijodelllanero.mx\/#\/schema\/person\/c7f8c86c55c1eab44ae2b93a9628245f"},"breadcrumb":{"@id":"https:\/\/elhijodelllanero.mx\/index.php\/2026\/04\/14\/incluso-tras-las-rejas-buscan-romper-ciclos-de-violencia-en-gto\/#breadcrumb"},"inLanguage":"es","potentialAction":[{"@type":"ReadAction","target":["https:\/\/elhijodelllanero.mx\/index.php\/2026\/04\/14\/incluso-tras-las-rejas-buscan-romper-ciclos-de-violencia-en-gto\/"]}]},{"@type":"ImageObject","inLanguage":"es","@id":"https:\/\/elhijodelllanero.mx\/index.php\/2026\/04\/14\/incluso-tras-las-rejas-buscan-romper-ciclos-de-violencia-en-gto\/#primaryimage","url":"https:\/\/i0.wp.com\/elhijodelllanero.mx\/wp-content\/uploads\/2026\/04\/IMG-20260414-WA0018.jpg?fit=1280%2C960&ssl=1","contentUrl":"https:\/\/i0.wp.com\/elhijodelllanero.mx\/wp-content\/uploads\/2026\/04\/IMG-20260414-WA0018.jpg?fit=1280%2C960&ssl=1","width":1280,"height":960},{"@type":"BreadcrumbList","@id":"https:\/\/elhijodelllanero.mx\/index.php\/2026\/04\/14\/incluso-tras-las-rejas-buscan-romper-ciclos-de-violencia-en-gto\/#breadcrumb","itemListElement":[{"@type":"ListItem","position":1,"name":"Portada","item":"https:\/\/elhijodelllanero.mx\/"},{"@type":"ListItem","position":2,"name":"Incluso tras las rejas: buscan romper ciclos de violencia en Gto."}]},{"@type":"WebSite","@id":"https:\/\/elhijodelllanero.mx\/#website","url":"https:\/\/elhijodelllanero.mx\/","name":"El Hijo del llanero solititito","description":"","potentialAction":[{"@type":"SearchAction","target":{"@type":"EntryPoint","urlTemplate":"https:\/\/elhijodelllanero.mx\/?s={search_term_string}"},"query-input":{"@type":"PropertyValueSpecification","valueRequired":true,"valueName":"search_term_string"}}],"inLanguage":"es"},{"@type":"Person","@id":"https:\/\/elhijodelllanero.mx\/#\/schema\/person\/c7f8c86c55c1eab44ae2b93a9628245f","name":"Mar\u00eda de la Paz Rodarte Ram\u00edrez","image":{"@type":"ImageObject","inLanguage":"es","@id":"https:\/\/secure.gravatar.com\/avatar\/1f38f8518b09a266af73da2bce78d69e7d1275299970134ed62f572e0487e1d0?s=96&d=mm&r=g","url":"https:\/\/secure.gravatar.com\/avatar\/1f38f8518b09a266af73da2bce78d69e7d1275299970134ed62f572e0487e1d0?s=96&d=mm&r=g","contentUrl":"https:\/\/secure.gravatar.com\/avatar\/1f38f8518b09a266af73da2bce78d69e7d1275299970134ed62f572e0487e1d0?s=96&d=mm&r=g","caption":"Mar\u00eda de la Paz Rodarte Ram\u00edrez"},"sameAs":["https:\/\/www.elhijodelllanero.mx"],"url":"https:\/\/elhijodelllanero.mx\/index.php\/author\/maricuas\/"}]}},"jetpack_featured_media_url":"https:\/\/i0.wp.com\/elhijodelllanero.mx\/wp-content\/uploads\/2026\/04\/IMG-20260414-WA0018.jpg?fit=1280%2C960&ssl=1","jetpack-related-posts":[],"jetpack_sharing_enabled":true,"_links":{"self":[{"href":"https:\/\/elhijodelllanero.mx\/index.php\/wp-json\/wp\/v2\/posts\/13832","targetHints":{"allow":["GET"]}}],"collection":[{"href":"https:\/\/elhijodelllanero.mx\/index.php\/wp-json\/wp\/v2\/posts"}],"about":[{"href":"https:\/\/elhijodelllanero.mx\/index.php\/wp-json\/wp\/v2\/types\/post"}],"author":[{"embeddable":true,"href":"https:\/\/elhijodelllanero.mx\/index.php\/wp-json\/wp\/v2\/users\/3"}],"replies":[{"embeddable":true,"href":"https:\/\/elhijodelllanero.mx\/index.php\/wp-json\/wp\/v2\/comments?post=13832"}],"version-history":[{"count":1,"href":"https:\/\/elhijodelllanero.mx\/index.php\/wp-json\/wp\/v2\/posts\/13832\/revisions"}],"predecessor-version":[{"id":13834,"href":"https:\/\/elhijodelllanero.mx\/index.php\/wp-json\/wp\/v2\/posts\/13832\/revisions\/13834"}],"wp:featuredmedia":[{"embeddable":true,"href":"https:\/\/elhijodelllanero.mx\/index.php\/wp-json\/wp\/v2\/media\/13833"}],"wp:attachment":[{"href":"https:\/\/elhijodelllanero.mx\/index.php\/wp-json\/wp\/v2\/media?parent=13832"}],"wp:term":[{"taxonomy":"category","embeddable":true,"href":"https:\/\/elhijodelllanero.mx\/index.php\/wp-json\/wp\/v2\/categories?post=13832"},{"taxonomy":"post_tag","embeddable":true,"href":"https:\/\/elhijodelllanero.mx\/index.php\/wp-json\/wp\/v2\/tags?post=13832"}],"curies":[{"name":"wp","href":"https:\/\/api.w.org\/{rel}","templated":true}]}}