{"id":14023,"date":"2026-04-20T19:50:38","date_gmt":"2026-04-21T01:50:38","guid":{"rendered":"https:\/\/elhijodelllanero.mx\/?p=14023"},"modified":"2026-04-20T19:50:38","modified_gmt":"2026-04-21T01:50:38","slug":"muerte-de-saul-banda-sigue-sin-claridad-alcalde-apunta-a-infarto","status":"publish","type":"post","link":"https:\/\/elhijodelllanero.mx\/index.php\/2026\/04\/20\/muerte-de-saul-banda-sigue-sin-claridad-alcalde-apunta-a-infarto\/","title":{"rendered":"MUERTE DE SA\u00daL BANDA SIGUE SIN CLARIDAD; ALCALDE APUNTA A INFARTO."},"content":{"rendered":"<p>Celaya, Gto. 20 de abril del 2026.-La muerte de Sa\u00fal Banda, presidente del Consejo Directivo de la Cruz Roja Mexicana en Celaya, contin\u00faa sin una versi\u00f3n definitiva. El alcalde Juan Miguel Ram\u00edrez inform\u00f3 que los primeros reportes indican que habr\u00eda fallecido por un infarto en un hospital, aunque reconoci\u00f3 que a\u00fan no hay certeza total sobre lo ocurrido.<\/p>\n<p>\u201cNo sabemos bien realmente qu\u00e9 pas\u00f3 no, nosotros lo primero a m\u00ed que me dicen es que muri\u00f3 en en un hospital de nosotros y que no llevaba balazo no llevaba heridas de arma blanca, etc\u00e9tera no entonces estoy yo en comunicaci\u00f3n permanente y me dicen que muere de un infarto, todav\u00eda no sabemos si es cierto, pero entonces me van dando informaci\u00f3n de hechos pero luego ya despu\u00e9s lo empiezan a relacionar con un asalto que no sabemos si hubo un asalto, c\u00f3mo fue qu\u00e9 le pidieron etc\u00e9tera, lo cierto es que la primera informaci\u00f3n que yo tengo es que muere por un infarto en un hospital no por por arma de fuego, no por arma blanca, s\u00ed se tiene que investigar porque si no nosotros deducimos si fue por un robo entonces se fue por un robo verdad, entonces tenemos que ver que s\u00ed hubo robo, no hubo robo y luego fue por la consecuencia de un robo, no por un robo, entonces tenemos ver que nosotros tener bien preciso qu\u00e9 pas\u00f3\u201d.<\/p>\n<p>El edil tambi\u00e9n lament\u00f3 la p\u00e9rdida y destac\u00f3 que en pr\u00f3ximos d\u00edas se ten\u00eda prevista la colecta anual de la Cruz Roja en coordinaci\u00f3n con Banda, lo que subraya el impacto de su fallecimiento en el \u00e1mbito social.<\/p>\n<p>En cuanto a las versiones que apuntan a un posible asalto, el presidente municipal se\u00f1al\u00f3 que no existen elementos claros que lo confirmen hasta ahora, por lo que insisti\u00f3 en esperar los resultados de la investigaci\u00f3n.<\/p>\n<p>\u201cTodav\u00eda no pues el a\u00f1o y medio nosotros no podemos terminar con lo que se fue acumulando<span class=\"Apple-converted-space\">\u00a0 <\/span>no por un por unos cuantos a\u00f1os sino por decenas de a\u00f1os y en los \u00faltimos 10 o 12 a\u00f1os de una forma muy fea muy grande se acumul\u00f3 estamos acabando con la delincuencia, pero no lo hemos terminado todav\u00eda nosotros tenemos que tener seguridad, debemos ser precavidos, porque nosotros tenemos en las c\u00e1maras \u00e9ste se baja \u00e9l platica con una persona y luego nos dicen que es un robo, o sea no se ve ah\u00ed que fuera un robo, entonces nosotros todav\u00eda no tenemos la certeza de lo que pas\u00f3 lo cierto es que muri\u00f3 de un infarto en un hospital, eso no fue un robo de veh\u00edculo tampoco, o sea porque si no se hubiera llevado su veh\u00edculo, pero a \u00e9l no le quitaron su veh\u00edculo entonces no es tan f\u00e1cil determinar qu\u00e9 pas\u00f3\u201d.<\/p>\n<p>La investigaci\u00f3n sigue en curso para esclarecer si hubo o no alg\u00fan delito relacionado con su fallecimiento.<\/p>\n","protected":false},"excerpt":{"rendered":"<p>Celaya, Gto. 20 de abril del 2026.-La muerte de Sa\u00fal Banda, presidente del Consejo Directivo de la Cruz Roja Mexicana en Celaya, contin\u00faa sin una versi\u00f3n definitiva. El alcalde Juan Miguel Ram\u00edrez inform\u00f3 que los primeros reportes indican que habr\u00eda fallecido por un infarto en un hospital, aunque reconoci\u00f3 que a\u00fan no hay certeza total [&hellip;]<\/p>\n","protected":false},"author":3,"featured_media":14024,"comment_status":"open","ping_status":"closed","sticky":false,"template":"","format":"standard","meta":{"_jetpack_newsletter_access":"","_jetpack_dont_email_post_to_subs":false,"_jetpack_newsletter_tier_id":0,"_jetpack_memberships_contains_paywalled_content":false,"_jetpack_memberships_contains_paid_content":false,"footnotes":""},"categories":[74],"tags":[],"class_list":{"0":"post-14023","1":"post","2":"type-post","3":"status-publish","4":"format-standard","5":"has-post-thumbnail","7":"category-celaya"},"yoast_head":"<!-- This site is optimized with the Yoast SEO plugin v27.3 - https:\/\/yoast.com\/product\/yoast-seo-wordpress\/ -->\n<title>MUERTE DE SA\u00daL BANDA SIGUE SIN CLARIDAD; ALCALDE APUNTA A INFARTO. - El Hijo del llanero solititito<\/title>\n<meta name=\"robots\" content=\"index, follow, max-snippet:-1, max-image-preview:large, max-video-preview:-1\" \/>\n<link rel=\"canonical\" href=\"https:\/\/elhijodelllanero.mx\/index.php\/2026\/04\/20\/muerte-de-saul-banda-sigue-sin-claridad-alcalde-apunta-a-infarto\/\" \/>\n<meta property=\"og:locale\" content=\"es_ES\" \/>\n<meta property=\"og:type\" content=\"article\" \/>\n<meta property=\"og:title\" content=\"MUERTE DE SA\u00daL BANDA SIGUE SIN CLARIDAD; ALCALDE APUNTA A INFARTO. - El Hijo del llanero solititito\" \/>\n<meta property=\"og:description\" content=\"Celaya, Gto. 20 de abril del 2026.-La muerte de Sa\u00fal Banda, presidente del Consejo Directivo de la Cruz Roja Mexicana en Celaya, contin\u00faa sin una versi\u00f3n definitiva. El alcalde Juan Miguel Ram\u00edrez inform\u00f3 que los primeros reportes indican que habr\u00eda fallecido por un infarto en un hospital, aunque reconoci\u00f3 que a\u00fan no hay certeza total [&hellip;]\" \/>\n<meta property=\"og:url\" content=\"https:\/\/elhijodelllanero.mx\/index.php\/2026\/04\/20\/muerte-de-saul-banda-sigue-sin-claridad-alcalde-apunta-a-infarto\/\" \/>\n<meta property=\"og:site_name\" content=\"El Hijo del llanero solititito\" \/>\n<meta property=\"article:published_time\" content=\"2026-04-21T01:50:38+00:00\" \/>\n<meta property=\"og:image\" content=\"https:\/\/elhijodelllanero.mx\/wp-content\/uploads\/2026\/04\/0cfe709c-5cad-45c0-8899-33b1ce53450c.jpeg\" \/>\n\t<meta property=\"og:image:width\" content=\"1509\" \/>\n\t<meta property=\"og:image:height\" content=\"1600\" \/>\n\t<meta property=\"og:image:type\" content=\"image\/jpeg\" \/>\n<meta name=\"author\" content=\"Mar\u00eda de la Paz Rodarte Ram\u00edrez\" \/>\n<meta name=\"twitter:card\" content=\"summary_large_image\" \/>\n<meta name=\"twitter:label1\" content=\"Escrito por\" \/>\n\t<meta name=\"twitter:data1\" content=\"Mar\u00eda de la Paz Rodarte Ram\u00edrez\" \/>\n\t<meta name=\"twitter:label2\" content=\"Tiempo de lectura\" \/>\n\t<meta name=\"twitter:data2\" content=\"3 minutos\" \/>\n<script type=\"application\/ld+json\" class=\"yoast-schema-graph\">{\"@context\":\"https:\\\/\\\/schema.org\",\"@graph\":[{\"@type\":\"Article\",\"@id\":\"https:\\\/\\\/elhijodelllanero.mx\\\/index.php\\\/2026\\\/04\\\/20\\\/muerte-de-saul-banda-sigue-sin-claridad-alcalde-apunta-a-infarto\\\/#article\",\"isPartOf\":{\"@id\":\"https:\\\/\\\/elhijodelllanero.mx\\\/index.php\\\/2026\\\/04\\\/20\\\/muerte-de-saul-banda-sigue-sin-claridad-alcalde-apunta-a-infarto\\\/\"},\"author\":{\"name\":\"Mar\u00eda de la Paz Rodarte Ram\u00edrez\",\"@id\":\"https:\\\/\\\/elhijodelllanero.mx\\\/#\\\/schema\\\/person\\\/c7f8c86c55c1eab44ae2b93a9628245f\"},\"headline\":\"MUERTE DE SA\u00daL BANDA SIGUE SIN CLARIDAD; ALCALDE APUNTA A INFARTO.\",\"datePublished\":\"2026-04-21T01:50:38+00:00\",\"mainEntityOfPage\":{\"@id\":\"https:\\\/\\\/elhijodelllanero.mx\\\/index.php\\\/2026\\\/04\\\/20\\\/muerte-de-saul-banda-sigue-sin-claridad-alcalde-apunta-a-infarto\\\/\"},\"wordCount\":521,\"commentCount\":0,\"image\":{\"@id\":\"https:\\\/\\\/elhijodelllanero.mx\\\/index.php\\\/2026\\\/04\\\/20\\\/muerte-de-saul-banda-sigue-sin-claridad-alcalde-apunta-a-infarto\\\/#primaryimage\"},\"thumbnailUrl\":\"https:\\\/\\\/i0.wp.com\\\/elhijodelllanero.mx\\\/wp-content\\\/uploads\\\/2026\\\/04\\\/0cfe709c-5cad-45c0-8899-33b1ce53450c.jpeg?fit=1509%2C1600&ssl=1\",\"articleSection\":[\"CELAYA\"],\"inLanguage\":\"es\",\"potentialAction\":[{\"@type\":\"CommentAction\",\"name\":\"Comment\",\"target\":[\"https:\\\/\\\/elhijodelllanero.mx\\\/index.php\\\/2026\\\/04\\\/20\\\/muerte-de-saul-banda-sigue-sin-claridad-alcalde-apunta-a-infarto\\\/#respond\"]}]},{\"@type\":\"WebPage\",\"@id\":\"https:\\\/\\\/elhijodelllanero.mx\\\/index.php\\\/2026\\\/04\\\/20\\\/muerte-de-saul-banda-sigue-sin-claridad-alcalde-apunta-a-infarto\\\/\",\"url\":\"https:\\\/\\\/elhijodelllanero.mx\\\/index.php\\\/2026\\\/04\\\/20\\\/muerte-de-saul-banda-sigue-sin-claridad-alcalde-apunta-a-infarto\\\/\",\"name\":\"MUERTE DE SA\u00daL BANDA SIGUE SIN CLARIDAD; ALCALDE APUNTA A INFARTO. - El Hijo del llanero solititito\",\"isPartOf\":{\"@id\":\"https:\\\/\\\/elhijodelllanero.mx\\\/#website\"},\"primaryImageOfPage\":{\"@id\":\"https:\\\/\\\/elhijodelllanero.mx\\\/index.php\\\/2026\\\/04\\\/20\\\/muerte-de-saul-banda-sigue-sin-claridad-alcalde-apunta-a-infarto\\\/#primaryimage\"},\"image\":{\"@id\":\"https:\\\/\\\/elhijodelllanero.mx\\\/index.php\\\/2026\\\/04\\\/20\\\/muerte-de-saul-banda-sigue-sin-claridad-alcalde-apunta-a-infarto\\\/#primaryimage\"},\"thumbnailUrl\":\"https:\\\/\\\/i0.wp.com\\\/elhijodelllanero.mx\\\/wp-content\\\/uploads\\\/2026\\\/04\\\/0cfe709c-5cad-45c0-8899-33b1ce53450c.jpeg?fit=1509%2C1600&ssl=1\",\"datePublished\":\"2026-04-21T01:50:38+00:00\",\"author\":{\"@id\":\"https:\\\/\\\/elhijodelllanero.mx\\\/#\\\/schema\\\/person\\\/c7f8c86c55c1eab44ae2b93a9628245f\"},\"breadcrumb\":{\"@id\":\"https:\\\/\\\/elhijodelllanero.mx\\\/index.php\\\/2026\\\/04\\\/20\\\/muerte-de-saul-banda-sigue-sin-claridad-alcalde-apunta-a-infarto\\\/#breadcrumb\"},\"inLanguage\":\"es\",\"potentialAction\":[{\"@type\":\"ReadAction\",\"target\":[\"https:\\\/\\\/elhijodelllanero.mx\\\/index.php\\\/2026\\\/04\\\/20\\\/muerte-de-saul-banda-sigue-sin-claridad-alcalde-apunta-a-infarto\\\/\"]}]},{\"@type\":\"ImageObject\",\"inLanguage\":\"es\",\"@id\":\"https:\\\/\\\/elhijodelllanero.mx\\\/index.php\\\/2026\\\/04\\\/20\\\/muerte-de-saul-banda-sigue-sin-claridad-alcalde-apunta-a-infarto\\\/#primaryimage\",\"url\":\"https:\\\/\\\/i0.wp.com\\\/elhijodelllanero.mx\\\/wp-content\\\/uploads\\\/2026\\\/04\\\/0cfe709c-5cad-45c0-8899-33b1ce53450c.jpeg?fit=1509%2C1600&ssl=1\",\"contentUrl\":\"https:\\\/\\\/i0.wp.com\\\/elhijodelllanero.mx\\\/wp-content\\\/uploads\\\/2026\\\/04\\\/0cfe709c-5cad-45c0-8899-33b1ce53450c.jpeg?fit=1509%2C1600&ssl=1\",\"width\":1509,\"height\":1600},{\"@type\":\"BreadcrumbList\",\"@id\":\"https:\\\/\\\/elhijodelllanero.mx\\\/index.php\\\/2026\\\/04\\\/20\\\/muerte-de-saul-banda-sigue-sin-claridad-alcalde-apunta-a-infarto\\\/#breadcrumb\",\"itemListElement\":[{\"@type\":\"ListItem\",\"position\":1,\"name\":\"Portada\",\"item\":\"https:\\\/\\\/elhijodelllanero.mx\\\/\"},{\"@type\":\"ListItem\",\"position\":2,\"name\":\"MUERTE DE SA\u00daL BANDA SIGUE SIN CLARIDAD; ALCALDE APUNTA A INFARTO.\"}]},{\"@type\":\"WebSite\",\"@id\":\"https:\\\/\\\/elhijodelllanero.mx\\\/#website\",\"url\":\"https:\\\/\\\/elhijodelllanero.mx\\\/\",\"name\":\"El Hijo del llanero solititito\",\"description\":\"\",\"potentialAction\":[{\"@type\":\"SearchAction\",\"target\":{\"@type\":\"EntryPoint\",\"urlTemplate\":\"https:\\\/\\\/elhijodelllanero.mx\\\/?s={search_term_string}\"},\"query-input\":{\"@type\":\"PropertyValueSpecification\",\"valueRequired\":true,\"valueName\":\"search_term_string\"}}],\"inLanguage\":\"es\"},{\"@type\":\"Person\",\"@id\":\"https:\\\/\\\/elhijodelllanero.mx\\\/#\\\/schema\\\/person\\\/c7f8c86c55c1eab44ae2b93a9628245f\",\"name\":\"Mar\u00eda de la Paz Rodarte Ram\u00edrez\",\"image\":{\"@type\":\"ImageObject\",\"inLanguage\":\"es\",\"@id\":\"https:\\\/\\\/secure.gravatar.com\\\/avatar\\\/1f38f8518b09a266af73da2bce78d69e7d1275299970134ed62f572e0487e1d0?s=96&d=mm&r=g\",\"url\":\"https:\\\/\\\/secure.gravatar.com\\\/avatar\\\/1f38f8518b09a266af73da2bce78d69e7d1275299970134ed62f572e0487e1d0?s=96&d=mm&r=g\",\"contentUrl\":\"https:\\\/\\\/secure.gravatar.com\\\/avatar\\\/1f38f8518b09a266af73da2bce78d69e7d1275299970134ed62f572e0487e1d0?s=96&d=mm&r=g\",\"caption\":\"Mar\u00eda de la Paz Rodarte Ram\u00edrez\"},\"sameAs\":[\"https:\\\/\\\/www.elhijodelllanero.mx\"],\"url\":\"https:\\\/\\\/elhijodelllanero.mx\\\/index.php\\\/author\\\/maricuas\\\/\"}]}<\/script>\n<!-- \/ Yoast SEO plugin. -->","yoast_head_json":{"title":"MUERTE DE SA\u00daL BANDA SIGUE SIN CLARIDAD; ALCALDE APUNTA A INFARTO. - El Hijo del llanero solititito","robots":{"index":"index","follow":"follow","max-snippet":"max-snippet:-1","max-image-preview":"max-image-preview:large","max-video-preview":"max-video-preview:-1"},"canonical":"https:\/\/elhijodelllanero.mx\/index.php\/2026\/04\/20\/muerte-de-saul-banda-sigue-sin-claridad-alcalde-apunta-a-infarto\/","og_locale":"es_ES","og_type":"article","og_title":"MUERTE DE SA\u00daL BANDA SIGUE SIN CLARIDAD; ALCALDE APUNTA A INFARTO. - El Hijo del llanero solititito","og_description":"Celaya, Gto. 20 de abril del 2026.-La muerte de Sa\u00fal Banda, presidente del Consejo Directivo de la Cruz Roja Mexicana en Celaya, contin\u00faa sin una versi\u00f3n definitiva. El alcalde Juan Miguel Ram\u00edrez inform\u00f3 que los primeros reportes indican que habr\u00eda fallecido por un infarto en un hospital, aunque reconoci\u00f3 que a\u00fan no hay certeza total [&hellip;]","og_url":"https:\/\/elhijodelllanero.mx\/index.php\/2026\/04\/20\/muerte-de-saul-banda-sigue-sin-claridad-alcalde-apunta-a-infarto\/","og_site_name":"El Hijo del llanero solititito","article_published_time":"2026-04-21T01:50:38+00:00","og_image":[{"width":1509,"height":1600,"url":"https:\/\/elhijodelllanero.mx\/wp-content\/uploads\/2026\/04\/0cfe709c-5cad-45c0-8899-33b1ce53450c.jpeg","type":"image\/jpeg"}],"author":"Mar\u00eda de la Paz Rodarte Ram\u00edrez","twitter_card":"summary_large_image","twitter_misc":{"Escrito por":"Mar\u00eda de la Paz Rodarte Ram\u00edrez","Tiempo de lectura":"3 minutos"},"schema":{"@context":"https:\/\/schema.org","@graph":[{"@type":"Article","@id":"https:\/\/elhijodelllanero.mx\/index.php\/2026\/04\/20\/muerte-de-saul-banda-sigue-sin-claridad-alcalde-apunta-a-infarto\/#article","isPartOf":{"@id":"https:\/\/elhijodelllanero.mx\/index.php\/2026\/04\/20\/muerte-de-saul-banda-sigue-sin-claridad-alcalde-apunta-a-infarto\/"},"author":{"name":"Mar\u00eda de la Paz Rodarte Ram\u00edrez","@id":"https:\/\/elhijodelllanero.mx\/#\/schema\/person\/c7f8c86c55c1eab44ae2b93a9628245f"},"headline":"MUERTE DE SA\u00daL BANDA SIGUE SIN CLARIDAD; ALCALDE APUNTA A INFARTO.","datePublished":"2026-04-21T01:50:38+00:00","mainEntityOfPage":{"@id":"https:\/\/elhijodelllanero.mx\/index.php\/2026\/04\/20\/muerte-de-saul-banda-sigue-sin-claridad-alcalde-apunta-a-infarto\/"},"wordCount":521,"commentCount":0,"image":{"@id":"https:\/\/elhijodelllanero.mx\/index.php\/2026\/04\/20\/muerte-de-saul-banda-sigue-sin-claridad-alcalde-apunta-a-infarto\/#primaryimage"},"thumbnailUrl":"https:\/\/i0.wp.com\/elhijodelllanero.mx\/wp-content\/uploads\/2026\/04\/0cfe709c-5cad-45c0-8899-33b1ce53450c.jpeg?fit=1509%2C1600&ssl=1","articleSection":["CELAYA"],"inLanguage":"es","potentialAction":[{"@type":"CommentAction","name":"Comment","target":["https:\/\/elhijodelllanero.mx\/index.php\/2026\/04\/20\/muerte-de-saul-banda-sigue-sin-claridad-alcalde-apunta-a-infarto\/#respond"]}]},{"@type":"WebPage","@id":"https:\/\/elhijodelllanero.mx\/index.php\/2026\/04\/20\/muerte-de-saul-banda-sigue-sin-claridad-alcalde-apunta-a-infarto\/","url":"https:\/\/elhijodelllanero.mx\/index.php\/2026\/04\/20\/muerte-de-saul-banda-sigue-sin-claridad-alcalde-apunta-a-infarto\/","name":"MUERTE DE SA\u00daL BANDA SIGUE SIN CLARIDAD; ALCALDE APUNTA A INFARTO. - El Hijo del llanero solititito","isPartOf":{"@id":"https:\/\/elhijodelllanero.mx\/#website"},"primaryImageOfPage":{"@id":"https:\/\/elhijodelllanero.mx\/index.php\/2026\/04\/20\/muerte-de-saul-banda-sigue-sin-claridad-alcalde-apunta-a-infarto\/#primaryimage"},"image":{"@id":"https:\/\/elhijodelllanero.mx\/index.php\/2026\/04\/20\/muerte-de-saul-banda-sigue-sin-claridad-alcalde-apunta-a-infarto\/#primaryimage"},"thumbnailUrl":"https:\/\/i0.wp.com\/elhijodelllanero.mx\/wp-content\/uploads\/2026\/04\/0cfe709c-5cad-45c0-8899-33b1ce53450c.jpeg?fit=1509%2C1600&ssl=1","datePublished":"2026-04-21T01:50:38+00:00","author":{"@id":"https:\/\/elhijodelllanero.mx\/#\/schema\/person\/c7f8c86c55c1eab44ae2b93a9628245f"},"breadcrumb":{"@id":"https:\/\/elhijodelllanero.mx\/index.php\/2026\/04\/20\/muerte-de-saul-banda-sigue-sin-claridad-alcalde-apunta-a-infarto\/#breadcrumb"},"inLanguage":"es","potentialAction":[{"@type":"ReadAction","target":["https:\/\/elhijodelllanero.mx\/index.php\/2026\/04\/20\/muerte-de-saul-banda-sigue-sin-claridad-alcalde-apunta-a-infarto\/"]}]},{"@type":"ImageObject","inLanguage":"es","@id":"https:\/\/elhijodelllanero.mx\/index.php\/2026\/04\/20\/muerte-de-saul-banda-sigue-sin-claridad-alcalde-apunta-a-infarto\/#primaryimage","url":"https:\/\/i0.wp.com\/elhijodelllanero.mx\/wp-content\/uploads\/2026\/04\/0cfe709c-5cad-45c0-8899-33b1ce53450c.jpeg?fit=1509%2C1600&ssl=1","contentUrl":"https:\/\/i0.wp.com\/elhijodelllanero.mx\/wp-content\/uploads\/2026\/04\/0cfe709c-5cad-45c0-8899-33b1ce53450c.jpeg?fit=1509%2C1600&ssl=1","width":1509,"height":1600},{"@type":"BreadcrumbList","@id":"https:\/\/elhijodelllanero.mx\/index.php\/2026\/04\/20\/muerte-de-saul-banda-sigue-sin-claridad-alcalde-apunta-a-infarto\/#breadcrumb","itemListElement":[{"@type":"ListItem","position":1,"name":"Portada","item":"https:\/\/elhijodelllanero.mx\/"},{"@type":"ListItem","position":2,"name":"MUERTE DE SA\u00daL BANDA SIGUE SIN CLARIDAD; ALCALDE APUNTA A INFARTO."}]},{"@type":"WebSite","@id":"https:\/\/elhijodelllanero.mx\/#website","url":"https:\/\/elhijodelllanero.mx\/","name":"El Hijo del llanero solititito","description":"","potentialAction":[{"@type":"SearchAction","target":{"@type":"EntryPoint","urlTemplate":"https:\/\/elhijodelllanero.mx\/?s={search_term_string}"},"query-input":{"@type":"PropertyValueSpecification","valueRequired":true,"valueName":"search_term_string"}}],"inLanguage":"es"},{"@type":"Person","@id":"https:\/\/elhijodelllanero.mx\/#\/schema\/person\/c7f8c86c55c1eab44ae2b93a9628245f","name":"Mar\u00eda de la Paz Rodarte Ram\u00edrez","image":{"@type":"ImageObject","inLanguage":"es","@id":"https:\/\/secure.gravatar.com\/avatar\/1f38f8518b09a266af73da2bce78d69e7d1275299970134ed62f572e0487e1d0?s=96&d=mm&r=g","url":"https:\/\/secure.gravatar.com\/avatar\/1f38f8518b09a266af73da2bce78d69e7d1275299970134ed62f572e0487e1d0?s=96&d=mm&r=g","contentUrl":"https:\/\/secure.gravatar.com\/avatar\/1f38f8518b09a266af73da2bce78d69e7d1275299970134ed62f572e0487e1d0?s=96&d=mm&r=g","caption":"Mar\u00eda de la Paz Rodarte Ram\u00edrez"},"sameAs":["https:\/\/www.elhijodelllanero.mx"],"url":"https:\/\/elhijodelllanero.mx\/index.php\/author\/maricuas\/"}]}},"jetpack_featured_media_url":"https:\/\/i0.wp.com\/elhijodelllanero.mx\/wp-content\/uploads\/2026\/04\/0cfe709c-5cad-45c0-8899-33b1ce53450c.jpeg?fit=1509%2C1600&ssl=1","jetpack-related-posts":[],"jetpack_sharing_enabled":true,"_links":{"self":[{"href":"https:\/\/elhijodelllanero.mx\/index.php\/wp-json\/wp\/v2\/posts\/14023","targetHints":{"allow":["GET"]}}],"collection":[{"href":"https:\/\/elhijodelllanero.mx\/index.php\/wp-json\/wp\/v2\/posts"}],"about":[{"href":"https:\/\/elhijodelllanero.mx\/index.php\/wp-json\/wp\/v2\/types\/post"}],"author":[{"embeddable":true,"href":"https:\/\/elhijodelllanero.mx\/index.php\/wp-json\/wp\/v2\/users\/3"}],"replies":[{"embeddable":true,"href":"https:\/\/elhijodelllanero.mx\/index.php\/wp-json\/wp\/v2\/comments?post=14023"}],"version-history":[{"count":1,"href":"https:\/\/elhijodelllanero.mx\/index.php\/wp-json\/wp\/v2\/posts\/14023\/revisions"}],"predecessor-version":[{"id":14025,"href":"https:\/\/elhijodelllanero.mx\/index.php\/wp-json\/wp\/v2\/posts\/14023\/revisions\/14025"}],"wp:featuredmedia":[{"embeddable":true,"href":"https:\/\/elhijodelllanero.mx\/index.php\/wp-json\/wp\/v2\/media\/14024"}],"wp:attachment":[{"href":"https:\/\/elhijodelllanero.mx\/index.php\/wp-json\/wp\/v2\/media?parent=14023"}],"wp:term":[{"taxonomy":"category","embeddable":true,"href":"https:\/\/elhijodelllanero.mx\/index.php\/wp-json\/wp\/v2\/categories?post=14023"},{"taxonomy":"post_tag","embeddable":true,"href":"https:\/\/elhijodelllanero.mx\/index.php\/wp-json\/wp\/v2\/tags?post=14023"}],"curies":[{"name":"wp","href":"https:\/\/api.w.org\/{rel}","templated":true}]}}