{"id":14038,"date":"2026-04-21T09:22:16","date_gmt":"2026-04-21T15:22:16","guid":{"rendered":"https:\/\/elhijodelllanero.mx\/?p=14038"},"modified":"2026-04-21T09:22:16","modified_gmt":"2026-04-21T15:22:16","slug":"en-cortazar-la-politica-tambien-se-queda-en-familia-pero-no-se-mezcla","status":"publish","type":"post","link":"https:\/\/elhijodelllanero.mx\/index.php\/2026\/04\/21\/en-cortazar-la-politica-tambien-se-queda-en-familia-pero-no-se-mezcla\/","title":{"rendered":"En Cortazar, la pol\u00edtica tambi\u00e9n se queda en familia\u2026 pero no se mezcla."},"content":{"rendered":"<p>Cortazar, Gto. 21 de abril del 2026.-En Cortazar, el alcalde Mauricio Estefan\u00eda le dese\u00f3 \u201cmucha suerte\u201d a su hermano Diego, quien decidi\u00f3 enfilarse en la militancia del PRI, aunque dej\u00f3 claro que cada quien trae su propia idea de c\u00f3mo hacer gobierno. Con el debido tono diplom\u00e1tico, reconoci\u00f3 que comparten ra\u00edz pol\u00edtica, pero no necesariamente el mismo rumbo, sobre todo si ambos terminan buscando la presidencia municipal.<\/p>\n<p>Sin entrar en cr\u00edticas directas, el alcalde opt\u00f3 por enfocarse en su gesti\u00f3n y en el discurso de construir antes que confrontar. \u201cLe deseo much\u00edsima suerte, son proyectos que al o mejor van de la mano, van en conjunto, se supondr\u00eda pues pero realmente no, pr\u00e1cticamente cada quien va buscando lo que a final del d\u00eda es la presidencia municipal, yo como lo he estado reiterando no nada m\u00e1s es de hablar, de criticar, sino de construir\u201d, expres\u00f3.<\/p>\n<p>Por ahora, asegur\u00f3 que no est\u00e1 pensando en una posible reelecci\u00f3n, ya que su prioridad sigue siendo el trabajo al frente del municipio\u2026 al menos hasta que el calendario pol\u00edtico empiece a marcarle el paso.<\/p>\n","protected":false},"excerpt":{"rendered":"<p>Cortazar, Gto. 21 de abril del 2026.-En Cortazar, el alcalde Mauricio Estefan\u00eda le dese\u00f3 \u201cmucha suerte\u201d a su hermano Diego, quien decidi\u00f3 enfilarse en la militancia del PRI, aunque dej\u00f3 claro que cada quien trae su propia idea de c\u00f3mo hacer gobierno. Con el debido tono diplom\u00e1tico, reconoci\u00f3 que comparten ra\u00edz pol\u00edtica, pero no necesariamente [&hellip;]<\/p>\n","protected":false},"author":3,"featured_media":14039,"comment_status":"open","ping_status":"closed","sticky":false,"template":"","format":"standard","meta":{"_jetpack_newsletter_access":"","_jetpack_dont_email_post_to_subs":false,"_jetpack_newsletter_tier_id":0,"_jetpack_memberships_contains_paywalled_content":false,"_jetpack_memberships_contains_paid_content":false,"footnotes":""},"categories":[77,76],"tags":[],"class_list":{"0":"post-14038","1":"post","2":"type-post","3":"status-publish","4":"format-standard","5":"has-post-thumbnail","7":"category-cortazar","8":"category-municipios"},"yoast_head":"<!-- This site is optimized with the Yoast SEO plugin v27.3 - https:\/\/yoast.com\/product\/yoast-seo-wordpress\/ -->\n<title>En Cortazar, la pol\u00edtica tambi\u00e9n se queda en familia\u2026 pero no se mezcla. - El Hijo del llanero solititito<\/title>\n<meta name=\"robots\" content=\"index, follow, max-snippet:-1, max-image-preview:large, max-video-preview:-1\" \/>\n<link rel=\"canonical\" href=\"https:\/\/elhijodelllanero.mx\/index.php\/2026\/04\/21\/en-cortazar-la-politica-tambien-se-queda-en-familia-pero-no-se-mezcla\/\" \/>\n<meta property=\"og:locale\" content=\"es_ES\" \/>\n<meta property=\"og:type\" content=\"article\" \/>\n<meta property=\"og:title\" content=\"En Cortazar, la pol\u00edtica tambi\u00e9n se queda en familia\u2026 pero no se mezcla. - El Hijo del llanero solititito\" \/>\n<meta property=\"og:description\" content=\"Cortazar, Gto. 21 de abril del 2026.-En Cortazar, el alcalde Mauricio Estefan\u00eda le dese\u00f3 \u201cmucha suerte\u201d a su hermano Diego, quien decidi\u00f3 enfilarse en la militancia del PRI, aunque dej\u00f3 claro que cada quien trae su propia idea de c\u00f3mo hacer gobierno. Con el debido tono diplom\u00e1tico, reconoci\u00f3 que comparten ra\u00edz pol\u00edtica, pero no necesariamente [&hellip;]\" \/>\n<meta property=\"og:url\" content=\"https:\/\/elhijodelllanero.mx\/index.php\/2026\/04\/21\/en-cortazar-la-politica-tambien-se-queda-en-familia-pero-no-se-mezcla\/\" \/>\n<meta property=\"og:site_name\" content=\"El Hijo del llanero solititito\" \/>\n<meta property=\"article:published_time\" content=\"2026-04-21T15:22:16+00:00\" \/>\n<meta property=\"og:image\" content=\"https:\/\/elhijodelllanero.mx\/wp-content\/uploads\/2026\/04\/IMG-20260421-WA0003.jpg\" \/>\n\t<meta property=\"og:image:width\" content=\"1096\" \/>\n\t<meta property=\"og:image:height\" content=\"733\" \/>\n\t<meta property=\"og:image:type\" content=\"image\/jpeg\" \/>\n<meta name=\"author\" content=\"Mar\u00eda de la Paz Rodarte Ram\u00edrez\" \/>\n<meta name=\"twitter:card\" content=\"summary_large_image\" \/>\n<meta name=\"twitter:label1\" content=\"Escrito por\" \/>\n\t<meta name=\"twitter:data1\" content=\"Mar\u00eda de la Paz Rodarte Ram\u00edrez\" \/>\n\t<meta name=\"twitter:label2\" content=\"Tiempo de lectura\" \/>\n\t<meta name=\"twitter:data2\" content=\"2 minutos\" \/>\n<script type=\"application\/ld+json\" class=\"yoast-schema-graph\">{\"@context\":\"https:\\\/\\\/schema.org\",\"@graph\":[{\"@type\":\"Article\",\"@id\":\"https:\\\/\\\/elhijodelllanero.mx\\\/index.php\\\/2026\\\/04\\\/21\\\/en-cortazar-la-politica-tambien-se-queda-en-familia-pero-no-se-mezcla\\\/#article\",\"isPartOf\":{\"@id\":\"https:\\\/\\\/elhijodelllanero.mx\\\/index.php\\\/2026\\\/04\\\/21\\\/en-cortazar-la-politica-tambien-se-queda-en-familia-pero-no-se-mezcla\\\/\"},\"author\":{\"name\":\"Mar\u00eda de la Paz Rodarte Ram\u00edrez\",\"@id\":\"https:\\\/\\\/elhijodelllanero.mx\\\/#\\\/schema\\\/person\\\/c7f8c86c55c1eab44ae2b93a9628245f\"},\"headline\":\"En Cortazar, la pol\u00edtica tambi\u00e9n se queda en familia\u2026 pero no se mezcla.\",\"datePublished\":\"2026-04-21T15:22:16+00:00\",\"mainEntityOfPage\":{\"@id\":\"https:\\\/\\\/elhijodelllanero.mx\\\/index.php\\\/2026\\\/04\\\/21\\\/en-cortazar-la-politica-tambien-se-queda-en-familia-pero-no-se-mezcla\\\/\"},\"wordCount\":208,\"commentCount\":0,\"image\":{\"@id\":\"https:\\\/\\\/elhijodelllanero.mx\\\/index.php\\\/2026\\\/04\\\/21\\\/en-cortazar-la-politica-tambien-se-queda-en-familia-pero-no-se-mezcla\\\/#primaryimage\"},\"thumbnailUrl\":\"https:\\\/\\\/i0.wp.com\\\/elhijodelllanero.mx\\\/wp-content\\\/uploads\\\/2026\\\/04\\\/IMG-20260421-WA0003.jpg?fit=1096%2C733&ssl=1\",\"articleSection\":[\"CORTAZAR\",\"MUNICIPIOS\"],\"inLanguage\":\"es\",\"potentialAction\":[{\"@type\":\"CommentAction\",\"name\":\"Comment\",\"target\":[\"https:\\\/\\\/elhijodelllanero.mx\\\/index.php\\\/2026\\\/04\\\/21\\\/en-cortazar-la-politica-tambien-se-queda-en-familia-pero-no-se-mezcla\\\/#respond\"]}]},{\"@type\":\"WebPage\",\"@id\":\"https:\\\/\\\/elhijodelllanero.mx\\\/index.php\\\/2026\\\/04\\\/21\\\/en-cortazar-la-politica-tambien-se-queda-en-familia-pero-no-se-mezcla\\\/\",\"url\":\"https:\\\/\\\/elhijodelllanero.mx\\\/index.php\\\/2026\\\/04\\\/21\\\/en-cortazar-la-politica-tambien-se-queda-en-familia-pero-no-se-mezcla\\\/\",\"name\":\"En Cortazar, la pol\u00edtica tambi\u00e9n se queda en familia\u2026 pero no se mezcla. - El Hijo del llanero solititito\",\"isPartOf\":{\"@id\":\"https:\\\/\\\/elhijodelllanero.mx\\\/#website\"},\"primaryImageOfPage\":{\"@id\":\"https:\\\/\\\/elhijodelllanero.mx\\\/index.php\\\/2026\\\/04\\\/21\\\/en-cortazar-la-politica-tambien-se-queda-en-familia-pero-no-se-mezcla\\\/#primaryimage\"},\"image\":{\"@id\":\"https:\\\/\\\/elhijodelllanero.mx\\\/index.php\\\/2026\\\/04\\\/21\\\/en-cortazar-la-politica-tambien-se-queda-en-familia-pero-no-se-mezcla\\\/#primaryimage\"},\"thumbnailUrl\":\"https:\\\/\\\/i0.wp.com\\\/elhijodelllanero.mx\\\/wp-content\\\/uploads\\\/2026\\\/04\\\/IMG-20260421-WA0003.jpg?fit=1096%2C733&ssl=1\",\"datePublished\":\"2026-04-21T15:22:16+00:00\",\"author\":{\"@id\":\"https:\\\/\\\/elhijodelllanero.mx\\\/#\\\/schema\\\/person\\\/c7f8c86c55c1eab44ae2b93a9628245f\"},\"breadcrumb\":{\"@id\":\"https:\\\/\\\/elhijodelllanero.mx\\\/index.php\\\/2026\\\/04\\\/21\\\/en-cortazar-la-politica-tambien-se-queda-en-familia-pero-no-se-mezcla\\\/#breadcrumb\"},\"inLanguage\":\"es\",\"potentialAction\":[{\"@type\":\"ReadAction\",\"target\":[\"https:\\\/\\\/elhijodelllanero.mx\\\/index.php\\\/2026\\\/04\\\/21\\\/en-cortazar-la-politica-tambien-se-queda-en-familia-pero-no-se-mezcla\\\/\"]}]},{\"@type\":\"ImageObject\",\"inLanguage\":\"es\",\"@id\":\"https:\\\/\\\/elhijodelllanero.mx\\\/index.php\\\/2026\\\/04\\\/21\\\/en-cortazar-la-politica-tambien-se-queda-en-familia-pero-no-se-mezcla\\\/#primaryimage\",\"url\":\"https:\\\/\\\/i0.wp.com\\\/elhijodelllanero.mx\\\/wp-content\\\/uploads\\\/2026\\\/04\\\/IMG-20260421-WA0003.jpg?fit=1096%2C733&ssl=1\",\"contentUrl\":\"https:\\\/\\\/i0.wp.com\\\/elhijodelllanero.mx\\\/wp-content\\\/uploads\\\/2026\\\/04\\\/IMG-20260421-WA0003.jpg?fit=1096%2C733&ssl=1\",\"width\":1096,\"height\":733},{\"@type\":\"BreadcrumbList\",\"@id\":\"https:\\\/\\\/elhijodelllanero.mx\\\/index.php\\\/2026\\\/04\\\/21\\\/en-cortazar-la-politica-tambien-se-queda-en-familia-pero-no-se-mezcla\\\/#breadcrumb\",\"itemListElement\":[{\"@type\":\"ListItem\",\"position\":1,\"name\":\"Portada\",\"item\":\"https:\\\/\\\/elhijodelllanero.mx\\\/\"},{\"@type\":\"ListItem\",\"position\":2,\"name\":\"En Cortazar, la pol\u00edtica tambi\u00e9n se queda en familia\u2026 pero no se mezcla.\"}]},{\"@type\":\"WebSite\",\"@id\":\"https:\\\/\\\/elhijodelllanero.mx\\\/#website\",\"url\":\"https:\\\/\\\/elhijodelllanero.mx\\\/\",\"name\":\"El Hijo del llanero solititito\",\"description\":\"\",\"potentialAction\":[{\"@type\":\"SearchAction\",\"target\":{\"@type\":\"EntryPoint\",\"urlTemplate\":\"https:\\\/\\\/elhijodelllanero.mx\\\/?s={search_term_string}\"},\"query-input\":{\"@type\":\"PropertyValueSpecification\",\"valueRequired\":true,\"valueName\":\"search_term_string\"}}],\"inLanguage\":\"es\"},{\"@type\":\"Person\",\"@id\":\"https:\\\/\\\/elhijodelllanero.mx\\\/#\\\/schema\\\/person\\\/c7f8c86c55c1eab44ae2b93a9628245f\",\"name\":\"Mar\u00eda de la Paz Rodarte Ram\u00edrez\",\"image\":{\"@type\":\"ImageObject\",\"inLanguage\":\"es\",\"@id\":\"https:\\\/\\\/secure.gravatar.com\\\/avatar\\\/1f38f8518b09a266af73da2bce78d69e7d1275299970134ed62f572e0487e1d0?s=96&d=mm&r=g\",\"url\":\"https:\\\/\\\/secure.gravatar.com\\\/avatar\\\/1f38f8518b09a266af73da2bce78d69e7d1275299970134ed62f572e0487e1d0?s=96&d=mm&r=g\",\"contentUrl\":\"https:\\\/\\\/secure.gravatar.com\\\/avatar\\\/1f38f8518b09a266af73da2bce78d69e7d1275299970134ed62f572e0487e1d0?s=96&d=mm&r=g\",\"caption\":\"Mar\u00eda de la Paz Rodarte Ram\u00edrez\"},\"sameAs\":[\"https:\\\/\\\/www.elhijodelllanero.mx\"],\"url\":\"https:\\\/\\\/elhijodelllanero.mx\\\/index.php\\\/author\\\/maricuas\\\/\"}]}<\/script>\n<!-- \/ Yoast SEO plugin. -->","yoast_head_json":{"title":"En Cortazar, la pol\u00edtica tambi\u00e9n se queda en familia\u2026 pero no se mezcla. - El Hijo del llanero solititito","robots":{"index":"index","follow":"follow","max-snippet":"max-snippet:-1","max-image-preview":"max-image-preview:large","max-video-preview":"max-video-preview:-1"},"canonical":"https:\/\/elhijodelllanero.mx\/index.php\/2026\/04\/21\/en-cortazar-la-politica-tambien-se-queda-en-familia-pero-no-se-mezcla\/","og_locale":"es_ES","og_type":"article","og_title":"En Cortazar, la pol\u00edtica tambi\u00e9n se queda en familia\u2026 pero no se mezcla. - El Hijo del llanero solititito","og_description":"Cortazar, Gto. 21 de abril del 2026.-En Cortazar, el alcalde Mauricio Estefan\u00eda le dese\u00f3 \u201cmucha suerte\u201d a su hermano Diego, quien decidi\u00f3 enfilarse en la militancia del PRI, aunque dej\u00f3 claro que cada quien trae su propia idea de c\u00f3mo hacer gobierno. Con el debido tono diplom\u00e1tico, reconoci\u00f3 que comparten ra\u00edz pol\u00edtica, pero no necesariamente [&hellip;]","og_url":"https:\/\/elhijodelllanero.mx\/index.php\/2026\/04\/21\/en-cortazar-la-politica-tambien-se-queda-en-familia-pero-no-se-mezcla\/","og_site_name":"El Hijo del llanero solititito","article_published_time":"2026-04-21T15:22:16+00:00","og_image":[{"width":1096,"height":733,"url":"https:\/\/elhijodelllanero.mx\/wp-content\/uploads\/2026\/04\/IMG-20260421-WA0003.jpg","type":"image\/jpeg"}],"author":"Mar\u00eda de la Paz Rodarte Ram\u00edrez","twitter_card":"summary_large_image","twitter_misc":{"Escrito por":"Mar\u00eda de la Paz Rodarte Ram\u00edrez","Tiempo de lectura":"2 minutos"},"schema":{"@context":"https:\/\/schema.org","@graph":[{"@type":"Article","@id":"https:\/\/elhijodelllanero.mx\/index.php\/2026\/04\/21\/en-cortazar-la-politica-tambien-se-queda-en-familia-pero-no-se-mezcla\/#article","isPartOf":{"@id":"https:\/\/elhijodelllanero.mx\/index.php\/2026\/04\/21\/en-cortazar-la-politica-tambien-se-queda-en-familia-pero-no-se-mezcla\/"},"author":{"name":"Mar\u00eda de la Paz Rodarte Ram\u00edrez","@id":"https:\/\/elhijodelllanero.mx\/#\/schema\/person\/c7f8c86c55c1eab44ae2b93a9628245f"},"headline":"En Cortazar, la pol\u00edtica tambi\u00e9n se queda en familia\u2026 pero no se mezcla.","datePublished":"2026-04-21T15:22:16+00:00","mainEntityOfPage":{"@id":"https:\/\/elhijodelllanero.mx\/index.php\/2026\/04\/21\/en-cortazar-la-politica-tambien-se-queda-en-familia-pero-no-se-mezcla\/"},"wordCount":208,"commentCount":0,"image":{"@id":"https:\/\/elhijodelllanero.mx\/index.php\/2026\/04\/21\/en-cortazar-la-politica-tambien-se-queda-en-familia-pero-no-se-mezcla\/#primaryimage"},"thumbnailUrl":"https:\/\/i0.wp.com\/elhijodelllanero.mx\/wp-content\/uploads\/2026\/04\/IMG-20260421-WA0003.jpg?fit=1096%2C733&ssl=1","articleSection":["CORTAZAR","MUNICIPIOS"],"inLanguage":"es","potentialAction":[{"@type":"CommentAction","name":"Comment","target":["https:\/\/elhijodelllanero.mx\/index.php\/2026\/04\/21\/en-cortazar-la-politica-tambien-se-queda-en-familia-pero-no-se-mezcla\/#respond"]}]},{"@type":"WebPage","@id":"https:\/\/elhijodelllanero.mx\/index.php\/2026\/04\/21\/en-cortazar-la-politica-tambien-se-queda-en-familia-pero-no-se-mezcla\/","url":"https:\/\/elhijodelllanero.mx\/index.php\/2026\/04\/21\/en-cortazar-la-politica-tambien-se-queda-en-familia-pero-no-se-mezcla\/","name":"En Cortazar, la pol\u00edtica tambi\u00e9n se queda en familia\u2026 pero no se mezcla. - El Hijo del llanero solititito","isPartOf":{"@id":"https:\/\/elhijodelllanero.mx\/#website"},"primaryImageOfPage":{"@id":"https:\/\/elhijodelllanero.mx\/index.php\/2026\/04\/21\/en-cortazar-la-politica-tambien-se-queda-en-familia-pero-no-se-mezcla\/#primaryimage"},"image":{"@id":"https:\/\/elhijodelllanero.mx\/index.php\/2026\/04\/21\/en-cortazar-la-politica-tambien-se-queda-en-familia-pero-no-se-mezcla\/#primaryimage"},"thumbnailUrl":"https:\/\/i0.wp.com\/elhijodelllanero.mx\/wp-content\/uploads\/2026\/04\/IMG-20260421-WA0003.jpg?fit=1096%2C733&ssl=1","datePublished":"2026-04-21T15:22:16+00:00","author":{"@id":"https:\/\/elhijodelllanero.mx\/#\/schema\/person\/c7f8c86c55c1eab44ae2b93a9628245f"},"breadcrumb":{"@id":"https:\/\/elhijodelllanero.mx\/index.php\/2026\/04\/21\/en-cortazar-la-politica-tambien-se-queda-en-familia-pero-no-se-mezcla\/#breadcrumb"},"inLanguage":"es","potentialAction":[{"@type":"ReadAction","target":["https:\/\/elhijodelllanero.mx\/index.php\/2026\/04\/21\/en-cortazar-la-politica-tambien-se-queda-en-familia-pero-no-se-mezcla\/"]}]},{"@type":"ImageObject","inLanguage":"es","@id":"https:\/\/elhijodelllanero.mx\/index.php\/2026\/04\/21\/en-cortazar-la-politica-tambien-se-queda-en-familia-pero-no-se-mezcla\/#primaryimage","url":"https:\/\/i0.wp.com\/elhijodelllanero.mx\/wp-content\/uploads\/2026\/04\/IMG-20260421-WA0003.jpg?fit=1096%2C733&ssl=1","contentUrl":"https:\/\/i0.wp.com\/elhijodelllanero.mx\/wp-content\/uploads\/2026\/04\/IMG-20260421-WA0003.jpg?fit=1096%2C733&ssl=1","width":1096,"height":733},{"@type":"BreadcrumbList","@id":"https:\/\/elhijodelllanero.mx\/index.php\/2026\/04\/21\/en-cortazar-la-politica-tambien-se-queda-en-familia-pero-no-se-mezcla\/#breadcrumb","itemListElement":[{"@type":"ListItem","position":1,"name":"Portada","item":"https:\/\/elhijodelllanero.mx\/"},{"@type":"ListItem","position":2,"name":"En Cortazar, la pol\u00edtica tambi\u00e9n se queda en familia\u2026 pero no se mezcla."}]},{"@type":"WebSite","@id":"https:\/\/elhijodelllanero.mx\/#website","url":"https:\/\/elhijodelllanero.mx\/","name":"El Hijo del llanero solititito","description":"","potentialAction":[{"@type":"SearchAction","target":{"@type":"EntryPoint","urlTemplate":"https:\/\/elhijodelllanero.mx\/?s={search_term_string}"},"query-input":{"@type":"PropertyValueSpecification","valueRequired":true,"valueName":"search_term_string"}}],"inLanguage":"es"},{"@type":"Person","@id":"https:\/\/elhijodelllanero.mx\/#\/schema\/person\/c7f8c86c55c1eab44ae2b93a9628245f","name":"Mar\u00eda de la Paz Rodarte Ram\u00edrez","image":{"@type":"ImageObject","inLanguage":"es","@id":"https:\/\/secure.gravatar.com\/avatar\/1f38f8518b09a266af73da2bce78d69e7d1275299970134ed62f572e0487e1d0?s=96&d=mm&r=g","url":"https:\/\/secure.gravatar.com\/avatar\/1f38f8518b09a266af73da2bce78d69e7d1275299970134ed62f572e0487e1d0?s=96&d=mm&r=g","contentUrl":"https:\/\/secure.gravatar.com\/avatar\/1f38f8518b09a266af73da2bce78d69e7d1275299970134ed62f572e0487e1d0?s=96&d=mm&r=g","caption":"Mar\u00eda de la Paz Rodarte Ram\u00edrez"},"sameAs":["https:\/\/www.elhijodelllanero.mx"],"url":"https:\/\/elhijodelllanero.mx\/index.php\/author\/maricuas\/"}]}},"jetpack_featured_media_url":"https:\/\/i0.wp.com\/elhijodelllanero.mx\/wp-content\/uploads\/2026\/04\/IMG-20260421-WA0003.jpg?fit=1096%2C733&ssl=1","jetpack-related-posts":[],"jetpack_sharing_enabled":true,"_links":{"self":[{"href":"https:\/\/elhijodelllanero.mx\/index.php\/wp-json\/wp\/v2\/posts\/14038","targetHints":{"allow":["GET"]}}],"collection":[{"href":"https:\/\/elhijodelllanero.mx\/index.php\/wp-json\/wp\/v2\/posts"}],"about":[{"href":"https:\/\/elhijodelllanero.mx\/index.php\/wp-json\/wp\/v2\/types\/post"}],"author":[{"embeddable":true,"href":"https:\/\/elhijodelllanero.mx\/index.php\/wp-json\/wp\/v2\/users\/3"}],"replies":[{"embeddable":true,"href":"https:\/\/elhijodelllanero.mx\/index.php\/wp-json\/wp\/v2\/comments?post=14038"}],"version-history":[{"count":1,"href":"https:\/\/elhijodelllanero.mx\/index.php\/wp-json\/wp\/v2\/posts\/14038\/revisions"}],"predecessor-version":[{"id":14040,"href":"https:\/\/elhijodelllanero.mx\/index.php\/wp-json\/wp\/v2\/posts\/14038\/revisions\/14040"}],"wp:featuredmedia":[{"embeddable":true,"href":"https:\/\/elhijodelllanero.mx\/index.php\/wp-json\/wp\/v2\/media\/14039"}],"wp:attachment":[{"href":"https:\/\/elhijodelllanero.mx\/index.php\/wp-json\/wp\/v2\/media?parent=14038"}],"wp:term":[{"taxonomy":"category","embeddable":true,"href":"https:\/\/elhijodelllanero.mx\/index.php\/wp-json\/wp\/v2\/categories?post=14038"},{"taxonomy":"post_tag","embeddable":true,"href":"https:\/\/elhijodelllanero.mx\/index.php\/wp-json\/wp\/v2\/tags?post=14038"}],"curies":[{"name":"wp","href":"https:\/\/api.w.org\/{rel}","templated":true}]}}