{"id":14041,"date":"2026-04-21T12:09:59","date_gmt":"2026-04-21T18:09:59","guid":{"rendered":"https:\/\/elhijodelllanero.mx\/?p=14041"},"modified":"2026-04-21T12:09:59","modified_gmt":"2026-04-21T18:09:59","slug":"celaya-levanta-el-nivel-rumbo-a-competencias-internacionales","status":"publish","type":"post","link":"https:\/\/elhijodelllanero.mx\/index.php\/2026\/04\/21\/celaya-levanta-el-nivel-rumbo-a-competencias-internacionales\/","title":{"rendered":"Celaya levanta el nivel rumbo a competencias internacionales."},"content":{"rendered":"<p>Celaya, Gto. 21 de abril del 2026.-Con la participaci\u00f3n de cerca de 50 halteristas de distintos estados del pa\u00eds, Celaya fue sede del Campeonato de Levantamiento de Pesas \u201cOpen Master\u201d, evento que sirvi\u00f3 como clasificatorio para el Panamericano y el Mundial de la especialidad.<\/p>\n<p>El encuentro se realiz\u00f3 en el Polideportivo Galaxias del Parque, donde atletas de entidades como Guanajuato, Jalisco, Veracruz y Tamaulipas buscaron asegurar su lugar en las justas internacionales que se celebrar\u00e1n en El Salvador y Grecia, respectivamente.<\/p>\n<p>Durante la inauguraci\u00f3n, autoridades deportivas municipales destacaron la importancia de seguir impulsando esta disciplina y de abrir espacios para que competidores de diferentes categor\u00edas, desde infantil hasta master, puedan medirse en escenarios de nivel competitivo.<\/p>\n","protected":false},"excerpt":{"rendered":"<p>Celaya, Gto. 21 de abril del 2026.-Con la participaci\u00f3n de cerca de 50 halteristas de distintos estados del pa\u00eds, Celaya fue sede del Campeonato de Levantamiento de Pesas \u201cOpen Master\u201d, evento que sirvi\u00f3 como clasificatorio para el Panamericano y el Mundial de la especialidad. El encuentro se realiz\u00f3 en el Polideportivo Galaxias del Parque, donde [&hellip;]<\/p>\n","protected":false},"author":3,"featured_media":14042,"comment_status":"open","ping_status":"closed","sticky":false,"template":"","format":"standard","meta":{"_jetpack_newsletter_access":"","_jetpack_dont_email_post_to_subs":false,"_jetpack_newsletter_tier_id":0,"_jetpack_memberships_contains_paywalled_content":false,"_jetpack_memberships_contains_paid_content":false,"footnotes":""},"categories":[74,40],"tags":[],"class_list":{"0":"post-14041","1":"post","2":"type-post","3":"status-publish","4":"format-standard","5":"has-post-thumbnail","7":"category-celaya","8":"category-deportes"},"yoast_head":"<!-- This site is optimized with the Yoast SEO plugin v27.3 - https:\/\/yoast.com\/product\/yoast-seo-wordpress\/ -->\n<title>Celaya levanta el nivel rumbo a competencias internacionales. - El Hijo del llanero solititito<\/title>\n<meta name=\"robots\" content=\"index, follow, max-snippet:-1, max-image-preview:large, max-video-preview:-1\" \/>\n<link rel=\"canonical\" href=\"https:\/\/elhijodelllanero.mx\/index.php\/2026\/04\/21\/celaya-levanta-el-nivel-rumbo-a-competencias-internacionales\/\" \/>\n<meta property=\"og:locale\" content=\"es_ES\" \/>\n<meta property=\"og:type\" content=\"article\" \/>\n<meta property=\"og:title\" content=\"Celaya levanta el nivel rumbo a competencias internacionales. - El Hijo del llanero solititito\" \/>\n<meta property=\"og:description\" content=\"Celaya, Gto. 21 de abril del 2026.-Con la participaci\u00f3n de cerca de 50 halteristas de distintos estados del pa\u00eds, Celaya fue sede del Campeonato de Levantamiento de Pesas \u201cOpen Master\u201d, evento que sirvi\u00f3 como clasificatorio para el Panamericano y el Mundial de la especialidad. El encuentro se realiz\u00f3 en el Polideportivo Galaxias del Parque, donde [&hellip;]\" \/>\n<meta property=\"og:url\" content=\"https:\/\/elhijodelllanero.mx\/index.php\/2026\/04\/21\/celaya-levanta-el-nivel-rumbo-a-competencias-internacionales\/\" \/>\n<meta property=\"og:site_name\" content=\"El Hijo del llanero solititito\" \/>\n<meta property=\"article:published_time\" content=\"2026-04-21T18:09:59+00:00\" \/>\n<meta property=\"og:image\" content=\"https:\/\/elhijodelllanero.mx\/wp-content\/uploads\/2026\/04\/b3d91b63-4c9c-4fe0-894e-676a367dd638.jpeg\" \/>\n\t<meta property=\"og:image:width\" content=\"1600\" \/>\n\t<meta property=\"og:image:height\" content=\"1200\" \/>\n\t<meta property=\"og:image:type\" content=\"image\/jpeg\" \/>\n<meta name=\"author\" content=\"Mar\u00eda de la Paz Rodarte Ram\u00edrez\" \/>\n<meta name=\"twitter:card\" content=\"summary_large_image\" \/>\n<meta name=\"twitter:label1\" content=\"Escrito por\" \/>\n\t<meta name=\"twitter:data1\" content=\"Mar\u00eda de la Paz Rodarte Ram\u00edrez\" \/>\n\t<meta name=\"twitter:label2\" content=\"Tiempo de lectura\" \/>\n\t<meta name=\"twitter:data2\" content=\"1 minuto\" \/>\n<script type=\"application\/ld+json\" class=\"yoast-schema-graph\">{\"@context\":\"https:\\\/\\\/schema.org\",\"@graph\":[{\"@type\":\"Article\",\"@id\":\"https:\\\/\\\/elhijodelllanero.mx\\\/index.php\\\/2026\\\/04\\\/21\\\/celaya-levanta-el-nivel-rumbo-a-competencias-internacionales\\\/#article\",\"isPartOf\":{\"@id\":\"https:\\\/\\\/elhijodelllanero.mx\\\/index.php\\\/2026\\\/04\\\/21\\\/celaya-levanta-el-nivel-rumbo-a-competencias-internacionales\\\/\"},\"author\":{\"name\":\"Mar\u00eda de la Paz Rodarte Ram\u00edrez\",\"@id\":\"https:\\\/\\\/elhijodelllanero.mx\\\/#\\\/schema\\\/person\\\/c7f8c86c55c1eab44ae2b93a9628245f\"},\"headline\":\"Celaya levanta el nivel rumbo a competencias internacionales.\",\"datePublished\":\"2026-04-21T18:09:59+00:00\",\"mainEntityOfPage\":{\"@id\":\"https:\\\/\\\/elhijodelllanero.mx\\\/index.php\\\/2026\\\/04\\\/21\\\/celaya-levanta-el-nivel-rumbo-a-competencias-internacionales\\\/\"},\"wordCount\":127,\"commentCount\":0,\"image\":{\"@id\":\"https:\\\/\\\/elhijodelllanero.mx\\\/index.php\\\/2026\\\/04\\\/21\\\/celaya-levanta-el-nivel-rumbo-a-competencias-internacionales\\\/#primaryimage\"},\"thumbnailUrl\":\"https:\\\/\\\/i0.wp.com\\\/elhijodelllanero.mx\\\/wp-content\\\/uploads\\\/2026\\\/04\\\/b3d91b63-4c9c-4fe0-894e-676a367dd638.jpeg?fit=1600%2C1200&ssl=1\",\"articleSection\":[\"CELAYA\",\"DEPORTES\"],\"inLanguage\":\"es\",\"potentialAction\":[{\"@type\":\"CommentAction\",\"name\":\"Comment\",\"target\":[\"https:\\\/\\\/elhijodelllanero.mx\\\/index.php\\\/2026\\\/04\\\/21\\\/celaya-levanta-el-nivel-rumbo-a-competencias-internacionales\\\/#respond\"]}]},{\"@type\":\"WebPage\",\"@id\":\"https:\\\/\\\/elhijodelllanero.mx\\\/index.php\\\/2026\\\/04\\\/21\\\/celaya-levanta-el-nivel-rumbo-a-competencias-internacionales\\\/\",\"url\":\"https:\\\/\\\/elhijodelllanero.mx\\\/index.php\\\/2026\\\/04\\\/21\\\/celaya-levanta-el-nivel-rumbo-a-competencias-internacionales\\\/\",\"name\":\"Celaya levanta el nivel rumbo a competencias internacionales. - El Hijo del llanero solititito\",\"isPartOf\":{\"@id\":\"https:\\\/\\\/elhijodelllanero.mx\\\/#website\"},\"primaryImageOfPage\":{\"@id\":\"https:\\\/\\\/elhijodelllanero.mx\\\/index.php\\\/2026\\\/04\\\/21\\\/celaya-levanta-el-nivel-rumbo-a-competencias-internacionales\\\/#primaryimage\"},\"image\":{\"@id\":\"https:\\\/\\\/elhijodelllanero.mx\\\/index.php\\\/2026\\\/04\\\/21\\\/celaya-levanta-el-nivel-rumbo-a-competencias-internacionales\\\/#primaryimage\"},\"thumbnailUrl\":\"https:\\\/\\\/i0.wp.com\\\/elhijodelllanero.mx\\\/wp-content\\\/uploads\\\/2026\\\/04\\\/b3d91b63-4c9c-4fe0-894e-676a367dd638.jpeg?fit=1600%2C1200&ssl=1\",\"datePublished\":\"2026-04-21T18:09:59+00:00\",\"author\":{\"@id\":\"https:\\\/\\\/elhijodelllanero.mx\\\/#\\\/schema\\\/person\\\/c7f8c86c55c1eab44ae2b93a9628245f\"},\"breadcrumb\":{\"@id\":\"https:\\\/\\\/elhijodelllanero.mx\\\/index.php\\\/2026\\\/04\\\/21\\\/celaya-levanta-el-nivel-rumbo-a-competencias-internacionales\\\/#breadcrumb\"},\"inLanguage\":\"es\",\"potentialAction\":[{\"@type\":\"ReadAction\",\"target\":[\"https:\\\/\\\/elhijodelllanero.mx\\\/index.php\\\/2026\\\/04\\\/21\\\/celaya-levanta-el-nivel-rumbo-a-competencias-internacionales\\\/\"]}]},{\"@type\":\"ImageObject\",\"inLanguage\":\"es\",\"@id\":\"https:\\\/\\\/elhijodelllanero.mx\\\/index.php\\\/2026\\\/04\\\/21\\\/celaya-levanta-el-nivel-rumbo-a-competencias-internacionales\\\/#primaryimage\",\"url\":\"https:\\\/\\\/i0.wp.com\\\/elhijodelllanero.mx\\\/wp-content\\\/uploads\\\/2026\\\/04\\\/b3d91b63-4c9c-4fe0-894e-676a367dd638.jpeg?fit=1600%2C1200&ssl=1\",\"contentUrl\":\"https:\\\/\\\/i0.wp.com\\\/elhijodelllanero.mx\\\/wp-content\\\/uploads\\\/2026\\\/04\\\/b3d91b63-4c9c-4fe0-894e-676a367dd638.jpeg?fit=1600%2C1200&ssl=1\",\"width\":1600,\"height\":1200},{\"@type\":\"BreadcrumbList\",\"@id\":\"https:\\\/\\\/elhijodelllanero.mx\\\/index.php\\\/2026\\\/04\\\/21\\\/celaya-levanta-el-nivel-rumbo-a-competencias-internacionales\\\/#breadcrumb\",\"itemListElement\":[{\"@type\":\"ListItem\",\"position\":1,\"name\":\"Portada\",\"item\":\"https:\\\/\\\/elhijodelllanero.mx\\\/\"},{\"@type\":\"ListItem\",\"position\":2,\"name\":\"Celaya levanta el nivel rumbo a competencias internacionales.\"}]},{\"@type\":\"WebSite\",\"@id\":\"https:\\\/\\\/elhijodelllanero.mx\\\/#website\",\"url\":\"https:\\\/\\\/elhijodelllanero.mx\\\/\",\"name\":\"El Hijo del llanero solititito\",\"description\":\"\",\"potentialAction\":[{\"@type\":\"SearchAction\",\"target\":{\"@type\":\"EntryPoint\",\"urlTemplate\":\"https:\\\/\\\/elhijodelllanero.mx\\\/?s={search_term_string}\"},\"query-input\":{\"@type\":\"PropertyValueSpecification\",\"valueRequired\":true,\"valueName\":\"search_term_string\"}}],\"inLanguage\":\"es\"},{\"@type\":\"Person\",\"@id\":\"https:\\\/\\\/elhijodelllanero.mx\\\/#\\\/schema\\\/person\\\/c7f8c86c55c1eab44ae2b93a9628245f\",\"name\":\"Mar\u00eda de la Paz Rodarte Ram\u00edrez\",\"image\":{\"@type\":\"ImageObject\",\"inLanguage\":\"es\",\"@id\":\"https:\\\/\\\/secure.gravatar.com\\\/avatar\\\/1f38f8518b09a266af73da2bce78d69e7d1275299970134ed62f572e0487e1d0?s=96&d=mm&r=g\",\"url\":\"https:\\\/\\\/secure.gravatar.com\\\/avatar\\\/1f38f8518b09a266af73da2bce78d69e7d1275299970134ed62f572e0487e1d0?s=96&d=mm&r=g\",\"contentUrl\":\"https:\\\/\\\/secure.gravatar.com\\\/avatar\\\/1f38f8518b09a266af73da2bce78d69e7d1275299970134ed62f572e0487e1d0?s=96&d=mm&r=g\",\"caption\":\"Mar\u00eda de la Paz Rodarte Ram\u00edrez\"},\"sameAs\":[\"https:\\\/\\\/www.elhijodelllanero.mx\"],\"url\":\"https:\\\/\\\/elhijodelllanero.mx\\\/index.php\\\/author\\\/maricuas\\\/\"}]}<\/script>\n<!-- \/ Yoast SEO plugin. -->","yoast_head_json":{"title":"Celaya levanta el nivel rumbo a competencias internacionales. - El Hijo del llanero solititito","robots":{"index":"index","follow":"follow","max-snippet":"max-snippet:-1","max-image-preview":"max-image-preview:large","max-video-preview":"max-video-preview:-1"},"canonical":"https:\/\/elhijodelllanero.mx\/index.php\/2026\/04\/21\/celaya-levanta-el-nivel-rumbo-a-competencias-internacionales\/","og_locale":"es_ES","og_type":"article","og_title":"Celaya levanta el nivel rumbo a competencias internacionales. - El Hijo del llanero solititito","og_description":"Celaya, Gto. 21 de abril del 2026.-Con la participaci\u00f3n de cerca de 50 halteristas de distintos estados del pa\u00eds, Celaya fue sede del Campeonato de Levantamiento de Pesas \u201cOpen Master\u201d, evento que sirvi\u00f3 como clasificatorio para el Panamericano y el Mundial de la especialidad. El encuentro se realiz\u00f3 en el Polideportivo Galaxias del Parque, donde [&hellip;]","og_url":"https:\/\/elhijodelllanero.mx\/index.php\/2026\/04\/21\/celaya-levanta-el-nivel-rumbo-a-competencias-internacionales\/","og_site_name":"El Hijo del llanero solititito","article_published_time":"2026-04-21T18:09:59+00:00","og_image":[{"width":1600,"height":1200,"url":"https:\/\/elhijodelllanero.mx\/wp-content\/uploads\/2026\/04\/b3d91b63-4c9c-4fe0-894e-676a367dd638.jpeg","type":"image\/jpeg"}],"author":"Mar\u00eda de la Paz Rodarte Ram\u00edrez","twitter_card":"summary_large_image","twitter_misc":{"Escrito por":"Mar\u00eda de la Paz Rodarte Ram\u00edrez","Tiempo de lectura":"1 minuto"},"schema":{"@context":"https:\/\/schema.org","@graph":[{"@type":"Article","@id":"https:\/\/elhijodelllanero.mx\/index.php\/2026\/04\/21\/celaya-levanta-el-nivel-rumbo-a-competencias-internacionales\/#article","isPartOf":{"@id":"https:\/\/elhijodelllanero.mx\/index.php\/2026\/04\/21\/celaya-levanta-el-nivel-rumbo-a-competencias-internacionales\/"},"author":{"name":"Mar\u00eda de la Paz Rodarte Ram\u00edrez","@id":"https:\/\/elhijodelllanero.mx\/#\/schema\/person\/c7f8c86c55c1eab44ae2b93a9628245f"},"headline":"Celaya levanta el nivel rumbo a competencias internacionales.","datePublished":"2026-04-21T18:09:59+00:00","mainEntityOfPage":{"@id":"https:\/\/elhijodelllanero.mx\/index.php\/2026\/04\/21\/celaya-levanta-el-nivel-rumbo-a-competencias-internacionales\/"},"wordCount":127,"commentCount":0,"image":{"@id":"https:\/\/elhijodelllanero.mx\/index.php\/2026\/04\/21\/celaya-levanta-el-nivel-rumbo-a-competencias-internacionales\/#primaryimage"},"thumbnailUrl":"https:\/\/i0.wp.com\/elhijodelllanero.mx\/wp-content\/uploads\/2026\/04\/b3d91b63-4c9c-4fe0-894e-676a367dd638.jpeg?fit=1600%2C1200&ssl=1","articleSection":["CELAYA","DEPORTES"],"inLanguage":"es","potentialAction":[{"@type":"CommentAction","name":"Comment","target":["https:\/\/elhijodelllanero.mx\/index.php\/2026\/04\/21\/celaya-levanta-el-nivel-rumbo-a-competencias-internacionales\/#respond"]}]},{"@type":"WebPage","@id":"https:\/\/elhijodelllanero.mx\/index.php\/2026\/04\/21\/celaya-levanta-el-nivel-rumbo-a-competencias-internacionales\/","url":"https:\/\/elhijodelllanero.mx\/index.php\/2026\/04\/21\/celaya-levanta-el-nivel-rumbo-a-competencias-internacionales\/","name":"Celaya levanta el nivel rumbo a competencias internacionales. - El Hijo del llanero solititito","isPartOf":{"@id":"https:\/\/elhijodelllanero.mx\/#website"},"primaryImageOfPage":{"@id":"https:\/\/elhijodelllanero.mx\/index.php\/2026\/04\/21\/celaya-levanta-el-nivel-rumbo-a-competencias-internacionales\/#primaryimage"},"image":{"@id":"https:\/\/elhijodelllanero.mx\/index.php\/2026\/04\/21\/celaya-levanta-el-nivel-rumbo-a-competencias-internacionales\/#primaryimage"},"thumbnailUrl":"https:\/\/i0.wp.com\/elhijodelllanero.mx\/wp-content\/uploads\/2026\/04\/b3d91b63-4c9c-4fe0-894e-676a367dd638.jpeg?fit=1600%2C1200&ssl=1","datePublished":"2026-04-21T18:09:59+00:00","author":{"@id":"https:\/\/elhijodelllanero.mx\/#\/schema\/person\/c7f8c86c55c1eab44ae2b93a9628245f"},"breadcrumb":{"@id":"https:\/\/elhijodelllanero.mx\/index.php\/2026\/04\/21\/celaya-levanta-el-nivel-rumbo-a-competencias-internacionales\/#breadcrumb"},"inLanguage":"es","potentialAction":[{"@type":"ReadAction","target":["https:\/\/elhijodelllanero.mx\/index.php\/2026\/04\/21\/celaya-levanta-el-nivel-rumbo-a-competencias-internacionales\/"]}]},{"@type":"ImageObject","inLanguage":"es","@id":"https:\/\/elhijodelllanero.mx\/index.php\/2026\/04\/21\/celaya-levanta-el-nivel-rumbo-a-competencias-internacionales\/#primaryimage","url":"https:\/\/i0.wp.com\/elhijodelllanero.mx\/wp-content\/uploads\/2026\/04\/b3d91b63-4c9c-4fe0-894e-676a367dd638.jpeg?fit=1600%2C1200&ssl=1","contentUrl":"https:\/\/i0.wp.com\/elhijodelllanero.mx\/wp-content\/uploads\/2026\/04\/b3d91b63-4c9c-4fe0-894e-676a367dd638.jpeg?fit=1600%2C1200&ssl=1","width":1600,"height":1200},{"@type":"BreadcrumbList","@id":"https:\/\/elhijodelllanero.mx\/index.php\/2026\/04\/21\/celaya-levanta-el-nivel-rumbo-a-competencias-internacionales\/#breadcrumb","itemListElement":[{"@type":"ListItem","position":1,"name":"Portada","item":"https:\/\/elhijodelllanero.mx\/"},{"@type":"ListItem","position":2,"name":"Celaya levanta el nivel rumbo a competencias internacionales."}]},{"@type":"WebSite","@id":"https:\/\/elhijodelllanero.mx\/#website","url":"https:\/\/elhijodelllanero.mx\/","name":"El Hijo del llanero solititito","description":"","potentialAction":[{"@type":"SearchAction","target":{"@type":"EntryPoint","urlTemplate":"https:\/\/elhijodelllanero.mx\/?s={search_term_string}"},"query-input":{"@type":"PropertyValueSpecification","valueRequired":true,"valueName":"search_term_string"}}],"inLanguage":"es"},{"@type":"Person","@id":"https:\/\/elhijodelllanero.mx\/#\/schema\/person\/c7f8c86c55c1eab44ae2b93a9628245f","name":"Mar\u00eda de la Paz Rodarte Ram\u00edrez","image":{"@type":"ImageObject","inLanguage":"es","@id":"https:\/\/secure.gravatar.com\/avatar\/1f38f8518b09a266af73da2bce78d69e7d1275299970134ed62f572e0487e1d0?s=96&d=mm&r=g","url":"https:\/\/secure.gravatar.com\/avatar\/1f38f8518b09a266af73da2bce78d69e7d1275299970134ed62f572e0487e1d0?s=96&d=mm&r=g","contentUrl":"https:\/\/secure.gravatar.com\/avatar\/1f38f8518b09a266af73da2bce78d69e7d1275299970134ed62f572e0487e1d0?s=96&d=mm&r=g","caption":"Mar\u00eda de la Paz Rodarte Ram\u00edrez"},"sameAs":["https:\/\/www.elhijodelllanero.mx"],"url":"https:\/\/elhijodelllanero.mx\/index.php\/author\/maricuas\/"}]}},"jetpack_featured_media_url":"https:\/\/i0.wp.com\/elhijodelllanero.mx\/wp-content\/uploads\/2026\/04\/b3d91b63-4c9c-4fe0-894e-676a367dd638.jpeg?fit=1600%2C1200&ssl=1","jetpack-related-posts":[],"jetpack_sharing_enabled":true,"_links":{"self":[{"href":"https:\/\/elhijodelllanero.mx\/index.php\/wp-json\/wp\/v2\/posts\/14041","targetHints":{"allow":["GET"]}}],"collection":[{"href":"https:\/\/elhijodelllanero.mx\/index.php\/wp-json\/wp\/v2\/posts"}],"about":[{"href":"https:\/\/elhijodelllanero.mx\/index.php\/wp-json\/wp\/v2\/types\/post"}],"author":[{"embeddable":true,"href":"https:\/\/elhijodelllanero.mx\/index.php\/wp-json\/wp\/v2\/users\/3"}],"replies":[{"embeddable":true,"href":"https:\/\/elhijodelllanero.mx\/index.php\/wp-json\/wp\/v2\/comments?post=14041"}],"version-history":[{"count":1,"href":"https:\/\/elhijodelllanero.mx\/index.php\/wp-json\/wp\/v2\/posts\/14041\/revisions"}],"predecessor-version":[{"id":14043,"href":"https:\/\/elhijodelllanero.mx\/index.php\/wp-json\/wp\/v2\/posts\/14041\/revisions\/14043"}],"wp:featuredmedia":[{"embeddable":true,"href":"https:\/\/elhijodelllanero.mx\/index.php\/wp-json\/wp\/v2\/media\/14042"}],"wp:attachment":[{"href":"https:\/\/elhijodelllanero.mx\/index.php\/wp-json\/wp\/v2\/media?parent=14041"}],"wp:term":[{"taxonomy":"category","embeddable":true,"href":"https:\/\/elhijodelllanero.mx\/index.php\/wp-json\/wp\/v2\/categories?post=14041"},{"taxonomy":"post_tag","embeddable":true,"href":"https:\/\/elhijodelllanero.mx\/index.php\/wp-json\/wp\/v2\/tags?post=14041"}],"curies":[{"name":"wp","href":"https:\/\/api.w.org\/{rel}","templated":true}]}}