{"id":14044,"date":"2026-04-21T12:13:17","date_gmt":"2026-04-21T18:13:17","guid":{"rendered":"https:\/\/elhijodelllanero.mx\/?p=14044"},"modified":"2026-04-21T12:13:17","modified_gmt":"2026-04-21T18:13:17","slug":"ninez-de-apaseo-tendra-su-propio-viaje-al-espacio-sin-salir-del-municipio","status":"publish","type":"post","link":"https:\/\/elhijodelllanero.mx\/index.php\/2026\/04\/21\/ninez-de-apaseo-tendra-su-propio-viaje-al-espacio-sin-salir-del-municipio\/","title":{"rendered":"Ni\u00f1ez de Apaseo tendr\u00e1 su propio \u201cviaje al espacio\u201d\u2026 sin salir del municipio."},"content":{"rendered":"<p>Apaseo el Grande, Gto. 21 de abril del 2026.-Apaseo el Grande alista un plan bastante ambicioso para festejar el D\u00eda del Ni\u00f1o: convertir la Unidad Deportiva Centenario en una especie de estaci\u00f3n espacial llena de juegos, espuma y az\u00facar en niveles poco recomendados por cualquier nutri\u00f3logo sensato.<\/p>\n<p>El llamado \u201cFestival Espacial\u201d, organizado por el DIF municipal, se realizar\u00e1 el pr\u00f3ximo 25 de abril de 12 a 4 de la tarde y promete reunir a m\u00e1s de mil 500 ni\u00f1as y ni\u00f1os, tanto de la cabecera como de comunidades. Para que nadie se quede viendo las estrellas desde lejos, habr\u00e1 transporte para quienes vienen de zonas como San Pedro Tenango o Tenango el Nuevo.<\/p>\n<p>Entre lo que encontrar\u00e1n los asistentes hay inflables, esferas choconas, pinta caritas, m\u00fasica con DJ y un planetario interactivo que intenta equilibrar el exceso de dulces con algo de curiosidad cient\u00edfica. Porque s\u00ed, tambi\u00e9n habr\u00e1 hot dogs, algodones de az\u00facar, paletas y bebidas gratis, lo cual explica en parte el entusiasmo esperado.<\/p>\n<p>La din\u00e1mica incluye recorrer distintas \u201cestaciones\u201d con tem\u00e1tica espacial, y si el nivel de energ\u00eda infantil lo permite, al final recibir\u00e1n un obsequio. Tambi\u00e9n se vale llegar disfrazado, por si alguien ya ten\u00eda listo su traje de astronauta o alien.<\/p>\n<p>M\u00e1s all\u00e1 del concepto, la apuesta es simple: ofrecer un espacio donde ni\u00f1as y ni\u00f1os puedan pasar el d\u00eda entre juegos y actividades sin que el costo sea un problema. Y en estos tiempos, lograr diversi\u00f3n gratuita ya casi califica como ciencia ficci\u00f3n.<\/p>\n","protected":false},"excerpt":{"rendered":"<p>Apaseo el Grande, Gto. 21 de abril del 2026.-Apaseo el Grande alista un plan bastante ambicioso para festejar el D\u00eda del Ni\u00f1o: convertir la Unidad Deportiva Centenario en una especie de estaci\u00f3n espacial llena de juegos, espuma y az\u00facar en niveles poco recomendados por cualquier nutri\u00f3logo sensato. El llamado \u201cFestival Espacial\u201d, organizado por el DIF [&hellip;]<\/p>\n","protected":false},"author":3,"featured_media":14045,"comment_status":"open","ping_status":"closed","sticky":false,"template":"","format":"standard","meta":{"_jetpack_newsletter_access":"","_jetpack_dont_email_post_to_subs":false,"_jetpack_newsletter_tier_id":0,"_jetpack_memberships_contains_paywalled_content":false,"_jetpack_memberships_contains_paid_content":false,"footnotes":""},"categories":[78,76],"tags":[],"class_list":{"0":"post-14044","1":"post","2":"type-post","3":"status-publish","4":"format-standard","5":"has-post-thumbnail","7":"category-apaseo-el-grande","8":"category-municipios"},"yoast_head":"<!-- This site is optimized with the Yoast SEO plugin v27.3 - https:\/\/yoast.com\/product\/yoast-seo-wordpress\/ -->\n<title>Ni\u00f1ez de Apaseo tendr\u00e1 su propio \u201cviaje al espacio\u201d\u2026 sin salir del municipio. - El Hijo del llanero solititito<\/title>\n<meta name=\"robots\" content=\"index, follow, max-snippet:-1, max-image-preview:large, max-video-preview:-1\" \/>\n<link rel=\"canonical\" href=\"https:\/\/elhijodelllanero.mx\/index.php\/2026\/04\/21\/ninez-de-apaseo-tendra-su-propio-viaje-al-espacio-sin-salir-del-municipio\/\" \/>\n<meta property=\"og:locale\" content=\"es_ES\" \/>\n<meta property=\"og:type\" content=\"article\" \/>\n<meta property=\"og:title\" content=\"Ni\u00f1ez de Apaseo tendr\u00e1 su propio \u201cviaje al espacio\u201d\u2026 sin salir del municipio. - El Hijo del llanero solititito\" \/>\n<meta property=\"og:description\" content=\"Apaseo el Grande, Gto. 21 de abril del 2026.-Apaseo el Grande alista un plan bastante ambicioso para festejar el D\u00eda del Ni\u00f1o: convertir la Unidad Deportiva Centenario en una especie de estaci\u00f3n espacial llena de juegos, espuma y az\u00facar en niveles poco recomendados por cualquier nutri\u00f3logo sensato. El llamado \u201cFestival Espacial\u201d, organizado por el DIF [&hellip;]\" \/>\n<meta property=\"og:url\" content=\"https:\/\/elhijodelllanero.mx\/index.php\/2026\/04\/21\/ninez-de-apaseo-tendra-su-propio-viaje-al-espacio-sin-salir-del-municipio\/\" \/>\n<meta property=\"og:site_name\" content=\"El Hijo del llanero solititito\" \/>\n<meta property=\"article:published_time\" content=\"2026-04-21T18:13:17+00:00\" \/>\n<meta property=\"og:image\" content=\"https:\/\/elhijodelllanero.mx\/wp-content\/uploads\/2026\/04\/292c2534-dbcc-4e95-b0ed-0c91d3cdcdaf.jpeg\" \/>\n\t<meta property=\"og:image:width\" content=\"1279\" \/>\n\t<meta property=\"og:image:height\" content=\"1600\" \/>\n\t<meta property=\"og:image:type\" content=\"image\/jpeg\" \/>\n<meta name=\"author\" content=\"Mar\u00eda de la Paz Rodarte Ram\u00edrez\" \/>\n<meta name=\"twitter:card\" content=\"summary_large_image\" \/>\n<meta name=\"twitter:label1\" content=\"Escrito por\" \/>\n\t<meta name=\"twitter:data1\" content=\"Mar\u00eda de la Paz Rodarte Ram\u00edrez\" \/>\n\t<meta name=\"twitter:label2\" content=\"Tiempo de lectura\" \/>\n\t<meta name=\"twitter:data2\" content=\"2 minutos\" \/>\n<script type=\"application\/ld+json\" class=\"yoast-schema-graph\">{\"@context\":\"https:\\\/\\\/schema.org\",\"@graph\":[{\"@type\":\"Article\",\"@id\":\"https:\\\/\\\/elhijodelllanero.mx\\\/index.php\\\/2026\\\/04\\\/21\\\/ninez-de-apaseo-tendra-su-propio-viaje-al-espacio-sin-salir-del-municipio\\\/#article\",\"isPartOf\":{\"@id\":\"https:\\\/\\\/elhijodelllanero.mx\\\/index.php\\\/2026\\\/04\\\/21\\\/ninez-de-apaseo-tendra-su-propio-viaje-al-espacio-sin-salir-del-municipio\\\/\"},\"author\":{\"name\":\"Mar\u00eda de la Paz Rodarte Ram\u00edrez\",\"@id\":\"https:\\\/\\\/elhijodelllanero.mx\\\/#\\\/schema\\\/person\\\/c7f8c86c55c1eab44ae2b93a9628245f\"},\"headline\":\"Ni\u00f1ez de Apaseo tendr\u00e1 su propio \u201cviaje al espacio\u201d\u2026 sin salir del municipio.\",\"datePublished\":\"2026-04-21T18:13:17+00:00\",\"mainEntityOfPage\":{\"@id\":\"https:\\\/\\\/elhijodelllanero.mx\\\/index.php\\\/2026\\\/04\\\/21\\\/ninez-de-apaseo-tendra-su-propio-viaje-al-espacio-sin-salir-del-municipio\\\/\"},\"wordCount\":283,\"commentCount\":0,\"image\":{\"@id\":\"https:\\\/\\\/elhijodelllanero.mx\\\/index.php\\\/2026\\\/04\\\/21\\\/ninez-de-apaseo-tendra-su-propio-viaje-al-espacio-sin-salir-del-municipio\\\/#primaryimage\"},\"thumbnailUrl\":\"https:\\\/\\\/i0.wp.com\\\/elhijodelllanero.mx\\\/wp-content\\\/uploads\\\/2026\\\/04\\\/292c2534-dbcc-4e95-b0ed-0c91d3cdcdaf.jpeg?fit=1279%2C1600&ssl=1\",\"articleSection\":[\"APASEO EL GRANDE\",\"MUNICIPIOS\"],\"inLanguage\":\"es\",\"potentialAction\":[{\"@type\":\"CommentAction\",\"name\":\"Comment\",\"target\":[\"https:\\\/\\\/elhijodelllanero.mx\\\/index.php\\\/2026\\\/04\\\/21\\\/ninez-de-apaseo-tendra-su-propio-viaje-al-espacio-sin-salir-del-municipio\\\/#respond\"]}]},{\"@type\":\"WebPage\",\"@id\":\"https:\\\/\\\/elhijodelllanero.mx\\\/index.php\\\/2026\\\/04\\\/21\\\/ninez-de-apaseo-tendra-su-propio-viaje-al-espacio-sin-salir-del-municipio\\\/\",\"url\":\"https:\\\/\\\/elhijodelllanero.mx\\\/index.php\\\/2026\\\/04\\\/21\\\/ninez-de-apaseo-tendra-su-propio-viaje-al-espacio-sin-salir-del-municipio\\\/\",\"name\":\"Ni\u00f1ez de Apaseo tendr\u00e1 su propio \u201cviaje al espacio\u201d\u2026 sin salir del municipio. - El Hijo del llanero solititito\",\"isPartOf\":{\"@id\":\"https:\\\/\\\/elhijodelllanero.mx\\\/#website\"},\"primaryImageOfPage\":{\"@id\":\"https:\\\/\\\/elhijodelllanero.mx\\\/index.php\\\/2026\\\/04\\\/21\\\/ninez-de-apaseo-tendra-su-propio-viaje-al-espacio-sin-salir-del-municipio\\\/#primaryimage\"},\"image\":{\"@id\":\"https:\\\/\\\/elhijodelllanero.mx\\\/index.php\\\/2026\\\/04\\\/21\\\/ninez-de-apaseo-tendra-su-propio-viaje-al-espacio-sin-salir-del-municipio\\\/#primaryimage\"},\"thumbnailUrl\":\"https:\\\/\\\/i0.wp.com\\\/elhijodelllanero.mx\\\/wp-content\\\/uploads\\\/2026\\\/04\\\/292c2534-dbcc-4e95-b0ed-0c91d3cdcdaf.jpeg?fit=1279%2C1600&ssl=1\",\"datePublished\":\"2026-04-21T18:13:17+00:00\",\"author\":{\"@id\":\"https:\\\/\\\/elhijodelllanero.mx\\\/#\\\/schema\\\/person\\\/c7f8c86c55c1eab44ae2b93a9628245f\"},\"breadcrumb\":{\"@id\":\"https:\\\/\\\/elhijodelllanero.mx\\\/index.php\\\/2026\\\/04\\\/21\\\/ninez-de-apaseo-tendra-su-propio-viaje-al-espacio-sin-salir-del-municipio\\\/#breadcrumb\"},\"inLanguage\":\"es\",\"potentialAction\":[{\"@type\":\"ReadAction\",\"target\":[\"https:\\\/\\\/elhijodelllanero.mx\\\/index.php\\\/2026\\\/04\\\/21\\\/ninez-de-apaseo-tendra-su-propio-viaje-al-espacio-sin-salir-del-municipio\\\/\"]}]},{\"@type\":\"ImageObject\",\"inLanguage\":\"es\",\"@id\":\"https:\\\/\\\/elhijodelllanero.mx\\\/index.php\\\/2026\\\/04\\\/21\\\/ninez-de-apaseo-tendra-su-propio-viaje-al-espacio-sin-salir-del-municipio\\\/#primaryimage\",\"url\":\"https:\\\/\\\/i0.wp.com\\\/elhijodelllanero.mx\\\/wp-content\\\/uploads\\\/2026\\\/04\\\/292c2534-dbcc-4e95-b0ed-0c91d3cdcdaf.jpeg?fit=1279%2C1600&ssl=1\",\"contentUrl\":\"https:\\\/\\\/i0.wp.com\\\/elhijodelllanero.mx\\\/wp-content\\\/uploads\\\/2026\\\/04\\\/292c2534-dbcc-4e95-b0ed-0c91d3cdcdaf.jpeg?fit=1279%2C1600&ssl=1\",\"width\":1279,\"height\":1600},{\"@type\":\"BreadcrumbList\",\"@id\":\"https:\\\/\\\/elhijodelllanero.mx\\\/index.php\\\/2026\\\/04\\\/21\\\/ninez-de-apaseo-tendra-su-propio-viaje-al-espacio-sin-salir-del-municipio\\\/#breadcrumb\",\"itemListElement\":[{\"@type\":\"ListItem\",\"position\":1,\"name\":\"Portada\",\"item\":\"https:\\\/\\\/elhijodelllanero.mx\\\/\"},{\"@type\":\"ListItem\",\"position\":2,\"name\":\"Ni\u00f1ez de Apaseo tendr\u00e1 su propio \u201cviaje al espacio\u201d\u2026 sin salir del municipio.\"}]},{\"@type\":\"WebSite\",\"@id\":\"https:\\\/\\\/elhijodelllanero.mx\\\/#website\",\"url\":\"https:\\\/\\\/elhijodelllanero.mx\\\/\",\"name\":\"El Hijo del llanero solititito\",\"description\":\"\",\"potentialAction\":[{\"@type\":\"SearchAction\",\"target\":{\"@type\":\"EntryPoint\",\"urlTemplate\":\"https:\\\/\\\/elhijodelllanero.mx\\\/?s={search_term_string}\"},\"query-input\":{\"@type\":\"PropertyValueSpecification\",\"valueRequired\":true,\"valueName\":\"search_term_string\"}}],\"inLanguage\":\"es\"},{\"@type\":\"Person\",\"@id\":\"https:\\\/\\\/elhijodelllanero.mx\\\/#\\\/schema\\\/person\\\/c7f8c86c55c1eab44ae2b93a9628245f\",\"name\":\"Mar\u00eda de la Paz Rodarte Ram\u00edrez\",\"image\":{\"@type\":\"ImageObject\",\"inLanguage\":\"es\",\"@id\":\"https:\\\/\\\/secure.gravatar.com\\\/avatar\\\/1f38f8518b09a266af73da2bce78d69e7d1275299970134ed62f572e0487e1d0?s=96&d=mm&r=g\",\"url\":\"https:\\\/\\\/secure.gravatar.com\\\/avatar\\\/1f38f8518b09a266af73da2bce78d69e7d1275299970134ed62f572e0487e1d0?s=96&d=mm&r=g\",\"contentUrl\":\"https:\\\/\\\/secure.gravatar.com\\\/avatar\\\/1f38f8518b09a266af73da2bce78d69e7d1275299970134ed62f572e0487e1d0?s=96&d=mm&r=g\",\"caption\":\"Mar\u00eda de la Paz Rodarte Ram\u00edrez\"},\"sameAs\":[\"https:\\\/\\\/www.elhijodelllanero.mx\"],\"url\":\"https:\\\/\\\/elhijodelllanero.mx\\\/index.php\\\/author\\\/maricuas\\\/\"}]}<\/script>\n<!-- \/ Yoast SEO plugin. -->","yoast_head_json":{"title":"Ni\u00f1ez de Apaseo tendr\u00e1 su propio \u201cviaje al espacio\u201d\u2026 sin salir del municipio. - El Hijo del llanero solititito","robots":{"index":"index","follow":"follow","max-snippet":"max-snippet:-1","max-image-preview":"max-image-preview:large","max-video-preview":"max-video-preview:-1"},"canonical":"https:\/\/elhijodelllanero.mx\/index.php\/2026\/04\/21\/ninez-de-apaseo-tendra-su-propio-viaje-al-espacio-sin-salir-del-municipio\/","og_locale":"es_ES","og_type":"article","og_title":"Ni\u00f1ez de Apaseo tendr\u00e1 su propio \u201cviaje al espacio\u201d\u2026 sin salir del municipio. - El Hijo del llanero solititito","og_description":"Apaseo el Grande, Gto. 21 de abril del 2026.-Apaseo el Grande alista un plan bastante ambicioso para festejar el D\u00eda del Ni\u00f1o: convertir la Unidad Deportiva Centenario en una especie de estaci\u00f3n espacial llena de juegos, espuma y az\u00facar en niveles poco recomendados por cualquier nutri\u00f3logo sensato. El llamado \u201cFestival Espacial\u201d, organizado por el DIF [&hellip;]","og_url":"https:\/\/elhijodelllanero.mx\/index.php\/2026\/04\/21\/ninez-de-apaseo-tendra-su-propio-viaje-al-espacio-sin-salir-del-municipio\/","og_site_name":"El Hijo del llanero solititito","article_published_time":"2026-04-21T18:13:17+00:00","og_image":[{"width":1279,"height":1600,"url":"https:\/\/elhijodelllanero.mx\/wp-content\/uploads\/2026\/04\/292c2534-dbcc-4e95-b0ed-0c91d3cdcdaf.jpeg","type":"image\/jpeg"}],"author":"Mar\u00eda de la Paz Rodarte Ram\u00edrez","twitter_card":"summary_large_image","twitter_misc":{"Escrito por":"Mar\u00eda de la Paz Rodarte Ram\u00edrez","Tiempo de lectura":"2 minutos"},"schema":{"@context":"https:\/\/schema.org","@graph":[{"@type":"Article","@id":"https:\/\/elhijodelllanero.mx\/index.php\/2026\/04\/21\/ninez-de-apaseo-tendra-su-propio-viaje-al-espacio-sin-salir-del-municipio\/#article","isPartOf":{"@id":"https:\/\/elhijodelllanero.mx\/index.php\/2026\/04\/21\/ninez-de-apaseo-tendra-su-propio-viaje-al-espacio-sin-salir-del-municipio\/"},"author":{"name":"Mar\u00eda de la Paz Rodarte Ram\u00edrez","@id":"https:\/\/elhijodelllanero.mx\/#\/schema\/person\/c7f8c86c55c1eab44ae2b93a9628245f"},"headline":"Ni\u00f1ez de Apaseo tendr\u00e1 su propio \u201cviaje al espacio\u201d\u2026 sin salir del municipio.","datePublished":"2026-04-21T18:13:17+00:00","mainEntityOfPage":{"@id":"https:\/\/elhijodelllanero.mx\/index.php\/2026\/04\/21\/ninez-de-apaseo-tendra-su-propio-viaje-al-espacio-sin-salir-del-municipio\/"},"wordCount":283,"commentCount":0,"image":{"@id":"https:\/\/elhijodelllanero.mx\/index.php\/2026\/04\/21\/ninez-de-apaseo-tendra-su-propio-viaje-al-espacio-sin-salir-del-municipio\/#primaryimage"},"thumbnailUrl":"https:\/\/i0.wp.com\/elhijodelllanero.mx\/wp-content\/uploads\/2026\/04\/292c2534-dbcc-4e95-b0ed-0c91d3cdcdaf.jpeg?fit=1279%2C1600&ssl=1","articleSection":["APASEO EL GRANDE","MUNICIPIOS"],"inLanguage":"es","potentialAction":[{"@type":"CommentAction","name":"Comment","target":["https:\/\/elhijodelllanero.mx\/index.php\/2026\/04\/21\/ninez-de-apaseo-tendra-su-propio-viaje-al-espacio-sin-salir-del-municipio\/#respond"]}]},{"@type":"WebPage","@id":"https:\/\/elhijodelllanero.mx\/index.php\/2026\/04\/21\/ninez-de-apaseo-tendra-su-propio-viaje-al-espacio-sin-salir-del-municipio\/","url":"https:\/\/elhijodelllanero.mx\/index.php\/2026\/04\/21\/ninez-de-apaseo-tendra-su-propio-viaje-al-espacio-sin-salir-del-municipio\/","name":"Ni\u00f1ez de Apaseo tendr\u00e1 su propio \u201cviaje al espacio\u201d\u2026 sin salir del municipio. - El Hijo del llanero solititito","isPartOf":{"@id":"https:\/\/elhijodelllanero.mx\/#website"},"primaryImageOfPage":{"@id":"https:\/\/elhijodelllanero.mx\/index.php\/2026\/04\/21\/ninez-de-apaseo-tendra-su-propio-viaje-al-espacio-sin-salir-del-municipio\/#primaryimage"},"image":{"@id":"https:\/\/elhijodelllanero.mx\/index.php\/2026\/04\/21\/ninez-de-apaseo-tendra-su-propio-viaje-al-espacio-sin-salir-del-municipio\/#primaryimage"},"thumbnailUrl":"https:\/\/i0.wp.com\/elhijodelllanero.mx\/wp-content\/uploads\/2026\/04\/292c2534-dbcc-4e95-b0ed-0c91d3cdcdaf.jpeg?fit=1279%2C1600&ssl=1","datePublished":"2026-04-21T18:13:17+00:00","author":{"@id":"https:\/\/elhijodelllanero.mx\/#\/schema\/person\/c7f8c86c55c1eab44ae2b93a9628245f"},"breadcrumb":{"@id":"https:\/\/elhijodelllanero.mx\/index.php\/2026\/04\/21\/ninez-de-apaseo-tendra-su-propio-viaje-al-espacio-sin-salir-del-municipio\/#breadcrumb"},"inLanguage":"es","potentialAction":[{"@type":"ReadAction","target":["https:\/\/elhijodelllanero.mx\/index.php\/2026\/04\/21\/ninez-de-apaseo-tendra-su-propio-viaje-al-espacio-sin-salir-del-municipio\/"]}]},{"@type":"ImageObject","inLanguage":"es","@id":"https:\/\/elhijodelllanero.mx\/index.php\/2026\/04\/21\/ninez-de-apaseo-tendra-su-propio-viaje-al-espacio-sin-salir-del-municipio\/#primaryimage","url":"https:\/\/i0.wp.com\/elhijodelllanero.mx\/wp-content\/uploads\/2026\/04\/292c2534-dbcc-4e95-b0ed-0c91d3cdcdaf.jpeg?fit=1279%2C1600&ssl=1","contentUrl":"https:\/\/i0.wp.com\/elhijodelllanero.mx\/wp-content\/uploads\/2026\/04\/292c2534-dbcc-4e95-b0ed-0c91d3cdcdaf.jpeg?fit=1279%2C1600&ssl=1","width":1279,"height":1600},{"@type":"BreadcrumbList","@id":"https:\/\/elhijodelllanero.mx\/index.php\/2026\/04\/21\/ninez-de-apaseo-tendra-su-propio-viaje-al-espacio-sin-salir-del-municipio\/#breadcrumb","itemListElement":[{"@type":"ListItem","position":1,"name":"Portada","item":"https:\/\/elhijodelllanero.mx\/"},{"@type":"ListItem","position":2,"name":"Ni\u00f1ez de Apaseo tendr\u00e1 su propio \u201cviaje al espacio\u201d\u2026 sin salir del municipio."}]},{"@type":"WebSite","@id":"https:\/\/elhijodelllanero.mx\/#website","url":"https:\/\/elhijodelllanero.mx\/","name":"El Hijo del llanero solititito","description":"","potentialAction":[{"@type":"SearchAction","target":{"@type":"EntryPoint","urlTemplate":"https:\/\/elhijodelllanero.mx\/?s={search_term_string}"},"query-input":{"@type":"PropertyValueSpecification","valueRequired":true,"valueName":"search_term_string"}}],"inLanguage":"es"},{"@type":"Person","@id":"https:\/\/elhijodelllanero.mx\/#\/schema\/person\/c7f8c86c55c1eab44ae2b93a9628245f","name":"Mar\u00eda de la Paz Rodarte Ram\u00edrez","image":{"@type":"ImageObject","inLanguage":"es","@id":"https:\/\/secure.gravatar.com\/avatar\/1f38f8518b09a266af73da2bce78d69e7d1275299970134ed62f572e0487e1d0?s=96&d=mm&r=g","url":"https:\/\/secure.gravatar.com\/avatar\/1f38f8518b09a266af73da2bce78d69e7d1275299970134ed62f572e0487e1d0?s=96&d=mm&r=g","contentUrl":"https:\/\/secure.gravatar.com\/avatar\/1f38f8518b09a266af73da2bce78d69e7d1275299970134ed62f572e0487e1d0?s=96&d=mm&r=g","caption":"Mar\u00eda de la Paz Rodarte Ram\u00edrez"},"sameAs":["https:\/\/www.elhijodelllanero.mx"],"url":"https:\/\/elhijodelllanero.mx\/index.php\/author\/maricuas\/"}]}},"jetpack_featured_media_url":"https:\/\/i0.wp.com\/elhijodelllanero.mx\/wp-content\/uploads\/2026\/04\/292c2534-dbcc-4e95-b0ed-0c91d3cdcdaf.jpeg?fit=1279%2C1600&ssl=1","jetpack-related-posts":[],"jetpack_sharing_enabled":true,"_links":{"self":[{"href":"https:\/\/elhijodelllanero.mx\/index.php\/wp-json\/wp\/v2\/posts\/14044","targetHints":{"allow":["GET"]}}],"collection":[{"href":"https:\/\/elhijodelllanero.mx\/index.php\/wp-json\/wp\/v2\/posts"}],"about":[{"href":"https:\/\/elhijodelllanero.mx\/index.php\/wp-json\/wp\/v2\/types\/post"}],"author":[{"embeddable":true,"href":"https:\/\/elhijodelllanero.mx\/index.php\/wp-json\/wp\/v2\/users\/3"}],"replies":[{"embeddable":true,"href":"https:\/\/elhijodelllanero.mx\/index.php\/wp-json\/wp\/v2\/comments?post=14044"}],"version-history":[{"count":1,"href":"https:\/\/elhijodelllanero.mx\/index.php\/wp-json\/wp\/v2\/posts\/14044\/revisions"}],"predecessor-version":[{"id":14046,"href":"https:\/\/elhijodelllanero.mx\/index.php\/wp-json\/wp\/v2\/posts\/14044\/revisions\/14046"}],"wp:featuredmedia":[{"embeddable":true,"href":"https:\/\/elhijodelllanero.mx\/index.php\/wp-json\/wp\/v2\/media\/14045"}],"wp:attachment":[{"href":"https:\/\/elhijodelllanero.mx\/index.php\/wp-json\/wp\/v2\/media?parent=14044"}],"wp:term":[{"taxonomy":"category","embeddable":true,"href":"https:\/\/elhijodelllanero.mx\/index.php\/wp-json\/wp\/v2\/categories?post=14044"},{"taxonomy":"post_tag","embeddable":true,"href":"https:\/\/elhijodelllanero.mx\/index.php\/wp-json\/wp\/v2\/tags?post=14044"}],"curies":[{"name":"wp","href":"https:\/\/api.w.org\/{rel}","templated":true}]}}