{"id":14052,"date":"2026-04-21T14:24:48","date_gmt":"2026-04-21T20:24:48","guid":{"rendered":"https:\/\/elhijodelllanero.mx\/?p=14052"},"modified":"2026-04-21T14:24:48","modified_gmt":"2026-04-21T20:24:48","slug":"gira-de-trabajo-impulsa-mejora-de-vialidades-en-colonias-y-comunidades","status":"publish","type":"post","link":"https:\/\/elhijodelllanero.mx\/index.php\/2026\/04\/21\/gira-de-trabajo-impulsa-mejora-de-vialidades-en-colonias-y-comunidades\/","title":{"rendered":"Gira de trabajo impulsa mejora de vialidades en colonias y comunidades."},"content":{"rendered":"<p>Celaya, Gto. 21 de abril del 2026.-Como parte de una gira de trabajo enfocada en el fortalecimiento de la infraestructura urbana, el gobierno municipal de Celaya, en coordinaci\u00f3n con el gobierno del estado, llev\u00f3 a cabo la entrega de cuatro obras de pavimentaci\u00f3n en distintas zonas del municipio. El alcalde Juan Miguel Ram\u00edrez encabez\u00f3 el recorrido, acompa\u00f1ado por Rosario Corona, titular de la Secretar\u00eda del Nuevo Comienzo en representaci\u00f3n del Ejecutivo estatal, as\u00ed como integrantes del Ayuntamiento y funcionarios de distintas \u00e1reas.<\/p>\n<p>La jornada inici\u00f3 en la colonia Del Bosque, donde se entregaron las calles Toronja y Cuarta de Cacao, con una inversi\u00f3n superior a los 6.4 millones de pesos. Posteriormente, en la colonia Valle Hermoso, se inauguraron la 2da Privada de Melchor Ocampo y la Privada Miguel Hidalgo, con recursos de 3.86 y 2.19 millones de pesos, respectivamente. Finalmente, en la comunidad de Tener\u00eda del Santuario se puso en funcionamiento la calle Chapultepec, una obra que impacta de manera directa en la movilidad y acceso de los habitantes, en especial de estudiantes de la telesecundaria 204.<\/p>\n<p>Durante las entregas, las autoridades municipales destacaron que estas acciones forman parte de una estrategia para atender rezagos en servicios b\u00e1sicos y mejorar la calidad de vida de las familias celayenses. Subrayaron que la pavimentaci\u00f3n de vialidades no solo facilita el tr\u00e1nsito y la conectividad, sino que tambi\u00e9n contribuye a brindar mayor seguridad y condiciones m\u00e1s dignas en zonas que por a\u00f1os hab\u00edan permanecido sin atenci\u00f3n.<\/p>\n","protected":false},"excerpt":{"rendered":"<p>Celaya, Gto. 21 de abril del 2026.-Como parte de una gira de trabajo enfocada en el fortalecimiento de la infraestructura urbana, el gobierno municipal de Celaya, en coordinaci\u00f3n con el gobierno del estado, llev\u00f3 a cabo la entrega de cuatro obras de pavimentaci\u00f3n en distintas zonas del municipio. El alcalde Juan Miguel Ram\u00edrez encabez\u00f3 el [&hellip;]<\/p>\n","protected":false},"author":3,"featured_media":14053,"comment_status":"open","ping_status":"closed","sticky":false,"template":"","format":"standard","meta":{"_jetpack_newsletter_access":"","_jetpack_dont_email_post_to_subs":false,"_jetpack_newsletter_tier_id":0,"_jetpack_memberships_contains_paywalled_content":false,"_jetpack_memberships_contains_paid_content":false,"footnotes":""},"categories":[74,38],"tags":[],"class_list":{"0":"post-14052","1":"post","2":"type-post","3":"status-publish","4":"format-standard","5":"has-post-thumbnail","7":"category-celaya","8":"category-estado"},"yoast_head":"<!-- This site is optimized with the Yoast SEO plugin v27.3 - https:\/\/yoast.com\/product\/yoast-seo-wordpress\/ -->\n<title>Gira de trabajo impulsa mejora de vialidades en colonias y comunidades. - El Hijo del llanero solititito<\/title>\n<meta name=\"robots\" content=\"index, follow, max-snippet:-1, max-image-preview:large, max-video-preview:-1\" \/>\n<link rel=\"canonical\" href=\"https:\/\/elhijodelllanero.mx\/index.php\/2026\/04\/21\/gira-de-trabajo-impulsa-mejora-de-vialidades-en-colonias-y-comunidades\/\" \/>\n<meta property=\"og:locale\" content=\"es_ES\" \/>\n<meta property=\"og:type\" content=\"article\" \/>\n<meta property=\"og:title\" content=\"Gira de trabajo impulsa mejora de vialidades en colonias y comunidades. - El Hijo del llanero solititito\" \/>\n<meta property=\"og:description\" content=\"Celaya, Gto. 21 de abril del 2026.-Como parte de una gira de trabajo enfocada en el fortalecimiento de la infraestructura urbana, el gobierno municipal de Celaya, en coordinaci\u00f3n con el gobierno del estado, llev\u00f3 a cabo la entrega de cuatro obras de pavimentaci\u00f3n en distintas zonas del municipio. El alcalde Juan Miguel Ram\u00edrez encabez\u00f3 el [&hellip;]\" \/>\n<meta property=\"og:url\" content=\"https:\/\/elhijodelllanero.mx\/index.php\/2026\/04\/21\/gira-de-trabajo-impulsa-mejora-de-vialidades-en-colonias-y-comunidades\/\" \/>\n<meta property=\"og:site_name\" content=\"El Hijo del llanero solititito\" \/>\n<meta property=\"article:published_time\" content=\"2026-04-21T20:24:48+00:00\" \/>\n<meta property=\"og:image\" content=\"https:\/\/elhijodelllanero.mx\/wp-content\/uploads\/2026\/04\/20260421_142259-COLLAGE-scaled.jpg\" \/>\n\t<meta property=\"og:image:width\" content=\"2560\" \/>\n\t<meta property=\"og:image:height\" content=\"2560\" \/>\n\t<meta property=\"og:image:type\" content=\"image\/jpeg\" \/>\n<meta name=\"author\" content=\"Mar\u00eda de la Paz Rodarte Ram\u00edrez\" \/>\n<meta name=\"twitter:card\" content=\"summary_large_image\" \/>\n<meta name=\"twitter:label1\" content=\"Escrito por\" \/>\n\t<meta name=\"twitter:data1\" content=\"Mar\u00eda de la Paz Rodarte Ram\u00edrez\" \/>\n\t<meta name=\"twitter:label2\" content=\"Tiempo de lectura\" \/>\n\t<meta name=\"twitter:data2\" content=\"2 minutos\" \/>\n<script type=\"application\/ld+json\" class=\"yoast-schema-graph\">{\"@context\":\"https:\\\/\\\/schema.org\",\"@graph\":[{\"@type\":\"Article\",\"@id\":\"https:\\\/\\\/elhijodelllanero.mx\\\/index.php\\\/2026\\\/04\\\/21\\\/gira-de-trabajo-impulsa-mejora-de-vialidades-en-colonias-y-comunidades\\\/#article\",\"isPartOf\":{\"@id\":\"https:\\\/\\\/elhijodelllanero.mx\\\/index.php\\\/2026\\\/04\\\/21\\\/gira-de-trabajo-impulsa-mejora-de-vialidades-en-colonias-y-comunidades\\\/\"},\"author\":{\"name\":\"Mar\u00eda de la Paz Rodarte Ram\u00edrez\",\"@id\":\"https:\\\/\\\/elhijodelllanero.mx\\\/#\\\/schema\\\/person\\\/c7f8c86c55c1eab44ae2b93a9628245f\"},\"headline\":\"Gira de trabajo impulsa mejora de vialidades en colonias y comunidades.\",\"datePublished\":\"2026-04-21T20:24:48+00:00\",\"mainEntityOfPage\":{\"@id\":\"https:\\\/\\\/elhijodelllanero.mx\\\/index.php\\\/2026\\\/04\\\/21\\\/gira-de-trabajo-impulsa-mejora-de-vialidades-en-colonias-y-comunidades\\\/\"},\"wordCount\":265,\"commentCount\":0,\"image\":{\"@id\":\"https:\\\/\\\/elhijodelllanero.mx\\\/index.php\\\/2026\\\/04\\\/21\\\/gira-de-trabajo-impulsa-mejora-de-vialidades-en-colonias-y-comunidades\\\/#primaryimage\"},\"thumbnailUrl\":\"https:\\\/\\\/i0.wp.com\\\/elhijodelllanero.mx\\\/wp-content\\\/uploads\\\/2026\\\/04\\\/20260421_142259-COLLAGE-scaled.jpg?fit=2560%2C2560&ssl=1\",\"articleSection\":[\"CELAYA\",\"ESTADO\"],\"inLanguage\":\"es\",\"potentialAction\":[{\"@type\":\"CommentAction\",\"name\":\"Comment\",\"target\":[\"https:\\\/\\\/elhijodelllanero.mx\\\/index.php\\\/2026\\\/04\\\/21\\\/gira-de-trabajo-impulsa-mejora-de-vialidades-en-colonias-y-comunidades\\\/#respond\"]}]},{\"@type\":\"WebPage\",\"@id\":\"https:\\\/\\\/elhijodelllanero.mx\\\/index.php\\\/2026\\\/04\\\/21\\\/gira-de-trabajo-impulsa-mejora-de-vialidades-en-colonias-y-comunidades\\\/\",\"url\":\"https:\\\/\\\/elhijodelllanero.mx\\\/index.php\\\/2026\\\/04\\\/21\\\/gira-de-trabajo-impulsa-mejora-de-vialidades-en-colonias-y-comunidades\\\/\",\"name\":\"Gira de trabajo impulsa mejora de vialidades en colonias y comunidades. - El Hijo del llanero solititito\",\"isPartOf\":{\"@id\":\"https:\\\/\\\/elhijodelllanero.mx\\\/#website\"},\"primaryImageOfPage\":{\"@id\":\"https:\\\/\\\/elhijodelllanero.mx\\\/index.php\\\/2026\\\/04\\\/21\\\/gira-de-trabajo-impulsa-mejora-de-vialidades-en-colonias-y-comunidades\\\/#primaryimage\"},\"image\":{\"@id\":\"https:\\\/\\\/elhijodelllanero.mx\\\/index.php\\\/2026\\\/04\\\/21\\\/gira-de-trabajo-impulsa-mejora-de-vialidades-en-colonias-y-comunidades\\\/#primaryimage\"},\"thumbnailUrl\":\"https:\\\/\\\/i0.wp.com\\\/elhijodelllanero.mx\\\/wp-content\\\/uploads\\\/2026\\\/04\\\/20260421_142259-COLLAGE-scaled.jpg?fit=2560%2C2560&ssl=1\",\"datePublished\":\"2026-04-21T20:24:48+00:00\",\"author\":{\"@id\":\"https:\\\/\\\/elhijodelllanero.mx\\\/#\\\/schema\\\/person\\\/c7f8c86c55c1eab44ae2b93a9628245f\"},\"breadcrumb\":{\"@id\":\"https:\\\/\\\/elhijodelllanero.mx\\\/index.php\\\/2026\\\/04\\\/21\\\/gira-de-trabajo-impulsa-mejora-de-vialidades-en-colonias-y-comunidades\\\/#breadcrumb\"},\"inLanguage\":\"es\",\"potentialAction\":[{\"@type\":\"ReadAction\",\"target\":[\"https:\\\/\\\/elhijodelllanero.mx\\\/index.php\\\/2026\\\/04\\\/21\\\/gira-de-trabajo-impulsa-mejora-de-vialidades-en-colonias-y-comunidades\\\/\"]}]},{\"@type\":\"ImageObject\",\"inLanguage\":\"es\",\"@id\":\"https:\\\/\\\/elhijodelllanero.mx\\\/index.php\\\/2026\\\/04\\\/21\\\/gira-de-trabajo-impulsa-mejora-de-vialidades-en-colonias-y-comunidades\\\/#primaryimage\",\"url\":\"https:\\\/\\\/i0.wp.com\\\/elhijodelllanero.mx\\\/wp-content\\\/uploads\\\/2026\\\/04\\\/20260421_142259-COLLAGE-scaled.jpg?fit=2560%2C2560&ssl=1\",\"contentUrl\":\"https:\\\/\\\/i0.wp.com\\\/elhijodelllanero.mx\\\/wp-content\\\/uploads\\\/2026\\\/04\\\/20260421_142259-COLLAGE-scaled.jpg?fit=2560%2C2560&ssl=1\",\"width\":2560,\"height\":2560},{\"@type\":\"BreadcrumbList\",\"@id\":\"https:\\\/\\\/elhijodelllanero.mx\\\/index.php\\\/2026\\\/04\\\/21\\\/gira-de-trabajo-impulsa-mejora-de-vialidades-en-colonias-y-comunidades\\\/#breadcrumb\",\"itemListElement\":[{\"@type\":\"ListItem\",\"position\":1,\"name\":\"Portada\",\"item\":\"https:\\\/\\\/elhijodelllanero.mx\\\/\"},{\"@type\":\"ListItem\",\"position\":2,\"name\":\"Gira de trabajo impulsa mejora de vialidades en colonias y comunidades.\"}]},{\"@type\":\"WebSite\",\"@id\":\"https:\\\/\\\/elhijodelllanero.mx\\\/#website\",\"url\":\"https:\\\/\\\/elhijodelllanero.mx\\\/\",\"name\":\"El Hijo del llanero solititito\",\"description\":\"\",\"potentialAction\":[{\"@type\":\"SearchAction\",\"target\":{\"@type\":\"EntryPoint\",\"urlTemplate\":\"https:\\\/\\\/elhijodelllanero.mx\\\/?s={search_term_string}\"},\"query-input\":{\"@type\":\"PropertyValueSpecification\",\"valueRequired\":true,\"valueName\":\"search_term_string\"}}],\"inLanguage\":\"es\"},{\"@type\":\"Person\",\"@id\":\"https:\\\/\\\/elhijodelllanero.mx\\\/#\\\/schema\\\/person\\\/c7f8c86c55c1eab44ae2b93a9628245f\",\"name\":\"Mar\u00eda de la Paz Rodarte Ram\u00edrez\",\"image\":{\"@type\":\"ImageObject\",\"inLanguage\":\"es\",\"@id\":\"https:\\\/\\\/secure.gravatar.com\\\/avatar\\\/1f38f8518b09a266af73da2bce78d69e7d1275299970134ed62f572e0487e1d0?s=96&d=mm&r=g\",\"url\":\"https:\\\/\\\/secure.gravatar.com\\\/avatar\\\/1f38f8518b09a266af73da2bce78d69e7d1275299970134ed62f572e0487e1d0?s=96&d=mm&r=g\",\"contentUrl\":\"https:\\\/\\\/secure.gravatar.com\\\/avatar\\\/1f38f8518b09a266af73da2bce78d69e7d1275299970134ed62f572e0487e1d0?s=96&d=mm&r=g\",\"caption\":\"Mar\u00eda de la Paz Rodarte Ram\u00edrez\"},\"sameAs\":[\"https:\\\/\\\/www.elhijodelllanero.mx\"],\"url\":\"https:\\\/\\\/elhijodelllanero.mx\\\/index.php\\\/author\\\/maricuas\\\/\"}]}<\/script>\n<!-- \/ Yoast SEO plugin. -->","yoast_head_json":{"title":"Gira de trabajo impulsa mejora de vialidades en colonias y comunidades. - El Hijo del llanero solititito","robots":{"index":"index","follow":"follow","max-snippet":"max-snippet:-1","max-image-preview":"max-image-preview:large","max-video-preview":"max-video-preview:-1"},"canonical":"https:\/\/elhijodelllanero.mx\/index.php\/2026\/04\/21\/gira-de-trabajo-impulsa-mejora-de-vialidades-en-colonias-y-comunidades\/","og_locale":"es_ES","og_type":"article","og_title":"Gira de trabajo impulsa mejora de vialidades en colonias y comunidades. - El Hijo del llanero solititito","og_description":"Celaya, Gto. 21 de abril del 2026.-Como parte de una gira de trabajo enfocada en el fortalecimiento de la infraestructura urbana, el gobierno municipal de Celaya, en coordinaci\u00f3n con el gobierno del estado, llev\u00f3 a cabo la entrega de cuatro obras de pavimentaci\u00f3n en distintas zonas del municipio. El alcalde Juan Miguel Ram\u00edrez encabez\u00f3 el [&hellip;]","og_url":"https:\/\/elhijodelllanero.mx\/index.php\/2026\/04\/21\/gira-de-trabajo-impulsa-mejora-de-vialidades-en-colonias-y-comunidades\/","og_site_name":"El Hijo del llanero solititito","article_published_time":"2026-04-21T20:24:48+00:00","og_image":[{"width":2560,"height":2560,"url":"https:\/\/elhijodelllanero.mx\/wp-content\/uploads\/2026\/04\/20260421_142259-COLLAGE-scaled.jpg","type":"image\/jpeg"}],"author":"Mar\u00eda de la Paz Rodarte Ram\u00edrez","twitter_card":"summary_large_image","twitter_misc":{"Escrito por":"Mar\u00eda de la Paz Rodarte Ram\u00edrez","Tiempo de lectura":"2 minutos"},"schema":{"@context":"https:\/\/schema.org","@graph":[{"@type":"Article","@id":"https:\/\/elhijodelllanero.mx\/index.php\/2026\/04\/21\/gira-de-trabajo-impulsa-mejora-de-vialidades-en-colonias-y-comunidades\/#article","isPartOf":{"@id":"https:\/\/elhijodelllanero.mx\/index.php\/2026\/04\/21\/gira-de-trabajo-impulsa-mejora-de-vialidades-en-colonias-y-comunidades\/"},"author":{"name":"Mar\u00eda de la Paz Rodarte Ram\u00edrez","@id":"https:\/\/elhijodelllanero.mx\/#\/schema\/person\/c7f8c86c55c1eab44ae2b93a9628245f"},"headline":"Gira de trabajo impulsa mejora de vialidades en colonias y comunidades.","datePublished":"2026-04-21T20:24:48+00:00","mainEntityOfPage":{"@id":"https:\/\/elhijodelllanero.mx\/index.php\/2026\/04\/21\/gira-de-trabajo-impulsa-mejora-de-vialidades-en-colonias-y-comunidades\/"},"wordCount":265,"commentCount":0,"image":{"@id":"https:\/\/elhijodelllanero.mx\/index.php\/2026\/04\/21\/gira-de-trabajo-impulsa-mejora-de-vialidades-en-colonias-y-comunidades\/#primaryimage"},"thumbnailUrl":"https:\/\/i0.wp.com\/elhijodelllanero.mx\/wp-content\/uploads\/2026\/04\/20260421_142259-COLLAGE-scaled.jpg?fit=2560%2C2560&ssl=1","articleSection":["CELAYA","ESTADO"],"inLanguage":"es","potentialAction":[{"@type":"CommentAction","name":"Comment","target":["https:\/\/elhijodelllanero.mx\/index.php\/2026\/04\/21\/gira-de-trabajo-impulsa-mejora-de-vialidades-en-colonias-y-comunidades\/#respond"]}]},{"@type":"WebPage","@id":"https:\/\/elhijodelllanero.mx\/index.php\/2026\/04\/21\/gira-de-trabajo-impulsa-mejora-de-vialidades-en-colonias-y-comunidades\/","url":"https:\/\/elhijodelllanero.mx\/index.php\/2026\/04\/21\/gira-de-trabajo-impulsa-mejora-de-vialidades-en-colonias-y-comunidades\/","name":"Gira de trabajo impulsa mejora de vialidades en colonias y comunidades. - El Hijo del llanero solititito","isPartOf":{"@id":"https:\/\/elhijodelllanero.mx\/#website"},"primaryImageOfPage":{"@id":"https:\/\/elhijodelllanero.mx\/index.php\/2026\/04\/21\/gira-de-trabajo-impulsa-mejora-de-vialidades-en-colonias-y-comunidades\/#primaryimage"},"image":{"@id":"https:\/\/elhijodelllanero.mx\/index.php\/2026\/04\/21\/gira-de-trabajo-impulsa-mejora-de-vialidades-en-colonias-y-comunidades\/#primaryimage"},"thumbnailUrl":"https:\/\/i0.wp.com\/elhijodelllanero.mx\/wp-content\/uploads\/2026\/04\/20260421_142259-COLLAGE-scaled.jpg?fit=2560%2C2560&ssl=1","datePublished":"2026-04-21T20:24:48+00:00","author":{"@id":"https:\/\/elhijodelllanero.mx\/#\/schema\/person\/c7f8c86c55c1eab44ae2b93a9628245f"},"breadcrumb":{"@id":"https:\/\/elhijodelllanero.mx\/index.php\/2026\/04\/21\/gira-de-trabajo-impulsa-mejora-de-vialidades-en-colonias-y-comunidades\/#breadcrumb"},"inLanguage":"es","potentialAction":[{"@type":"ReadAction","target":["https:\/\/elhijodelllanero.mx\/index.php\/2026\/04\/21\/gira-de-trabajo-impulsa-mejora-de-vialidades-en-colonias-y-comunidades\/"]}]},{"@type":"ImageObject","inLanguage":"es","@id":"https:\/\/elhijodelllanero.mx\/index.php\/2026\/04\/21\/gira-de-trabajo-impulsa-mejora-de-vialidades-en-colonias-y-comunidades\/#primaryimage","url":"https:\/\/i0.wp.com\/elhijodelllanero.mx\/wp-content\/uploads\/2026\/04\/20260421_142259-COLLAGE-scaled.jpg?fit=2560%2C2560&ssl=1","contentUrl":"https:\/\/i0.wp.com\/elhijodelllanero.mx\/wp-content\/uploads\/2026\/04\/20260421_142259-COLLAGE-scaled.jpg?fit=2560%2C2560&ssl=1","width":2560,"height":2560},{"@type":"BreadcrumbList","@id":"https:\/\/elhijodelllanero.mx\/index.php\/2026\/04\/21\/gira-de-trabajo-impulsa-mejora-de-vialidades-en-colonias-y-comunidades\/#breadcrumb","itemListElement":[{"@type":"ListItem","position":1,"name":"Portada","item":"https:\/\/elhijodelllanero.mx\/"},{"@type":"ListItem","position":2,"name":"Gira de trabajo impulsa mejora de vialidades en colonias y comunidades."}]},{"@type":"WebSite","@id":"https:\/\/elhijodelllanero.mx\/#website","url":"https:\/\/elhijodelllanero.mx\/","name":"El Hijo del llanero solititito","description":"","potentialAction":[{"@type":"SearchAction","target":{"@type":"EntryPoint","urlTemplate":"https:\/\/elhijodelllanero.mx\/?s={search_term_string}"},"query-input":{"@type":"PropertyValueSpecification","valueRequired":true,"valueName":"search_term_string"}}],"inLanguage":"es"},{"@type":"Person","@id":"https:\/\/elhijodelllanero.mx\/#\/schema\/person\/c7f8c86c55c1eab44ae2b93a9628245f","name":"Mar\u00eda de la Paz Rodarte Ram\u00edrez","image":{"@type":"ImageObject","inLanguage":"es","@id":"https:\/\/secure.gravatar.com\/avatar\/1f38f8518b09a266af73da2bce78d69e7d1275299970134ed62f572e0487e1d0?s=96&d=mm&r=g","url":"https:\/\/secure.gravatar.com\/avatar\/1f38f8518b09a266af73da2bce78d69e7d1275299970134ed62f572e0487e1d0?s=96&d=mm&r=g","contentUrl":"https:\/\/secure.gravatar.com\/avatar\/1f38f8518b09a266af73da2bce78d69e7d1275299970134ed62f572e0487e1d0?s=96&d=mm&r=g","caption":"Mar\u00eda de la Paz Rodarte Ram\u00edrez"},"sameAs":["https:\/\/www.elhijodelllanero.mx"],"url":"https:\/\/elhijodelllanero.mx\/index.php\/author\/maricuas\/"}]}},"jetpack_featured_media_url":"https:\/\/i0.wp.com\/elhijodelllanero.mx\/wp-content\/uploads\/2026\/04\/20260421_142259-COLLAGE-scaled.jpg?fit=2560%2C2560&ssl=1","jetpack-related-posts":[],"jetpack_sharing_enabled":true,"_links":{"self":[{"href":"https:\/\/elhijodelllanero.mx\/index.php\/wp-json\/wp\/v2\/posts\/14052","targetHints":{"allow":["GET"]}}],"collection":[{"href":"https:\/\/elhijodelllanero.mx\/index.php\/wp-json\/wp\/v2\/posts"}],"about":[{"href":"https:\/\/elhijodelllanero.mx\/index.php\/wp-json\/wp\/v2\/types\/post"}],"author":[{"embeddable":true,"href":"https:\/\/elhijodelllanero.mx\/index.php\/wp-json\/wp\/v2\/users\/3"}],"replies":[{"embeddable":true,"href":"https:\/\/elhijodelllanero.mx\/index.php\/wp-json\/wp\/v2\/comments?post=14052"}],"version-history":[{"count":1,"href":"https:\/\/elhijodelllanero.mx\/index.php\/wp-json\/wp\/v2\/posts\/14052\/revisions"}],"predecessor-version":[{"id":14054,"href":"https:\/\/elhijodelllanero.mx\/index.php\/wp-json\/wp\/v2\/posts\/14052\/revisions\/14054"}],"wp:featuredmedia":[{"embeddable":true,"href":"https:\/\/elhijodelllanero.mx\/index.php\/wp-json\/wp\/v2\/media\/14053"}],"wp:attachment":[{"href":"https:\/\/elhijodelllanero.mx\/index.php\/wp-json\/wp\/v2\/media?parent=14052"}],"wp:term":[{"taxonomy":"category","embeddable":true,"href":"https:\/\/elhijodelllanero.mx\/index.php\/wp-json\/wp\/v2\/categories?post=14052"},{"taxonomy":"post_tag","embeddable":true,"href":"https:\/\/elhijodelllanero.mx\/index.php\/wp-json\/wp\/v2\/tags?post=14052"}],"curies":[{"name":"wp","href":"https:\/\/api.w.org\/{rel}","templated":true}]}}