{"id":14055,"date":"2026-04-21T14:29:40","date_gmt":"2026-04-21T20:29:40","guid":{"rendered":"https:\/\/elhijodelllanero.mx\/?p=14055"},"modified":"2026-04-21T14:29:40","modified_gmt":"2026-04-21T20:29:40","slug":"encharcamientos-tras-lluvia-se-reactivan-focos-rojos-en-vialidades-y-colonias","status":"publish","type":"post","link":"https:\/\/elhijodelllanero.mx\/index.php\/2026\/04\/21\/encharcamientos-tras-lluvia-se-reactivan-focos-rojos-en-vialidades-y-colonias\/","title":{"rendered":"Encharcamientos tras lluvia \/se reactivan focos rojos en vialidades y colonias."},"content":{"rendered":"<p>Villagr\u00e1n, Gto. 21 de abril del 2026.-La lluvia del lunes por la tarde y noche en Villagr\u00e1n volvi\u00f3 a poner a prueba el sistema de drenaje del municipio, dejando encharcamientos en varias vialidades y fraccionamientos. Brigadas de la Junta Municipal de Agua Potable y Alcantarillado (JUMAPAV) se movilizaron de inmediato para atender las zonas afectadas, mientras la alcaldesa Cinthia Teniente recorri\u00f3 algunos puntos para supervisar las labores y coordinar la respuesta operativa.<\/p>\n<p>Entre las \u00e1reas con mayor acumulaci\u00f3n de agua se reportaron el bulevar Luis Donaldo Colosio en sus tramos poniente y norte, la prolongaci\u00f3n 5 de Mayo, calle Saturno y accesos a fraccionamientos como Punta Norte, Punta Este, La Punta, La Cantera, Tres Puntas y Real de Villagr\u00e1n. Uno de los puntos recurrentes, la calle Morelos, volvi\u00f3 a registrar anegaciones debido a su condici\u00f3n de zona baja, sumado a la presencia de basura que obstruy\u00f3 alcantarillas y drenaje.<\/p>\n<p>De acuerdo con autoridades, el nivel de agua comenz\u00f3 a disminuir una vez concluida la precipitaci\u00f3n, logrando desalojarse en un lapso aproximado de seis horas. Protecci\u00f3n Civil inform\u00f3 que no se presentaron riesgos mayores, aunque el acumulado de lluvia, de 11.3 mil\u00edmetros, fue suficiente para generar afectaciones menores en la infraestructura urbana, por lo que se mantendr\u00e1 monitoreo preventivo ante posibles nuevas lluvias.<\/p>\n","protected":false},"excerpt":{"rendered":"<p>Villagr\u00e1n, Gto. 21 de abril del 2026.-La lluvia del lunes por la tarde y noche en Villagr\u00e1n volvi\u00f3 a poner a prueba el sistema de drenaje del municipio, dejando encharcamientos en varias vialidades y fraccionamientos. Brigadas de la Junta Municipal de Agua Potable y Alcantarillado (JUMAPAV) se movilizaron de inmediato para atender las zonas afectadas, [&hellip;]<\/p>\n","protected":false},"author":3,"featured_media":14056,"comment_status":"open","ping_status":"closed","sticky":false,"template":"","format":"standard","meta":{"_jetpack_newsletter_access":"","_jetpack_dont_email_post_to_subs":false,"_jetpack_newsletter_tier_id":0,"_jetpack_memberships_contains_paywalled_content":false,"_jetpack_memberships_contains_paid_content":false,"footnotes":""},"categories":[76,85],"tags":[],"class_list":{"0":"post-14055","1":"post","2":"type-post","3":"status-publish","4":"format-standard","5":"has-post-thumbnail","7":"category-municipios","8":"category-villagran"},"yoast_head":"<!-- This site is optimized with the Yoast SEO plugin v27.3 - https:\/\/yoast.com\/product\/yoast-seo-wordpress\/ -->\n<title>Encharcamientos tras lluvia \/se reactivan focos rojos en vialidades y colonias. - El Hijo del llanero solititito<\/title>\n<meta name=\"robots\" content=\"index, follow, max-snippet:-1, max-image-preview:large, max-video-preview:-1\" \/>\n<link rel=\"canonical\" href=\"https:\/\/elhijodelllanero.mx\/index.php\/2026\/04\/21\/encharcamientos-tras-lluvia-se-reactivan-focos-rojos-en-vialidades-y-colonias\/\" \/>\n<meta property=\"og:locale\" content=\"es_ES\" \/>\n<meta property=\"og:type\" content=\"article\" \/>\n<meta property=\"og:title\" content=\"Encharcamientos tras lluvia \/se reactivan focos rojos en vialidades y colonias. - El Hijo del llanero solititito\" \/>\n<meta property=\"og:description\" content=\"Villagr\u00e1n, Gto. 21 de abril del 2026.-La lluvia del lunes por la tarde y noche en Villagr\u00e1n volvi\u00f3 a poner a prueba el sistema de drenaje del municipio, dejando encharcamientos en varias vialidades y fraccionamientos. Brigadas de la Junta Municipal de Agua Potable y Alcantarillado (JUMAPAV) se movilizaron de inmediato para atender las zonas afectadas, [&hellip;]\" \/>\n<meta property=\"og:url\" content=\"https:\/\/elhijodelllanero.mx\/index.php\/2026\/04\/21\/encharcamientos-tras-lluvia-se-reactivan-focos-rojos-en-vialidades-y-colonias\/\" \/>\n<meta property=\"og:site_name\" content=\"El Hijo del llanero solititito\" \/>\n<meta property=\"article:published_time\" content=\"2026-04-21T20:29:40+00:00\" \/>\n<meta property=\"og:image\" content=\"https:\/\/elhijodelllanero.mx\/wp-content\/uploads\/2026\/04\/20260421_142904-COLLAGE-scaled.jpg\" \/>\n\t<meta property=\"og:image:width\" content=\"2560\" \/>\n\t<meta property=\"og:image:height\" content=\"2560\" \/>\n\t<meta property=\"og:image:type\" content=\"image\/jpeg\" \/>\n<meta name=\"author\" content=\"Mar\u00eda de la Paz Rodarte Ram\u00edrez\" \/>\n<meta name=\"twitter:card\" content=\"summary_large_image\" \/>\n<meta name=\"twitter:label1\" content=\"Escrito por\" \/>\n\t<meta name=\"twitter:data1\" content=\"Mar\u00eda de la Paz Rodarte Ram\u00edrez\" \/>\n\t<meta name=\"twitter:label2\" content=\"Tiempo de lectura\" \/>\n\t<meta name=\"twitter:data2\" content=\"2 minutos\" \/>\n<script type=\"application\/ld+json\" class=\"yoast-schema-graph\">{\"@context\":\"https:\\\/\\\/schema.org\",\"@graph\":[{\"@type\":\"Article\",\"@id\":\"https:\\\/\\\/elhijodelllanero.mx\\\/index.php\\\/2026\\\/04\\\/21\\\/encharcamientos-tras-lluvia-se-reactivan-focos-rojos-en-vialidades-y-colonias\\\/#article\",\"isPartOf\":{\"@id\":\"https:\\\/\\\/elhijodelllanero.mx\\\/index.php\\\/2026\\\/04\\\/21\\\/encharcamientos-tras-lluvia-se-reactivan-focos-rojos-en-vialidades-y-colonias\\\/\"},\"author\":{\"name\":\"Mar\u00eda de la Paz Rodarte Ram\u00edrez\",\"@id\":\"https:\\\/\\\/elhijodelllanero.mx\\\/#\\\/schema\\\/person\\\/c7f8c86c55c1eab44ae2b93a9628245f\"},\"headline\":\"Encharcamientos tras lluvia \\\/se reactivan focos rojos en vialidades y colonias.\",\"datePublished\":\"2026-04-21T20:29:40+00:00\",\"mainEntityOfPage\":{\"@id\":\"https:\\\/\\\/elhijodelllanero.mx\\\/index.php\\\/2026\\\/04\\\/21\\\/encharcamientos-tras-lluvia-se-reactivan-focos-rojos-en-vialidades-y-colonias\\\/\"},\"wordCount\":229,\"commentCount\":0,\"image\":{\"@id\":\"https:\\\/\\\/elhijodelllanero.mx\\\/index.php\\\/2026\\\/04\\\/21\\\/encharcamientos-tras-lluvia-se-reactivan-focos-rojos-en-vialidades-y-colonias\\\/#primaryimage\"},\"thumbnailUrl\":\"https:\\\/\\\/i0.wp.com\\\/elhijodelllanero.mx\\\/wp-content\\\/uploads\\\/2026\\\/04\\\/20260421_142904-COLLAGE-scaled.jpg?fit=2560%2C2560&ssl=1\",\"articleSection\":[\"MUNICIPIOS\",\"Villagr\u00e1n\"],\"inLanguage\":\"es\",\"potentialAction\":[{\"@type\":\"CommentAction\",\"name\":\"Comment\",\"target\":[\"https:\\\/\\\/elhijodelllanero.mx\\\/index.php\\\/2026\\\/04\\\/21\\\/encharcamientos-tras-lluvia-se-reactivan-focos-rojos-en-vialidades-y-colonias\\\/#respond\"]}]},{\"@type\":\"WebPage\",\"@id\":\"https:\\\/\\\/elhijodelllanero.mx\\\/index.php\\\/2026\\\/04\\\/21\\\/encharcamientos-tras-lluvia-se-reactivan-focos-rojos-en-vialidades-y-colonias\\\/\",\"url\":\"https:\\\/\\\/elhijodelllanero.mx\\\/index.php\\\/2026\\\/04\\\/21\\\/encharcamientos-tras-lluvia-se-reactivan-focos-rojos-en-vialidades-y-colonias\\\/\",\"name\":\"Encharcamientos tras lluvia \\\/se reactivan focos rojos en vialidades y colonias. - El Hijo del llanero solititito\",\"isPartOf\":{\"@id\":\"https:\\\/\\\/elhijodelllanero.mx\\\/#website\"},\"primaryImageOfPage\":{\"@id\":\"https:\\\/\\\/elhijodelllanero.mx\\\/index.php\\\/2026\\\/04\\\/21\\\/encharcamientos-tras-lluvia-se-reactivan-focos-rojos-en-vialidades-y-colonias\\\/#primaryimage\"},\"image\":{\"@id\":\"https:\\\/\\\/elhijodelllanero.mx\\\/index.php\\\/2026\\\/04\\\/21\\\/encharcamientos-tras-lluvia-se-reactivan-focos-rojos-en-vialidades-y-colonias\\\/#primaryimage\"},\"thumbnailUrl\":\"https:\\\/\\\/i0.wp.com\\\/elhijodelllanero.mx\\\/wp-content\\\/uploads\\\/2026\\\/04\\\/20260421_142904-COLLAGE-scaled.jpg?fit=2560%2C2560&ssl=1\",\"datePublished\":\"2026-04-21T20:29:40+00:00\",\"author\":{\"@id\":\"https:\\\/\\\/elhijodelllanero.mx\\\/#\\\/schema\\\/person\\\/c7f8c86c55c1eab44ae2b93a9628245f\"},\"breadcrumb\":{\"@id\":\"https:\\\/\\\/elhijodelllanero.mx\\\/index.php\\\/2026\\\/04\\\/21\\\/encharcamientos-tras-lluvia-se-reactivan-focos-rojos-en-vialidades-y-colonias\\\/#breadcrumb\"},\"inLanguage\":\"es\",\"potentialAction\":[{\"@type\":\"ReadAction\",\"target\":[\"https:\\\/\\\/elhijodelllanero.mx\\\/index.php\\\/2026\\\/04\\\/21\\\/encharcamientos-tras-lluvia-se-reactivan-focos-rojos-en-vialidades-y-colonias\\\/\"]}]},{\"@type\":\"ImageObject\",\"inLanguage\":\"es\",\"@id\":\"https:\\\/\\\/elhijodelllanero.mx\\\/index.php\\\/2026\\\/04\\\/21\\\/encharcamientos-tras-lluvia-se-reactivan-focos-rojos-en-vialidades-y-colonias\\\/#primaryimage\",\"url\":\"https:\\\/\\\/i0.wp.com\\\/elhijodelllanero.mx\\\/wp-content\\\/uploads\\\/2026\\\/04\\\/20260421_142904-COLLAGE-scaled.jpg?fit=2560%2C2560&ssl=1\",\"contentUrl\":\"https:\\\/\\\/i0.wp.com\\\/elhijodelllanero.mx\\\/wp-content\\\/uploads\\\/2026\\\/04\\\/20260421_142904-COLLAGE-scaled.jpg?fit=2560%2C2560&ssl=1\",\"width\":2560,\"height\":2560},{\"@type\":\"BreadcrumbList\",\"@id\":\"https:\\\/\\\/elhijodelllanero.mx\\\/index.php\\\/2026\\\/04\\\/21\\\/encharcamientos-tras-lluvia-se-reactivan-focos-rojos-en-vialidades-y-colonias\\\/#breadcrumb\",\"itemListElement\":[{\"@type\":\"ListItem\",\"position\":1,\"name\":\"Portada\",\"item\":\"https:\\\/\\\/elhijodelllanero.mx\\\/\"},{\"@type\":\"ListItem\",\"position\":2,\"name\":\"Encharcamientos tras lluvia \\\/se reactivan focos rojos en vialidades y colonias.\"}]},{\"@type\":\"WebSite\",\"@id\":\"https:\\\/\\\/elhijodelllanero.mx\\\/#website\",\"url\":\"https:\\\/\\\/elhijodelllanero.mx\\\/\",\"name\":\"El Hijo del llanero solititito\",\"description\":\"\",\"potentialAction\":[{\"@type\":\"SearchAction\",\"target\":{\"@type\":\"EntryPoint\",\"urlTemplate\":\"https:\\\/\\\/elhijodelllanero.mx\\\/?s={search_term_string}\"},\"query-input\":{\"@type\":\"PropertyValueSpecification\",\"valueRequired\":true,\"valueName\":\"search_term_string\"}}],\"inLanguage\":\"es\"},{\"@type\":\"Person\",\"@id\":\"https:\\\/\\\/elhijodelllanero.mx\\\/#\\\/schema\\\/person\\\/c7f8c86c55c1eab44ae2b93a9628245f\",\"name\":\"Mar\u00eda de la Paz Rodarte Ram\u00edrez\",\"image\":{\"@type\":\"ImageObject\",\"inLanguage\":\"es\",\"@id\":\"https:\\\/\\\/secure.gravatar.com\\\/avatar\\\/1f38f8518b09a266af73da2bce78d69e7d1275299970134ed62f572e0487e1d0?s=96&d=mm&r=g\",\"url\":\"https:\\\/\\\/secure.gravatar.com\\\/avatar\\\/1f38f8518b09a266af73da2bce78d69e7d1275299970134ed62f572e0487e1d0?s=96&d=mm&r=g\",\"contentUrl\":\"https:\\\/\\\/secure.gravatar.com\\\/avatar\\\/1f38f8518b09a266af73da2bce78d69e7d1275299970134ed62f572e0487e1d0?s=96&d=mm&r=g\",\"caption\":\"Mar\u00eda de la Paz Rodarte Ram\u00edrez\"},\"sameAs\":[\"https:\\\/\\\/www.elhijodelllanero.mx\"],\"url\":\"https:\\\/\\\/elhijodelllanero.mx\\\/index.php\\\/author\\\/maricuas\\\/\"}]}<\/script>\n<!-- \/ Yoast SEO plugin. -->","yoast_head_json":{"title":"Encharcamientos tras lluvia \/se reactivan focos rojos en vialidades y colonias. - El Hijo del llanero solititito","robots":{"index":"index","follow":"follow","max-snippet":"max-snippet:-1","max-image-preview":"max-image-preview:large","max-video-preview":"max-video-preview:-1"},"canonical":"https:\/\/elhijodelllanero.mx\/index.php\/2026\/04\/21\/encharcamientos-tras-lluvia-se-reactivan-focos-rojos-en-vialidades-y-colonias\/","og_locale":"es_ES","og_type":"article","og_title":"Encharcamientos tras lluvia \/se reactivan focos rojos en vialidades y colonias. - El Hijo del llanero solititito","og_description":"Villagr\u00e1n, Gto. 21 de abril del 2026.-La lluvia del lunes por la tarde y noche en Villagr\u00e1n volvi\u00f3 a poner a prueba el sistema de drenaje del municipio, dejando encharcamientos en varias vialidades y fraccionamientos. Brigadas de la Junta Municipal de Agua Potable y Alcantarillado (JUMAPAV) se movilizaron de inmediato para atender las zonas afectadas, [&hellip;]","og_url":"https:\/\/elhijodelllanero.mx\/index.php\/2026\/04\/21\/encharcamientos-tras-lluvia-se-reactivan-focos-rojos-en-vialidades-y-colonias\/","og_site_name":"El Hijo del llanero solititito","article_published_time":"2026-04-21T20:29:40+00:00","og_image":[{"width":2560,"height":2560,"url":"https:\/\/elhijodelllanero.mx\/wp-content\/uploads\/2026\/04\/20260421_142904-COLLAGE-scaled.jpg","type":"image\/jpeg"}],"author":"Mar\u00eda de la Paz Rodarte Ram\u00edrez","twitter_card":"summary_large_image","twitter_misc":{"Escrito por":"Mar\u00eda de la Paz Rodarte Ram\u00edrez","Tiempo de lectura":"2 minutos"},"schema":{"@context":"https:\/\/schema.org","@graph":[{"@type":"Article","@id":"https:\/\/elhijodelllanero.mx\/index.php\/2026\/04\/21\/encharcamientos-tras-lluvia-se-reactivan-focos-rojos-en-vialidades-y-colonias\/#article","isPartOf":{"@id":"https:\/\/elhijodelllanero.mx\/index.php\/2026\/04\/21\/encharcamientos-tras-lluvia-se-reactivan-focos-rojos-en-vialidades-y-colonias\/"},"author":{"name":"Mar\u00eda de la Paz Rodarte Ram\u00edrez","@id":"https:\/\/elhijodelllanero.mx\/#\/schema\/person\/c7f8c86c55c1eab44ae2b93a9628245f"},"headline":"Encharcamientos tras lluvia \/se reactivan focos rojos en vialidades y colonias.","datePublished":"2026-04-21T20:29:40+00:00","mainEntityOfPage":{"@id":"https:\/\/elhijodelllanero.mx\/index.php\/2026\/04\/21\/encharcamientos-tras-lluvia-se-reactivan-focos-rojos-en-vialidades-y-colonias\/"},"wordCount":229,"commentCount":0,"image":{"@id":"https:\/\/elhijodelllanero.mx\/index.php\/2026\/04\/21\/encharcamientos-tras-lluvia-se-reactivan-focos-rojos-en-vialidades-y-colonias\/#primaryimage"},"thumbnailUrl":"https:\/\/i0.wp.com\/elhijodelllanero.mx\/wp-content\/uploads\/2026\/04\/20260421_142904-COLLAGE-scaled.jpg?fit=2560%2C2560&ssl=1","articleSection":["MUNICIPIOS","Villagr\u00e1n"],"inLanguage":"es","potentialAction":[{"@type":"CommentAction","name":"Comment","target":["https:\/\/elhijodelllanero.mx\/index.php\/2026\/04\/21\/encharcamientos-tras-lluvia-se-reactivan-focos-rojos-en-vialidades-y-colonias\/#respond"]}]},{"@type":"WebPage","@id":"https:\/\/elhijodelllanero.mx\/index.php\/2026\/04\/21\/encharcamientos-tras-lluvia-se-reactivan-focos-rojos-en-vialidades-y-colonias\/","url":"https:\/\/elhijodelllanero.mx\/index.php\/2026\/04\/21\/encharcamientos-tras-lluvia-se-reactivan-focos-rojos-en-vialidades-y-colonias\/","name":"Encharcamientos tras lluvia \/se reactivan focos rojos en vialidades y colonias. - El Hijo del llanero solititito","isPartOf":{"@id":"https:\/\/elhijodelllanero.mx\/#website"},"primaryImageOfPage":{"@id":"https:\/\/elhijodelllanero.mx\/index.php\/2026\/04\/21\/encharcamientos-tras-lluvia-se-reactivan-focos-rojos-en-vialidades-y-colonias\/#primaryimage"},"image":{"@id":"https:\/\/elhijodelllanero.mx\/index.php\/2026\/04\/21\/encharcamientos-tras-lluvia-se-reactivan-focos-rojos-en-vialidades-y-colonias\/#primaryimage"},"thumbnailUrl":"https:\/\/i0.wp.com\/elhijodelllanero.mx\/wp-content\/uploads\/2026\/04\/20260421_142904-COLLAGE-scaled.jpg?fit=2560%2C2560&ssl=1","datePublished":"2026-04-21T20:29:40+00:00","author":{"@id":"https:\/\/elhijodelllanero.mx\/#\/schema\/person\/c7f8c86c55c1eab44ae2b93a9628245f"},"breadcrumb":{"@id":"https:\/\/elhijodelllanero.mx\/index.php\/2026\/04\/21\/encharcamientos-tras-lluvia-se-reactivan-focos-rojos-en-vialidades-y-colonias\/#breadcrumb"},"inLanguage":"es","potentialAction":[{"@type":"ReadAction","target":["https:\/\/elhijodelllanero.mx\/index.php\/2026\/04\/21\/encharcamientos-tras-lluvia-se-reactivan-focos-rojos-en-vialidades-y-colonias\/"]}]},{"@type":"ImageObject","inLanguage":"es","@id":"https:\/\/elhijodelllanero.mx\/index.php\/2026\/04\/21\/encharcamientos-tras-lluvia-se-reactivan-focos-rojos-en-vialidades-y-colonias\/#primaryimage","url":"https:\/\/i0.wp.com\/elhijodelllanero.mx\/wp-content\/uploads\/2026\/04\/20260421_142904-COLLAGE-scaled.jpg?fit=2560%2C2560&ssl=1","contentUrl":"https:\/\/i0.wp.com\/elhijodelllanero.mx\/wp-content\/uploads\/2026\/04\/20260421_142904-COLLAGE-scaled.jpg?fit=2560%2C2560&ssl=1","width":2560,"height":2560},{"@type":"BreadcrumbList","@id":"https:\/\/elhijodelllanero.mx\/index.php\/2026\/04\/21\/encharcamientos-tras-lluvia-se-reactivan-focos-rojos-en-vialidades-y-colonias\/#breadcrumb","itemListElement":[{"@type":"ListItem","position":1,"name":"Portada","item":"https:\/\/elhijodelllanero.mx\/"},{"@type":"ListItem","position":2,"name":"Encharcamientos tras lluvia \/se reactivan focos rojos en vialidades y colonias."}]},{"@type":"WebSite","@id":"https:\/\/elhijodelllanero.mx\/#website","url":"https:\/\/elhijodelllanero.mx\/","name":"El Hijo del llanero solititito","description":"","potentialAction":[{"@type":"SearchAction","target":{"@type":"EntryPoint","urlTemplate":"https:\/\/elhijodelllanero.mx\/?s={search_term_string}"},"query-input":{"@type":"PropertyValueSpecification","valueRequired":true,"valueName":"search_term_string"}}],"inLanguage":"es"},{"@type":"Person","@id":"https:\/\/elhijodelllanero.mx\/#\/schema\/person\/c7f8c86c55c1eab44ae2b93a9628245f","name":"Mar\u00eda de la Paz Rodarte Ram\u00edrez","image":{"@type":"ImageObject","inLanguage":"es","@id":"https:\/\/secure.gravatar.com\/avatar\/1f38f8518b09a266af73da2bce78d69e7d1275299970134ed62f572e0487e1d0?s=96&d=mm&r=g","url":"https:\/\/secure.gravatar.com\/avatar\/1f38f8518b09a266af73da2bce78d69e7d1275299970134ed62f572e0487e1d0?s=96&d=mm&r=g","contentUrl":"https:\/\/secure.gravatar.com\/avatar\/1f38f8518b09a266af73da2bce78d69e7d1275299970134ed62f572e0487e1d0?s=96&d=mm&r=g","caption":"Mar\u00eda de la Paz Rodarte Ram\u00edrez"},"sameAs":["https:\/\/www.elhijodelllanero.mx"],"url":"https:\/\/elhijodelllanero.mx\/index.php\/author\/maricuas\/"}]}},"jetpack_featured_media_url":"https:\/\/i0.wp.com\/elhijodelllanero.mx\/wp-content\/uploads\/2026\/04\/20260421_142904-COLLAGE-scaled.jpg?fit=2560%2C2560&ssl=1","jetpack-related-posts":[],"jetpack_sharing_enabled":true,"_links":{"self":[{"href":"https:\/\/elhijodelllanero.mx\/index.php\/wp-json\/wp\/v2\/posts\/14055","targetHints":{"allow":["GET"]}}],"collection":[{"href":"https:\/\/elhijodelllanero.mx\/index.php\/wp-json\/wp\/v2\/posts"}],"about":[{"href":"https:\/\/elhijodelllanero.mx\/index.php\/wp-json\/wp\/v2\/types\/post"}],"author":[{"embeddable":true,"href":"https:\/\/elhijodelllanero.mx\/index.php\/wp-json\/wp\/v2\/users\/3"}],"replies":[{"embeddable":true,"href":"https:\/\/elhijodelllanero.mx\/index.php\/wp-json\/wp\/v2\/comments?post=14055"}],"version-history":[{"count":1,"href":"https:\/\/elhijodelllanero.mx\/index.php\/wp-json\/wp\/v2\/posts\/14055\/revisions"}],"predecessor-version":[{"id":14057,"href":"https:\/\/elhijodelllanero.mx\/index.php\/wp-json\/wp\/v2\/posts\/14055\/revisions\/14057"}],"wp:featuredmedia":[{"embeddable":true,"href":"https:\/\/elhijodelllanero.mx\/index.php\/wp-json\/wp\/v2\/media\/14056"}],"wp:attachment":[{"href":"https:\/\/elhijodelllanero.mx\/index.php\/wp-json\/wp\/v2\/media?parent=14055"}],"wp:term":[{"taxonomy":"category","embeddable":true,"href":"https:\/\/elhijodelllanero.mx\/index.php\/wp-json\/wp\/v2\/categories?post=14055"},{"taxonomy":"post_tag","embeddable":true,"href":"https:\/\/elhijodelllanero.mx\/index.php\/wp-json\/wp\/v2\/tags?post=14055"}],"curies":[{"name":"wp","href":"https:\/\/api.w.org\/{rel}","templated":true}]}}