{"id":14061,"date":"2026-04-21T18:35:34","date_gmt":"2026-04-22T00:35:34","guid":{"rendered":"https:\/\/elhijodelllanero.mx\/?p=14061"},"modified":"2026-04-21T18:35:34","modified_gmt":"2026-04-22T00:35:34","slug":"siete-policias-son-dados-de-baja-la-depuracion-continua-en-la-corporacion","status":"publish","type":"post","link":"https:\/\/elhijodelllanero.mx\/index.php\/2026\/04\/21\/siete-policias-son-dados-de-baja-la-depuracion-continua-en-la-corporacion\/","title":{"rendered":"Siete polic\u00edas son dados de baja; la depuraci\u00f3n contin\u00faa en la corporaci\u00f3n."},"content":{"rendered":"<p>Celaya, Gto. 21 de abril del 2026.-La corporaci\u00f3n de Polic\u00eda Municipal registr\u00f3 la baja de siete elementos en d\u00edas recientes, luego de que cuatro no aprobaran los ex\u00e1menes de control y confianza y tres m\u00e1s fueran separados por mala actuaci\u00f3n, inform\u00f3 el director Rafael Cajero Reyes. Las decisiones, explic\u00f3, se derivan de procesos internos donde interviene la comisi\u00f3n correspondiente, encargada de analizar cada caso.<\/p>\n<p>\u201cFueron cuatro por control y confianza y tres por una mala actuaci\u00f3n, pues un mal actuar dentro de la corporaci\u00f3n obviamente eso no lo determino yo lo determin\u00f3 la comisi\u00f3n se sube a la comisi\u00f3n se llevan a cabo las investigaciones por parte de la secretar\u00eda del \u00e1rea encargada este y se determina si es suspensi\u00f3n o es baja\u201d.<\/p>\n<p>El funcionario detall\u00f3 que recientemente se concret\u00f3 una baja adicional y la suspensi\u00f3n de un elemento m\u00e1s, adem\u00e1s de que dos polic\u00edas fueron notificados apenas el d\u00eda anterior debido a que se encontraban de vacaciones al momento de emitirse las resoluciones.<\/p>\n<p>Asimismo, subray\u00f3 que los ex\u00e1menes de control y confianza se aplican de manera peri\u00f3dica y continuar\u00e1n realiz\u00e1ndose durante el a\u00f1o como parte de la evaluaci\u00f3n constante al personal operativo.<\/p>\n<p>\u201cSon buenos elementos este pero como siempre lo he comentado si alguno de ellos se conf\u00eda en en actuar de manera no adecuada con las misma ciudadan\u00eda yo creo que la ciudadan\u00eda merece una polic\u00eda profesional como siempre lo he comentado, todos los elementos son buenos pero si uno de ellos llega a cometer alguna conducta contraria al reglamento a la ley, este pues no se va a tolerar como dice este tipo de conductas, no es baja, no es limpia ni contin\u00faa en el transcurso del tiempo pues si alguien m\u00e1s comete alguna actividad que no debe ser adecuada dentro de la corporaci\u00f3n pues igual se tomar\u00e1n cartas en el asunto\u201d.<\/p>\n","protected":false},"excerpt":{"rendered":"<p>Celaya, Gto. 21 de abril del 2026.-La corporaci\u00f3n de Polic\u00eda Municipal registr\u00f3 la baja de siete elementos en d\u00edas recientes, luego de que cuatro no aprobaran los ex\u00e1menes de control y confianza y tres m\u00e1s fueran separados por mala actuaci\u00f3n, inform\u00f3 el director Rafael Cajero Reyes. Las decisiones, explic\u00f3, se derivan de procesos internos donde [&hellip;]<\/p>\n","protected":false},"author":3,"featured_media":14062,"comment_status":"open","ping_status":"closed","sticky":false,"template":"","format":"standard","meta":{"_jetpack_newsletter_access":"","_jetpack_dont_email_post_to_subs":false,"_jetpack_newsletter_tier_id":0,"_jetpack_memberships_contains_paywalled_content":false,"_jetpack_memberships_contains_paid_content":false,"footnotes":""},"categories":[74],"tags":[],"class_list":{"0":"post-14061","1":"post","2":"type-post","3":"status-publish","4":"format-standard","5":"has-post-thumbnail","7":"category-celaya"},"yoast_head":"<!-- This site is optimized with the Yoast SEO plugin v27.3 - https:\/\/yoast.com\/product\/yoast-seo-wordpress\/ -->\n<title>Siete polic\u00edas son dados de baja; la depuraci\u00f3n contin\u00faa en la corporaci\u00f3n. - El Hijo del llanero solititito<\/title>\n<meta name=\"robots\" content=\"index, follow, max-snippet:-1, max-image-preview:large, max-video-preview:-1\" \/>\n<link rel=\"canonical\" href=\"https:\/\/elhijodelllanero.mx\/index.php\/2026\/04\/21\/siete-policias-son-dados-de-baja-la-depuracion-continua-en-la-corporacion\/\" \/>\n<meta property=\"og:locale\" content=\"es_ES\" \/>\n<meta property=\"og:type\" content=\"article\" \/>\n<meta property=\"og:title\" content=\"Siete polic\u00edas son dados de baja; la depuraci\u00f3n contin\u00faa en la corporaci\u00f3n. - El Hijo del llanero solititito\" \/>\n<meta property=\"og:description\" content=\"Celaya, Gto. 21 de abril del 2026.-La corporaci\u00f3n de Polic\u00eda Municipal registr\u00f3 la baja de siete elementos en d\u00edas recientes, luego de que cuatro no aprobaran los ex\u00e1menes de control y confianza y tres m\u00e1s fueran separados por mala actuaci\u00f3n, inform\u00f3 el director Rafael Cajero Reyes. Las decisiones, explic\u00f3, se derivan de procesos internos donde [&hellip;]\" \/>\n<meta property=\"og:url\" content=\"https:\/\/elhijodelllanero.mx\/index.php\/2026\/04\/21\/siete-policias-son-dados-de-baja-la-depuracion-continua-en-la-corporacion\/\" \/>\n<meta property=\"og:site_name\" content=\"El Hijo del llanero solititito\" \/>\n<meta property=\"article:published_time\" content=\"2026-04-22T00:35:34+00:00\" \/>\n<meta property=\"og:image\" content=\"https:\/\/elhijodelllanero.mx\/wp-content\/uploads\/2026\/04\/531012bb-0a61-4a07-ac67-8adab70722b2.jpeg\" \/>\n\t<meta property=\"og:image:width\" content=\"972\" \/>\n\t<meta property=\"og:image:height\" content=\"678\" \/>\n\t<meta property=\"og:image:type\" content=\"image\/jpeg\" \/>\n<meta name=\"author\" content=\"Mar\u00eda de la Paz Rodarte Ram\u00edrez\" \/>\n<meta name=\"twitter:card\" content=\"summary_large_image\" \/>\n<meta name=\"twitter:label1\" content=\"Escrito por\" \/>\n\t<meta name=\"twitter:data1\" content=\"Mar\u00eda de la Paz Rodarte Ram\u00edrez\" \/>\n\t<meta name=\"twitter:label2\" content=\"Tiempo de lectura\" \/>\n\t<meta name=\"twitter:data2\" content=\"2 minutos\" \/>\n<script type=\"application\/ld+json\" class=\"yoast-schema-graph\">{\"@context\":\"https:\\\/\\\/schema.org\",\"@graph\":[{\"@type\":\"Article\",\"@id\":\"https:\\\/\\\/elhijodelllanero.mx\\\/index.php\\\/2026\\\/04\\\/21\\\/siete-policias-son-dados-de-baja-la-depuracion-continua-en-la-corporacion\\\/#article\",\"isPartOf\":{\"@id\":\"https:\\\/\\\/elhijodelllanero.mx\\\/index.php\\\/2026\\\/04\\\/21\\\/siete-policias-son-dados-de-baja-la-depuracion-continua-en-la-corporacion\\\/\"},\"author\":{\"name\":\"Mar\u00eda de la Paz Rodarte Ram\u00edrez\",\"@id\":\"https:\\\/\\\/elhijodelllanero.mx\\\/#\\\/schema\\\/person\\\/c7f8c86c55c1eab44ae2b93a9628245f\"},\"headline\":\"Siete polic\u00edas son dados de baja; la depuraci\u00f3n contin\u00faa en la corporaci\u00f3n.\",\"datePublished\":\"2026-04-22T00:35:34+00:00\",\"mainEntityOfPage\":{\"@id\":\"https:\\\/\\\/elhijodelllanero.mx\\\/index.php\\\/2026\\\/04\\\/21\\\/siete-policias-son-dados-de-baja-la-depuracion-continua-en-la-corporacion\\\/\"},\"wordCount\":352,\"commentCount\":0,\"image\":{\"@id\":\"https:\\\/\\\/elhijodelllanero.mx\\\/index.php\\\/2026\\\/04\\\/21\\\/siete-policias-son-dados-de-baja-la-depuracion-continua-en-la-corporacion\\\/#primaryimage\"},\"thumbnailUrl\":\"https:\\\/\\\/i0.wp.com\\\/elhijodelllanero.mx\\\/wp-content\\\/uploads\\\/2026\\\/04\\\/531012bb-0a61-4a07-ac67-8adab70722b2.jpeg?fit=972%2C678&ssl=1\",\"articleSection\":[\"CELAYA\"],\"inLanguage\":\"es\",\"potentialAction\":[{\"@type\":\"CommentAction\",\"name\":\"Comment\",\"target\":[\"https:\\\/\\\/elhijodelllanero.mx\\\/index.php\\\/2026\\\/04\\\/21\\\/siete-policias-son-dados-de-baja-la-depuracion-continua-en-la-corporacion\\\/#respond\"]}]},{\"@type\":\"WebPage\",\"@id\":\"https:\\\/\\\/elhijodelllanero.mx\\\/index.php\\\/2026\\\/04\\\/21\\\/siete-policias-son-dados-de-baja-la-depuracion-continua-en-la-corporacion\\\/\",\"url\":\"https:\\\/\\\/elhijodelllanero.mx\\\/index.php\\\/2026\\\/04\\\/21\\\/siete-policias-son-dados-de-baja-la-depuracion-continua-en-la-corporacion\\\/\",\"name\":\"Siete polic\u00edas son dados de baja; la depuraci\u00f3n contin\u00faa en la corporaci\u00f3n. - El Hijo del llanero solititito\",\"isPartOf\":{\"@id\":\"https:\\\/\\\/elhijodelllanero.mx\\\/#website\"},\"primaryImageOfPage\":{\"@id\":\"https:\\\/\\\/elhijodelllanero.mx\\\/index.php\\\/2026\\\/04\\\/21\\\/siete-policias-son-dados-de-baja-la-depuracion-continua-en-la-corporacion\\\/#primaryimage\"},\"image\":{\"@id\":\"https:\\\/\\\/elhijodelllanero.mx\\\/index.php\\\/2026\\\/04\\\/21\\\/siete-policias-son-dados-de-baja-la-depuracion-continua-en-la-corporacion\\\/#primaryimage\"},\"thumbnailUrl\":\"https:\\\/\\\/i0.wp.com\\\/elhijodelllanero.mx\\\/wp-content\\\/uploads\\\/2026\\\/04\\\/531012bb-0a61-4a07-ac67-8adab70722b2.jpeg?fit=972%2C678&ssl=1\",\"datePublished\":\"2026-04-22T00:35:34+00:00\",\"author\":{\"@id\":\"https:\\\/\\\/elhijodelllanero.mx\\\/#\\\/schema\\\/person\\\/c7f8c86c55c1eab44ae2b93a9628245f\"},\"breadcrumb\":{\"@id\":\"https:\\\/\\\/elhijodelllanero.mx\\\/index.php\\\/2026\\\/04\\\/21\\\/siete-policias-son-dados-de-baja-la-depuracion-continua-en-la-corporacion\\\/#breadcrumb\"},\"inLanguage\":\"es\",\"potentialAction\":[{\"@type\":\"ReadAction\",\"target\":[\"https:\\\/\\\/elhijodelllanero.mx\\\/index.php\\\/2026\\\/04\\\/21\\\/siete-policias-son-dados-de-baja-la-depuracion-continua-en-la-corporacion\\\/\"]}]},{\"@type\":\"ImageObject\",\"inLanguage\":\"es\",\"@id\":\"https:\\\/\\\/elhijodelllanero.mx\\\/index.php\\\/2026\\\/04\\\/21\\\/siete-policias-son-dados-de-baja-la-depuracion-continua-en-la-corporacion\\\/#primaryimage\",\"url\":\"https:\\\/\\\/i0.wp.com\\\/elhijodelllanero.mx\\\/wp-content\\\/uploads\\\/2026\\\/04\\\/531012bb-0a61-4a07-ac67-8adab70722b2.jpeg?fit=972%2C678&ssl=1\",\"contentUrl\":\"https:\\\/\\\/i0.wp.com\\\/elhijodelllanero.mx\\\/wp-content\\\/uploads\\\/2026\\\/04\\\/531012bb-0a61-4a07-ac67-8adab70722b2.jpeg?fit=972%2C678&ssl=1\",\"width\":972,\"height\":678},{\"@type\":\"BreadcrumbList\",\"@id\":\"https:\\\/\\\/elhijodelllanero.mx\\\/index.php\\\/2026\\\/04\\\/21\\\/siete-policias-son-dados-de-baja-la-depuracion-continua-en-la-corporacion\\\/#breadcrumb\",\"itemListElement\":[{\"@type\":\"ListItem\",\"position\":1,\"name\":\"Portada\",\"item\":\"https:\\\/\\\/elhijodelllanero.mx\\\/\"},{\"@type\":\"ListItem\",\"position\":2,\"name\":\"Siete polic\u00edas son dados de baja; la depuraci\u00f3n contin\u00faa en la corporaci\u00f3n.\"}]},{\"@type\":\"WebSite\",\"@id\":\"https:\\\/\\\/elhijodelllanero.mx\\\/#website\",\"url\":\"https:\\\/\\\/elhijodelllanero.mx\\\/\",\"name\":\"El Hijo del llanero solititito\",\"description\":\"\",\"potentialAction\":[{\"@type\":\"SearchAction\",\"target\":{\"@type\":\"EntryPoint\",\"urlTemplate\":\"https:\\\/\\\/elhijodelllanero.mx\\\/?s={search_term_string}\"},\"query-input\":{\"@type\":\"PropertyValueSpecification\",\"valueRequired\":true,\"valueName\":\"search_term_string\"}}],\"inLanguage\":\"es\"},{\"@type\":\"Person\",\"@id\":\"https:\\\/\\\/elhijodelllanero.mx\\\/#\\\/schema\\\/person\\\/c7f8c86c55c1eab44ae2b93a9628245f\",\"name\":\"Mar\u00eda de la Paz Rodarte Ram\u00edrez\",\"image\":{\"@type\":\"ImageObject\",\"inLanguage\":\"es\",\"@id\":\"https:\\\/\\\/secure.gravatar.com\\\/avatar\\\/1f38f8518b09a266af73da2bce78d69e7d1275299970134ed62f572e0487e1d0?s=96&d=mm&r=g\",\"url\":\"https:\\\/\\\/secure.gravatar.com\\\/avatar\\\/1f38f8518b09a266af73da2bce78d69e7d1275299970134ed62f572e0487e1d0?s=96&d=mm&r=g\",\"contentUrl\":\"https:\\\/\\\/secure.gravatar.com\\\/avatar\\\/1f38f8518b09a266af73da2bce78d69e7d1275299970134ed62f572e0487e1d0?s=96&d=mm&r=g\",\"caption\":\"Mar\u00eda de la Paz Rodarte Ram\u00edrez\"},\"sameAs\":[\"https:\\\/\\\/www.elhijodelllanero.mx\"],\"url\":\"https:\\\/\\\/elhijodelllanero.mx\\\/index.php\\\/author\\\/maricuas\\\/\"}]}<\/script>\n<!-- \/ Yoast SEO plugin. -->","yoast_head_json":{"title":"Siete polic\u00edas son dados de baja; la depuraci\u00f3n contin\u00faa en la corporaci\u00f3n. - El Hijo del llanero solititito","robots":{"index":"index","follow":"follow","max-snippet":"max-snippet:-1","max-image-preview":"max-image-preview:large","max-video-preview":"max-video-preview:-1"},"canonical":"https:\/\/elhijodelllanero.mx\/index.php\/2026\/04\/21\/siete-policias-son-dados-de-baja-la-depuracion-continua-en-la-corporacion\/","og_locale":"es_ES","og_type":"article","og_title":"Siete polic\u00edas son dados de baja; la depuraci\u00f3n contin\u00faa en la corporaci\u00f3n. - El Hijo del llanero solititito","og_description":"Celaya, Gto. 21 de abril del 2026.-La corporaci\u00f3n de Polic\u00eda Municipal registr\u00f3 la baja de siete elementos en d\u00edas recientes, luego de que cuatro no aprobaran los ex\u00e1menes de control y confianza y tres m\u00e1s fueran separados por mala actuaci\u00f3n, inform\u00f3 el director Rafael Cajero Reyes. Las decisiones, explic\u00f3, se derivan de procesos internos donde [&hellip;]","og_url":"https:\/\/elhijodelllanero.mx\/index.php\/2026\/04\/21\/siete-policias-son-dados-de-baja-la-depuracion-continua-en-la-corporacion\/","og_site_name":"El Hijo del llanero solititito","article_published_time":"2026-04-22T00:35:34+00:00","og_image":[{"width":972,"height":678,"url":"https:\/\/elhijodelllanero.mx\/wp-content\/uploads\/2026\/04\/531012bb-0a61-4a07-ac67-8adab70722b2.jpeg","type":"image\/jpeg"}],"author":"Mar\u00eda de la Paz Rodarte Ram\u00edrez","twitter_card":"summary_large_image","twitter_misc":{"Escrito por":"Mar\u00eda de la Paz Rodarte Ram\u00edrez","Tiempo de lectura":"2 minutos"},"schema":{"@context":"https:\/\/schema.org","@graph":[{"@type":"Article","@id":"https:\/\/elhijodelllanero.mx\/index.php\/2026\/04\/21\/siete-policias-son-dados-de-baja-la-depuracion-continua-en-la-corporacion\/#article","isPartOf":{"@id":"https:\/\/elhijodelllanero.mx\/index.php\/2026\/04\/21\/siete-policias-son-dados-de-baja-la-depuracion-continua-en-la-corporacion\/"},"author":{"name":"Mar\u00eda de la Paz Rodarte Ram\u00edrez","@id":"https:\/\/elhijodelllanero.mx\/#\/schema\/person\/c7f8c86c55c1eab44ae2b93a9628245f"},"headline":"Siete polic\u00edas son dados de baja; la depuraci\u00f3n contin\u00faa en la corporaci\u00f3n.","datePublished":"2026-04-22T00:35:34+00:00","mainEntityOfPage":{"@id":"https:\/\/elhijodelllanero.mx\/index.php\/2026\/04\/21\/siete-policias-son-dados-de-baja-la-depuracion-continua-en-la-corporacion\/"},"wordCount":352,"commentCount":0,"image":{"@id":"https:\/\/elhijodelllanero.mx\/index.php\/2026\/04\/21\/siete-policias-son-dados-de-baja-la-depuracion-continua-en-la-corporacion\/#primaryimage"},"thumbnailUrl":"https:\/\/i0.wp.com\/elhijodelllanero.mx\/wp-content\/uploads\/2026\/04\/531012bb-0a61-4a07-ac67-8adab70722b2.jpeg?fit=972%2C678&ssl=1","articleSection":["CELAYA"],"inLanguage":"es","potentialAction":[{"@type":"CommentAction","name":"Comment","target":["https:\/\/elhijodelllanero.mx\/index.php\/2026\/04\/21\/siete-policias-son-dados-de-baja-la-depuracion-continua-en-la-corporacion\/#respond"]}]},{"@type":"WebPage","@id":"https:\/\/elhijodelllanero.mx\/index.php\/2026\/04\/21\/siete-policias-son-dados-de-baja-la-depuracion-continua-en-la-corporacion\/","url":"https:\/\/elhijodelllanero.mx\/index.php\/2026\/04\/21\/siete-policias-son-dados-de-baja-la-depuracion-continua-en-la-corporacion\/","name":"Siete polic\u00edas son dados de baja; la depuraci\u00f3n contin\u00faa en la corporaci\u00f3n. - El Hijo del llanero solititito","isPartOf":{"@id":"https:\/\/elhijodelllanero.mx\/#website"},"primaryImageOfPage":{"@id":"https:\/\/elhijodelllanero.mx\/index.php\/2026\/04\/21\/siete-policias-son-dados-de-baja-la-depuracion-continua-en-la-corporacion\/#primaryimage"},"image":{"@id":"https:\/\/elhijodelllanero.mx\/index.php\/2026\/04\/21\/siete-policias-son-dados-de-baja-la-depuracion-continua-en-la-corporacion\/#primaryimage"},"thumbnailUrl":"https:\/\/i0.wp.com\/elhijodelllanero.mx\/wp-content\/uploads\/2026\/04\/531012bb-0a61-4a07-ac67-8adab70722b2.jpeg?fit=972%2C678&ssl=1","datePublished":"2026-04-22T00:35:34+00:00","author":{"@id":"https:\/\/elhijodelllanero.mx\/#\/schema\/person\/c7f8c86c55c1eab44ae2b93a9628245f"},"breadcrumb":{"@id":"https:\/\/elhijodelllanero.mx\/index.php\/2026\/04\/21\/siete-policias-son-dados-de-baja-la-depuracion-continua-en-la-corporacion\/#breadcrumb"},"inLanguage":"es","potentialAction":[{"@type":"ReadAction","target":["https:\/\/elhijodelllanero.mx\/index.php\/2026\/04\/21\/siete-policias-son-dados-de-baja-la-depuracion-continua-en-la-corporacion\/"]}]},{"@type":"ImageObject","inLanguage":"es","@id":"https:\/\/elhijodelllanero.mx\/index.php\/2026\/04\/21\/siete-policias-son-dados-de-baja-la-depuracion-continua-en-la-corporacion\/#primaryimage","url":"https:\/\/i0.wp.com\/elhijodelllanero.mx\/wp-content\/uploads\/2026\/04\/531012bb-0a61-4a07-ac67-8adab70722b2.jpeg?fit=972%2C678&ssl=1","contentUrl":"https:\/\/i0.wp.com\/elhijodelllanero.mx\/wp-content\/uploads\/2026\/04\/531012bb-0a61-4a07-ac67-8adab70722b2.jpeg?fit=972%2C678&ssl=1","width":972,"height":678},{"@type":"BreadcrumbList","@id":"https:\/\/elhijodelllanero.mx\/index.php\/2026\/04\/21\/siete-policias-son-dados-de-baja-la-depuracion-continua-en-la-corporacion\/#breadcrumb","itemListElement":[{"@type":"ListItem","position":1,"name":"Portada","item":"https:\/\/elhijodelllanero.mx\/"},{"@type":"ListItem","position":2,"name":"Siete polic\u00edas son dados de baja; la depuraci\u00f3n contin\u00faa en la corporaci\u00f3n."}]},{"@type":"WebSite","@id":"https:\/\/elhijodelllanero.mx\/#website","url":"https:\/\/elhijodelllanero.mx\/","name":"El Hijo del llanero solititito","description":"","potentialAction":[{"@type":"SearchAction","target":{"@type":"EntryPoint","urlTemplate":"https:\/\/elhijodelllanero.mx\/?s={search_term_string}"},"query-input":{"@type":"PropertyValueSpecification","valueRequired":true,"valueName":"search_term_string"}}],"inLanguage":"es"},{"@type":"Person","@id":"https:\/\/elhijodelllanero.mx\/#\/schema\/person\/c7f8c86c55c1eab44ae2b93a9628245f","name":"Mar\u00eda de la Paz Rodarte Ram\u00edrez","image":{"@type":"ImageObject","inLanguage":"es","@id":"https:\/\/secure.gravatar.com\/avatar\/1f38f8518b09a266af73da2bce78d69e7d1275299970134ed62f572e0487e1d0?s=96&d=mm&r=g","url":"https:\/\/secure.gravatar.com\/avatar\/1f38f8518b09a266af73da2bce78d69e7d1275299970134ed62f572e0487e1d0?s=96&d=mm&r=g","contentUrl":"https:\/\/secure.gravatar.com\/avatar\/1f38f8518b09a266af73da2bce78d69e7d1275299970134ed62f572e0487e1d0?s=96&d=mm&r=g","caption":"Mar\u00eda de la Paz Rodarte Ram\u00edrez"},"sameAs":["https:\/\/www.elhijodelllanero.mx"],"url":"https:\/\/elhijodelllanero.mx\/index.php\/author\/maricuas\/"}]}},"jetpack_featured_media_url":"https:\/\/i0.wp.com\/elhijodelllanero.mx\/wp-content\/uploads\/2026\/04\/531012bb-0a61-4a07-ac67-8adab70722b2.jpeg?fit=972%2C678&ssl=1","jetpack-related-posts":[],"jetpack_sharing_enabled":true,"_links":{"self":[{"href":"https:\/\/elhijodelllanero.mx\/index.php\/wp-json\/wp\/v2\/posts\/14061","targetHints":{"allow":["GET"]}}],"collection":[{"href":"https:\/\/elhijodelllanero.mx\/index.php\/wp-json\/wp\/v2\/posts"}],"about":[{"href":"https:\/\/elhijodelllanero.mx\/index.php\/wp-json\/wp\/v2\/types\/post"}],"author":[{"embeddable":true,"href":"https:\/\/elhijodelllanero.mx\/index.php\/wp-json\/wp\/v2\/users\/3"}],"replies":[{"embeddable":true,"href":"https:\/\/elhijodelllanero.mx\/index.php\/wp-json\/wp\/v2\/comments?post=14061"}],"version-history":[{"count":1,"href":"https:\/\/elhijodelllanero.mx\/index.php\/wp-json\/wp\/v2\/posts\/14061\/revisions"}],"predecessor-version":[{"id":14063,"href":"https:\/\/elhijodelllanero.mx\/index.php\/wp-json\/wp\/v2\/posts\/14061\/revisions\/14063"}],"wp:featuredmedia":[{"embeddable":true,"href":"https:\/\/elhijodelllanero.mx\/index.php\/wp-json\/wp\/v2\/media\/14062"}],"wp:attachment":[{"href":"https:\/\/elhijodelllanero.mx\/index.php\/wp-json\/wp\/v2\/media?parent=14061"}],"wp:term":[{"taxonomy":"category","embeddable":true,"href":"https:\/\/elhijodelllanero.mx\/index.php\/wp-json\/wp\/v2\/categories?post=14061"},{"taxonomy":"post_tag","embeddable":true,"href":"https:\/\/elhijodelllanero.mx\/index.php\/wp-json\/wp\/v2\/tags?post=14061"}],"curies":[{"name":"wp","href":"https:\/\/api.w.org\/{rel}","templated":true}]}}