{"id":14064,"date":"2026-04-22T06:40:19","date_gmt":"2026-04-22T12:40:19","guid":{"rendered":"https:\/\/elhijodelllanero.mx\/?p=14064"},"modified":"2026-04-22T06:40:19","modified_gmt":"2026-04-22T12:40:19","slug":"estrenan-camiones-de-basura-tras-anos-de-rezago-uno-salio-del-bolsillo-del-alcalde","status":"publish","type":"post","link":"https:\/\/elhijodelllanero.mx\/index.php\/2026\/04\/22\/estrenan-camiones-de-basura-tras-anos-de-rezago-uno-salio-del-bolsillo-del-alcalde\/","title":{"rendered":"Estrenan camiones de basura tras a\u00f1os de rezago; uno sali\u00f3 del bolsillo del Alcalde."},"content":{"rendered":"<p>Cortazar, Gto. 22 de abril del 2026.-Despu\u00e9s de casi una d\u00e9cada con un sistema de recolecci\u00f3n rebasado, el municipio de Cortazar renov\u00f3 parte de su parque vehicular con la entrega de tres camiones recolectores, una camioneta y 18 carritos de limpieza.<\/p>\n<p>Dos de las unidades y el equipo fueron adquiridos mediante un esquema de coinversi\u00f3n con el programa estatal FOAM, mientras que uno de los camiones compactadores fue financiado directamente por el alcalde Mauricio Estefan\u00eda con recursos propios.<\/p>\n<p>La inversi\u00f3n busca atender el rezago acumulado desde 2017 y mejorar el servicio de recolecci\u00f3n de basura, uno de los puntos m\u00e1s se\u00f1alados por la ciudadan\u00eda. Durante el evento, autoridades estatales reconocieron la ejecuci\u00f3n del proyecto y el cumplimiento de lineamientos ambientales.<\/p>\n<p>Con estas nuevas unidades, el municipio apuesta por fortalecer la limpieza urbana y dar un giro a un servicio que llevaba a\u00f1os operando con limitaciones.<\/p>\n","protected":false},"excerpt":{"rendered":"<p>Cortazar, Gto. 22 de abril del 2026.-Despu\u00e9s de casi una d\u00e9cada con un sistema de recolecci\u00f3n rebasado, el municipio de Cortazar renov\u00f3 parte de su parque vehicular con la entrega de tres camiones recolectores, una camioneta y 18 carritos de limpieza. Dos de las unidades y el equipo fueron adquiridos mediante un esquema de coinversi\u00f3n [&hellip;]<\/p>\n","protected":false},"author":3,"featured_media":14065,"comment_status":"open","ping_status":"closed","sticky":false,"template":"","format":"standard","meta":{"_jetpack_newsletter_access":"","_jetpack_dont_email_post_to_subs":false,"_jetpack_newsletter_tier_id":0,"_jetpack_memberships_contains_paywalled_content":false,"_jetpack_memberships_contains_paid_content":false,"footnotes":""},"categories":[77,76],"tags":[],"class_list":{"0":"post-14064","1":"post","2":"type-post","3":"status-publish","4":"format-standard","5":"has-post-thumbnail","7":"category-cortazar","8":"category-municipios"},"yoast_head":"<!-- This site is optimized with the Yoast SEO plugin v27.3 - https:\/\/yoast.com\/product\/yoast-seo-wordpress\/ -->\n<title>Estrenan camiones de basura tras a\u00f1os de rezago; uno sali\u00f3 del bolsillo del Alcalde. - El Hijo del llanero solititito<\/title>\n<meta name=\"robots\" content=\"index, follow, max-snippet:-1, max-image-preview:large, max-video-preview:-1\" \/>\n<link rel=\"canonical\" href=\"https:\/\/elhijodelllanero.mx\/index.php\/2026\/04\/22\/estrenan-camiones-de-basura-tras-anos-de-rezago-uno-salio-del-bolsillo-del-alcalde\/\" \/>\n<meta property=\"og:locale\" content=\"es_ES\" \/>\n<meta property=\"og:type\" content=\"article\" \/>\n<meta property=\"og:title\" content=\"Estrenan camiones de basura tras a\u00f1os de rezago; uno sali\u00f3 del bolsillo del Alcalde. - El Hijo del llanero solititito\" \/>\n<meta property=\"og:description\" content=\"Cortazar, Gto. 22 de abril del 2026.-Despu\u00e9s de casi una d\u00e9cada con un sistema de recolecci\u00f3n rebasado, el municipio de Cortazar renov\u00f3 parte de su parque vehicular con la entrega de tres camiones recolectores, una camioneta y 18 carritos de limpieza. Dos de las unidades y el equipo fueron adquiridos mediante un esquema de coinversi\u00f3n [&hellip;]\" \/>\n<meta property=\"og:url\" content=\"https:\/\/elhijodelllanero.mx\/index.php\/2026\/04\/22\/estrenan-camiones-de-basura-tras-anos-de-rezago-uno-salio-del-bolsillo-del-alcalde\/\" \/>\n<meta property=\"og:site_name\" content=\"El Hijo del llanero solititito\" \/>\n<meta property=\"article:published_time\" content=\"2026-04-22T12:40:19+00:00\" \/>\n<meta property=\"og:image\" content=\"https:\/\/elhijodelllanero.mx\/wp-content\/uploads\/2026\/04\/IMG-20260422-WA0000.jpg\" \/>\n\t<meta property=\"og:image:width\" content=\"1600\" \/>\n\t<meta property=\"og:image:height\" content=\"794\" \/>\n\t<meta property=\"og:image:type\" content=\"image\/jpeg\" \/>\n<meta name=\"author\" content=\"Mar\u00eda de la Paz Rodarte Ram\u00edrez\" \/>\n<meta name=\"twitter:card\" content=\"summary_large_image\" \/>\n<meta name=\"twitter:label1\" content=\"Escrito por\" \/>\n\t<meta name=\"twitter:data1\" content=\"Mar\u00eda de la Paz Rodarte Ram\u00edrez\" \/>\n\t<meta name=\"twitter:label2\" content=\"Tiempo de lectura\" \/>\n\t<meta name=\"twitter:data2\" content=\"1 minuto\" \/>\n<script type=\"application\/ld+json\" class=\"yoast-schema-graph\">{\"@context\":\"https:\\\/\\\/schema.org\",\"@graph\":[{\"@type\":\"Article\",\"@id\":\"https:\\\/\\\/elhijodelllanero.mx\\\/index.php\\\/2026\\\/04\\\/22\\\/estrenan-camiones-de-basura-tras-anos-de-rezago-uno-salio-del-bolsillo-del-alcalde\\\/#article\",\"isPartOf\":{\"@id\":\"https:\\\/\\\/elhijodelllanero.mx\\\/index.php\\\/2026\\\/04\\\/22\\\/estrenan-camiones-de-basura-tras-anos-de-rezago-uno-salio-del-bolsillo-del-alcalde\\\/\"},\"author\":{\"name\":\"Mar\u00eda de la Paz Rodarte Ram\u00edrez\",\"@id\":\"https:\\\/\\\/elhijodelllanero.mx\\\/#\\\/schema\\\/person\\\/c7f8c86c55c1eab44ae2b93a9628245f\"},\"headline\":\"Estrenan camiones de basura tras a\u00f1os de rezago; uno sali\u00f3 del bolsillo del Alcalde.\",\"datePublished\":\"2026-04-22T12:40:19+00:00\",\"mainEntityOfPage\":{\"@id\":\"https:\\\/\\\/elhijodelllanero.mx\\\/index.php\\\/2026\\\/04\\\/22\\\/estrenan-camiones-de-basura-tras-anos-de-rezago-uno-salio-del-bolsillo-del-alcalde\\\/\"},\"wordCount\":169,\"commentCount\":0,\"image\":{\"@id\":\"https:\\\/\\\/elhijodelllanero.mx\\\/index.php\\\/2026\\\/04\\\/22\\\/estrenan-camiones-de-basura-tras-anos-de-rezago-uno-salio-del-bolsillo-del-alcalde\\\/#primaryimage\"},\"thumbnailUrl\":\"https:\\\/\\\/i0.wp.com\\\/elhijodelllanero.mx\\\/wp-content\\\/uploads\\\/2026\\\/04\\\/IMG-20260422-WA0000.jpg?fit=1600%2C794&ssl=1\",\"articleSection\":[\"CORTAZAR\",\"MUNICIPIOS\"],\"inLanguage\":\"es\",\"potentialAction\":[{\"@type\":\"CommentAction\",\"name\":\"Comment\",\"target\":[\"https:\\\/\\\/elhijodelllanero.mx\\\/index.php\\\/2026\\\/04\\\/22\\\/estrenan-camiones-de-basura-tras-anos-de-rezago-uno-salio-del-bolsillo-del-alcalde\\\/#respond\"]}]},{\"@type\":\"WebPage\",\"@id\":\"https:\\\/\\\/elhijodelllanero.mx\\\/index.php\\\/2026\\\/04\\\/22\\\/estrenan-camiones-de-basura-tras-anos-de-rezago-uno-salio-del-bolsillo-del-alcalde\\\/\",\"url\":\"https:\\\/\\\/elhijodelllanero.mx\\\/index.php\\\/2026\\\/04\\\/22\\\/estrenan-camiones-de-basura-tras-anos-de-rezago-uno-salio-del-bolsillo-del-alcalde\\\/\",\"name\":\"Estrenan camiones de basura tras a\u00f1os de rezago; uno sali\u00f3 del bolsillo del Alcalde. - El Hijo del llanero solititito\",\"isPartOf\":{\"@id\":\"https:\\\/\\\/elhijodelllanero.mx\\\/#website\"},\"primaryImageOfPage\":{\"@id\":\"https:\\\/\\\/elhijodelllanero.mx\\\/index.php\\\/2026\\\/04\\\/22\\\/estrenan-camiones-de-basura-tras-anos-de-rezago-uno-salio-del-bolsillo-del-alcalde\\\/#primaryimage\"},\"image\":{\"@id\":\"https:\\\/\\\/elhijodelllanero.mx\\\/index.php\\\/2026\\\/04\\\/22\\\/estrenan-camiones-de-basura-tras-anos-de-rezago-uno-salio-del-bolsillo-del-alcalde\\\/#primaryimage\"},\"thumbnailUrl\":\"https:\\\/\\\/i0.wp.com\\\/elhijodelllanero.mx\\\/wp-content\\\/uploads\\\/2026\\\/04\\\/IMG-20260422-WA0000.jpg?fit=1600%2C794&ssl=1\",\"datePublished\":\"2026-04-22T12:40:19+00:00\",\"author\":{\"@id\":\"https:\\\/\\\/elhijodelllanero.mx\\\/#\\\/schema\\\/person\\\/c7f8c86c55c1eab44ae2b93a9628245f\"},\"breadcrumb\":{\"@id\":\"https:\\\/\\\/elhijodelllanero.mx\\\/index.php\\\/2026\\\/04\\\/22\\\/estrenan-camiones-de-basura-tras-anos-de-rezago-uno-salio-del-bolsillo-del-alcalde\\\/#breadcrumb\"},\"inLanguage\":\"es\",\"potentialAction\":[{\"@type\":\"ReadAction\",\"target\":[\"https:\\\/\\\/elhijodelllanero.mx\\\/index.php\\\/2026\\\/04\\\/22\\\/estrenan-camiones-de-basura-tras-anos-de-rezago-uno-salio-del-bolsillo-del-alcalde\\\/\"]}]},{\"@type\":\"ImageObject\",\"inLanguage\":\"es\",\"@id\":\"https:\\\/\\\/elhijodelllanero.mx\\\/index.php\\\/2026\\\/04\\\/22\\\/estrenan-camiones-de-basura-tras-anos-de-rezago-uno-salio-del-bolsillo-del-alcalde\\\/#primaryimage\",\"url\":\"https:\\\/\\\/i0.wp.com\\\/elhijodelllanero.mx\\\/wp-content\\\/uploads\\\/2026\\\/04\\\/IMG-20260422-WA0000.jpg?fit=1600%2C794&ssl=1\",\"contentUrl\":\"https:\\\/\\\/i0.wp.com\\\/elhijodelllanero.mx\\\/wp-content\\\/uploads\\\/2026\\\/04\\\/IMG-20260422-WA0000.jpg?fit=1600%2C794&ssl=1\",\"width\":1600,\"height\":794},{\"@type\":\"BreadcrumbList\",\"@id\":\"https:\\\/\\\/elhijodelllanero.mx\\\/index.php\\\/2026\\\/04\\\/22\\\/estrenan-camiones-de-basura-tras-anos-de-rezago-uno-salio-del-bolsillo-del-alcalde\\\/#breadcrumb\",\"itemListElement\":[{\"@type\":\"ListItem\",\"position\":1,\"name\":\"Portada\",\"item\":\"https:\\\/\\\/elhijodelllanero.mx\\\/\"},{\"@type\":\"ListItem\",\"position\":2,\"name\":\"Estrenan camiones de basura tras a\u00f1os de rezago; uno sali\u00f3 del bolsillo del Alcalde.\"}]},{\"@type\":\"WebSite\",\"@id\":\"https:\\\/\\\/elhijodelllanero.mx\\\/#website\",\"url\":\"https:\\\/\\\/elhijodelllanero.mx\\\/\",\"name\":\"El Hijo del llanero solititito\",\"description\":\"\",\"potentialAction\":[{\"@type\":\"SearchAction\",\"target\":{\"@type\":\"EntryPoint\",\"urlTemplate\":\"https:\\\/\\\/elhijodelllanero.mx\\\/?s={search_term_string}\"},\"query-input\":{\"@type\":\"PropertyValueSpecification\",\"valueRequired\":true,\"valueName\":\"search_term_string\"}}],\"inLanguage\":\"es\"},{\"@type\":\"Person\",\"@id\":\"https:\\\/\\\/elhijodelllanero.mx\\\/#\\\/schema\\\/person\\\/c7f8c86c55c1eab44ae2b93a9628245f\",\"name\":\"Mar\u00eda de la Paz Rodarte Ram\u00edrez\",\"image\":{\"@type\":\"ImageObject\",\"inLanguage\":\"es\",\"@id\":\"https:\\\/\\\/secure.gravatar.com\\\/avatar\\\/1f38f8518b09a266af73da2bce78d69e7d1275299970134ed62f572e0487e1d0?s=96&d=mm&r=g\",\"url\":\"https:\\\/\\\/secure.gravatar.com\\\/avatar\\\/1f38f8518b09a266af73da2bce78d69e7d1275299970134ed62f572e0487e1d0?s=96&d=mm&r=g\",\"contentUrl\":\"https:\\\/\\\/secure.gravatar.com\\\/avatar\\\/1f38f8518b09a266af73da2bce78d69e7d1275299970134ed62f572e0487e1d0?s=96&d=mm&r=g\",\"caption\":\"Mar\u00eda de la Paz Rodarte Ram\u00edrez\"},\"sameAs\":[\"https:\\\/\\\/www.elhijodelllanero.mx\"],\"url\":\"https:\\\/\\\/elhijodelllanero.mx\\\/index.php\\\/author\\\/maricuas\\\/\"}]}<\/script>\n<!-- \/ Yoast SEO plugin. -->","yoast_head_json":{"title":"Estrenan camiones de basura tras a\u00f1os de rezago; uno sali\u00f3 del bolsillo del Alcalde. - El Hijo del llanero solititito","robots":{"index":"index","follow":"follow","max-snippet":"max-snippet:-1","max-image-preview":"max-image-preview:large","max-video-preview":"max-video-preview:-1"},"canonical":"https:\/\/elhijodelllanero.mx\/index.php\/2026\/04\/22\/estrenan-camiones-de-basura-tras-anos-de-rezago-uno-salio-del-bolsillo-del-alcalde\/","og_locale":"es_ES","og_type":"article","og_title":"Estrenan camiones de basura tras a\u00f1os de rezago; uno sali\u00f3 del bolsillo del Alcalde. - El Hijo del llanero solititito","og_description":"Cortazar, Gto. 22 de abril del 2026.-Despu\u00e9s de casi una d\u00e9cada con un sistema de recolecci\u00f3n rebasado, el municipio de Cortazar renov\u00f3 parte de su parque vehicular con la entrega de tres camiones recolectores, una camioneta y 18 carritos de limpieza. Dos de las unidades y el equipo fueron adquiridos mediante un esquema de coinversi\u00f3n [&hellip;]","og_url":"https:\/\/elhijodelllanero.mx\/index.php\/2026\/04\/22\/estrenan-camiones-de-basura-tras-anos-de-rezago-uno-salio-del-bolsillo-del-alcalde\/","og_site_name":"El Hijo del llanero solititito","article_published_time":"2026-04-22T12:40:19+00:00","og_image":[{"width":1600,"height":794,"url":"https:\/\/elhijodelllanero.mx\/wp-content\/uploads\/2026\/04\/IMG-20260422-WA0000.jpg","type":"image\/jpeg"}],"author":"Mar\u00eda de la Paz Rodarte Ram\u00edrez","twitter_card":"summary_large_image","twitter_misc":{"Escrito por":"Mar\u00eda de la Paz Rodarte Ram\u00edrez","Tiempo de lectura":"1 minuto"},"schema":{"@context":"https:\/\/schema.org","@graph":[{"@type":"Article","@id":"https:\/\/elhijodelllanero.mx\/index.php\/2026\/04\/22\/estrenan-camiones-de-basura-tras-anos-de-rezago-uno-salio-del-bolsillo-del-alcalde\/#article","isPartOf":{"@id":"https:\/\/elhijodelllanero.mx\/index.php\/2026\/04\/22\/estrenan-camiones-de-basura-tras-anos-de-rezago-uno-salio-del-bolsillo-del-alcalde\/"},"author":{"name":"Mar\u00eda de la Paz Rodarte Ram\u00edrez","@id":"https:\/\/elhijodelllanero.mx\/#\/schema\/person\/c7f8c86c55c1eab44ae2b93a9628245f"},"headline":"Estrenan camiones de basura tras a\u00f1os de rezago; uno sali\u00f3 del bolsillo del Alcalde.","datePublished":"2026-04-22T12:40:19+00:00","mainEntityOfPage":{"@id":"https:\/\/elhijodelllanero.mx\/index.php\/2026\/04\/22\/estrenan-camiones-de-basura-tras-anos-de-rezago-uno-salio-del-bolsillo-del-alcalde\/"},"wordCount":169,"commentCount":0,"image":{"@id":"https:\/\/elhijodelllanero.mx\/index.php\/2026\/04\/22\/estrenan-camiones-de-basura-tras-anos-de-rezago-uno-salio-del-bolsillo-del-alcalde\/#primaryimage"},"thumbnailUrl":"https:\/\/i0.wp.com\/elhijodelllanero.mx\/wp-content\/uploads\/2026\/04\/IMG-20260422-WA0000.jpg?fit=1600%2C794&ssl=1","articleSection":["CORTAZAR","MUNICIPIOS"],"inLanguage":"es","potentialAction":[{"@type":"CommentAction","name":"Comment","target":["https:\/\/elhijodelllanero.mx\/index.php\/2026\/04\/22\/estrenan-camiones-de-basura-tras-anos-de-rezago-uno-salio-del-bolsillo-del-alcalde\/#respond"]}]},{"@type":"WebPage","@id":"https:\/\/elhijodelllanero.mx\/index.php\/2026\/04\/22\/estrenan-camiones-de-basura-tras-anos-de-rezago-uno-salio-del-bolsillo-del-alcalde\/","url":"https:\/\/elhijodelllanero.mx\/index.php\/2026\/04\/22\/estrenan-camiones-de-basura-tras-anos-de-rezago-uno-salio-del-bolsillo-del-alcalde\/","name":"Estrenan camiones de basura tras a\u00f1os de rezago; uno sali\u00f3 del bolsillo del Alcalde. - El Hijo del llanero solititito","isPartOf":{"@id":"https:\/\/elhijodelllanero.mx\/#website"},"primaryImageOfPage":{"@id":"https:\/\/elhijodelllanero.mx\/index.php\/2026\/04\/22\/estrenan-camiones-de-basura-tras-anos-de-rezago-uno-salio-del-bolsillo-del-alcalde\/#primaryimage"},"image":{"@id":"https:\/\/elhijodelllanero.mx\/index.php\/2026\/04\/22\/estrenan-camiones-de-basura-tras-anos-de-rezago-uno-salio-del-bolsillo-del-alcalde\/#primaryimage"},"thumbnailUrl":"https:\/\/i0.wp.com\/elhijodelllanero.mx\/wp-content\/uploads\/2026\/04\/IMG-20260422-WA0000.jpg?fit=1600%2C794&ssl=1","datePublished":"2026-04-22T12:40:19+00:00","author":{"@id":"https:\/\/elhijodelllanero.mx\/#\/schema\/person\/c7f8c86c55c1eab44ae2b93a9628245f"},"breadcrumb":{"@id":"https:\/\/elhijodelllanero.mx\/index.php\/2026\/04\/22\/estrenan-camiones-de-basura-tras-anos-de-rezago-uno-salio-del-bolsillo-del-alcalde\/#breadcrumb"},"inLanguage":"es","potentialAction":[{"@type":"ReadAction","target":["https:\/\/elhijodelllanero.mx\/index.php\/2026\/04\/22\/estrenan-camiones-de-basura-tras-anos-de-rezago-uno-salio-del-bolsillo-del-alcalde\/"]}]},{"@type":"ImageObject","inLanguage":"es","@id":"https:\/\/elhijodelllanero.mx\/index.php\/2026\/04\/22\/estrenan-camiones-de-basura-tras-anos-de-rezago-uno-salio-del-bolsillo-del-alcalde\/#primaryimage","url":"https:\/\/i0.wp.com\/elhijodelllanero.mx\/wp-content\/uploads\/2026\/04\/IMG-20260422-WA0000.jpg?fit=1600%2C794&ssl=1","contentUrl":"https:\/\/i0.wp.com\/elhijodelllanero.mx\/wp-content\/uploads\/2026\/04\/IMG-20260422-WA0000.jpg?fit=1600%2C794&ssl=1","width":1600,"height":794},{"@type":"BreadcrumbList","@id":"https:\/\/elhijodelllanero.mx\/index.php\/2026\/04\/22\/estrenan-camiones-de-basura-tras-anos-de-rezago-uno-salio-del-bolsillo-del-alcalde\/#breadcrumb","itemListElement":[{"@type":"ListItem","position":1,"name":"Portada","item":"https:\/\/elhijodelllanero.mx\/"},{"@type":"ListItem","position":2,"name":"Estrenan camiones de basura tras a\u00f1os de rezago; uno sali\u00f3 del bolsillo del Alcalde."}]},{"@type":"WebSite","@id":"https:\/\/elhijodelllanero.mx\/#website","url":"https:\/\/elhijodelllanero.mx\/","name":"El Hijo del llanero solititito","description":"","potentialAction":[{"@type":"SearchAction","target":{"@type":"EntryPoint","urlTemplate":"https:\/\/elhijodelllanero.mx\/?s={search_term_string}"},"query-input":{"@type":"PropertyValueSpecification","valueRequired":true,"valueName":"search_term_string"}}],"inLanguage":"es"},{"@type":"Person","@id":"https:\/\/elhijodelllanero.mx\/#\/schema\/person\/c7f8c86c55c1eab44ae2b93a9628245f","name":"Mar\u00eda de la Paz Rodarte Ram\u00edrez","image":{"@type":"ImageObject","inLanguage":"es","@id":"https:\/\/secure.gravatar.com\/avatar\/1f38f8518b09a266af73da2bce78d69e7d1275299970134ed62f572e0487e1d0?s=96&d=mm&r=g","url":"https:\/\/secure.gravatar.com\/avatar\/1f38f8518b09a266af73da2bce78d69e7d1275299970134ed62f572e0487e1d0?s=96&d=mm&r=g","contentUrl":"https:\/\/secure.gravatar.com\/avatar\/1f38f8518b09a266af73da2bce78d69e7d1275299970134ed62f572e0487e1d0?s=96&d=mm&r=g","caption":"Mar\u00eda de la Paz Rodarte Ram\u00edrez"},"sameAs":["https:\/\/www.elhijodelllanero.mx"],"url":"https:\/\/elhijodelllanero.mx\/index.php\/author\/maricuas\/"}]}},"jetpack_featured_media_url":"https:\/\/i0.wp.com\/elhijodelllanero.mx\/wp-content\/uploads\/2026\/04\/IMG-20260422-WA0000.jpg?fit=1600%2C794&ssl=1","jetpack-related-posts":[],"jetpack_sharing_enabled":true,"_links":{"self":[{"href":"https:\/\/elhijodelllanero.mx\/index.php\/wp-json\/wp\/v2\/posts\/14064","targetHints":{"allow":["GET"]}}],"collection":[{"href":"https:\/\/elhijodelllanero.mx\/index.php\/wp-json\/wp\/v2\/posts"}],"about":[{"href":"https:\/\/elhijodelllanero.mx\/index.php\/wp-json\/wp\/v2\/types\/post"}],"author":[{"embeddable":true,"href":"https:\/\/elhijodelllanero.mx\/index.php\/wp-json\/wp\/v2\/users\/3"}],"replies":[{"embeddable":true,"href":"https:\/\/elhijodelllanero.mx\/index.php\/wp-json\/wp\/v2\/comments?post=14064"}],"version-history":[{"count":1,"href":"https:\/\/elhijodelllanero.mx\/index.php\/wp-json\/wp\/v2\/posts\/14064\/revisions"}],"predecessor-version":[{"id":14066,"href":"https:\/\/elhijodelllanero.mx\/index.php\/wp-json\/wp\/v2\/posts\/14064\/revisions\/14066"}],"wp:featuredmedia":[{"embeddable":true,"href":"https:\/\/elhijodelllanero.mx\/index.php\/wp-json\/wp\/v2\/media\/14065"}],"wp:attachment":[{"href":"https:\/\/elhijodelllanero.mx\/index.php\/wp-json\/wp\/v2\/media?parent=14064"}],"wp:term":[{"taxonomy":"category","embeddable":true,"href":"https:\/\/elhijodelllanero.mx\/index.php\/wp-json\/wp\/v2\/categories?post=14064"},{"taxonomy":"post_tag","embeddable":true,"href":"https:\/\/elhijodelllanero.mx\/index.php\/wp-json\/wp\/v2\/tags?post=14064"}],"curies":[{"name":"wp","href":"https:\/\/api.w.org\/{rel}","templated":true}]}}