{"id":14071,"date":"2026-04-22T10:37:12","date_gmt":"2026-04-22T16:37:12","guid":{"rendered":"https:\/\/elhijodelllanero.mx\/?p=14071"},"modified":"2026-04-22T10:37:12","modified_gmt":"2026-04-22T16:37:12","slug":"liberacion-de-joven-tras-muerte-de-su-madre-genera-inquietud-entre-vecinos-del-fovissste","status":"publish","type":"post","link":"https:\/\/elhijodelllanero.mx\/index.php\/2026\/04\/22\/liberacion-de-joven-tras-muerte-de-su-madre-genera-inquietud-entre-vecinos-del-fovissste\/","title":{"rendered":"Liberaci\u00f3n de joven tras muerte de su madre genera inquietud entre vecinos del Fovissste."},"content":{"rendered":"<p>Celaya, Gto. 22 de abril del 2026.-Habitantes de la colonia Fovissste manifestaron su preocupaci\u00f3n e inconformidad luego de la liberaci\u00f3n de un joven que hab\u00eda sido detenido el pasado fin de semana por su presunta responsabilidad en la muerte de su madre, identificada como Rosa Mar\u00eda, conocida entre vecinos como \u201cVero\u201d.<\/p>\n<p>De acuerdo con testimonios de residentes, el joven \u2014identificado como Cristian\u2014 fue visto nuevamente en la zona incluso el mismo d\u00eda del funeral, lo que gener\u00f3 temor e incertidumbre entre quienes habitan el \u00e1rea, especialmente por versiones previas que lo se\u00f1alaban como agresor.<\/p>\n<p>Algunos vecinos aseguran que exist\u00edan antecedentes de conflictos familiares, lo que ha reforzado la percepci\u00f3n de riesgo y ha dado pie a reportes al n\u00famero de emergencias 911; sin embargo, tambi\u00e9n se\u00f1alan que no han obtenido respuesta inmediata de las autoridades.<\/p>\n<p>No obstante, seg\u00fan informaci\u00f3n atribuida a instancias de procuraci\u00f3n de justicia, el joven fue liberado tras determinarse que no existen elementos que lo vinculen con un hecho delictivo, apuntando a que el fallecimiento de la mujer habr\u00eda sido por causas naturales.<\/p>\n<p>Pese a ello, la circulaci\u00f3n de versiones no confirmadas en la comunidad y redes sociales ha generado desinformaci\u00f3n, llegando incluso a difundirse solicitudes para identificar al joven y \u201ctomar precauciones\u201d, lo que ha incrementado el clima de tensi\u00f3n entre los vecinos.<\/p>\n<p>Ante esta situaci\u00f3n, habitantes hacen un llamado a las autoridades para que brinden informaci\u00f3n clara y oportuna, a fin de evitar rumores y garantizar la tranquilidad en la zona.<\/p>\n","protected":false},"excerpt":{"rendered":"<p>Celaya, Gto. 22 de abril del 2026.-Habitantes de la colonia Fovissste manifestaron su preocupaci\u00f3n e inconformidad luego de la liberaci\u00f3n de un joven que hab\u00eda sido detenido el pasado fin de semana por su presunta responsabilidad en la muerte de su madre, identificada como Rosa Mar\u00eda, conocida entre vecinos como \u201cVero\u201d. De acuerdo con testimonios [&hellip;]<\/p>\n","protected":false},"author":3,"featured_media":14072,"comment_status":"open","ping_status":"closed","sticky":false,"template":"","format":"standard","meta":{"_jetpack_newsletter_access":"","_jetpack_dont_email_post_to_subs":false,"_jetpack_newsletter_tier_id":0,"_jetpack_memberships_contains_paywalled_content":false,"_jetpack_memberships_contains_paid_content":false,"footnotes":""},"categories":[74],"tags":[],"class_list":{"0":"post-14071","1":"post","2":"type-post","3":"status-publish","4":"format-standard","5":"has-post-thumbnail","7":"category-celaya"},"yoast_head":"<!-- This site is optimized with the Yoast SEO plugin v27.3 - https:\/\/yoast.com\/product\/yoast-seo-wordpress\/ -->\n<title>Liberaci\u00f3n de joven tras muerte de su madre genera inquietud entre vecinos del Fovissste. - El Hijo del llanero solititito<\/title>\n<meta name=\"robots\" content=\"index, follow, max-snippet:-1, max-image-preview:large, max-video-preview:-1\" \/>\n<link rel=\"canonical\" href=\"https:\/\/elhijodelllanero.mx\/index.php\/2026\/04\/22\/liberacion-de-joven-tras-muerte-de-su-madre-genera-inquietud-entre-vecinos-del-fovissste\/\" \/>\n<meta property=\"og:locale\" content=\"es_ES\" \/>\n<meta property=\"og:type\" content=\"article\" \/>\n<meta property=\"og:title\" content=\"Liberaci\u00f3n de joven tras muerte de su madre genera inquietud entre vecinos del Fovissste. - El Hijo del llanero solititito\" \/>\n<meta property=\"og:description\" content=\"Celaya, Gto. 22 de abril del 2026.-Habitantes de la colonia Fovissste manifestaron su preocupaci\u00f3n e inconformidad luego de la liberaci\u00f3n de un joven que hab\u00eda sido detenido el pasado fin de semana por su presunta responsabilidad en la muerte de su madre, identificada como Rosa Mar\u00eda, conocida entre vecinos como \u201cVero\u201d. De acuerdo con testimonios [&hellip;]\" \/>\n<meta property=\"og:url\" content=\"https:\/\/elhijodelllanero.mx\/index.php\/2026\/04\/22\/liberacion-de-joven-tras-muerte-de-su-madre-genera-inquietud-entre-vecinos-del-fovissste\/\" \/>\n<meta property=\"og:site_name\" content=\"El Hijo del llanero solititito\" \/>\n<meta property=\"article:published_time\" content=\"2026-04-22T16:37:12+00:00\" \/>\n<meta property=\"og:image\" content=\"https:\/\/elhijodelllanero.mx\/wp-content\/uploads\/2026\/04\/77e78a45-1dc4-4065-9068-04b9bc38964e.jpeg\" \/>\n\t<meta property=\"og:image:width\" content=\"1166\" \/>\n\t<meta property=\"og:image:height\" content=\"1599\" \/>\n\t<meta property=\"og:image:type\" content=\"image\/jpeg\" \/>\n<meta name=\"author\" content=\"Mar\u00eda de la Paz Rodarte Ram\u00edrez\" \/>\n<meta name=\"twitter:card\" content=\"summary_large_image\" \/>\n<meta name=\"twitter:label1\" content=\"Escrito por\" \/>\n\t<meta name=\"twitter:data1\" content=\"Mar\u00eda de la Paz Rodarte Ram\u00edrez\" \/>\n\t<meta name=\"twitter:label2\" content=\"Tiempo de lectura\" \/>\n\t<meta name=\"twitter:data2\" content=\"2 minutos\" \/>\n<script type=\"application\/ld+json\" class=\"yoast-schema-graph\">{\"@context\":\"https:\\\/\\\/schema.org\",\"@graph\":[{\"@type\":\"Article\",\"@id\":\"https:\\\/\\\/elhijodelllanero.mx\\\/index.php\\\/2026\\\/04\\\/22\\\/liberacion-de-joven-tras-muerte-de-su-madre-genera-inquietud-entre-vecinos-del-fovissste\\\/#article\",\"isPartOf\":{\"@id\":\"https:\\\/\\\/elhijodelllanero.mx\\\/index.php\\\/2026\\\/04\\\/22\\\/liberacion-de-joven-tras-muerte-de-su-madre-genera-inquietud-entre-vecinos-del-fovissste\\\/\"},\"author\":{\"name\":\"Mar\u00eda de la Paz Rodarte Ram\u00edrez\",\"@id\":\"https:\\\/\\\/elhijodelllanero.mx\\\/#\\\/schema\\\/person\\\/c7f8c86c55c1eab44ae2b93a9628245f\"},\"headline\":\"Liberaci\u00f3n de joven tras muerte de su madre genera inquietud entre vecinos del Fovissste.\",\"datePublished\":\"2026-04-22T16:37:12+00:00\",\"mainEntityOfPage\":{\"@id\":\"https:\\\/\\\/elhijodelllanero.mx\\\/index.php\\\/2026\\\/04\\\/22\\\/liberacion-de-joven-tras-muerte-de-su-madre-genera-inquietud-entre-vecinos-del-fovissste\\\/\"},\"wordCount\":279,\"commentCount\":0,\"image\":{\"@id\":\"https:\\\/\\\/elhijodelllanero.mx\\\/index.php\\\/2026\\\/04\\\/22\\\/liberacion-de-joven-tras-muerte-de-su-madre-genera-inquietud-entre-vecinos-del-fovissste\\\/#primaryimage\"},\"thumbnailUrl\":\"https:\\\/\\\/i0.wp.com\\\/elhijodelllanero.mx\\\/wp-content\\\/uploads\\\/2026\\\/04\\\/77e78a45-1dc4-4065-9068-04b9bc38964e.jpeg?fit=1166%2C1599&ssl=1\",\"articleSection\":[\"CELAYA\"],\"inLanguage\":\"es\",\"potentialAction\":[{\"@type\":\"CommentAction\",\"name\":\"Comment\",\"target\":[\"https:\\\/\\\/elhijodelllanero.mx\\\/index.php\\\/2026\\\/04\\\/22\\\/liberacion-de-joven-tras-muerte-de-su-madre-genera-inquietud-entre-vecinos-del-fovissste\\\/#respond\"]}]},{\"@type\":\"WebPage\",\"@id\":\"https:\\\/\\\/elhijodelllanero.mx\\\/index.php\\\/2026\\\/04\\\/22\\\/liberacion-de-joven-tras-muerte-de-su-madre-genera-inquietud-entre-vecinos-del-fovissste\\\/\",\"url\":\"https:\\\/\\\/elhijodelllanero.mx\\\/index.php\\\/2026\\\/04\\\/22\\\/liberacion-de-joven-tras-muerte-de-su-madre-genera-inquietud-entre-vecinos-del-fovissste\\\/\",\"name\":\"Liberaci\u00f3n de joven tras muerte de su madre genera inquietud entre vecinos del Fovissste. - El Hijo del llanero solititito\",\"isPartOf\":{\"@id\":\"https:\\\/\\\/elhijodelllanero.mx\\\/#website\"},\"primaryImageOfPage\":{\"@id\":\"https:\\\/\\\/elhijodelllanero.mx\\\/index.php\\\/2026\\\/04\\\/22\\\/liberacion-de-joven-tras-muerte-de-su-madre-genera-inquietud-entre-vecinos-del-fovissste\\\/#primaryimage\"},\"image\":{\"@id\":\"https:\\\/\\\/elhijodelllanero.mx\\\/index.php\\\/2026\\\/04\\\/22\\\/liberacion-de-joven-tras-muerte-de-su-madre-genera-inquietud-entre-vecinos-del-fovissste\\\/#primaryimage\"},\"thumbnailUrl\":\"https:\\\/\\\/i0.wp.com\\\/elhijodelllanero.mx\\\/wp-content\\\/uploads\\\/2026\\\/04\\\/77e78a45-1dc4-4065-9068-04b9bc38964e.jpeg?fit=1166%2C1599&ssl=1\",\"datePublished\":\"2026-04-22T16:37:12+00:00\",\"author\":{\"@id\":\"https:\\\/\\\/elhijodelllanero.mx\\\/#\\\/schema\\\/person\\\/c7f8c86c55c1eab44ae2b93a9628245f\"},\"breadcrumb\":{\"@id\":\"https:\\\/\\\/elhijodelllanero.mx\\\/index.php\\\/2026\\\/04\\\/22\\\/liberacion-de-joven-tras-muerte-de-su-madre-genera-inquietud-entre-vecinos-del-fovissste\\\/#breadcrumb\"},\"inLanguage\":\"es\",\"potentialAction\":[{\"@type\":\"ReadAction\",\"target\":[\"https:\\\/\\\/elhijodelllanero.mx\\\/index.php\\\/2026\\\/04\\\/22\\\/liberacion-de-joven-tras-muerte-de-su-madre-genera-inquietud-entre-vecinos-del-fovissste\\\/\"]}]},{\"@type\":\"ImageObject\",\"inLanguage\":\"es\",\"@id\":\"https:\\\/\\\/elhijodelllanero.mx\\\/index.php\\\/2026\\\/04\\\/22\\\/liberacion-de-joven-tras-muerte-de-su-madre-genera-inquietud-entre-vecinos-del-fovissste\\\/#primaryimage\",\"url\":\"https:\\\/\\\/i0.wp.com\\\/elhijodelllanero.mx\\\/wp-content\\\/uploads\\\/2026\\\/04\\\/77e78a45-1dc4-4065-9068-04b9bc38964e.jpeg?fit=1166%2C1599&ssl=1\",\"contentUrl\":\"https:\\\/\\\/i0.wp.com\\\/elhijodelllanero.mx\\\/wp-content\\\/uploads\\\/2026\\\/04\\\/77e78a45-1dc4-4065-9068-04b9bc38964e.jpeg?fit=1166%2C1599&ssl=1\",\"width\":1166,\"height\":1599},{\"@type\":\"BreadcrumbList\",\"@id\":\"https:\\\/\\\/elhijodelllanero.mx\\\/index.php\\\/2026\\\/04\\\/22\\\/liberacion-de-joven-tras-muerte-de-su-madre-genera-inquietud-entre-vecinos-del-fovissste\\\/#breadcrumb\",\"itemListElement\":[{\"@type\":\"ListItem\",\"position\":1,\"name\":\"Portada\",\"item\":\"https:\\\/\\\/elhijodelllanero.mx\\\/\"},{\"@type\":\"ListItem\",\"position\":2,\"name\":\"Liberaci\u00f3n de joven tras muerte de su madre genera inquietud entre vecinos del Fovissste.\"}]},{\"@type\":\"WebSite\",\"@id\":\"https:\\\/\\\/elhijodelllanero.mx\\\/#website\",\"url\":\"https:\\\/\\\/elhijodelllanero.mx\\\/\",\"name\":\"El Hijo del llanero solititito\",\"description\":\"\",\"potentialAction\":[{\"@type\":\"SearchAction\",\"target\":{\"@type\":\"EntryPoint\",\"urlTemplate\":\"https:\\\/\\\/elhijodelllanero.mx\\\/?s={search_term_string}\"},\"query-input\":{\"@type\":\"PropertyValueSpecification\",\"valueRequired\":true,\"valueName\":\"search_term_string\"}}],\"inLanguage\":\"es\"},{\"@type\":\"Person\",\"@id\":\"https:\\\/\\\/elhijodelllanero.mx\\\/#\\\/schema\\\/person\\\/c7f8c86c55c1eab44ae2b93a9628245f\",\"name\":\"Mar\u00eda de la Paz Rodarte Ram\u00edrez\",\"image\":{\"@type\":\"ImageObject\",\"inLanguage\":\"es\",\"@id\":\"https:\\\/\\\/secure.gravatar.com\\\/avatar\\\/1f38f8518b09a266af73da2bce78d69e7d1275299970134ed62f572e0487e1d0?s=96&d=mm&r=g\",\"url\":\"https:\\\/\\\/secure.gravatar.com\\\/avatar\\\/1f38f8518b09a266af73da2bce78d69e7d1275299970134ed62f572e0487e1d0?s=96&d=mm&r=g\",\"contentUrl\":\"https:\\\/\\\/secure.gravatar.com\\\/avatar\\\/1f38f8518b09a266af73da2bce78d69e7d1275299970134ed62f572e0487e1d0?s=96&d=mm&r=g\",\"caption\":\"Mar\u00eda de la Paz Rodarte Ram\u00edrez\"},\"sameAs\":[\"https:\\\/\\\/www.elhijodelllanero.mx\"],\"url\":\"https:\\\/\\\/elhijodelllanero.mx\\\/index.php\\\/author\\\/maricuas\\\/\"}]}<\/script>\n<!-- \/ Yoast SEO plugin. -->","yoast_head_json":{"title":"Liberaci\u00f3n de joven tras muerte de su madre genera inquietud entre vecinos del Fovissste. - El Hijo del llanero solititito","robots":{"index":"index","follow":"follow","max-snippet":"max-snippet:-1","max-image-preview":"max-image-preview:large","max-video-preview":"max-video-preview:-1"},"canonical":"https:\/\/elhijodelllanero.mx\/index.php\/2026\/04\/22\/liberacion-de-joven-tras-muerte-de-su-madre-genera-inquietud-entre-vecinos-del-fovissste\/","og_locale":"es_ES","og_type":"article","og_title":"Liberaci\u00f3n de joven tras muerte de su madre genera inquietud entre vecinos del Fovissste. - El Hijo del llanero solititito","og_description":"Celaya, Gto. 22 de abril del 2026.-Habitantes de la colonia Fovissste manifestaron su preocupaci\u00f3n e inconformidad luego de la liberaci\u00f3n de un joven que hab\u00eda sido detenido el pasado fin de semana por su presunta responsabilidad en la muerte de su madre, identificada como Rosa Mar\u00eda, conocida entre vecinos como \u201cVero\u201d. De acuerdo con testimonios [&hellip;]","og_url":"https:\/\/elhijodelllanero.mx\/index.php\/2026\/04\/22\/liberacion-de-joven-tras-muerte-de-su-madre-genera-inquietud-entre-vecinos-del-fovissste\/","og_site_name":"El Hijo del llanero solititito","article_published_time":"2026-04-22T16:37:12+00:00","og_image":[{"width":1166,"height":1599,"url":"https:\/\/elhijodelllanero.mx\/wp-content\/uploads\/2026\/04\/77e78a45-1dc4-4065-9068-04b9bc38964e.jpeg","type":"image\/jpeg"}],"author":"Mar\u00eda de la Paz Rodarte Ram\u00edrez","twitter_card":"summary_large_image","twitter_misc":{"Escrito por":"Mar\u00eda de la Paz Rodarte Ram\u00edrez","Tiempo de lectura":"2 minutos"},"schema":{"@context":"https:\/\/schema.org","@graph":[{"@type":"Article","@id":"https:\/\/elhijodelllanero.mx\/index.php\/2026\/04\/22\/liberacion-de-joven-tras-muerte-de-su-madre-genera-inquietud-entre-vecinos-del-fovissste\/#article","isPartOf":{"@id":"https:\/\/elhijodelllanero.mx\/index.php\/2026\/04\/22\/liberacion-de-joven-tras-muerte-de-su-madre-genera-inquietud-entre-vecinos-del-fovissste\/"},"author":{"name":"Mar\u00eda de la Paz Rodarte Ram\u00edrez","@id":"https:\/\/elhijodelllanero.mx\/#\/schema\/person\/c7f8c86c55c1eab44ae2b93a9628245f"},"headline":"Liberaci\u00f3n de joven tras muerte de su madre genera inquietud entre vecinos del Fovissste.","datePublished":"2026-04-22T16:37:12+00:00","mainEntityOfPage":{"@id":"https:\/\/elhijodelllanero.mx\/index.php\/2026\/04\/22\/liberacion-de-joven-tras-muerte-de-su-madre-genera-inquietud-entre-vecinos-del-fovissste\/"},"wordCount":279,"commentCount":0,"image":{"@id":"https:\/\/elhijodelllanero.mx\/index.php\/2026\/04\/22\/liberacion-de-joven-tras-muerte-de-su-madre-genera-inquietud-entre-vecinos-del-fovissste\/#primaryimage"},"thumbnailUrl":"https:\/\/i0.wp.com\/elhijodelllanero.mx\/wp-content\/uploads\/2026\/04\/77e78a45-1dc4-4065-9068-04b9bc38964e.jpeg?fit=1166%2C1599&ssl=1","articleSection":["CELAYA"],"inLanguage":"es","potentialAction":[{"@type":"CommentAction","name":"Comment","target":["https:\/\/elhijodelllanero.mx\/index.php\/2026\/04\/22\/liberacion-de-joven-tras-muerte-de-su-madre-genera-inquietud-entre-vecinos-del-fovissste\/#respond"]}]},{"@type":"WebPage","@id":"https:\/\/elhijodelllanero.mx\/index.php\/2026\/04\/22\/liberacion-de-joven-tras-muerte-de-su-madre-genera-inquietud-entre-vecinos-del-fovissste\/","url":"https:\/\/elhijodelllanero.mx\/index.php\/2026\/04\/22\/liberacion-de-joven-tras-muerte-de-su-madre-genera-inquietud-entre-vecinos-del-fovissste\/","name":"Liberaci\u00f3n de joven tras muerte de su madre genera inquietud entre vecinos del Fovissste. - El Hijo del llanero solititito","isPartOf":{"@id":"https:\/\/elhijodelllanero.mx\/#website"},"primaryImageOfPage":{"@id":"https:\/\/elhijodelllanero.mx\/index.php\/2026\/04\/22\/liberacion-de-joven-tras-muerte-de-su-madre-genera-inquietud-entre-vecinos-del-fovissste\/#primaryimage"},"image":{"@id":"https:\/\/elhijodelllanero.mx\/index.php\/2026\/04\/22\/liberacion-de-joven-tras-muerte-de-su-madre-genera-inquietud-entre-vecinos-del-fovissste\/#primaryimage"},"thumbnailUrl":"https:\/\/i0.wp.com\/elhijodelllanero.mx\/wp-content\/uploads\/2026\/04\/77e78a45-1dc4-4065-9068-04b9bc38964e.jpeg?fit=1166%2C1599&ssl=1","datePublished":"2026-04-22T16:37:12+00:00","author":{"@id":"https:\/\/elhijodelllanero.mx\/#\/schema\/person\/c7f8c86c55c1eab44ae2b93a9628245f"},"breadcrumb":{"@id":"https:\/\/elhijodelllanero.mx\/index.php\/2026\/04\/22\/liberacion-de-joven-tras-muerte-de-su-madre-genera-inquietud-entre-vecinos-del-fovissste\/#breadcrumb"},"inLanguage":"es","potentialAction":[{"@type":"ReadAction","target":["https:\/\/elhijodelllanero.mx\/index.php\/2026\/04\/22\/liberacion-de-joven-tras-muerte-de-su-madre-genera-inquietud-entre-vecinos-del-fovissste\/"]}]},{"@type":"ImageObject","inLanguage":"es","@id":"https:\/\/elhijodelllanero.mx\/index.php\/2026\/04\/22\/liberacion-de-joven-tras-muerte-de-su-madre-genera-inquietud-entre-vecinos-del-fovissste\/#primaryimage","url":"https:\/\/i0.wp.com\/elhijodelllanero.mx\/wp-content\/uploads\/2026\/04\/77e78a45-1dc4-4065-9068-04b9bc38964e.jpeg?fit=1166%2C1599&ssl=1","contentUrl":"https:\/\/i0.wp.com\/elhijodelllanero.mx\/wp-content\/uploads\/2026\/04\/77e78a45-1dc4-4065-9068-04b9bc38964e.jpeg?fit=1166%2C1599&ssl=1","width":1166,"height":1599},{"@type":"BreadcrumbList","@id":"https:\/\/elhijodelllanero.mx\/index.php\/2026\/04\/22\/liberacion-de-joven-tras-muerte-de-su-madre-genera-inquietud-entre-vecinos-del-fovissste\/#breadcrumb","itemListElement":[{"@type":"ListItem","position":1,"name":"Portada","item":"https:\/\/elhijodelllanero.mx\/"},{"@type":"ListItem","position":2,"name":"Liberaci\u00f3n de joven tras muerte de su madre genera inquietud entre vecinos del Fovissste."}]},{"@type":"WebSite","@id":"https:\/\/elhijodelllanero.mx\/#website","url":"https:\/\/elhijodelllanero.mx\/","name":"El Hijo del llanero solititito","description":"","potentialAction":[{"@type":"SearchAction","target":{"@type":"EntryPoint","urlTemplate":"https:\/\/elhijodelllanero.mx\/?s={search_term_string}"},"query-input":{"@type":"PropertyValueSpecification","valueRequired":true,"valueName":"search_term_string"}}],"inLanguage":"es"},{"@type":"Person","@id":"https:\/\/elhijodelllanero.mx\/#\/schema\/person\/c7f8c86c55c1eab44ae2b93a9628245f","name":"Mar\u00eda de la Paz Rodarte Ram\u00edrez","image":{"@type":"ImageObject","inLanguage":"es","@id":"https:\/\/secure.gravatar.com\/avatar\/1f38f8518b09a266af73da2bce78d69e7d1275299970134ed62f572e0487e1d0?s=96&d=mm&r=g","url":"https:\/\/secure.gravatar.com\/avatar\/1f38f8518b09a266af73da2bce78d69e7d1275299970134ed62f572e0487e1d0?s=96&d=mm&r=g","contentUrl":"https:\/\/secure.gravatar.com\/avatar\/1f38f8518b09a266af73da2bce78d69e7d1275299970134ed62f572e0487e1d0?s=96&d=mm&r=g","caption":"Mar\u00eda de la Paz Rodarte Ram\u00edrez"},"sameAs":["https:\/\/www.elhijodelllanero.mx"],"url":"https:\/\/elhijodelllanero.mx\/index.php\/author\/maricuas\/"}]}},"jetpack_featured_media_url":"https:\/\/i0.wp.com\/elhijodelllanero.mx\/wp-content\/uploads\/2026\/04\/77e78a45-1dc4-4065-9068-04b9bc38964e.jpeg?fit=1166%2C1599&ssl=1","jetpack-related-posts":[],"jetpack_sharing_enabled":true,"_links":{"self":[{"href":"https:\/\/elhijodelllanero.mx\/index.php\/wp-json\/wp\/v2\/posts\/14071","targetHints":{"allow":["GET"]}}],"collection":[{"href":"https:\/\/elhijodelllanero.mx\/index.php\/wp-json\/wp\/v2\/posts"}],"about":[{"href":"https:\/\/elhijodelllanero.mx\/index.php\/wp-json\/wp\/v2\/types\/post"}],"author":[{"embeddable":true,"href":"https:\/\/elhijodelllanero.mx\/index.php\/wp-json\/wp\/v2\/users\/3"}],"replies":[{"embeddable":true,"href":"https:\/\/elhijodelllanero.mx\/index.php\/wp-json\/wp\/v2\/comments?post=14071"}],"version-history":[{"count":1,"href":"https:\/\/elhijodelllanero.mx\/index.php\/wp-json\/wp\/v2\/posts\/14071\/revisions"}],"predecessor-version":[{"id":14073,"href":"https:\/\/elhijodelllanero.mx\/index.php\/wp-json\/wp\/v2\/posts\/14071\/revisions\/14073"}],"wp:featuredmedia":[{"embeddable":true,"href":"https:\/\/elhijodelllanero.mx\/index.php\/wp-json\/wp\/v2\/media\/14072"}],"wp:attachment":[{"href":"https:\/\/elhijodelllanero.mx\/index.php\/wp-json\/wp\/v2\/media?parent=14071"}],"wp:term":[{"taxonomy":"category","embeddable":true,"href":"https:\/\/elhijodelllanero.mx\/index.php\/wp-json\/wp\/v2\/categories?post=14071"},{"taxonomy":"post_tag","embeddable":true,"href":"https:\/\/elhijodelllanero.mx\/index.php\/wp-json\/wp\/v2\/tags?post=14071"}],"curies":[{"name":"wp","href":"https:\/\/api.w.org\/{rel}","templated":true}]}}