{"id":14074,"date":"2026-04-22T12:23:53","date_gmt":"2026-04-22T18:23:53","guid":{"rendered":"https:\/\/elhijodelllanero.mx\/?p=14074"},"modified":"2026-04-22T12:23:53","modified_gmt":"2026-04-22T18:23:53","slug":"apaseo-apuesta-por-un-crecimiento-planeado-con-vision-al-2050","status":"publish","type":"post","link":"https:\/\/elhijodelllanero.mx\/index.php\/2026\/04\/22\/apaseo-apuesta-por-un-crecimiento-planeado-con-vision-al-2050\/","title":{"rendered":"Apaseo apuesta por un crecimiento planeado con visi\u00f3n al 2050."},"content":{"rendered":"<p>Apaseo el Grande, Gto. 22 de abril del 2024.-Apaseo el Grande sigue armando su Plan de Desarrollo rumbo a 2050 y, por una vez, no lo est\u00e1n cocinando a puerta cerrada. Ahora toc\u00f3 el turno al sector empresarial, que se sent\u00f3 a la mesa en el Hotel Casa Jard\u00edn para discutir hacia d\u00f3nde deber\u00eda moverse la econom\u00eda del municipio en los pr\u00f3ximos a\u00f1os.<\/p>\n<p>En el encuentro particip\u00f3 el alcalde Jos\u00e9 Luis \u201cChelis\u201d Oliveros, junto con autoridades de desarrollo econ\u00f3mico, quienes recogieron propuestas de empresarios, comerciantes, transportistas y representantes de parques industriales. La idea no fue solo tomarse la foto, sino responder preguntas b\u00e1sicas pero inc\u00f3modas: qu\u00e9 ha pasado, en qu\u00e9 puede competir la regi\u00f3n y qu\u00e9 hace falta para que tanto empresas como habitantes realmente prosperen.<\/p>\n<p>De acuerdo con autoridades municipales, estas mesas forman parte de un proceso m\u00e1s amplio que incluye a distintos sectores sociales, desde comunidades rurales hasta j\u00f3venes, acad\u00e9micos y profesionistas. Tambi\u00e9n se abri\u00f3 una consulta p\u00fablica con encuestas y un mapa colaborativo para que m\u00e1s gente opine, no solo los de siempre.<\/p>\n<p>El plan todav\u00eda est\u00e1 en fase de integraci\u00f3n, pero se espera que en las pr\u00f3ximas semanas quede listo para presentarse ante el Ayuntamiento. Despu\u00e9s vendr\u00e1 lo interesante, que no es escribir el documento, sino ver si algo de todo eso realmente se cumple. Porque planes sobran, lo dif\u00edcil siempre ha sido que no se queden guardados en un caj\u00f3n.<\/p>\n","protected":false},"excerpt":{"rendered":"<p>Apaseo el Grande, Gto. 22 de abril del 2024.-Apaseo el Grande sigue armando su Plan de Desarrollo rumbo a 2050 y, por una vez, no lo est\u00e1n cocinando a puerta cerrada. Ahora toc\u00f3 el turno al sector empresarial, que se sent\u00f3 a la mesa en el Hotel Casa Jard\u00edn para discutir hacia d\u00f3nde deber\u00eda moverse [&hellip;]<\/p>\n","protected":false},"author":3,"featured_media":14075,"comment_status":"open","ping_status":"closed","sticky":false,"template":"","format":"standard","meta":{"_jetpack_newsletter_access":"","_jetpack_dont_email_post_to_subs":false,"_jetpack_newsletter_tier_id":0,"_jetpack_memberships_contains_paywalled_content":false,"_jetpack_memberships_contains_paid_content":false,"footnotes":""},"categories":[74],"tags":[],"class_list":{"0":"post-14074","1":"post","2":"type-post","3":"status-publish","4":"format-standard","5":"has-post-thumbnail","7":"category-celaya"},"yoast_head":"<!-- This site is optimized with the Yoast SEO plugin v27.3 - https:\/\/yoast.com\/product\/yoast-seo-wordpress\/ -->\n<title>Apaseo apuesta por un crecimiento planeado con visi\u00f3n al 2050. - El Hijo del llanero solititito<\/title>\n<meta name=\"robots\" content=\"index, follow, max-snippet:-1, max-image-preview:large, max-video-preview:-1\" \/>\n<link rel=\"canonical\" href=\"https:\/\/elhijodelllanero.mx\/index.php\/2026\/04\/22\/apaseo-apuesta-por-un-crecimiento-planeado-con-vision-al-2050\/\" \/>\n<meta property=\"og:locale\" content=\"es_ES\" \/>\n<meta property=\"og:type\" content=\"article\" \/>\n<meta property=\"og:title\" content=\"Apaseo apuesta por un crecimiento planeado con visi\u00f3n al 2050. - El Hijo del llanero solititito\" \/>\n<meta property=\"og:description\" content=\"Apaseo el Grande, Gto. 22 de abril del 2024.-Apaseo el Grande sigue armando su Plan de Desarrollo rumbo a 2050 y, por una vez, no lo est\u00e1n cocinando a puerta cerrada. Ahora toc\u00f3 el turno al sector empresarial, que se sent\u00f3 a la mesa en el Hotel Casa Jard\u00edn para discutir hacia d\u00f3nde deber\u00eda moverse [&hellip;]\" \/>\n<meta property=\"og:url\" content=\"https:\/\/elhijodelllanero.mx\/index.php\/2026\/04\/22\/apaseo-apuesta-por-un-crecimiento-planeado-con-vision-al-2050\/\" \/>\n<meta property=\"og:site_name\" content=\"El Hijo del llanero solititito\" \/>\n<meta property=\"article:published_time\" content=\"2026-04-22T18:23:53+00:00\" \/>\n<meta property=\"og:image\" content=\"https:\/\/elhijodelllanero.mx\/wp-content\/uploads\/2026\/04\/e6190556-4823-48f5-b856-b50189ea081c.jpeg\" \/>\n\t<meta property=\"og:image:width\" content=\"1600\" \/>\n\t<meta property=\"og:image:height\" content=\"1200\" \/>\n\t<meta property=\"og:image:type\" content=\"image\/jpeg\" \/>\n<meta name=\"author\" content=\"Mar\u00eda de la Paz Rodarte Ram\u00edrez\" \/>\n<meta name=\"twitter:card\" content=\"summary_large_image\" \/>\n<meta name=\"twitter:label1\" content=\"Escrito por\" \/>\n\t<meta name=\"twitter:data1\" content=\"Mar\u00eda de la Paz Rodarte Ram\u00edrez\" \/>\n\t<meta name=\"twitter:label2\" content=\"Tiempo de lectura\" \/>\n\t<meta name=\"twitter:data2\" content=\"2 minutos\" \/>\n<script type=\"application\/ld+json\" class=\"yoast-schema-graph\">{\"@context\":\"https:\\\/\\\/schema.org\",\"@graph\":[{\"@type\":\"Article\",\"@id\":\"https:\\\/\\\/elhijodelllanero.mx\\\/index.php\\\/2026\\\/04\\\/22\\\/apaseo-apuesta-por-un-crecimiento-planeado-con-vision-al-2050\\\/#article\",\"isPartOf\":{\"@id\":\"https:\\\/\\\/elhijodelllanero.mx\\\/index.php\\\/2026\\\/04\\\/22\\\/apaseo-apuesta-por-un-crecimiento-planeado-con-vision-al-2050\\\/\"},\"author\":{\"name\":\"Mar\u00eda de la Paz Rodarte Ram\u00edrez\",\"@id\":\"https:\\\/\\\/elhijodelllanero.mx\\\/#\\\/schema\\\/person\\\/c7f8c86c55c1eab44ae2b93a9628245f\"},\"headline\":\"Apaseo apuesta por un crecimiento planeado con visi\u00f3n al 2050.\",\"datePublished\":\"2026-04-22T18:23:53+00:00\",\"mainEntityOfPage\":{\"@id\":\"https:\\\/\\\/elhijodelllanero.mx\\\/index.php\\\/2026\\\/04\\\/22\\\/apaseo-apuesta-por-un-crecimiento-planeado-con-vision-al-2050\\\/\"},\"wordCount\":266,\"commentCount\":0,\"image\":{\"@id\":\"https:\\\/\\\/elhijodelllanero.mx\\\/index.php\\\/2026\\\/04\\\/22\\\/apaseo-apuesta-por-un-crecimiento-planeado-con-vision-al-2050\\\/#primaryimage\"},\"thumbnailUrl\":\"https:\\\/\\\/i0.wp.com\\\/elhijodelllanero.mx\\\/wp-content\\\/uploads\\\/2026\\\/04\\\/e6190556-4823-48f5-b856-b50189ea081c.jpeg?fit=1600%2C1200&ssl=1\",\"articleSection\":[\"CELAYA\"],\"inLanguage\":\"es\",\"potentialAction\":[{\"@type\":\"CommentAction\",\"name\":\"Comment\",\"target\":[\"https:\\\/\\\/elhijodelllanero.mx\\\/index.php\\\/2026\\\/04\\\/22\\\/apaseo-apuesta-por-un-crecimiento-planeado-con-vision-al-2050\\\/#respond\"]}]},{\"@type\":\"WebPage\",\"@id\":\"https:\\\/\\\/elhijodelllanero.mx\\\/index.php\\\/2026\\\/04\\\/22\\\/apaseo-apuesta-por-un-crecimiento-planeado-con-vision-al-2050\\\/\",\"url\":\"https:\\\/\\\/elhijodelllanero.mx\\\/index.php\\\/2026\\\/04\\\/22\\\/apaseo-apuesta-por-un-crecimiento-planeado-con-vision-al-2050\\\/\",\"name\":\"Apaseo apuesta por un crecimiento planeado con visi\u00f3n al 2050. - El Hijo del llanero solititito\",\"isPartOf\":{\"@id\":\"https:\\\/\\\/elhijodelllanero.mx\\\/#website\"},\"primaryImageOfPage\":{\"@id\":\"https:\\\/\\\/elhijodelllanero.mx\\\/index.php\\\/2026\\\/04\\\/22\\\/apaseo-apuesta-por-un-crecimiento-planeado-con-vision-al-2050\\\/#primaryimage\"},\"image\":{\"@id\":\"https:\\\/\\\/elhijodelllanero.mx\\\/index.php\\\/2026\\\/04\\\/22\\\/apaseo-apuesta-por-un-crecimiento-planeado-con-vision-al-2050\\\/#primaryimage\"},\"thumbnailUrl\":\"https:\\\/\\\/i0.wp.com\\\/elhijodelllanero.mx\\\/wp-content\\\/uploads\\\/2026\\\/04\\\/e6190556-4823-48f5-b856-b50189ea081c.jpeg?fit=1600%2C1200&ssl=1\",\"datePublished\":\"2026-04-22T18:23:53+00:00\",\"author\":{\"@id\":\"https:\\\/\\\/elhijodelllanero.mx\\\/#\\\/schema\\\/person\\\/c7f8c86c55c1eab44ae2b93a9628245f\"},\"breadcrumb\":{\"@id\":\"https:\\\/\\\/elhijodelllanero.mx\\\/index.php\\\/2026\\\/04\\\/22\\\/apaseo-apuesta-por-un-crecimiento-planeado-con-vision-al-2050\\\/#breadcrumb\"},\"inLanguage\":\"es\",\"potentialAction\":[{\"@type\":\"ReadAction\",\"target\":[\"https:\\\/\\\/elhijodelllanero.mx\\\/index.php\\\/2026\\\/04\\\/22\\\/apaseo-apuesta-por-un-crecimiento-planeado-con-vision-al-2050\\\/\"]}]},{\"@type\":\"ImageObject\",\"inLanguage\":\"es\",\"@id\":\"https:\\\/\\\/elhijodelllanero.mx\\\/index.php\\\/2026\\\/04\\\/22\\\/apaseo-apuesta-por-un-crecimiento-planeado-con-vision-al-2050\\\/#primaryimage\",\"url\":\"https:\\\/\\\/i0.wp.com\\\/elhijodelllanero.mx\\\/wp-content\\\/uploads\\\/2026\\\/04\\\/e6190556-4823-48f5-b856-b50189ea081c.jpeg?fit=1600%2C1200&ssl=1\",\"contentUrl\":\"https:\\\/\\\/i0.wp.com\\\/elhijodelllanero.mx\\\/wp-content\\\/uploads\\\/2026\\\/04\\\/e6190556-4823-48f5-b856-b50189ea081c.jpeg?fit=1600%2C1200&ssl=1\",\"width\":1600,\"height\":1200},{\"@type\":\"BreadcrumbList\",\"@id\":\"https:\\\/\\\/elhijodelllanero.mx\\\/index.php\\\/2026\\\/04\\\/22\\\/apaseo-apuesta-por-un-crecimiento-planeado-con-vision-al-2050\\\/#breadcrumb\",\"itemListElement\":[{\"@type\":\"ListItem\",\"position\":1,\"name\":\"Portada\",\"item\":\"https:\\\/\\\/elhijodelllanero.mx\\\/\"},{\"@type\":\"ListItem\",\"position\":2,\"name\":\"Apaseo apuesta por un crecimiento planeado con visi\u00f3n al 2050.\"}]},{\"@type\":\"WebSite\",\"@id\":\"https:\\\/\\\/elhijodelllanero.mx\\\/#website\",\"url\":\"https:\\\/\\\/elhijodelllanero.mx\\\/\",\"name\":\"El Hijo del llanero solititito\",\"description\":\"\",\"potentialAction\":[{\"@type\":\"SearchAction\",\"target\":{\"@type\":\"EntryPoint\",\"urlTemplate\":\"https:\\\/\\\/elhijodelllanero.mx\\\/?s={search_term_string}\"},\"query-input\":{\"@type\":\"PropertyValueSpecification\",\"valueRequired\":true,\"valueName\":\"search_term_string\"}}],\"inLanguage\":\"es\"},{\"@type\":\"Person\",\"@id\":\"https:\\\/\\\/elhijodelllanero.mx\\\/#\\\/schema\\\/person\\\/c7f8c86c55c1eab44ae2b93a9628245f\",\"name\":\"Mar\u00eda de la Paz Rodarte Ram\u00edrez\",\"image\":{\"@type\":\"ImageObject\",\"inLanguage\":\"es\",\"@id\":\"https:\\\/\\\/secure.gravatar.com\\\/avatar\\\/1f38f8518b09a266af73da2bce78d69e7d1275299970134ed62f572e0487e1d0?s=96&d=mm&r=g\",\"url\":\"https:\\\/\\\/secure.gravatar.com\\\/avatar\\\/1f38f8518b09a266af73da2bce78d69e7d1275299970134ed62f572e0487e1d0?s=96&d=mm&r=g\",\"contentUrl\":\"https:\\\/\\\/secure.gravatar.com\\\/avatar\\\/1f38f8518b09a266af73da2bce78d69e7d1275299970134ed62f572e0487e1d0?s=96&d=mm&r=g\",\"caption\":\"Mar\u00eda de la Paz Rodarte Ram\u00edrez\"},\"sameAs\":[\"https:\\\/\\\/www.elhijodelllanero.mx\"],\"url\":\"https:\\\/\\\/elhijodelllanero.mx\\\/index.php\\\/author\\\/maricuas\\\/\"}]}<\/script>\n<!-- \/ Yoast SEO plugin. -->","yoast_head_json":{"title":"Apaseo apuesta por un crecimiento planeado con visi\u00f3n al 2050. - El Hijo del llanero solititito","robots":{"index":"index","follow":"follow","max-snippet":"max-snippet:-1","max-image-preview":"max-image-preview:large","max-video-preview":"max-video-preview:-1"},"canonical":"https:\/\/elhijodelllanero.mx\/index.php\/2026\/04\/22\/apaseo-apuesta-por-un-crecimiento-planeado-con-vision-al-2050\/","og_locale":"es_ES","og_type":"article","og_title":"Apaseo apuesta por un crecimiento planeado con visi\u00f3n al 2050. - El Hijo del llanero solititito","og_description":"Apaseo el Grande, Gto. 22 de abril del 2024.-Apaseo el Grande sigue armando su Plan de Desarrollo rumbo a 2050 y, por una vez, no lo est\u00e1n cocinando a puerta cerrada. Ahora toc\u00f3 el turno al sector empresarial, que se sent\u00f3 a la mesa en el Hotel Casa Jard\u00edn para discutir hacia d\u00f3nde deber\u00eda moverse [&hellip;]","og_url":"https:\/\/elhijodelllanero.mx\/index.php\/2026\/04\/22\/apaseo-apuesta-por-un-crecimiento-planeado-con-vision-al-2050\/","og_site_name":"El Hijo del llanero solititito","article_published_time":"2026-04-22T18:23:53+00:00","og_image":[{"width":1600,"height":1200,"url":"https:\/\/elhijodelllanero.mx\/wp-content\/uploads\/2026\/04\/e6190556-4823-48f5-b856-b50189ea081c.jpeg","type":"image\/jpeg"}],"author":"Mar\u00eda de la Paz Rodarte Ram\u00edrez","twitter_card":"summary_large_image","twitter_misc":{"Escrito por":"Mar\u00eda de la Paz Rodarte Ram\u00edrez","Tiempo de lectura":"2 minutos"},"schema":{"@context":"https:\/\/schema.org","@graph":[{"@type":"Article","@id":"https:\/\/elhijodelllanero.mx\/index.php\/2026\/04\/22\/apaseo-apuesta-por-un-crecimiento-planeado-con-vision-al-2050\/#article","isPartOf":{"@id":"https:\/\/elhijodelllanero.mx\/index.php\/2026\/04\/22\/apaseo-apuesta-por-un-crecimiento-planeado-con-vision-al-2050\/"},"author":{"name":"Mar\u00eda de la Paz Rodarte Ram\u00edrez","@id":"https:\/\/elhijodelllanero.mx\/#\/schema\/person\/c7f8c86c55c1eab44ae2b93a9628245f"},"headline":"Apaseo apuesta por un crecimiento planeado con visi\u00f3n al 2050.","datePublished":"2026-04-22T18:23:53+00:00","mainEntityOfPage":{"@id":"https:\/\/elhijodelllanero.mx\/index.php\/2026\/04\/22\/apaseo-apuesta-por-un-crecimiento-planeado-con-vision-al-2050\/"},"wordCount":266,"commentCount":0,"image":{"@id":"https:\/\/elhijodelllanero.mx\/index.php\/2026\/04\/22\/apaseo-apuesta-por-un-crecimiento-planeado-con-vision-al-2050\/#primaryimage"},"thumbnailUrl":"https:\/\/i0.wp.com\/elhijodelllanero.mx\/wp-content\/uploads\/2026\/04\/e6190556-4823-48f5-b856-b50189ea081c.jpeg?fit=1600%2C1200&ssl=1","articleSection":["CELAYA"],"inLanguage":"es","potentialAction":[{"@type":"CommentAction","name":"Comment","target":["https:\/\/elhijodelllanero.mx\/index.php\/2026\/04\/22\/apaseo-apuesta-por-un-crecimiento-planeado-con-vision-al-2050\/#respond"]}]},{"@type":"WebPage","@id":"https:\/\/elhijodelllanero.mx\/index.php\/2026\/04\/22\/apaseo-apuesta-por-un-crecimiento-planeado-con-vision-al-2050\/","url":"https:\/\/elhijodelllanero.mx\/index.php\/2026\/04\/22\/apaseo-apuesta-por-un-crecimiento-planeado-con-vision-al-2050\/","name":"Apaseo apuesta por un crecimiento planeado con visi\u00f3n al 2050. - El Hijo del llanero solititito","isPartOf":{"@id":"https:\/\/elhijodelllanero.mx\/#website"},"primaryImageOfPage":{"@id":"https:\/\/elhijodelllanero.mx\/index.php\/2026\/04\/22\/apaseo-apuesta-por-un-crecimiento-planeado-con-vision-al-2050\/#primaryimage"},"image":{"@id":"https:\/\/elhijodelllanero.mx\/index.php\/2026\/04\/22\/apaseo-apuesta-por-un-crecimiento-planeado-con-vision-al-2050\/#primaryimage"},"thumbnailUrl":"https:\/\/i0.wp.com\/elhijodelllanero.mx\/wp-content\/uploads\/2026\/04\/e6190556-4823-48f5-b856-b50189ea081c.jpeg?fit=1600%2C1200&ssl=1","datePublished":"2026-04-22T18:23:53+00:00","author":{"@id":"https:\/\/elhijodelllanero.mx\/#\/schema\/person\/c7f8c86c55c1eab44ae2b93a9628245f"},"breadcrumb":{"@id":"https:\/\/elhijodelllanero.mx\/index.php\/2026\/04\/22\/apaseo-apuesta-por-un-crecimiento-planeado-con-vision-al-2050\/#breadcrumb"},"inLanguage":"es","potentialAction":[{"@type":"ReadAction","target":["https:\/\/elhijodelllanero.mx\/index.php\/2026\/04\/22\/apaseo-apuesta-por-un-crecimiento-planeado-con-vision-al-2050\/"]}]},{"@type":"ImageObject","inLanguage":"es","@id":"https:\/\/elhijodelllanero.mx\/index.php\/2026\/04\/22\/apaseo-apuesta-por-un-crecimiento-planeado-con-vision-al-2050\/#primaryimage","url":"https:\/\/i0.wp.com\/elhijodelllanero.mx\/wp-content\/uploads\/2026\/04\/e6190556-4823-48f5-b856-b50189ea081c.jpeg?fit=1600%2C1200&ssl=1","contentUrl":"https:\/\/i0.wp.com\/elhijodelllanero.mx\/wp-content\/uploads\/2026\/04\/e6190556-4823-48f5-b856-b50189ea081c.jpeg?fit=1600%2C1200&ssl=1","width":1600,"height":1200},{"@type":"BreadcrumbList","@id":"https:\/\/elhijodelllanero.mx\/index.php\/2026\/04\/22\/apaseo-apuesta-por-un-crecimiento-planeado-con-vision-al-2050\/#breadcrumb","itemListElement":[{"@type":"ListItem","position":1,"name":"Portada","item":"https:\/\/elhijodelllanero.mx\/"},{"@type":"ListItem","position":2,"name":"Apaseo apuesta por un crecimiento planeado con visi\u00f3n al 2050."}]},{"@type":"WebSite","@id":"https:\/\/elhijodelllanero.mx\/#website","url":"https:\/\/elhijodelllanero.mx\/","name":"El Hijo del llanero solititito","description":"","potentialAction":[{"@type":"SearchAction","target":{"@type":"EntryPoint","urlTemplate":"https:\/\/elhijodelllanero.mx\/?s={search_term_string}"},"query-input":{"@type":"PropertyValueSpecification","valueRequired":true,"valueName":"search_term_string"}}],"inLanguage":"es"},{"@type":"Person","@id":"https:\/\/elhijodelllanero.mx\/#\/schema\/person\/c7f8c86c55c1eab44ae2b93a9628245f","name":"Mar\u00eda de la Paz Rodarte Ram\u00edrez","image":{"@type":"ImageObject","inLanguage":"es","@id":"https:\/\/secure.gravatar.com\/avatar\/1f38f8518b09a266af73da2bce78d69e7d1275299970134ed62f572e0487e1d0?s=96&d=mm&r=g","url":"https:\/\/secure.gravatar.com\/avatar\/1f38f8518b09a266af73da2bce78d69e7d1275299970134ed62f572e0487e1d0?s=96&d=mm&r=g","contentUrl":"https:\/\/secure.gravatar.com\/avatar\/1f38f8518b09a266af73da2bce78d69e7d1275299970134ed62f572e0487e1d0?s=96&d=mm&r=g","caption":"Mar\u00eda de la Paz Rodarte Ram\u00edrez"},"sameAs":["https:\/\/www.elhijodelllanero.mx"],"url":"https:\/\/elhijodelllanero.mx\/index.php\/author\/maricuas\/"}]}},"jetpack_featured_media_url":"https:\/\/i0.wp.com\/elhijodelllanero.mx\/wp-content\/uploads\/2026\/04\/e6190556-4823-48f5-b856-b50189ea081c.jpeg?fit=1600%2C1200&ssl=1","jetpack-related-posts":[],"jetpack_sharing_enabled":true,"_links":{"self":[{"href":"https:\/\/elhijodelllanero.mx\/index.php\/wp-json\/wp\/v2\/posts\/14074","targetHints":{"allow":["GET"]}}],"collection":[{"href":"https:\/\/elhijodelllanero.mx\/index.php\/wp-json\/wp\/v2\/posts"}],"about":[{"href":"https:\/\/elhijodelllanero.mx\/index.php\/wp-json\/wp\/v2\/types\/post"}],"author":[{"embeddable":true,"href":"https:\/\/elhijodelllanero.mx\/index.php\/wp-json\/wp\/v2\/users\/3"}],"replies":[{"embeddable":true,"href":"https:\/\/elhijodelllanero.mx\/index.php\/wp-json\/wp\/v2\/comments?post=14074"}],"version-history":[{"count":1,"href":"https:\/\/elhijodelllanero.mx\/index.php\/wp-json\/wp\/v2\/posts\/14074\/revisions"}],"predecessor-version":[{"id":14076,"href":"https:\/\/elhijodelllanero.mx\/index.php\/wp-json\/wp\/v2\/posts\/14074\/revisions\/14076"}],"wp:featuredmedia":[{"embeddable":true,"href":"https:\/\/elhijodelllanero.mx\/index.php\/wp-json\/wp\/v2\/media\/14075"}],"wp:attachment":[{"href":"https:\/\/elhijodelllanero.mx\/index.php\/wp-json\/wp\/v2\/media?parent=14074"}],"wp:term":[{"taxonomy":"category","embeddable":true,"href":"https:\/\/elhijodelllanero.mx\/index.php\/wp-json\/wp\/v2\/categories?post=14074"},{"taxonomy":"post_tag","embeddable":true,"href":"https:\/\/elhijodelllanero.mx\/index.php\/wp-json\/wp\/v2\/tags?post=14074"}],"curies":[{"name":"wp","href":"https:\/\/api.w.org\/{rel}","templated":true}]}}