{"id":14081,"date":"2026-04-22T19:50:17","date_gmt":"2026-04-23T01:50:17","guid":{"rendered":"https:\/\/elhijodelllanero.mx\/?p=14081"},"modified":"2026-04-22T19:50:17","modified_gmt":"2026-04-23T01:50:17","slug":"del-bajio-a-canada-sin-escalas-anuncian-vuelo-directo-a-vancouver-desde-octubre","status":"publish","type":"post","link":"https:\/\/elhijodelllanero.mx\/index.php\/2026\/04\/22\/del-bajio-a-canada-sin-escalas-anuncian-vuelo-directo-a-vancouver-desde-octubre\/","title":{"rendered":"Del Baj\u00edo a Canad\u00e1 sin escalas: anuncian vuelo directo a Vancouver desde octubre."},"content":{"rendered":"<p>Guanajuato, Gto. 22 de abril del 2026.-Viajar de Guanajuato a Canad\u00e1 ser\u00e1 m\u00e1s sencillo a partir del 3 de octubre, cuando inicie operaciones un vuelo directo entre el Aeropuerto Internacional del Baj\u00edo y Vancouver, operado por la aerol\u00ednea Flair Airlines.<\/p>\n<p>La nueva ruta tendr\u00e1 frecuencia semanal y busca fortalecer la conexi\u00f3n internacional de la regi\u00f3n, especialmente con Canad\u00e1, uno de los principales mercados tur\u00edsticos para el estado.<\/p>\n<p>Los boletos estar\u00e1n disponibles desde este 22 de abril y se prev\u00e9 que ofrezcan tarifas accesibles, tanto para turismo como para viajes de negocios.<\/p>\n<p>Actualmente, m\u00e1s de 100 mil visitantes canadienses llegan cada a\u00f1o a Guanajuato, generando una importante derrama econ\u00f3mica, por lo que esta conexi\u00f3n directa apunta a incrementar ese flujo sin necesidad de escalas.<\/p>\n<p>Con esta incorporaci\u00f3n, el Aeropuerto Internacional del Baj\u00edo ampl\u00eda su red de destinos y refuerza su papel como uno de los puntos clave de conectividad en el pa\u00eds.<\/p>\n","protected":false},"excerpt":{"rendered":"<p>Guanajuato, Gto. 22 de abril del 2026.-Viajar de Guanajuato a Canad\u00e1 ser\u00e1 m\u00e1s sencillo a partir del 3 de octubre, cuando inicie operaciones un vuelo directo entre el Aeropuerto Internacional del Baj\u00edo y Vancouver, operado por la aerol\u00ednea Flair Airlines. La nueva ruta tendr\u00e1 frecuencia semanal y busca fortalecer la conexi\u00f3n internacional de la regi\u00f3n, [&hellip;]<\/p>\n","protected":false},"author":3,"featured_media":14082,"comment_status":"open","ping_status":"closed","sticky":false,"template":"","format":"standard","meta":{"_jetpack_newsletter_access":"","_jetpack_dont_email_post_to_subs":false,"_jetpack_newsletter_tier_id":0,"_jetpack_memberships_contains_paywalled_content":false,"_jetpack_memberships_contains_paid_content":false,"footnotes":""},"categories":[38],"tags":[],"class_list":{"0":"post-14081","1":"post","2":"type-post","3":"status-publish","4":"format-standard","5":"has-post-thumbnail","7":"category-estado"},"yoast_head":"<!-- This site is optimized with the Yoast SEO plugin v27.3 - https:\/\/yoast.com\/product\/yoast-seo-wordpress\/ -->\n<title>Del Baj\u00edo a Canad\u00e1 sin escalas: anuncian vuelo directo a Vancouver desde octubre. - El Hijo del llanero solititito<\/title>\n<meta name=\"robots\" content=\"index, follow, max-snippet:-1, max-image-preview:large, max-video-preview:-1\" \/>\n<link rel=\"canonical\" href=\"https:\/\/elhijodelllanero.mx\/index.php\/2026\/04\/22\/del-bajio-a-canada-sin-escalas-anuncian-vuelo-directo-a-vancouver-desde-octubre\/\" \/>\n<meta property=\"og:locale\" content=\"es_ES\" \/>\n<meta property=\"og:type\" content=\"article\" \/>\n<meta property=\"og:title\" content=\"Del Baj\u00edo a Canad\u00e1 sin escalas: anuncian vuelo directo a Vancouver desde octubre. - El Hijo del llanero solititito\" \/>\n<meta property=\"og:description\" content=\"Guanajuato, Gto. 22 de abril del 2026.-Viajar de Guanajuato a Canad\u00e1 ser\u00e1 m\u00e1s sencillo a partir del 3 de octubre, cuando inicie operaciones un vuelo directo entre el Aeropuerto Internacional del Baj\u00edo y Vancouver, operado por la aerol\u00ednea Flair Airlines. La nueva ruta tendr\u00e1 frecuencia semanal y busca fortalecer la conexi\u00f3n internacional de la regi\u00f3n, [&hellip;]\" \/>\n<meta property=\"og:url\" content=\"https:\/\/elhijodelllanero.mx\/index.php\/2026\/04\/22\/del-bajio-a-canada-sin-escalas-anuncian-vuelo-directo-a-vancouver-desde-octubre\/\" \/>\n<meta property=\"og:site_name\" content=\"El Hijo del llanero solititito\" \/>\n<meta property=\"article:published_time\" content=\"2026-04-23T01:50:17+00:00\" \/>\n<meta property=\"og:image\" content=\"https:\/\/elhijodelllanero.mx\/wp-content\/uploads\/2026\/04\/IMG_9290.jpeg\" \/>\n\t<meta property=\"og:image:width\" content=\"1600\" \/>\n\t<meta property=\"og:image:height\" content=\"1066\" \/>\n\t<meta property=\"og:image:type\" content=\"image\/jpeg\" \/>\n<meta name=\"author\" content=\"Mar\u00eda de la Paz Rodarte Ram\u00edrez\" \/>\n<meta name=\"twitter:card\" content=\"summary_large_image\" \/>\n<meta name=\"twitter:label1\" content=\"Escrito por\" \/>\n\t<meta name=\"twitter:data1\" content=\"Mar\u00eda de la Paz Rodarte Ram\u00edrez\" \/>\n\t<meta name=\"twitter:label2\" content=\"Tiempo de lectura\" \/>\n\t<meta name=\"twitter:data2\" content=\"1 minuto\" \/>\n<script type=\"application\/ld+json\" class=\"yoast-schema-graph\">{\"@context\":\"https:\\\/\\\/schema.org\",\"@graph\":[{\"@type\":\"Article\",\"@id\":\"https:\\\/\\\/elhijodelllanero.mx\\\/index.php\\\/2026\\\/04\\\/22\\\/del-bajio-a-canada-sin-escalas-anuncian-vuelo-directo-a-vancouver-desde-octubre\\\/#article\",\"isPartOf\":{\"@id\":\"https:\\\/\\\/elhijodelllanero.mx\\\/index.php\\\/2026\\\/04\\\/22\\\/del-bajio-a-canada-sin-escalas-anuncian-vuelo-directo-a-vancouver-desde-octubre\\\/\"},\"author\":{\"name\":\"Mar\u00eda de la Paz Rodarte Ram\u00edrez\",\"@id\":\"https:\\\/\\\/elhijodelllanero.mx\\\/#\\\/schema\\\/person\\\/c7f8c86c55c1eab44ae2b93a9628245f\"},\"headline\":\"Del Baj\u00edo a Canad\u00e1 sin escalas: anuncian vuelo directo a Vancouver desde octubre.\",\"datePublished\":\"2026-04-23T01:50:17+00:00\",\"mainEntityOfPage\":{\"@id\":\"https:\\\/\\\/elhijodelllanero.mx\\\/index.php\\\/2026\\\/04\\\/22\\\/del-bajio-a-canada-sin-escalas-anuncian-vuelo-directo-a-vancouver-desde-octubre\\\/\"},\"wordCount\":176,\"commentCount\":0,\"image\":{\"@id\":\"https:\\\/\\\/elhijodelllanero.mx\\\/index.php\\\/2026\\\/04\\\/22\\\/del-bajio-a-canada-sin-escalas-anuncian-vuelo-directo-a-vancouver-desde-octubre\\\/#primaryimage\"},\"thumbnailUrl\":\"https:\\\/\\\/i0.wp.com\\\/elhijodelllanero.mx\\\/wp-content\\\/uploads\\\/2026\\\/04\\\/IMG_9290.jpeg?fit=1600%2C1066&ssl=1\",\"articleSection\":[\"ESTADO\"],\"inLanguage\":\"es\",\"potentialAction\":[{\"@type\":\"CommentAction\",\"name\":\"Comment\",\"target\":[\"https:\\\/\\\/elhijodelllanero.mx\\\/index.php\\\/2026\\\/04\\\/22\\\/del-bajio-a-canada-sin-escalas-anuncian-vuelo-directo-a-vancouver-desde-octubre\\\/#respond\"]}]},{\"@type\":\"WebPage\",\"@id\":\"https:\\\/\\\/elhijodelllanero.mx\\\/index.php\\\/2026\\\/04\\\/22\\\/del-bajio-a-canada-sin-escalas-anuncian-vuelo-directo-a-vancouver-desde-octubre\\\/\",\"url\":\"https:\\\/\\\/elhijodelllanero.mx\\\/index.php\\\/2026\\\/04\\\/22\\\/del-bajio-a-canada-sin-escalas-anuncian-vuelo-directo-a-vancouver-desde-octubre\\\/\",\"name\":\"Del Baj\u00edo a Canad\u00e1 sin escalas: anuncian vuelo directo a Vancouver desde octubre. - El Hijo del llanero solititito\",\"isPartOf\":{\"@id\":\"https:\\\/\\\/elhijodelllanero.mx\\\/#website\"},\"primaryImageOfPage\":{\"@id\":\"https:\\\/\\\/elhijodelllanero.mx\\\/index.php\\\/2026\\\/04\\\/22\\\/del-bajio-a-canada-sin-escalas-anuncian-vuelo-directo-a-vancouver-desde-octubre\\\/#primaryimage\"},\"image\":{\"@id\":\"https:\\\/\\\/elhijodelllanero.mx\\\/index.php\\\/2026\\\/04\\\/22\\\/del-bajio-a-canada-sin-escalas-anuncian-vuelo-directo-a-vancouver-desde-octubre\\\/#primaryimage\"},\"thumbnailUrl\":\"https:\\\/\\\/i0.wp.com\\\/elhijodelllanero.mx\\\/wp-content\\\/uploads\\\/2026\\\/04\\\/IMG_9290.jpeg?fit=1600%2C1066&ssl=1\",\"datePublished\":\"2026-04-23T01:50:17+00:00\",\"author\":{\"@id\":\"https:\\\/\\\/elhijodelllanero.mx\\\/#\\\/schema\\\/person\\\/c7f8c86c55c1eab44ae2b93a9628245f\"},\"breadcrumb\":{\"@id\":\"https:\\\/\\\/elhijodelllanero.mx\\\/index.php\\\/2026\\\/04\\\/22\\\/del-bajio-a-canada-sin-escalas-anuncian-vuelo-directo-a-vancouver-desde-octubre\\\/#breadcrumb\"},\"inLanguage\":\"es\",\"potentialAction\":[{\"@type\":\"ReadAction\",\"target\":[\"https:\\\/\\\/elhijodelllanero.mx\\\/index.php\\\/2026\\\/04\\\/22\\\/del-bajio-a-canada-sin-escalas-anuncian-vuelo-directo-a-vancouver-desde-octubre\\\/\"]}]},{\"@type\":\"ImageObject\",\"inLanguage\":\"es\",\"@id\":\"https:\\\/\\\/elhijodelllanero.mx\\\/index.php\\\/2026\\\/04\\\/22\\\/del-bajio-a-canada-sin-escalas-anuncian-vuelo-directo-a-vancouver-desde-octubre\\\/#primaryimage\",\"url\":\"https:\\\/\\\/i0.wp.com\\\/elhijodelllanero.mx\\\/wp-content\\\/uploads\\\/2026\\\/04\\\/IMG_9290.jpeg?fit=1600%2C1066&ssl=1\",\"contentUrl\":\"https:\\\/\\\/i0.wp.com\\\/elhijodelllanero.mx\\\/wp-content\\\/uploads\\\/2026\\\/04\\\/IMG_9290.jpeg?fit=1600%2C1066&ssl=1\",\"width\":1600,\"height\":1066},{\"@type\":\"BreadcrumbList\",\"@id\":\"https:\\\/\\\/elhijodelllanero.mx\\\/index.php\\\/2026\\\/04\\\/22\\\/del-bajio-a-canada-sin-escalas-anuncian-vuelo-directo-a-vancouver-desde-octubre\\\/#breadcrumb\",\"itemListElement\":[{\"@type\":\"ListItem\",\"position\":1,\"name\":\"Portada\",\"item\":\"https:\\\/\\\/elhijodelllanero.mx\\\/\"},{\"@type\":\"ListItem\",\"position\":2,\"name\":\"Del Baj\u00edo a Canad\u00e1 sin escalas: anuncian vuelo directo a Vancouver desde octubre.\"}]},{\"@type\":\"WebSite\",\"@id\":\"https:\\\/\\\/elhijodelllanero.mx\\\/#website\",\"url\":\"https:\\\/\\\/elhijodelllanero.mx\\\/\",\"name\":\"El Hijo del llanero solititito\",\"description\":\"\",\"potentialAction\":[{\"@type\":\"SearchAction\",\"target\":{\"@type\":\"EntryPoint\",\"urlTemplate\":\"https:\\\/\\\/elhijodelllanero.mx\\\/?s={search_term_string}\"},\"query-input\":{\"@type\":\"PropertyValueSpecification\",\"valueRequired\":true,\"valueName\":\"search_term_string\"}}],\"inLanguage\":\"es\"},{\"@type\":\"Person\",\"@id\":\"https:\\\/\\\/elhijodelllanero.mx\\\/#\\\/schema\\\/person\\\/c7f8c86c55c1eab44ae2b93a9628245f\",\"name\":\"Mar\u00eda de la Paz Rodarte Ram\u00edrez\",\"image\":{\"@type\":\"ImageObject\",\"inLanguage\":\"es\",\"@id\":\"https:\\\/\\\/secure.gravatar.com\\\/avatar\\\/1f38f8518b09a266af73da2bce78d69e7d1275299970134ed62f572e0487e1d0?s=96&d=mm&r=g\",\"url\":\"https:\\\/\\\/secure.gravatar.com\\\/avatar\\\/1f38f8518b09a266af73da2bce78d69e7d1275299970134ed62f572e0487e1d0?s=96&d=mm&r=g\",\"contentUrl\":\"https:\\\/\\\/secure.gravatar.com\\\/avatar\\\/1f38f8518b09a266af73da2bce78d69e7d1275299970134ed62f572e0487e1d0?s=96&d=mm&r=g\",\"caption\":\"Mar\u00eda de la Paz Rodarte Ram\u00edrez\"},\"sameAs\":[\"https:\\\/\\\/www.elhijodelllanero.mx\"],\"url\":\"https:\\\/\\\/elhijodelllanero.mx\\\/index.php\\\/author\\\/maricuas\\\/\"}]}<\/script>\n<!-- \/ Yoast SEO plugin. -->","yoast_head_json":{"title":"Del Baj\u00edo a Canad\u00e1 sin escalas: anuncian vuelo directo a Vancouver desde octubre. - El Hijo del llanero solititito","robots":{"index":"index","follow":"follow","max-snippet":"max-snippet:-1","max-image-preview":"max-image-preview:large","max-video-preview":"max-video-preview:-1"},"canonical":"https:\/\/elhijodelllanero.mx\/index.php\/2026\/04\/22\/del-bajio-a-canada-sin-escalas-anuncian-vuelo-directo-a-vancouver-desde-octubre\/","og_locale":"es_ES","og_type":"article","og_title":"Del Baj\u00edo a Canad\u00e1 sin escalas: anuncian vuelo directo a Vancouver desde octubre. - El Hijo del llanero solititito","og_description":"Guanajuato, Gto. 22 de abril del 2026.-Viajar de Guanajuato a Canad\u00e1 ser\u00e1 m\u00e1s sencillo a partir del 3 de octubre, cuando inicie operaciones un vuelo directo entre el Aeropuerto Internacional del Baj\u00edo y Vancouver, operado por la aerol\u00ednea Flair Airlines. La nueva ruta tendr\u00e1 frecuencia semanal y busca fortalecer la conexi\u00f3n internacional de la regi\u00f3n, [&hellip;]","og_url":"https:\/\/elhijodelllanero.mx\/index.php\/2026\/04\/22\/del-bajio-a-canada-sin-escalas-anuncian-vuelo-directo-a-vancouver-desde-octubre\/","og_site_name":"El Hijo del llanero solititito","article_published_time":"2026-04-23T01:50:17+00:00","og_image":[{"width":1600,"height":1066,"url":"https:\/\/elhijodelllanero.mx\/wp-content\/uploads\/2026\/04\/IMG_9290.jpeg","type":"image\/jpeg"}],"author":"Mar\u00eda de la Paz Rodarte Ram\u00edrez","twitter_card":"summary_large_image","twitter_misc":{"Escrito por":"Mar\u00eda de la Paz Rodarte Ram\u00edrez","Tiempo de lectura":"1 minuto"},"schema":{"@context":"https:\/\/schema.org","@graph":[{"@type":"Article","@id":"https:\/\/elhijodelllanero.mx\/index.php\/2026\/04\/22\/del-bajio-a-canada-sin-escalas-anuncian-vuelo-directo-a-vancouver-desde-octubre\/#article","isPartOf":{"@id":"https:\/\/elhijodelllanero.mx\/index.php\/2026\/04\/22\/del-bajio-a-canada-sin-escalas-anuncian-vuelo-directo-a-vancouver-desde-octubre\/"},"author":{"name":"Mar\u00eda de la Paz Rodarte Ram\u00edrez","@id":"https:\/\/elhijodelllanero.mx\/#\/schema\/person\/c7f8c86c55c1eab44ae2b93a9628245f"},"headline":"Del Baj\u00edo a Canad\u00e1 sin escalas: anuncian vuelo directo a Vancouver desde octubre.","datePublished":"2026-04-23T01:50:17+00:00","mainEntityOfPage":{"@id":"https:\/\/elhijodelllanero.mx\/index.php\/2026\/04\/22\/del-bajio-a-canada-sin-escalas-anuncian-vuelo-directo-a-vancouver-desde-octubre\/"},"wordCount":176,"commentCount":0,"image":{"@id":"https:\/\/elhijodelllanero.mx\/index.php\/2026\/04\/22\/del-bajio-a-canada-sin-escalas-anuncian-vuelo-directo-a-vancouver-desde-octubre\/#primaryimage"},"thumbnailUrl":"https:\/\/i0.wp.com\/elhijodelllanero.mx\/wp-content\/uploads\/2026\/04\/IMG_9290.jpeg?fit=1600%2C1066&ssl=1","articleSection":["ESTADO"],"inLanguage":"es","potentialAction":[{"@type":"CommentAction","name":"Comment","target":["https:\/\/elhijodelllanero.mx\/index.php\/2026\/04\/22\/del-bajio-a-canada-sin-escalas-anuncian-vuelo-directo-a-vancouver-desde-octubre\/#respond"]}]},{"@type":"WebPage","@id":"https:\/\/elhijodelllanero.mx\/index.php\/2026\/04\/22\/del-bajio-a-canada-sin-escalas-anuncian-vuelo-directo-a-vancouver-desde-octubre\/","url":"https:\/\/elhijodelllanero.mx\/index.php\/2026\/04\/22\/del-bajio-a-canada-sin-escalas-anuncian-vuelo-directo-a-vancouver-desde-octubre\/","name":"Del Baj\u00edo a Canad\u00e1 sin escalas: anuncian vuelo directo a Vancouver desde octubre. - El Hijo del llanero solititito","isPartOf":{"@id":"https:\/\/elhijodelllanero.mx\/#website"},"primaryImageOfPage":{"@id":"https:\/\/elhijodelllanero.mx\/index.php\/2026\/04\/22\/del-bajio-a-canada-sin-escalas-anuncian-vuelo-directo-a-vancouver-desde-octubre\/#primaryimage"},"image":{"@id":"https:\/\/elhijodelllanero.mx\/index.php\/2026\/04\/22\/del-bajio-a-canada-sin-escalas-anuncian-vuelo-directo-a-vancouver-desde-octubre\/#primaryimage"},"thumbnailUrl":"https:\/\/i0.wp.com\/elhijodelllanero.mx\/wp-content\/uploads\/2026\/04\/IMG_9290.jpeg?fit=1600%2C1066&ssl=1","datePublished":"2026-04-23T01:50:17+00:00","author":{"@id":"https:\/\/elhijodelllanero.mx\/#\/schema\/person\/c7f8c86c55c1eab44ae2b93a9628245f"},"breadcrumb":{"@id":"https:\/\/elhijodelllanero.mx\/index.php\/2026\/04\/22\/del-bajio-a-canada-sin-escalas-anuncian-vuelo-directo-a-vancouver-desde-octubre\/#breadcrumb"},"inLanguage":"es","potentialAction":[{"@type":"ReadAction","target":["https:\/\/elhijodelllanero.mx\/index.php\/2026\/04\/22\/del-bajio-a-canada-sin-escalas-anuncian-vuelo-directo-a-vancouver-desde-octubre\/"]}]},{"@type":"ImageObject","inLanguage":"es","@id":"https:\/\/elhijodelllanero.mx\/index.php\/2026\/04\/22\/del-bajio-a-canada-sin-escalas-anuncian-vuelo-directo-a-vancouver-desde-octubre\/#primaryimage","url":"https:\/\/i0.wp.com\/elhijodelllanero.mx\/wp-content\/uploads\/2026\/04\/IMG_9290.jpeg?fit=1600%2C1066&ssl=1","contentUrl":"https:\/\/i0.wp.com\/elhijodelllanero.mx\/wp-content\/uploads\/2026\/04\/IMG_9290.jpeg?fit=1600%2C1066&ssl=1","width":1600,"height":1066},{"@type":"BreadcrumbList","@id":"https:\/\/elhijodelllanero.mx\/index.php\/2026\/04\/22\/del-bajio-a-canada-sin-escalas-anuncian-vuelo-directo-a-vancouver-desde-octubre\/#breadcrumb","itemListElement":[{"@type":"ListItem","position":1,"name":"Portada","item":"https:\/\/elhijodelllanero.mx\/"},{"@type":"ListItem","position":2,"name":"Del Baj\u00edo a Canad\u00e1 sin escalas: anuncian vuelo directo a Vancouver desde octubre."}]},{"@type":"WebSite","@id":"https:\/\/elhijodelllanero.mx\/#website","url":"https:\/\/elhijodelllanero.mx\/","name":"El Hijo del llanero solititito","description":"","potentialAction":[{"@type":"SearchAction","target":{"@type":"EntryPoint","urlTemplate":"https:\/\/elhijodelllanero.mx\/?s={search_term_string}"},"query-input":{"@type":"PropertyValueSpecification","valueRequired":true,"valueName":"search_term_string"}}],"inLanguage":"es"},{"@type":"Person","@id":"https:\/\/elhijodelllanero.mx\/#\/schema\/person\/c7f8c86c55c1eab44ae2b93a9628245f","name":"Mar\u00eda de la Paz Rodarte Ram\u00edrez","image":{"@type":"ImageObject","inLanguage":"es","@id":"https:\/\/secure.gravatar.com\/avatar\/1f38f8518b09a266af73da2bce78d69e7d1275299970134ed62f572e0487e1d0?s=96&d=mm&r=g","url":"https:\/\/secure.gravatar.com\/avatar\/1f38f8518b09a266af73da2bce78d69e7d1275299970134ed62f572e0487e1d0?s=96&d=mm&r=g","contentUrl":"https:\/\/secure.gravatar.com\/avatar\/1f38f8518b09a266af73da2bce78d69e7d1275299970134ed62f572e0487e1d0?s=96&d=mm&r=g","caption":"Mar\u00eda de la Paz Rodarte Ram\u00edrez"},"sameAs":["https:\/\/www.elhijodelllanero.mx"],"url":"https:\/\/elhijodelllanero.mx\/index.php\/author\/maricuas\/"}]}},"jetpack_featured_media_url":"https:\/\/i0.wp.com\/elhijodelllanero.mx\/wp-content\/uploads\/2026\/04\/IMG_9290.jpeg?fit=1600%2C1066&ssl=1","jetpack-related-posts":[],"jetpack_sharing_enabled":true,"_links":{"self":[{"href":"https:\/\/elhijodelllanero.mx\/index.php\/wp-json\/wp\/v2\/posts\/14081","targetHints":{"allow":["GET"]}}],"collection":[{"href":"https:\/\/elhijodelllanero.mx\/index.php\/wp-json\/wp\/v2\/posts"}],"about":[{"href":"https:\/\/elhijodelllanero.mx\/index.php\/wp-json\/wp\/v2\/types\/post"}],"author":[{"embeddable":true,"href":"https:\/\/elhijodelllanero.mx\/index.php\/wp-json\/wp\/v2\/users\/3"}],"replies":[{"embeddable":true,"href":"https:\/\/elhijodelllanero.mx\/index.php\/wp-json\/wp\/v2\/comments?post=14081"}],"version-history":[{"count":1,"href":"https:\/\/elhijodelllanero.mx\/index.php\/wp-json\/wp\/v2\/posts\/14081\/revisions"}],"predecessor-version":[{"id":14083,"href":"https:\/\/elhijodelllanero.mx\/index.php\/wp-json\/wp\/v2\/posts\/14081\/revisions\/14083"}],"wp:featuredmedia":[{"embeddable":true,"href":"https:\/\/elhijodelllanero.mx\/index.php\/wp-json\/wp\/v2\/media\/14082"}],"wp:attachment":[{"href":"https:\/\/elhijodelllanero.mx\/index.php\/wp-json\/wp\/v2\/media?parent=14081"}],"wp:term":[{"taxonomy":"category","embeddable":true,"href":"https:\/\/elhijodelllanero.mx\/index.php\/wp-json\/wp\/v2\/categories?post=14081"},{"taxonomy":"post_tag","embeddable":true,"href":"https:\/\/elhijodelllanero.mx\/index.php\/wp-json\/wp\/v2\/tags?post=14081"}],"curies":[{"name":"wp","href":"https:\/\/api.w.org\/{rel}","templated":true}]}}