{"id":14084,"date":"2026-04-22T19:59:01","date_gmt":"2026-04-23T01:59:01","guid":{"rendered":"https:\/\/elhijodelllanero.mx\/?p=14084"},"modified":"2026-04-22T19:59:01","modified_gmt":"2026-04-23T01:59:01","slug":"anunciaran-informe-por-anomalias-en-la-junta-de-agua-de-cortazar-ante-el-ayuntamiento","status":"publish","type":"post","link":"https:\/\/elhijodelllanero.mx\/index.php\/2026\/04\/22\/anunciaran-informe-por-anomalias-en-la-junta-de-agua-de-cortazar-ante-el-ayuntamiento\/","title":{"rendered":"Anunciar\u00e1n informe por anomal\u00edas en la Junta de Agua de Cortazar ante el Ayuntamiento."},"content":{"rendered":"<p>Cortazar, Gto. 23 de abril del 2026.- El alcalde de Cortazar, Mauricio Estefan\u00eda anunci\u00f3 que en la pr\u00f3xima sesi\u00f3n del Ayuntamiento se presentar\u00e1 un informe de la contralor\u00eda para dar a conocer las anomal\u00edas en la Junta Municipal de Agua Potable y Alcantarillado, entre las que se han hecho p\u00fablicas un faltante de 400 mil pesos de la cuenta en el mes de febrero.<br \/>\nTras la destituci\u00f3n del consejo anterior que encabez\u00f3 el hermano del alcalde Diego Estefan\u00eda, se dio a conocer la realizaci\u00f3n de una auditoria al organismo descentralizado, aunque esta ya estaba pactada desde semanas anteriores luego de que en sesi\u00f3n el \u00f3rgano de control interno presentar\u00e1 su plan anual de auditorias.<br \/>\nSe\u00f1al\u00f3 que ser\u00e1 un primer informe tras lo localizado para enterar a la Auditoria Superior del Estado y al congreso y posteriormente determinar acciones a seguir.<br \/>\n\u00abYa por ah\u00ed la contralor\u00eda va a dar un informe en la pr\u00f3xima sesi\u00f3n de Ayuntamiento del cual pues nos va a decir que es lo que es el siguiente paso que se va a determinar y claro tambi\u00e9n ver que se le va informar al congreso y m\u00e1s a parte tambi\u00e9n lo que se le va a dar el seguimiento junto con la ASEG, ya sobre eso vamos a tomar las decisiones correspondientes\u00bb.<\/p>\n<p>El alcalde indic\u00f3 que tambi\u00e9n buscan darle certeza al organismo ya que se nombro un consejo provisional, por tal motivo se buscar\u00e1 nuevamente convocar para tener un consejo definitivo que le de rumbo este organismo descentralizado.<\/p>\n<p>&nbsp;<\/p>\n","protected":false},"excerpt":{"rendered":"<p>Cortazar, Gto. 23 de abril del 2026.- El alcalde de Cortazar, Mauricio Estefan\u00eda anunci\u00f3 que en la pr\u00f3xima sesi\u00f3n del Ayuntamiento se presentar\u00e1 un informe de la contralor\u00eda para dar a conocer las anomal\u00edas en la Junta Municipal de Agua Potable y Alcantarillado, entre las que se han hecho p\u00fablicas un faltante de 400 mil [&hellip;]<\/p>\n","protected":false},"author":3,"featured_media":14005,"comment_status":"open","ping_status":"closed","sticky":false,"template":"","format":"standard","meta":{"_jetpack_newsletter_access":"","_jetpack_dont_email_post_to_subs":false,"_jetpack_newsletter_tier_id":0,"_jetpack_memberships_contains_paywalled_content":false,"_jetpack_memberships_contains_paid_content":false,"footnotes":""},"categories":[77,76],"tags":[],"class_list":{"0":"post-14084","1":"post","2":"type-post","3":"status-publish","4":"format-standard","5":"has-post-thumbnail","7":"category-cortazar","8":"category-municipios"},"yoast_head":"<!-- This site is optimized with the Yoast SEO plugin v27.3 - https:\/\/yoast.com\/product\/yoast-seo-wordpress\/ -->\n<title>Anunciar\u00e1n informe por anomal\u00edas en la Junta de Agua de Cortazar ante el Ayuntamiento. - El Hijo del llanero solititito<\/title>\n<meta name=\"robots\" content=\"index, follow, max-snippet:-1, max-image-preview:large, max-video-preview:-1\" \/>\n<link rel=\"canonical\" href=\"https:\/\/elhijodelllanero.mx\/index.php\/2026\/04\/22\/anunciaran-informe-por-anomalias-en-la-junta-de-agua-de-cortazar-ante-el-ayuntamiento\/\" \/>\n<meta property=\"og:locale\" content=\"es_ES\" \/>\n<meta property=\"og:type\" content=\"article\" \/>\n<meta property=\"og:title\" content=\"Anunciar\u00e1n informe por anomal\u00edas en la Junta de Agua de Cortazar ante el Ayuntamiento. - El Hijo del llanero solititito\" \/>\n<meta property=\"og:description\" content=\"Cortazar, Gto. 23 de abril del 2026.- El alcalde de Cortazar, Mauricio Estefan\u00eda anunci\u00f3 que en la pr\u00f3xima sesi\u00f3n del Ayuntamiento se presentar\u00e1 un informe de la contralor\u00eda para dar a conocer las anomal\u00edas en la Junta Municipal de Agua Potable y Alcantarillado, entre las que se han hecho p\u00fablicas un faltante de 400 mil [&hellip;]\" \/>\n<meta property=\"og:url\" content=\"https:\/\/elhijodelllanero.mx\/index.php\/2026\/04\/22\/anunciaran-informe-por-anomalias-en-la-junta-de-agua-de-cortazar-ante-el-ayuntamiento\/\" \/>\n<meta property=\"og:site_name\" content=\"El Hijo del llanero solititito\" \/>\n<meta property=\"article:published_time\" content=\"2026-04-23T01:59:01+00:00\" \/>\n<meta property=\"og:image\" content=\"https:\/\/elhijodelllanero.mx\/wp-content\/uploads\/2026\/04\/c43120ee-474a-432f-9946-8eeaf597e887.jpeg\" \/>\n\t<meta property=\"og:image:width\" content=\"1600\" \/>\n\t<meta property=\"og:image:height\" content=\"1242\" \/>\n\t<meta property=\"og:image:type\" content=\"image\/jpeg\" \/>\n<meta name=\"author\" content=\"Mar\u00eda de la Paz Rodarte Ram\u00edrez\" \/>\n<meta name=\"twitter:card\" content=\"summary_large_image\" \/>\n<meta name=\"twitter:label1\" content=\"Escrito por\" \/>\n\t<meta name=\"twitter:data1\" content=\"Mar\u00eda de la Paz Rodarte Ram\u00edrez\" \/>\n\t<meta name=\"twitter:label2\" content=\"Tiempo de lectura\" \/>\n\t<meta name=\"twitter:data2\" content=\"2 minutos\" \/>\n<script type=\"application\/ld+json\" class=\"yoast-schema-graph\">{\"@context\":\"https:\\\/\\\/schema.org\",\"@graph\":[{\"@type\":\"Article\",\"@id\":\"https:\\\/\\\/elhijodelllanero.mx\\\/index.php\\\/2026\\\/04\\\/22\\\/anunciaran-informe-por-anomalias-en-la-junta-de-agua-de-cortazar-ante-el-ayuntamiento\\\/#article\",\"isPartOf\":{\"@id\":\"https:\\\/\\\/elhijodelllanero.mx\\\/index.php\\\/2026\\\/04\\\/22\\\/anunciaran-informe-por-anomalias-en-la-junta-de-agua-de-cortazar-ante-el-ayuntamiento\\\/\"},\"author\":{\"name\":\"Mar\u00eda de la Paz Rodarte Ram\u00edrez\",\"@id\":\"https:\\\/\\\/elhijodelllanero.mx\\\/#\\\/schema\\\/person\\\/c7f8c86c55c1eab44ae2b93a9628245f\"},\"headline\":\"Anunciar\u00e1n informe por anomal\u00edas en la Junta de Agua de Cortazar ante el Ayuntamiento.\",\"datePublished\":\"2026-04-23T01:59:01+00:00\",\"mainEntityOfPage\":{\"@id\":\"https:\\\/\\\/elhijodelllanero.mx\\\/index.php\\\/2026\\\/04\\\/22\\\/anunciaran-informe-por-anomalias-en-la-junta-de-agua-de-cortazar-ante-el-ayuntamiento\\\/\"},\"wordCount\":283,\"commentCount\":0,\"image\":{\"@id\":\"https:\\\/\\\/elhijodelllanero.mx\\\/index.php\\\/2026\\\/04\\\/22\\\/anunciaran-informe-por-anomalias-en-la-junta-de-agua-de-cortazar-ante-el-ayuntamiento\\\/#primaryimage\"},\"thumbnailUrl\":\"https:\\\/\\\/i0.wp.com\\\/elhijodelllanero.mx\\\/wp-content\\\/uploads\\\/2026\\\/04\\\/c43120ee-474a-432f-9946-8eeaf597e887.jpeg?fit=1600%2C1242&ssl=1\",\"articleSection\":[\"CORTAZAR\",\"MUNICIPIOS\"],\"inLanguage\":\"es\",\"potentialAction\":[{\"@type\":\"CommentAction\",\"name\":\"Comment\",\"target\":[\"https:\\\/\\\/elhijodelllanero.mx\\\/index.php\\\/2026\\\/04\\\/22\\\/anunciaran-informe-por-anomalias-en-la-junta-de-agua-de-cortazar-ante-el-ayuntamiento\\\/#respond\"]}]},{\"@type\":\"WebPage\",\"@id\":\"https:\\\/\\\/elhijodelllanero.mx\\\/index.php\\\/2026\\\/04\\\/22\\\/anunciaran-informe-por-anomalias-en-la-junta-de-agua-de-cortazar-ante-el-ayuntamiento\\\/\",\"url\":\"https:\\\/\\\/elhijodelllanero.mx\\\/index.php\\\/2026\\\/04\\\/22\\\/anunciaran-informe-por-anomalias-en-la-junta-de-agua-de-cortazar-ante-el-ayuntamiento\\\/\",\"name\":\"Anunciar\u00e1n informe por anomal\u00edas en la Junta de Agua de Cortazar ante el Ayuntamiento. - El Hijo del llanero solititito\",\"isPartOf\":{\"@id\":\"https:\\\/\\\/elhijodelllanero.mx\\\/#website\"},\"primaryImageOfPage\":{\"@id\":\"https:\\\/\\\/elhijodelllanero.mx\\\/index.php\\\/2026\\\/04\\\/22\\\/anunciaran-informe-por-anomalias-en-la-junta-de-agua-de-cortazar-ante-el-ayuntamiento\\\/#primaryimage\"},\"image\":{\"@id\":\"https:\\\/\\\/elhijodelllanero.mx\\\/index.php\\\/2026\\\/04\\\/22\\\/anunciaran-informe-por-anomalias-en-la-junta-de-agua-de-cortazar-ante-el-ayuntamiento\\\/#primaryimage\"},\"thumbnailUrl\":\"https:\\\/\\\/i0.wp.com\\\/elhijodelllanero.mx\\\/wp-content\\\/uploads\\\/2026\\\/04\\\/c43120ee-474a-432f-9946-8eeaf597e887.jpeg?fit=1600%2C1242&ssl=1\",\"datePublished\":\"2026-04-23T01:59:01+00:00\",\"author\":{\"@id\":\"https:\\\/\\\/elhijodelllanero.mx\\\/#\\\/schema\\\/person\\\/c7f8c86c55c1eab44ae2b93a9628245f\"},\"breadcrumb\":{\"@id\":\"https:\\\/\\\/elhijodelllanero.mx\\\/index.php\\\/2026\\\/04\\\/22\\\/anunciaran-informe-por-anomalias-en-la-junta-de-agua-de-cortazar-ante-el-ayuntamiento\\\/#breadcrumb\"},\"inLanguage\":\"es\",\"potentialAction\":[{\"@type\":\"ReadAction\",\"target\":[\"https:\\\/\\\/elhijodelllanero.mx\\\/index.php\\\/2026\\\/04\\\/22\\\/anunciaran-informe-por-anomalias-en-la-junta-de-agua-de-cortazar-ante-el-ayuntamiento\\\/\"]}]},{\"@type\":\"ImageObject\",\"inLanguage\":\"es\",\"@id\":\"https:\\\/\\\/elhijodelllanero.mx\\\/index.php\\\/2026\\\/04\\\/22\\\/anunciaran-informe-por-anomalias-en-la-junta-de-agua-de-cortazar-ante-el-ayuntamiento\\\/#primaryimage\",\"url\":\"https:\\\/\\\/i0.wp.com\\\/elhijodelllanero.mx\\\/wp-content\\\/uploads\\\/2026\\\/04\\\/c43120ee-474a-432f-9946-8eeaf597e887.jpeg?fit=1600%2C1242&ssl=1\",\"contentUrl\":\"https:\\\/\\\/i0.wp.com\\\/elhijodelllanero.mx\\\/wp-content\\\/uploads\\\/2026\\\/04\\\/c43120ee-474a-432f-9946-8eeaf597e887.jpeg?fit=1600%2C1242&ssl=1\",\"width\":1600,\"height\":1242},{\"@type\":\"BreadcrumbList\",\"@id\":\"https:\\\/\\\/elhijodelllanero.mx\\\/index.php\\\/2026\\\/04\\\/22\\\/anunciaran-informe-por-anomalias-en-la-junta-de-agua-de-cortazar-ante-el-ayuntamiento\\\/#breadcrumb\",\"itemListElement\":[{\"@type\":\"ListItem\",\"position\":1,\"name\":\"Portada\",\"item\":\"https:\\\/\\\/elhijodelllanero.mx\\\/\"},{\"@type\":\"ListItem\",\"position\":2,\"name\":\"Anunciar\u00e1n informe por anomal\u00edas en la Junta de Agua de Cortazar ante el Ayuntamiento.\"}]},{\"@type\":\"WebSite\",\"@id\":\"https:\\\/\\\/elhijodelllanero.mx\\\/#website\",\"url\":\"https:\\\/\\\/elhijodelllanero.mx\\\/\",\"name\":\"El Hijo del llanero solititito\",\"description\":\"\",\"potentialAction\":[{\"@type\":\"SearchAction\",\"target\":{\"@type\":\"EntryPoint\",\"urlTemplate\":\"https:\\\/\\\/elhijodelllanero.mx\\\/?s={search_term_string}\"},\"query-input\":{\"@type\":\"PropertyValueSpecification\",\"valueRequired\":true,\"valueName\":\"search_term_string\"}}],\"inLanguage\":\"es\"},{\"@type\":\"Person\",\"@id\":\"https:\\\/\\\/elhijodelllanero.mx\\\/#\\\/schema\\\/person\\\/c7f8c86c55c1eab44ae2b93a9628245f\",\"name\":\"Mar\u00eda de la Paz Rodarte Ram\u00edrez\",\"image\":{\"@type\":\"ImageObject\",\"inLanguage\":\"es\",\"@id\":\"https:\\\/\\\/secure.gravatar.com\\\/avatar\\\/1f38f8518b09a266af73da2bce78d69e7d1275299970134ed62f572e0487e1d0?s=96&d=mm&r=g\",\"url\":\"https:\\\/\\\/secure.gravatar.com\\\/avatar\\\/1f38f8518b09a266af73da2bce78d69e7d1275299970134ed62f572e0487e1d0?s=96&d=mm&r=g\",\"contentUrl\":\"https:\\\/\\\/secure.gravatar.com\\\/avatar\\\/1f38f8518b09a266af73da2bce78d69e7d1275299970134ed62f572e0487e1d0?s=96&d=mm&r=g\",\"caption\":\"Mar\u00eda de la Paz Rodarte Ram\u00edrez\"},\"sameAs\":[\"https:\\\/\\\/www.elhijodelllanero.mx\"],\"url\":\"https:\\\/\\\/elhijodelllanero.mx\\\/index.php\\\/author\\\/maricuas\\\/\"}]}<\/script>\n<!-- \/ Yoast SEO plugin. -->","yoast_head_json":{"title":"Anunciar\u00e1n informe por anomal\u00edas en la Junta de Agua de Cortazar ante el Ayuntamiento. - El Hijo del llanero solititito","robots":{"index":"index","follow":"follow","max-snippet":"max-snippet:-1","max-image-preview":"max-image-preview:large","max-video-preview":"max-video-preview:-1"},"canonical":"https:\/\/elhijodelllanero.mx\/index.php\/2026\/04\/22\/anunciaran-informe-por-anomalias-en-la-junta-de-agua-de-cortazar-ante-el-ayuntamiento\/","og_locale":"es_ES","og_type":"article","og_title":"Anunciar\u00e1n informe por anomal\u00edas en la Junta de Agua de Cortazar ante el Ayuntamiento. - El Hijo del llanero solititito","og_description":"Cortazar, Gto. 23 de abril del 2026.- El alcalde de Cortazar, Mauricio Estefan\u00eda anunci\u00f3 que en la pr\u00f3xima sesi\u00f3n del Ayuntamiento se presentar\u00e1 un informe de la contralor\u00eda para dar a conocer las anomal\u00edas en la Junta Municipal de Agua Potable y Alcantarillado, entre las que se han hecho p\u00fablicas un faltante de 400 mil [&hellip;]","og_url":"https:\/\/elhijodelllanero.mx\/index.php\/2026\/04\/22\/anunciaran-informe-por-anomalias-en-la-junta-de-agua-de-cortazar-ante-el-ayuntamiento\/","og_site_name":"El Hijo del llanero solititito","article_published_time":"2026-04-23T01:59:01+00:00","og_image":[{"width":1600,"height":1242,"url":"https:\/\/elhijodelllanero.mx\/wp-content\/uploads\/2026\/04\/c43120ee-474a-432f-9946-8eeaf597e887.jpeg","type":"image\/jpeg"}],"author":"Mar\u00eda de la Paz Rodarte Ram\u00edrez","twitter_card":"summary_large_image","twitter_misc":{"Escrito por":"Mar\u00eda de la Paz Rodarte Ram\u00edrez","Tiempo de lectura":"2 minutos"},"schema":{"@context":"https:\/\/schema.org","@graph":[{"@type":"Article","@id":"https:\/\/elhijodelllanero.mx\/index.php\/2026\/04\/22\/anunciaran-informe-por-anomalias-en-la-junta-de-agua-de-cortazar-ante-el-ayuntamiento\/#article","isPartOf":{"@id":"https:\/\/elhijodelllanero.mx\/index.php\/2026\/04\/22\/anunciaran-informe-por-anomalias-en-la-junta-de-agua-de-cortazar-ante-el-ayuntamiento\/"},"author":{"name":"Mar\u00eda de la Paz Rodarte Ram\u00edrez","@id":"https:\/\/elhijodelllanero.mx\/#\/schema\/person\/c7f8c86c55c1eab44ae2b93a9628245f"},"headline":"Anunciar\u00e1n informe por anomal\u00edas en la Junta de Agua de Cortazar ante el Ayuntamiento.","datePublished":"2026-04-23T01:59:01+00:00","mainEntityOfPage":{"@id":"https:\/\/elhijodelllanero.mx\/index.php\/2026\/04\/22\/anunciaran-informe-por-anomalias-en-la-junta-de-agua-de-cortazar-ante-el-ayuntamiento\/"},"wordCount":283,"commentCount":0,"image":{"@id":"https:\/\/elhijodelllanero.mx\/index.php\/2026\/04\/22\/anunciaran-informe-por-anomalias-en-la-junta-de-agua-de-cortazar-ante-el-ayuntamiento\/#primaryimage"},"thumbnailUrl":"https:\/\/i0.wp.com\/elhijodelllanero.mx\/wp-content\/uploads\/2026\/04\/c43120ee-474a-432f-9946-8eeaf597e887.jpeg?fit=1600%2C1242&ssl=1","articleSection":["CORTAZAR","MUNICIPIOS"],"inLanguage":"es","potentialAction":[{"@type":"CommentAction","name":"Comment","target":["https:\/\/elhijodelllanero.mx\/index.php\/2026\/04\/22\/anunciaran-informe-por-anomalias-en-la-junta-de-agua-de-cortazar-ante-el-ayuntamiento\/#respond"]}]},{"@type":"WebPage","@id":"https:\/\/elhijodelllanero.mx\/index.php\/2026\/04\/22\/anunciaran-informe-por-anomalias-en-la-junta-de-agua-de-cortazar-ante-el-ayuntamiento\/","url":"https:\/\/elhijodelllanero.mx\/index.php\/2026\/04\/22\/anunciaran-informe-por-anomalias-en-la-junta-de-agua-de-cortazar-ante-el-ayuntamiento\/","name":"Anunciar\u00e1n informe por anomal\u00edas en la Junta de Agua de Cortazar ante el Ayuntamiento. - El Hijo del llanero solititito","isPartOf":{"@id":"https:\/\/elhijodelllanero.mx\/#website"},"primaryImageOfPage":{"@id":"https:\/\/elhijodelllanero.mx\/index.php\/2026\/04\/22\/anunciaran-informe-por-anomalias-en-la-junta-de-agua-de-cortazar-ante-el-ayuntamiento\/#primaryimage"},"image":{"@id":"https:\/\/elhijodelllanero.mx\/index.php\/2026\/04\/22\/anunciaran-informe-por-anomalias-en-la-junta-de-agua-de-cortazar-ante-el-ayuntamiento\/#primaryimage"},"thumbnailUrl":"https:\/\/i0.wp.com\/elhijodelllanero.mx\/wp-content\/uploads\/2026\/04\/c43120ee-474a-432f-9946-8eeaf597e887.jpeg?fit=1600%2C1242&ssl=1","datePublished":"2026-04-23T01:59:01+00:00","author":{"@id":"https:\/\/elhijodelllanero.mx\/#\/schema\/person\/c7f8c86c55c1eab44ae2b93a9628245f"},"breadcrumb":{"@id":"https:\/\/elhijodelllanero.mx\/index.php\/2026\/04\/22\/anunciaran-informe-por-anomalias-en-la-junta-de-agua-de-cortazar-ante-el-ayuntamiento\/#breadcrumb"},"inLanguage":"es","potentialAction":[{"@type":"ReadAction","target":["https:\/\/elhijodelllanero.mx\/index.php\/2026\/04\/22\/anunciaran-informe-por-anomalias-en-la-junta-de-agua-de-cortazar-ante-el-ayuntamiento\/"]}]},{"@type":"ImageObject","inLanguage":"es","@id":"https:\/\/elhijodelllanero.mx\/index.php\/2026\/04\/22\/anunciaran-informe-por-anomalias-en-la-junta-de-agua-de-cortazar-ante-el-ayuntamiento\/#primaryimage","url":"https:\/\/i0.wp.com\/elhijodelllanero.mx\/wp-content\/uploads\/2026\/04\/c43120ee-474a-432f-9946-8eeaf597e887.jpeg?fit=1600%2C1242&ssl=1","contentUrl":"https:\/\/i0.wp.com\/elhijodelllanero.mx\/wp-content\/uploads\/2026\/04\/c43120ee-474a-432f-9946-8eeaf597e887.jpeg?fit=1600%2C1242&ssl=1","width":1600,"height":1242},{"@type":"BreadcrumbList","@id":"https:\/\/elhijodelllanero.mx\/index.php\/2026\/04\/22\/anunciaran-informe-por-anomalias-en-la-junta-de-agua-de-cortazar-ante-el-ayuntamiento\/#breadcrumb","itemListElement":[{"@type":"ListItem","position":1,"name":"Portada","item":"https:\/\/elhijodelllanero.mx\/"},{"@type":"ListItem","position":2,"name":"Anunciar\u00e1n informe por anomal\u00edas en la Junta de Agua de Cortazar ante el Ayuntamiento."}]},{"@type":"WebSite","@id":"https:\/\/elhijodelllanero.mx\/#website","url":"https:\/\/elhijodelllanero.mx\/","name":"El Hijo del llanero solititito","description":"","potentialAction":[{"@type":"SearchAction","target":{"@type":"EntryPoint","urlTemplate":"https:\/\/elhijodelllanero.mx\/?s={search_term_string}"},"query-input":{"@type":"PropertyValueSpecification","valueRequired":true,"valueName":"search_term_string"}}],"inLanguage":"es"},{"@type":"Person","@id":"https:\/\/elhijodelllanero.mx\/#\/schema\/person\/c7f8c86c55c1eab44ae2b93a9628245f","name":"Mar\u00eda de la Paz Rodarte Ram\u00edrez","image":{"@type":"ImageObject","inLanguage":"es","@id":"https:\/\/secure.gravatar.com\/avatar\/1f38f8518b09a266af73da2bce78d69e7d1275299970134ed62f572e0487e1d0?s=96&d=mm&r=g","url":"https:\/\/secure.gravatar.com\/avatar\/1f38f8518b09a266af73da2bce78d69e7d1275299970134ed62f572e0487e1d0?s=96&d=mm&r=g","contentUrl":"https:\/\/secure.gravatar.com\/avatar\/1f38f8518b09a266af73da2bce78d69e7d1275299970134ed62f572e0487e1d0?s=96&d=mm&r=g","caption":"Mar\u00eda de la Paz Rodarte Ram\u00edrez"},"sameAs":["https:\/\/www.elhijodelllanero.mx"],"url":"https:\/\/elhijodelllanero.mx\/index.php\/author\/maricuas\/"}]}},"jetpack_featured_media_url":"https:\/\/i0.wp.com\/elhijodelllanero.mx\/wp-content\/uploads\/2026\/04\/c43120ee-474a-432f-9946-8eeaf597e887.jpeg?fit=1600%2C1242&ssl=1","jetpack-related-posts":[],"jetpack_sharing_enabled":true,"_links":{"self":[{"href":"https:\/\/elhijodelllanero.mx\/index.php\/wp-json\/wp\/v2\/posts\/14084","targetHints":{"allow":["GET"]}}],"collection":[{"href":"https:\/\/elhijodelllanero.mx\/index.php\/wp-json\/wp\/v2\/posts"}],"about":[{"href":"https:\/\/elhijodelllanero.mx\/index.php\/wp-json\/wp\/v2\/types\/post"}],"author":[{"embeddable":true,"href":"https:\/\/elhijodelllanero.mx\/index.php\/wp-json\/wp\/v2\/users\/3"}],"replies":[{"embeddable":true,"href":"https:\/\/elhijodelllanero.mx\/index.php\/wp-json\/wp\/v2\/comments?post=14084"}],"version-history":[{"count":1,"href":"https:\/\/elhijodelllanero.mx\/index.php\/wp-json\/wp\/v2\/posts\/14084\/revisions"}],"predecessor-version":[{"id":14085,"href":"https:\/\/elhijodelllanero.mx\/index.php\/wp-json\/wp\/v2\/posts\/14084\/revisions\/14085"}],"wp:featuredmedia":[{"embeddable":true,"href":"https:\/\/elhijodelllanero.mx\/index.php\/wp-json\/wp\/v2\/media\/14005"}],"wp:attachment":[{"href":"https:\/\/elhijodelllanero.mx\/index.php\/wp-json\/wp\/v2\/media?parent=14084"}],"wp:term":[{"taxonomy":"category","embeddable":true,"href":"https:\/\/elhijodelllanero.mx\/index.php\/wp-json\/wp\/v2\/categories?post=14084"},{"taxonomy":"post_tag","embeddable":true,"href":"https:\/\/elhijodelllanero.mx\/index.php\/wp-json\/wp\/v2\/tags?post=14084"}],"curies":[{"name":"wp","href":"https:\/\/api.w.org\/{rel}","templated":true}]}}