{"id":14086,"date":"2026-04-23T08:42:05","date_gmt":"2026-04-23T14:42:05","guid":{"rendered":"https:\/\/elhijodelllanero.mx\/?p=14086"},"modified":"2026-04-23T08:42:05","modified_gmt":"2026-04-23T14:42:05","slug":"alejandra-gutierrez-ya-dialogaba-con-morena-y-mc-antes-de-dejar-el-pan-revela-alcalde-de-celaya","status":"publish","type":"post","link":"https:\/\/elhijodelllanero.mx\/index.php\/2026\/04\/23\/alejandra-gutierrez-ya-dialogaba-con-morena-y-mc-antes-de-dejar-el-pan-revela-alcalde-de-celaya\/","title":{"rendered":"Alejandra Guti\u00e9rrez ya dialogaba con Morena y MC antes de dejar el PAN: revela alcalde de Celaya."},"content":{"rendered":"<p>Celaya, Gto. 23 de abril del 2026.-Conversaciones con actores pol\u00edticos a nivel nacional habr\u00edan precedido la salida de la alcaldesa de Le\u00f3n, Alejandra Guti\u00e9rrez, del Partido Acci\u00f3n Nacional (PAN), seg\u00fan revel\u00f3 el presidente municipal de Celaya, Juan Miguel Ram\u00edrez.<\/p>\n<p>El edil detall\u00f3 que hace aproximadamente un mes sostuvo una reuni\u00f3n con la alcaldesa leonesa, en la que ella misma le comparti\u00f3 que ya hab\u00eda establecido acercamientos con representantes tanto de Morena como de Movimiento Ciudadano a nivel nacional.<\/p>\n<p>\u201cElla me me insinu\u00f3, ella ya estaba platicando con gente de Morena a nivel nacional y con gente de Movimiento Ciudadano a nivel nacional o sea que estaba platicando uno platica con todo mundo pero no hab\u00eda platicado con gente a nivel estatal a nivel estatal, es lo que yo le entend\u00ed ese d\u00eda, no me platic\u00f3 de su salida me platic\u00f3 que pues que estaba siendo presionada por uno de sus correligionarios pero que ella no entend\u00eda por qu\u00e9 para ella ya hab\u00eda terminando me dijo, uno gana y uno y a veces pierde y sigue uno, pero parece que ella, por lo que yo entend\u00ed no gan\u00f3 y le segu\u00edan pegando, entonces est\u00e1 un poco descontenta\u201d.<\/p>\n<p>Ram\u00edrez agreg\u00f3 que durante ese encuentro tambi\u00e9n coincidieron en la necesidad de fortalecer la coordinaci\u00f3n entre municipios, con el objetivo de gestionar mayores apoyos por parte del gobierno estatal, principalmente en rubros como infraestructura y movilidad.<\/p>\n<p>Respecto a la salida de Guti\u00e9rrez del PAN, el alcalde consider\u00f3 que se trata de una decisi\u00f3n personal que podr\u00eda tener implicaciones en su futuro pol\u00edtico. Adem\u00e1s, se\u00f1al\u00f3 que, de cara a los pr\u00f3ximos procesos electorales, Morena deber\u00e1 consolidar su estructura si busca ampliar su presencia en el estado.<\/p>\n<p>\u201cQue van a decir es cierto, ella gan\u00f3 con qui\u00e9n con el PAN o con otro ella gan\u00f3, el pueblo vot\u00f3 por ella y ella es la presidenta municipal de todo el pueblo de Le\u00f3n y entonces ella la deben de respetar porque ella es la presidenta municipal de todos los leoneses, que cuando los animales est\u00e1n ya casi loqueando de repente dan manotazos y quieren revivir etc\u00e9tera entonces este nadie est\u00e1 muerto y menos en pol\u00edtica, yo lo he vivido nadie est\u00e1 muerto menos en pol\u00edtica y lo cierto es que efectivamente si no est\u00e1 Le\u00f3n con ellos si no est\u00e1 Celaya con ellos si no esta salamanca con ellos y Irapuato ganaron por unos cuantos votos acab\u00f3 ya se acab\u00f3, se acab\u00f3 el pan en Guanajuato verdad pero yo s\u00e9 que no es tan f\u00e1cil no puede en un colaso que pueda dar puede a lo mejor ganar otras\u201d.<\/p>\n<p>El edil concluy\u00f3 que el panorama pol\u00edtico en Guanajuato rumbo a 2027 sigue siendo incierto y depender\u00e1 en gran medida de las alianzas y decisiones que se tomen en los pr\u00f3ximos meses.<\/p>\n","protected":false},"excerpt":{"rendered":"<p>Celaya, Gto. 23 de abril del 2026.-Conversaciones con actores pol\u00edticos a nivel nacional habr\u00edan precedido la salida de la alcaldesa de Le\u00f3n, Alejandra Guti\u00e9rrez, del Partido Acci\u00f3n Nacional (PAN), seg\u00fan revel\u00f3 el presidente municipal de Celaya, Juan Miguel Ram\u00edrez. El edil detall\u00f3 que hace aproximadamente un mes sostuvo una reuni\u00f3n con la alcaldesa leonesa, en [&hellip;]<\/p>\n","protected":false},"author":3,"featured_media":14087,"comment_status":"open","ping_status":"closed","sticky":false,"template":"","format":"standard","meta":{"_jetpack_newsletter_access":"","_jetpack_dont_email_post_to_subs":false,"_jetpack_newsletter_tier_id":0,"_jetpack_memberships_contains_paywalled_content":false,"_jetpack_memberships_contains_paid_content":false,"footnotes":""},"categories":[74],"tags":[],"class_list":{"0":"post-14086","1":"post","2":"type-post","3":"status-publish","4":"format-standard","5":"has-post-thumbnail","7":"category-celaya"},"yoast_head":"<!-- This site is optimized with the Yoast SEO plugin v27.3 - https:\/\/yoast.com\/product\/yoast-seo-wordpress\/ -->\n<title>Alejandra Guti\u00e9rrez ya dialogaba con Morena y MC antes de dejar el PAN: revela alcalde de Celaya. - El Hijo del llanero solititito<\/title>\n<meta name=\"robots\" content=\"index, follow, max-snippet:-1, max-image-preview:large, max-video-preview:-1\" \/>\n<link rel=\"canonical\" href=\"https:\/\/elhijodelllanero.mx\/index.php\/2026\/04\/23\/alejandra-gutierrez-ya-dialogaba-con-morena-y-mc-antes-de-dejar-el-pan-revela-alcalde-de-celaya\/\" \/>\n<meta property=\"og:locale\" content=\"es_ES\" \/>\n<meta property=\"og:type\" content=\"article\" \/>\n<meta property=\"og:title\" content=\"Alejandra Guti\u00e9rrez ya dialogaba con Morena y MC antes de dejar el PAN: revela alcalde de Celaya. - El Hijo del llanero solititito\" \/>\n<meta property=\"og:description\" content=\"Celaya, Gto. 23 de abril del 2026.-Conversaciones con actores pol\u00edticos a nivel nacional habr\u00edan precedido la salida de la alcaldesa de Le\u00f3n, Alejandra Guti\u00e9rrez, del Partido Acci\u00f3n Nacional (PAN), seg\u00fan revel\u00f3 el presidente municipal de Celaya, Juan Miguel Ram\u00edrez. El edil detall\u00f3 que hace aproximadamente un mes sostuvo una reuni\u00f3n con la alcaldesa leonesa, en [&hellip;]\" \/>\n<meta property=\"og:url\" content=\"https:\/\/elhijodelllanero.mx\/index.php\/2026\/04\/23\/alejandra-gutierrez-ya-dialogaba-con-morena-y-mc-antes-de-dejar-el-pan-revela-alcalde-de-celaya\/\" \/>\n<meta property=\"og:site_name\" content=\"El Hijo del llanero solititito\" \/>\n<meta property=\"article:published_time\" content=\"2026-04-23T14:42:05+00:00\" \/>\n<meta property=\"og:image\" content=\"https:\/\/elhijodelllanero.mx\/wp-content\/uploads\/2026\/04\/7a44a5b2-e45a-41bf-8185-85c8306d9c1b.jpeg\" \/>\n\t<meta property=\"og:image:width\" content=\"1600\" \/>\n\t<meta property=\"og:image:height\" content=\"900\" \/>\n\t<meta property=\"og:image:type\" content=\"image\/jpeg\" \/>\n<meta name=\"author\" content=\"Mar\u00eda de la Paz Rodarte Ram\u00edrez\" \/>\n<meta name=\"twitter:card\" content=\"summary_large_image\" \/>\n<meta name=\"twitter:label1\" content=\"Escrito por\" \/>\n\t<meta name=\"twitter:data1\" content=\"Mar\u00eda de la Paz Rodarte Ram\u00edrez\" \/>\n\t<meta name=\"twitter:label2\" content=\"Tiempo de lectura\" \/>\n\t<meta name=\"twitter:data2\" content=\"3 minutos\" \/>\n<script type=\"application\/ld+json\" class=\"yoast-schema-graph\">{\"@context\":\"https:\\\/\\\/schema.org\",\"@graph\":[{\"@type\":\"Article\",\"@id\":\"https:\\\/\\\/elhijodelllanero.mx\\\/index.php\\\/2026\\\/04\\\/23\\\/alejandra-gutierrez-ya-dialogaba-con-morena-y-mc-antes-de-dejar-el-pan-revela-alcalde-de-celaya\\\/#article\",\"isPartOf\":{\"@id\":\"https:\\\/\\\/elhijodelllanero.mx\\\/index.php\\\/2026\\\/04\\\/23\\\/alejandra-gutierrez-ya-dialogaba-con-morena-y-mc-antes-de-dejar-el-pan-revela-alcalde-de-celaya\\\/\"},\"author\":{\"name\":\"Mar\u00eda de la Paz Rodarte Ram\u00edrez\",\"@id\":\"https:\\\/\\\/elhijodelllanero.mx\\\/#\\\/schema\\\/person\\\/c7f8c86c55c1eab44ae2b93a9628245f\"},\"headline\":\"Alejandra Guti\u00e9rrez ya dialogaba con Morena y MC antes de dejar el PAN: revela alcalde de Celaya.\",\"datePublished\":\"2026-04-23T14:42:05+00:00\",\"mainEntityOfPage\":{\"@id\":\"https:\\\/\\\/elhijodelllanero.mx\\\/index.php\\\/2026\\\/04\\\/23\\\/alejandra-gutierrez-ya-dialogaba-con-morena-y-mc-antes-de-dejar-el-pan-revela-alcalde-de-celaya\\\/\"},\"wordCount\":514,\"commentCount\":0,\"image\":{\"@id\":\"https:\\\/\\\/elhijodelllanero.mx\\\/index.php\\\/2026\\\/04\\\/23\\\/alejandra-gutierrez-ya-dialogaba-con-morena-y-mc-antes-de-dejar-el-pan-revela-alcalde-de-celaya\\\/#primaryimage\"},\"thumbnailUrl\":\"https:\\\/\\\/i0.wp.com\\\/elhijodelllanero.mx\\\/wp-content\\\/uploads\\\/2026\\\/04\\\/7a44a5b2-e45a-41bf-8185-85c8306d9c1b.jpeg?fit=1600%2C900&ssl=1\",\"articleSection\":[\"CELAYA\"],\"inLanguage\":\"es\",\"potentialAction\":[{\"@type\":\"CommentAction\",\"name\":\"Comment\",\"target\":[\"https:\\\/\\\/elhijodelllanero.mx\\\/index.php\\\/2026\\\/04\\\/23\\\/alejandra-gutierrez-ya-dialogaba-con-morena-y-mc-antes-de-dejar-el-pan-revela-alcalde-de-celaya\\\/#respond\"]}]},{\"@type\":\"WebPage\",\"@id\":\"https:\\\/\\\/elhijodelllanero.mx\\\/index.php\\\/2026\\\/04\\\/23\\\/alejandra-gutierrez-ya-dialogaba-con-morena-y-mc-antes-de-dejar-el-pan-revela-alcalde-de-celaya\\\/\",\"url\":\"https:\\\/\\\/elhijodelllanero.mx\\\/index.php\\\/2026\\\/04\\\/23\\\/alejandra-gutierrez-ya-dialogaba-con-morena-y-mc-antes-de-dejar-el-pan-revela-alcalde-de-celaya\\\/\",\"name\":\"Alejandra Guti\u00e9rrez ya dialogaba con Morena y MC antes de dejar el PAN: revela alcalde de Celaya. - El Hijo del llanero solititito\",\"isPartOf\":{\"@id\":\"https:\\\/\\\/elhijodelllanero.mx\\\/#website\"},\"primaryImageOfPage\":{\"@id\":\"https:\\\/\\\/elhijodelllanero.mx\\\/index.php\\\/2026\\\/04\\\/23\\\/alejandra-gutierrez-ya-dialogaba-con-morena-y-mc-antes-de-dejar-el-pan-revela-alcalde-de-celaya\\\/#primaryimage\"},\"image\":{\"@id\":\"https:\\\/\\\/elhijodelllanero.mx\\\/index.php\\\/2026\\\/04\\\/23\\\/alejandra-gutierrez-ya-dialogaba-con-morena-y-mc-antes-de-dejar-el-pan-revela-alcalde-de-celaya\\\/#primaryimage\"},\"thumbnailUrl\":\"https:\\\/\\\/i0.wp.com\\\/elhijodelllanero.mx\\\/wp-content\\\/uploads\\\/2026\\\/04\\\/7a44a5b2-e45a-41bf-8185-85c8306d9c1b.jpeg?fit=1600%2C900&ssl=1\",\"datePublished\":\"2026-04-23T14:42:05+00:00\",\"author\":{\"@id\":\"https:\\\/\\\/elhijodelllanero.mx\\\/#\\\/schema\\\/person\\\/c7f8c86c55c1eab44ae2b93a9628245f\"},\"breadcrumb\":{\"@id\":\"https:\\\/\\\/elhijodelllanero.mx\\\/index.php\\\/2026\\\/04\\\/23\\\/alejandra-gutierrez-ya-dialogaba-con-morena-y-mc-antes-de-dejar-el-pan-revela-alcalde-de-celaya\\\/#breadcrumb\"},\"inLanguage\":\"es\",\"potentialAction\":[{\"@type\":\"ReadAction\",\"target\":[\"https:\\\/\\\/elhijodelllanero.mx\\\/index.php\\\/2026\\\/04\\\/23\\\/alejandra-gutierrez-ya-dialogaba-con-morena-y-mc-antes-de-dejar-el-pan-revela-alcalde-de-celaya\\\/\"]}]},{\"@type\":\"ImageObject\",\"inLanguage\":\"es\",\"@id\":\"https:\\\/\\\/elhijodelllanero.mx\\\/index.php\\\/2026\\\/04\\\/23\\\/alejandra-gutierrez-ya-dialogaba-con-morena-y-mc-antes-de-dejar-el-pan-revela-alcalde-de-celaya\\\/#primaryimage\",\"url\":\"https:\\\/\\\/i0.wp.com\\\/elhijodelllanero.mx\\\/wp-content\\\/uploads\\\/2026\\\/04\\\/7a44a5b2-e45a-41bf-8185-85c8306d9c1b.jpeg?fit=1600%2C900&ssl=1\",\"contentUrl\":\"https:\\\/\\\/i0.wp.com\\\/elhijodelllanero.mx\\\/wp-content\\\/uploads\\\/2026\\\/04\\\/7a44a5b2-e45a-41bf-8185-85c8306d9c1b.jpeg?fit=1600%2C900&ssl=1\",\"width\":1600,\"height\":900},{\"@type\":\"BreadcrumbList\",\"@id\":\"https:\\\/\\\/elhijodelllanero.mx\\\/index.php\\\/2026\\\/04\\\/23\\\/alejandra-gutierrez-ya-dialogaba-con-morena-y-mc-antes-de-dejar-el-pan-revela-alcalde-de-celaya\\\/#breadcrumb\",\"itemListElement\":[{\"@type\":\"ListItem\",\"position\":1,\"name\":\"Portada\",\"item\":\"https:\\\/\\\/elhijodelllanero.mx\\\/\"},{\"@type\":\"ListItem\",\"position\":2,\"name\":\"Alejandra Guti\u00e9rrez ya dialogaba con Morena y MC antes de dejar el PAN: revela alcalde de Celaya.\"}]},{\"@type\":\"WebSite\",\"@id\":\"https:\\\/\\\/elhijodelllanero.mx\\\/#website\",\"url\":\"https:\\\/\\\/elhijodelllanero.mx\\\/\",\"name\":\"El Hijo del llanero solititito\",\"description\":\"\",\"potentialAction\":[{\"@type\":\"SearchAction\",\"target\":{\"@type\":\"EntryPoint\",\"urlTemplate\":\"https:\\\/\\\/elhijodelllanero.mx\\\/?s={search_term_string}\"},\"query-input\":{\"@type\":\"PropertyValueSpecification\",\"valueRequired\":true,\"valueName\":\"search_term_string\"}}],\"inLanguage\":\"es\"},{\"@type\":\"Person\",\"@id\":\"https:\\\/\\\/elhijodelllanero.mx\\\/#\\\/schema\\\/person\\\/c7f8c86c55c1eab44ae2b93a9628245f\",\"name\":\"Mar\u00eda de la Paz Rodarte Ram\u00edrez\",\"image\":{\"@type\":\"ImageObject\",\"inLanguage\":\"es\",\"@id\":\"https:\\\/\\\/secure.gravatar.com\\\/avatar\\\/1f38f8518b09a266af73da2bce78d69e7d1275299970134ed62f572e0487e1d0?s=96&d=mm&r=g\",\"url\":\"https:\\\/\\\/secure.gravatar.com\\\/avatar\\\/1f38f8518b09a266af73da2bce78d69e7d1275299970134ed62f572e0487e1d0?s=96&d=mm&r=g\",\"contentUrl\":\"https:\\\/\\\/secure.gravatar.com\\\/avatar\\\/1f38f8518b09a266af73da2bce78d69e7d1275299970134ed62f572e0487e1d0?s=96&d=mm&r=g\",\"caption\":\"Mar\u00eda de la Paz Rodarte Ram\u00edrez\"},\"sameAs\":[\"https:\\\/\\\/www.elhijodelllanero.mx\"],\"url\":\"https:\\\/\\\/elhijodelllanero.mx\\\/index.php\\\/author\\\/maricuas\\\/\"}]}<\/script>\n<!-- \/ Yoast SEO plugin. -->","yoast_head_json":{"title":"Alejandra Guti\u00e9rrez ya dialogaba con Morena y MC antes de dejar el PAN: revela alcalde de Celaya. - El Hijo del llanero solititito","robots":{"index":"index","follow":"follow","max-snippet":"max-snippet:-1","max-image-preview":"max-image-preview:large","max-video-preview":"max-video-preview:-1"},"canonical":"https:\/\/elhijodelllanero.mx\/index.php\/2026\/04\/23\/alejandra-gutierrez-ya-dialogaba-con-morena-y-mc-antes-de-dejar-el-pan-revela-alcalde-de-celaya\/","og_locale":"es_ES","og_type":"article","og_title":"Alejandra Guti\u00e9rrez ya dialogaba con Morena y MC antes de dejar el PAN: revela alcalde de Celaya. - El Hijo del llanero solititito","og_description":"Celaya, Gto. 23 de abril del 2026.-Conversaciones con actores pol\u00edticos a nivel nacional habr\u00edan precedido la salida de la alcaldesa de Le\u00f3n, Alejandra Guti\u00e9rrez, del Partido Acci\u00f3n Nacional (PAN), seg\u00fan revel\u00f3 el presidente municipal de Celaya, Juan Miguel Ram\u00edrez. El edil detall\u00f3 que hace aproximadamente un mes sostuvo una reuni\u00f3n con la alcaldesa leonesa, en [&hellip;]","og_url":"https:\/\/elhijodelllanero.mx\/index.php\/2026\/04\/23\/alejandra-gutierrez-ya-dialogaba-con-morena-y-mc-antes-de-dejar-el-pan-revela-alcalde-de-celaya\/","og_site_name":"El Hijo del llanero solititito","article_published_time":"2026-04-23T14:42:05+00:00","og_image":[{"width":1600,"height":900,"url":"https:\/\/elhijodelllanero.mx\/wp-content\/uploads\/2026\/04\/7a44a5b2-e45a-41bf-8185-85c8306d9c1b.jpeg","type":"image\/jpeg"}],"author":"Mar\u00eda de la Paz Rodarte Ram\u00edrez","twitter_card":"summary_large_image","twitter_misc":{"Escrito por":"Mar\u00eda de la Paz Rodarte Ram\u00edrez","Tiempo de lectura":"3 minutos"},"schema":{"@context":"https:\/\/schema.org","@graph":[{"@type":"Article","@id":"https:\/\/elhijodelllanero.mx\/index.php\/2026\/04\/23\/alejandra-gutierrez-ya-dialogaba-con-morena-y-mc-antes-de-dejar-el-pan-revela-alcalde-de-celaya\/#article","isPartOf":{"@id":"https:\/\/elhijodelllanero.mx\/index.php\/2026\/04\/23\/alejandra-gutierrez-ya-dialogaba-con-morena-y-mc-antes-de-dejar-el-pan-revela-alcalde-de-celaya\/"},"author":{"name":"Mar\u00eda de la Paz Rodarte Ram\u00edrez","@id":"https:\/\/elhijodelllanero.mx\/#\/schema\/person\/c7f8c86c55c1eab44ae2b93a9628245f"},"headline":"Alejandra Guti\u00e9rrez ya dialogaba con Morena y MC antes de dejar el PAN: revela alcalde de Celaya.","datePublished":"2026-04-23T14:42:05+00:00","mainEntityOfPage":{"@id":"https:\/\/elhijodelllanero.mx\/index.php\/2026\/04\/23\/alejandra-gutierrez-ya-dialogaba-con-morena-y-mc-antes-de-dejar-el-pan-revela-alcalde-de-celaya\/"},"wordCount":514,"commentCount":0,"image":{"@id":"https:\/\/elhijodelllanero.mx\/index.php\/2026\/04\/23\/alejandra-gutierrez-ya-dialogaba-con-morena-y-mc-antes-de-dejar-el-pan-revela-alcalde-de-celaya\/#primaryimage"},"thumbnailUrl":"https:\/\/i0.wp.com\/elhijodelllanero.mx\/wp-content\/uploads\/2026\/04\/7a44a5b2-e45a-41bf-8185-85c8306d9c1b.jpeg?fit=1600%2C900&ssl=1","articleSection":["CELAYA"],"inLanguage":"es","potentialAction":[{"@type":"CommentAction","name":"Comment","target":["https:\/\/elhijodelllanero.mx\/index.php\/2026\/04\/23\/alejandra-gutierrez-ya-dialogaba-con-morena-y-mc-antes-de-dejar-el-pan-revela-alcalde-de-celaya\/#respond"]}]},{"@type":"WebPage","@id":"https:\/\/elhijodelllanero.mx\/index.php\/2026\/04\/23\/alejandra-gutierrez-ya-dialogaba-con-morena-y-mc-antes-de-dejar-el-pan-revela-alcalde-de-celaya\/","url":"https:\/\/elhijodelllanero.mx\/index.php\/2026\/04\/23\/alejandra-gutierrez-ya-dialogaba-con-morena-y-mc-antes-de-dejar-el-pan-revela-alcalde-de-celaya\/","name":"Alejandra Guti\u00e9rrez ya dialogaba con Morena y MC antes de dejar el PAN: revela alcalde de Celaya. - El Hijo del llanero solititito","isPartOf":{"@id":"https:\/\/elhijodelllanero.mx\/#website"},"primaryImageOfPage":{"@id":"https:\/\/elhijodelllanero.mx\/index.php\/2026\/04\/23\/alejandra-gutierrez-ya-dialogaba-con-morena-y-mc-antes-de-dejar-el-pan-revela-alcalde-de-celaya\/#primaryimage"},"image":{"@id":"https:\/\/elhijodelllanero.mx\/index.php\/2026\/04\/23\/alejandra-gutierrez-ya-dialogaba-con-morena-y-mc-antes-de-dejar-el-pan-revela-alcalde-de-celaya\/#primaryimage"},"thumbnailUrl":"https:\/\/i0.wp.com\/elhijodelllanero.mx\/wp-content\/uploads\/2026\/04\/7a44a5b2-e45a-41bf-8185-85c8306d9c1b.jpeg?fit=1600%2C900&ssl=1","datePublished":"2026-04-23T14:42:05+00:00","author":{"@id":"https:\/\/elhijodelllanero.mx\/#\/schema\/person\/c7f8c86c55c1eab44ae2b93a9628245f"},"breadcrumb":{"@id":"https:\/\/elhijodelllanero.mx\/index.php\/2026\/04\/23\/alejandra-gutierrez-ya-dialogaba-con-morena-y-mc-antes-de-dejar-el-pan-revela-alcalde-de-celaya\/#breadcrumb"},"inLanguage":"es","potentialAction":[{"@type":"ReadAction","target":["https:\/\/elhijodelllanero.mx\/index.php\/2026\/04\/23\/alejandra-gutierrez-ya-dialogaba-con-morena-y-mc-antes-de-dejar-el-pan-revela-alcalde-de-celaya\/"]}]},{"@type":"ImageObject","inLanguage":"es","@id":"https:\/\/elhijodelllanero.mx\/index.php\/2026\/04\/23\/alejandra-gutierrez-ya-dialogaba-con-morena-y-mc-antes-de-dejar-el-pan-revela-alcalde-de-celaya\/#primaryimage","url":"https:\/\/i0.wp.com\/elhijodelllanero.mx\/wp-content\/uploads\/2026\/04\/7a44a5b2-e45a-41bf-8185-85c8306d9c1b.jpeg?fit=1600%2C900&ssl=1","contentUrl":"https:\/\/i0.wp.com\/elhijodelllanero.mx\/wp-content\/uploads\/2026\/04\/7a44a5b2-e45a-41bf-8185-85c8306d9c1b.jpeg?fit=1600%2C900&ssl=1","width":1600,"height":900},{"@type":"BreadcrumbList","@id":"https:\/\/elhijodelllanero.mx\/index.php\/2026\/04\/23\/alejandra-gutierrez-ya-dialogaba-con-morena-y-mc-antes-de-dejar-el-pan-revela-alcalde-de-celaya\/#breadcrumb","itemListElement":[{"@type":"ListItem","position":1,"name":"Portada","item":"https:\/\/elhijodelllanero.mx\/"},{"@type":"ListItem","position":2,"name":"Alejandra Guti\u00e9rrez ya dialogaba con Morena y MC antes de dejar el PAN: revela alcalde de Celaya."}]},{"@type":"WebSite","@id":"https:\/\/elhijodelllanero.mx\/#website","url":"https:\/\/elhijodelllanero.mx\/","name":"El Hijo del llanero solititito","description":"","potentialAction":[{"@type":"SearchAction","target":{"@type":"EntryPoint","urlTemplate":"https:\/\/elhijodelllanero.mx\/?s={search_term_string}"},"query-input":{"@type":"PropertyValueSpecification","valueRequired":true,"valueName":"search_term_string"}}],"inLanguage":"es"},{"@type":"Person","@id":"https:\/\/elhijodelllanero.mx\/#\/schema\/person\/c7f8c86c55c1eab44ae2b93a9628245f","name":"Mar\u00eda de la Paz Rodarte Ram\u00edrez","image":{"@type":"ImageObject","inLanguage":"es","@id":"https:\/\/secure.gravatar.com\/avatar\/1f38f8518b09a266af73da2bce78d69e7d1275299970134ed62f572e0487e1d0?s=96&d=mm&r=g","url":"https:\/\/secure.gravatar.com\/avatar\/1f38f8518b09a266af73da2bce78d69e7d1275299970134ed62f572e0487e1d0?s=96&d=mm&r=g","contentUrl":"https:\/\/secure.gravatar.com\/avatar\/1f38f8518b09a266af73da2bce78d69e7d1275299970134ed62f572e0487e1d0?s=96&d=mm&r=g","caption":"Mar\u00eda de la Paz Rodarte Ram\u00edrez"},"sameAs":["https:\/\/www.elhijodelllanero.mx"],"url":"https:\/\/elhijodelllanero.mx\/index.php\/author\/maricuas\/"}]}},"jetpack_featured_media_url":"https:\/\/i0.wp.com\/elhijodelllanero.mx\/wp-content\/uploads\/2026\/04\/7a44a5b2-e45a-41bf-8185-85c8306d9c1b.jpeg?fit=1600%2C900&ssl=1","jetpack-related-posts":[],"jetpack_sharing_enabled":true,"_links":{"self":[{"href":"https:\/\/elhijodelllanero.mx\/index.php\/wp-json\/wp\/v2\/posts\/14086","targetHints":{"allow":["GET"]}}],"collection":[{"href":"https:\/\/elhijodelllanero.mx\/index.php\/wp-json\/wp\/v2\/posts"}],"about":[{"href":"https:\/\/elhijodelllanero.mx\/index.php\/wp-json\/wp\/v2\/types\/post"}],"author":[{"embeddable":true,"href":"https:\/\/elhijodelllanero.mx\/index.php\/wp-json\/wp\/v2\/users\/3"}],"replies":[{"embeddable":true,"href":"https:\/\/elhijodelllanero.mx\/index.php\/wp-json\/wp\/v2\/comments?post=14086"}],"version-history":[{"count":1,"href":"https:\/\/elhijodelllanero.mx\/index.php\/wp-json\/wp\/v2\/posts\/14086\/revisions"}],"predecessor-version":[{"id":14088,"href":"https:\/\/elhijodelllanero.mx\/index.php\/wp-json\/wp\/v2\/posts\/14086\/revisions\/14088"}],"wp:featuredmedia":[{"embeddable":true,"href":"https:\/\/elhijodelllanero.mx\/index.php\/wp-json\/wp\/v2\/media\/14087"}],"wp:attachment":[{"href":"https:\/\/elhijodelllanero.mx\/index.php\/wp-json\/wp\/v2\/media?parent=14086"}],"wp:term":[{"taxonomy":"category","embeddable":true,"href":"https:\/\/elhijodelllanero.mx\/index.php\/wp-json\/wp\/v2\/categories?post=14086"},{"taxonomy":"post_tag","embeddable":true,"href":"https:\/\/elhijodelllanero.mx\/index.php\/wp-json\/wp\/v2\/tags?post=14086"}],"curies":[{"name":"wp","href":"https:\/\/api.w.org\/{rel}","templated":true}]}}