{"id":14089,"date":"2026-04-23T08:48:01","date_gmt":"2026-04-23T14:48:01","guid":{"rendered":"https:\/\/elhijodelllanero.mx\/?p=14089"},"modified":"2026-04-23T08:48:01","modified_gmt":"2026-04-23T14:48:01","slug":"zona-norte-de-cortazar-atrae-a-empresas","status":"publish","type":"post","link":"https:\/\/elhijodelllanero.mx\/index.php\/2026\/04\/23\/zona-norte-de-cortazar-atrae-a-empresas\/","title":{"rendered":"Zona norte de Cortazar atrae a empresas."},"content":{"rendered":"<p>Cortazar, Gto. 23 de abril del 2026.- El desarrollo de la zona norte del municipio se perfila como una de las principales apuestas de la administraci\u00f3n local, encabezada por el alcalde Mauricio Estefan\u00eda, quien asegur\u00f3 que ya existe inter\u00e9s de varias empresas por instalarse en la regi\u00f3n.<\/p>\n<p>Entre los proyectos que buscan detonar esta \u00e1rea se encuentran el tren de pasajeros, la rehabilitaci\u00f3n del acceso en su entronque con la carretera Panamericana y diversas obras complementarias que fortalecer\u00edan la infraestructura.<\/p>\n<p>El edil explic\u00f3 que actualmente se mantienen acercamientos con inversionistas, quienes han planteado diversas inquietudes relacionadas con servicios b\u00e1sicos y viabilidad de instalaci\u00f3n.<\/p>\n<p>\u201cYa precisamente est\u00e1bamos revisando porque pues tenemos algo de inter\u00e9s de algunas empresas que es lo que preguntan, que si hay agua, que si hay luz, que tipo al o mejor de empresas pudieran vendes si manufactureras o de alg\u00fan otro tipo entonces estamos viendo las posibilidades en que Desarrollo Econ\u00f3mico nos comente\u201d.<\/p>\n<p>Se\u00f1al\u00f3 que entre cuatro y cinco empresas han manifestado inter\u00e9s formal, motivadas por la disponibilidad de reserva territorial y la proyecci\u00f3n del corredor industrial en la zona, factores que podr\u00edan impulsar el crecimiento econ\u00f3mico del municipio.<\/p>\n<p>Las autoridades municipales conf\u00edan en que estas condiciones permitan consolidar la llegada de inversiones y generar nuevas oportunidades de empleo en Cortazar.<\/p>\n","protected":false},"excerpt":{"rendered":"<p>Cortazar, Gto. 23 de abril del 2026.- El desarrollo de la zona norte del municipio se perfila como una de las principales apuestas de la administraci\u00f3n local, encabezada por el alcalde Mauricio Estefan\u00eda, quien asegur\u00f3 que ya existe inter\u00e9s de varias empresas por instalarse en la regi\u00f3n. Entre los proyectos que buscan detonar esta \u00e1rea [&hellip;]<\/p>\n","protected":false},"author":3,"featured_media":14090,"comment_status":"open","ping_status":"closed","sticky":false,"template":"","format":"standard","meta":{"_jetpack_newsletter_access":"","_jetpack_dont_email_post_to_subs":false,"_jetpack_newsletter_tier_id":0,"_jetpack_memberships_contains_paywalled_content":false,"_jetpack_memberships_contains_paid_content":false,"footnotes":""},"categories":[77,76],"tags":[],"class_list":{"0":"post-14089","1":"post","2":"type-post","3":"status-publish","4":"format-standard","5":"has-post-thumbnail","7":"category-cortazar","8":"category-municipios"},"yoast_head":"<!-- This site is optimized with the Yoast SEO plugin v27.3 - https:\/\/yoast.com\/product\/yoast-seo-wordpress\/ -->\n<title>Zona norte de Cortazar atrae a empresas. - El Hijo del llanero solititito<\/title>\n<meta name=\"robots\" content=\"index, follow, max-snippet:-1, max-image-preview:large, max-video-preview:-1\" \/>\n<link rel=\"canonical\" href=\"https:\/\/elhijodelllanero.mx\/index.php\/2026\/04\/23\/zona-norte-de-cortazar-atrae-a-empresas\/\" \/>\n<meta property=\"og:locale\" content=\"es_ES\" \/>\n<meta property=\"og:type\" content=\"article\" \/>\n<meta property=\"og:title\" content=\"Zona norte de Cortazar atrae a empresas. - El Hijo del llanero solititito\" \/>\n<meta property=\"og:description\" content=\"Cortazar, Gto. 23 de abril del 2026.- El desarrollo de la zona norte del municipio se perfila como una de las principales apuestas de la administraci\u00f3n local, encabezada por el alcalde Mauricio Estefan\u00eda, quien asegur\u00f3 que ya existe inter\u00e9s de varias empresas por instalarse en la regi\u00f3n. Entre los proyectos que buscan detonar esta \u00e1rea [&hellip;]\" \/>\n<meta property=\"og:url\" content=\"https:\/\/elhijodelllanero.mx\/index.php\/2026\/04\/23\/zona-norte-de-cortazar-atrae-a-empresas\/\" \/>\n<meta property=\"og:site_name\" content=\"El Hijo del llanero solititito\" \/>\n<meta property=\"article:published_time\" content=\"2026-04-23T14:48:01+00:00\" \/>\n<meta property=\"og:image\" content=\"https:\/\/elhijodelllanero.mx\/wp-content\/uploads\/2026\/04\/IMG_9310.jpeg\" \/>\n\t<meta property=\"og:image:width\" content=\"2048\" \/>\n\t<meta property=\"og:image:height\" content=\"1508\" \/>\n\t<meta property=\"og:image:type\" content=\"image\/jpeg\" \/>\n<meta name=\"author\" content=\"Mar\u00eda de la Paz Rodarte Ram\u00edrez\" \/>\n<meta name=\"twitter:card\" content=\"summary_large_image\" \/>\n<meta name=\"twitter:label1\" content=\"Escrito por\" \/>\n\t<meta name=\"twitter:data1\" content=\"Mar\u00eda de la Paz Rodarte Ram\u00edrez\" \/>\n\t<meta name=\"twitter:label2\" content=\"Tiempo de lectura\" \/>\n\t<meta name=\"twitter:data2\" content=\"2 minutos\" \/>\n<script type=\"application\/ld+json\" class=\"yoast-schema-graph\">{\"@context\":\"https:\\\/\\\/schema.org\",\"@graph\":[{\"@type\":\"Article\",\"@id\":\"https:\\\/\\\/elhijodelllanero.mx\\\/index.php\\\/2026\\\/04\\\/23\\\/zona-norte-de-cortazar-atrae-a-empresas\\\/#article\",\"isPartOf\":{\"@id\":\"https:\\\/\\\/elhijodelllanero.mx\\\/index.php\\\/2026\\\/04\\\/23\\\/zona-norte-de-cortazar-atrae-a-empresas\\\/\"},\"author\":{\"name\":\"Mar\u00eda de la Paz Rodarte Ram\u00edrez\",\"@id\":\"https:\\\/\\\/elhijodelllanero.mx\\\/#\\\/schema\\\/person\\\/c7f8c86c55c1eab44ae2b93a9628245f\"},\"headline\":\"Zona norte de Cortazar atrae a empresas.\",\"datePublished\":\"2026-04-23T14:48:01+00:00\",\"mainEntityOfPage\":{\"@id\":\"https:\\\/\\\/elhijodelllanero.mx\\\/index.php\\\/2026\\\/04\\\/23\\\/zona-norte-de-cortazar-atrae-a-empresas\\\/\"},\"wordCount\":238,\"commentCount\":0,\"image\":{\"@id\":\"https:\\\/\\\/elhijodelllanero.mx\\\/index.php\\\/2026\\\/04\\\/23\\\/zona-norte-de-cortazar-atrae-a-empresas\\\/#primaryimage\"},\"thumbnailUrl\":\"https:\\\/\\\/i0.wp.com\\\/elhijodelllanero.mx\\\/wp-content\\\/uploads\\\/2026\\\/04\\\/IMG_9310.jpeg?fit=2048%2C1508&ssl=1\",\"articleSection\":[\"CORTAZAR\",\"MUNICIPIOS\"],\"inLanguage\":\"es\",\"potentialAction\":[{\"@type\":\"CommentAction\",\"name\":\"Comment\",\"target\":[\"https:\\\/\\\/elhijodelllanero.mx\\\/index.php\\\/2026\\\/04\\\/23\\\/zona-norte-de-cortazar-atrae-a-empresas\\\/#respond\"]}]},{\"@type\":\"WebPage\",\"@id\":\"https:\\\/\\\/elhijodelllanero.mx\\\/index.php\\\/2026\\\/04\\\/23\\\/zona-norte-de-cortazar-atrae-a-empresas\\\/\",\"url\":\"https:\\\/\\\/elhijodelllanero.mx\\\/index.php\\\/2026\\\/04\\\/23\\\/zona-norte-de-cortazar-atrae-a-empresas\\\/\",\"name\":\"Zona norte de Cortazar atrae a empresas. - El Hijo del llanero solititito\",\"isPartOf\":{\"@id\":\"https:\\\/\\\/elhijodelllanero.mx\\\/#website\"},\"primaryImageOfPage\":{\"@id\":\"https:\\\/\\\/elhijodelllanero.mx\\\/index.php\\\/2026\\\/04\\\/23\\\/zona-norte-de-cortazar-atrae-a-empresas\\\/#primaryimage\"},\"image\":{\"@id\":\"https:\\\/\\\/elhijodelllanero.mx\\\/index.php\\\/2026\\\/04\\\/23\\\/zona-norte-de-cortazar-atrae-a-empresas\\\/#primaryimage\"},\"thumbnailUrl\":\"https:\\\/\\\/i0.wp.com\\\/elhijodelllanero.mx\\\/wp-content\\\/uploads\\\/2026\\\/04\\\/IMG_9310.jpeg?fit=2048%2C1508&ssl=1\",\"datePublished\":\"2026-04-23T14:48:01+00:00\",\"author\":{\"@id\":\"https:\\\/\\\/elhijodelllanero.mx\\\/#\\\/schema\\\/person\\\/c7f8c86c55c1eab44ae2b93a9628245f\"},\"breadcrumb\":{\"@id\":\"https:\\\/\\\/elhijodelllanero.mx\\\/index.php\\\/2026\\\/04\\\/23\\\/zona-norte-de-cortazar-atrae-a-empresas\\\/#breadcrumb\"},\"inLanguage\":\"es\",\"potentialAction\":[{\"@type\":\"ReadAction\",\"target\":[\"https:\\\/\\\/elhijodelllanero.mx\\\/index.php\\\/2026\\\/04\\\/23\\\/zona-norte-de-cortazar-atrae-a-empresas\\\/\"]}]},{\"@type\":\"ImageObject\",\"inLanguage\":\"es\",\"@id\":\"https:\\\/\\\/elhijodelllanero.mx\\\/index.php\\\/2026\\\/04\\\/23\\\/zona-norte-de-cortazar-atrae-a-empresas\\\/#primaryimage\",\"url\":\"https:\\\/\\\/i0.wp.com\\\/elhijodelllanero.mx\\\/wp-content\\\/uploads\\\/2026\\\/04\\\/IMG_9310.jpeg?fit=2048%2C1508&ssl=1\",\"contentUrl\":\"https:\\\/\\\/i0.wp.com\\\/elhijodelllanero.mx\\\/wp-content\\\/uploads\\\/2026\\\/04\\\/IMG_9310.jpeg?fit=2048%2C1508&ssl=1\",\"width\":2048,\"height\":1508},{\"@type\":\"BreadcrumbList\",\"@id\":\"https:\\\/\\\/elhijodelllanero.mx\\\/index.php\\\/2026\\\/04\\\/23\\\/zona-norte-de-cortazar-atrae-a-empresas\\\/#breadcrumb\",\"itemListElement\":[{\"@type\":\"ListItem\",\"position\":1,\"name\":\"Portada\",\"item\":\"https:\\\/\\\/elhijodelllanero.mx\\\/\"},{\"@type\":\"ListItem\",\"position\":2,\"name\":\"Zona norte de Cortazar atrae a empresas.\"}]},{\"@type\":\"WebSite\",\"@id\":\"https:\\\/\\\/elhijodelllanero.mx\\\/#website\",\"url\":\"https:\\\/\\\/elhijodelllanero.mx\\\/\",\"name\":\"El Hijo del llanero solititito\",\"description\":\"\",\"potentialAction\":[{\"@type\":\"SearchAction\",\"target\":{\"@type\":\"EntryPoint\",\"urlTemplate\":\"https:\\\/\\\/elhijodelllanero.mx\\\/?s={search_term_string}\"},\"query-input\":{\"@type\":\"PropertyValueSpecification\",\"valueRequired\":true,\"valueName\":\"search_term_string\"}}],\"inLanguage\":\"es\"},{\"@type\":\"Person\",\"@id\":\"https:\\\/\\\/elhijodelllanero.mx\\\/#\\\/schema\\\/person\\\/c7f8c86c55c1eab44ae2b93a9628245f\",\"name\":\"Mar\u00eda de la Paz Rodarte Ram\u00edrez\",\"image\":{\"@type\":\"ImageObject\",\"inLanguage\":\"es\",\"@id\":\"https:\\\/\\\/secure.gravatar.com\\\/avatar\\\/1f38f8518b09a266af73da2bce78d69e7d1275299970134ed62f572e0487e1d0?s=96&d=mm&r=g\",\"url\":\"https:\\\/\\\/secure.gravatar.com\\\/avatar\\\/1f38f8518b09a266af73da2bce78d69e7d1275299970134ed62f572e0487e1d0?s=96&d=mm&r=g\",\"contentUrl\":\"https:\\\/\\\/secure.gravatar.com\\\/avatar\\\/1f38f8518b09a266af73da2bce78d69e7d1275299970134ed62f572e0487e1d0?s=96&d=mm&r=g\",\"caption\":\"Mar\u00eda de la Paz Rodarte Ram\u00edrez\"},\"sameAs\":[\"https:\\\/\\\/www.elhijodelllanero.mx\"],\"url\":\"https:\\\/\\\/elhijodelllanero.mx\\\/index.php\\\/author\\\/maricuas\\\/\"}]}<\/script>\n<!-- \/ Yoast SEO plugin. -->","yoast_head_json":{"title":"Zona norte de Cortazar atrae a empresas. - El Hijo del llanero solititito","robots":{"index":"index","follow":"follow","max-snippet":"max-snippet:-1","max-image-preview":"max-image-preview:large","max-video-preview":"max-video-preview:-1"},"canonical":"https:\/\/elhijodelllanero.mx\/index.php\/2026\/04\/23\/zona-norte-de-cortazar-atrae-a-empresas\/","og_locale":"es_ES","og_type":"article","og_title":"Zona norte de Cortazar atrae a empresas. - El Hijo del llanero solititito","og_description":"Cortazar, Gto. 23 de abril del 2026.- El desarrollo de la zona norte del municipio se perfila como una de las principales apuestas de la administraci\u00f3n local, encabezada por el alcalde Mauricio Estefan\u00eda, quien asegur\u00f3 que ya existe inter\u00e9s de varias empresas por instalarse en la regi\u00f3n. Entre los proyectos que buscan detonar esta \u00e1rea [&hellip;]","og_url":"https:\/\/elhijodelllanero.mx\/index.php\/2026\/04\/23\/zona-norte-de-cortazar-atrae-a-empresas\/","og_site_name":"El Hijo del llanero solititito","article_published_time":"2026-04-23T14:48:01+00:00","og_image":[{"width":2048,"height":1508,"url":"https:\/\/elhijodelllanero.mx\/wp-content\/uploads\/2026\/04\/IMG_9310.jpeg","type":"image\/jpeg"}],"author":"Mar\u00eda de la Paz Rodarte Ram\u00edrez","twitter_card":"summary_large_image","twitter_misc":{"Escrito por":"Mar\u00eda de la Paz Rodarte Ram\u00edrez","Tiempo de lectura":"2 minutos"},"schema":{"@context":"https:\/\/schema.org","@graph":[{"@type":"Article","@id":"https:\/\/elhijodelllanero.mx\/index.php\/2026\/04\/23\/zona-norte-de-cortazar-atrae-a-empresas\/#article","isPartOf":{"@id":"https:\/\/elhijodelllanero.mx\/index.php\/2026\/04\/23\/zona-norte-de-cortazar-atrae-a-empresas\/"},"author":{"name":"Mar\u00eda de la Paz Rodarte Ram\u00edrez","@id":"https:\/\/elhijodelllanero.mx\/#\/schema\/person\/c7f8c86c55c1eab44ae2b93a9628245f"},"headline":"Zona norte de Cortazar atrae a empresas.","datePublished":"2026-04-23T14:48:01+00:00","mainEntityOfPage":{"@id":"https:\/\/elhijodelllanero.mx\/index.php\/2026\/04\/23\/zona-norte-de-cortazar-atrae-a-empresas\/"},"wordCount":238,"commentCount":0,"image":{"@id":"https:\/\/elhijodelllanero.mx\/index.php\/2026\/04\/23\/zona-norte-de-cortazar-atrae-a-empresas\/#primaryimage"},"thumbnailUrl":"https:\/\/i0.wp.com\/elhijodelllanero.mx\/wp-content\/uploads\/2026\/04\/IMG_9310.jpeg?fit=2048%2C1508&ssl=1","articleSection":["CORTAZAR","MUNICIPIOS"],"inLanguage":"es","potentialAction":[{"@type":"CommentAction","name":"Comment","target":["https:\/\/elhijodelllanero.mx\/index.php\/2026\/04\/23\/zona-norte-de-cortazar-atrae-a-empresas\/#respond"]}]},{"@type":"WebPage","@id":"https:\/\/elhijodelllanero.mx\/index.php\/2026\/04\/23\/zona-norte-de-cortazar-atrae-a-empresas\/","url":"https:\/\/elhijodelllanero.mx\/index.php\/2026\/04\/23\/zona-norte-de-cortazar-atrae-a-empresas\/","name":"Zona norte de Cortazar atrae a empresas. - El Hijo del llanero solititito","isPartOf":{"@id":"https:\/\/elhijodelllanero.mx\/#website"},"primaryImageOfPage":{"@id":"https:\/\/elhijodelllanero.mx\/index.php\/2026\/04\/23\/zona-norte-de-cortazar-atrae-a-empresas\/#primaryimage"},"image":{"@id":"https:\/\/elhijodelllanero.mx\/index.php\/2026\/04\/23\/zona-norte-de-cortazar-atrae-a-empresas\/#primaryimage"},"thumbnailUrl":"https:\/\/i0.wp.com\/elhijodelllanero.mx\/wp-content\/uploads\/2026\/04\/IMG_9310.jpeg?fit=2048%2C1508&ssl=1","datePublished":"2026-04-23T14:48:01+00:00","author":{"@id":"https:\/\/elhijodelllanero.mx\/#\/schema\/person\/c7f8c86c55c1eab44ae2b93a9628245f"},"breadcrumb":{"@id":"https:\/\/elhijodelllanero.mx\/index.php\/2026\/04\/23\/zona-norte-de-cortazar-atrae-a-empresas\/#breadcrumb"},"inLanguage":"es","potentialAction":[{"@type":"ReadAction","target":["https:\/\/elhijodelllanero.mx\/index.php\/2026\/04\/23\/zona-norte-de-cortazar-atrae-a-empresas\/"]}]},{"@type":"ImageObject","inLanguage":"es","@id":"https:\/\/elhijodelllanero.mx\/index.php\/2026\/04\/23\/zona-norte-de-cortazar-atrae-a-empresas\/#primaryimage","url":"https:\/\/i0.wp.com\/elhijodelllanero.mx\/wp-content\/uploads\/2026\/04\/IMG_9310.jpeg?fit=2048%2C1508&ssl=1","contentUrl":"https:\/\/i0.wp.com\/elhijodelllanero.mx\/wp-content\/uploads\/2026\/04\/IMG_9310.jpeg?fit=2048%2C1508&ssl=1","width":2048,"height":1508},{"@type":"BreadcrumbList","@id":"https:\/\/elhijodelllanero.mx\/index.php\/2026\/04\/23\/zona-norte-de-cortazar-atrae-a-empresas\/#breadcrumb","itemListElement":[{"@type":"ListItem","position":1,"name":"Portada","item":"https:\/\/elhijodelllanero.mx\/"},{"@type":"ListItem","position":2,"name":"Zona norte de Cortazar atrae a empresas."}]},{"@type":"WebSite","@id":"https:\/\/elhijodelllanero.mx\/#website","url":"https:\/\/elhijodelllanero.mx\/","name":"El Hijo del llanero solititito","description":"","potentialAction":[{"@type":"SearchAction","target":{"@type":"EntryPoint","urlTemplate":"https:\/\/elhijodelllanero.mx\/?s={search_term_string}"},"query-input":{"@type":"PropertyValueSpecification","valueRequired":true,"valueName":"search_term_string"}}],"inLanguage":"es"},{"@type":"Person","@id":"https:\/\/elhijodelllanero.mx\/#\/schema\/person\/c7f8c86c55c1eab44ae2b93a9628245f","name":"Mar\u00eda de la Paz Rodarte Ram\u00edrez","image":{"@type":"ImageObject","inLanguage":"es","@id":"https:\/\/secure.gravatar.com\/avatar\/1f38f8518b09a266af73da2bce78d69e7d1275299970134ed62f572e0487e1d0?s=96&d=mm&r=g","url":"https:\/\/secure.gravatar.com\/avatar\/1f38f8518b09a266af73da2bce78d69e7d1275299970134ed62f572e0487e1d0?s=96&d=mm&r=g","contentUrl":"https:\/\/secure.gravatar.com\/avatar\/1f38f8518b09a266af73da2bce78d69e7d1275299970134ed62f572e0487e1d0?s=96&d=mm&r=g","caption":"Mar\u00eda de la Paz Rodarte Ram\u00edrez"},"sameAs":["https:\/\/www.elhijodelllanero.mx"],"url":"https:\/\/elhijodelllanero.mx\/index.php\/author\/maricuas\/"}]}},"jetpack_featured_media_url":"https:\/\/i0.wp.com\/elhijodelllanero.mx\/wp-content\/uploads\/2026\/04\/IMG_9310.jpeg?fit=2048%2C1508&ssl=1","jetpack-related-posts":[],"jetpack_sharing_enabled":true,"_links":{"self":[{"href":"https:\/\/elhijodelllanero.mx\/index.php\/wp-json\/wp\/v2\/posts\/14089","targetHints":{"allow":["GET"]}}],"collection":[{"href":"https:\/\/elhijodelllanero.mx\/index.php\/wp-json\/wp\/v2\/posts"}],"about":[{"href":"https:\/\/elhijodelllanero.mx\/index.php\/wp-json\/wp\/v2\/types\/post"}],"author":[{"embeddable":true,"href":"https:\/\/elhijodelllanero.mx\/index.php\/wp-json\/wp\/v2\/users\/3"}],"replies":[{"embeddable":true,"href":"https:\/\/elhijodelllanero.mx\/index.php\/wp-json\/wp\/v2\/comments?post=14089"}],"version-history":[{"count":1,"href":"https:\/\/elhijodelllanero.mx\/index.php\/wp-json\/wp\/v2\/posts\/14089\/revisions"}],"predecessor-version":[{"id":14091,"href":"https:\/\/elhijodelllanero.mx\/index.php\/wp-json\/wp\/v2\/posts\/14089\/revisions\/14091"}],"wp:featuredmedia":[{"embeddable":true,"href":"https:\/\/elhijodelllanero.mx\/index.php\/wp-json\/wp\/v2\/media\/14090"}],"wp:attachment":[{"href":"https:\/\/elhijodelllanero.mx\/index.php\/wp-json\/wp\/v2\/media?parent=14089"}],"wp:term":[{"taxonomy":"category","embeddable":true,"href":"https:\/\/elhijodelllanero.mx\/index.php\/wp-json\/wp\/v2\/categories?post=14089"},{"taxonomy":"post_tag","embeddable":true,"href":"https:\/\/elhijodelllanero.mx\/index.php\/wp-json\/wp\/v2\/tags?post=14089"}],"curies":[{"name":"wp","href":"https:\/\/api.w.org\/{rel}","templated":true}]}}