{"id":14092,"date":"2026-04-23T12:24:54","date_gmt":"2026-04-23T18:24:54","guid":{"rendered":"https:\/\/elhijodelllanero.mx\/?p=14092"},"modified":"2026-04-23T12:24:54","modified_gmt":"2026-04-23T18:24:54","slug":"celaya-se-pone-la-capa-carrera-superheroes-2026-busca-reunir-a-1500-participantes-por-una-causa-que-si-importa","status":"publish","type":"post","link":"https:\/\/elhijodelllanero.mx\/index.php\/2026\/04\/23\/celaya-se-pone-la-capa-carrera-superheroes-2026-busca-reunir-a-1500-participantes-por-una-causa-que-si-importa\/","title":{"rendered":"Celaya se pone la capa: carrera \u201cSuperh\u00e9roes 2026\u201d busca reunir a 1,500 participantes por una causa que s\u00ed importa."},"content":{"rendered":"<p>Celaya, Gto. 23 de abril del 2026.-Con la meta de superar sus propias cifras, el grupo de corredores Clandestinos, encabezado por Adriana V\u00e1zquez y H\u00e9ctor Ram\u00edrez, alista la tercera edici\u00f3n de la carrera con causa \u201cSuperh\u00e9roes 2026\u201d, que se llevar\u00e1 a cabo el domingo 17 de mayo y espera convocar a mil 500 personas.<\/p>\n<p>El evento no solo busca llenar las calles de corredores, sino tambi\u00e9n generar apoyo real para el Proyecto Cara Feliz, enfocado en el tratamiento de ni\u00f1as y ni\u00f1os con paladar hendido, adem\u00e1s de respaldar a Laura Monroy, quien se encuentra en espera de un trasplante bipulmonar.<\/p>\n<p>Durante la presentaci\u00f3n, autoridades y organizadores detallaron que las distancias ser\u00e1n de 3, 6 y 10 kil\u00f3metros. Las dos primeras tendr\u00e1n un enfoque recreativo, ideal para quienes quieren moverse sin sufrir demasiado, mientras que la ruta de 10 kil\u00f3metros ser\u00e1 competitiva y contar\u00e1 con categor\u00edas como Libre, M\u00e1ster, Juvenil y Veteranos, adem\u00e1s de una bolsa acumulada de 50 mil pesos.<\/p>\n<p>El recorrido tambi\u00e9n cambia este a\u00f1o. La salida ser\u00e1 desde Mazda Zapata, sobre el bulevar Adolfo L\u00f3pez Mateos Oriente, avanzando hacia el poniente con paso por vialidades clave como Plan de Ayutla, 16 de Septiembre, Alameda Hidalgo y el coraz\u00f3n del centro de la ciudad, antes de regresar al punto de partida.<\/p>\n<p>El crecimiento ha sido constante: en su primera edici\u00f3n participaron 800 personas, en la segunda 1,300 y ahora van por m\u00e1s. Y s\u00ed, adem\u00e1s de corredores experimentados de distintos estados, tambi\u00e9n habr\u00e1 espacio para quienes apenas est\u00e1n empezando o simplemente quieren caminar y apoyar.<\/p>\n<p>La inscripci\u00f3n tiene un costo de 430 pesos para adultos y 250 para menores, en ambos casos sumando un kilo de ayuda, porque aqu\u00ed no solo se corre\u2026 tambi\u00e9n se aporta.<\/p>\n<p>Al final, entre capas, tenis y buenas intenciones, esta carrera tiene algo que muchas otras no: una raz\u00f3n que va m\u00e1s all\u00e1 de la meta.<\/p>\n","protected":false},"excerpt":{"rendered":"<p>Celaya, Gto. 23 de abril del 2026.-Con la meta de superar sus propias cifras, el grupo de corredores Clandestinos, encabezado por Adriana V\u00e1zquez y H\u00e9ctor Ram\u00edrez, alista la tercera edici\u00f3n de la carrera con causa \u201cSuperh\u00e9roes 2026\u201d, que se llevar\u00e1 a cabo el domingo 17 de mayo y espera convocar a mil 500 personas. El [&hellip;]<\/p>\n","protected":false},"author":3,"featured_media":14093,"comment_status":"open","ping_status":"closed","sticky":false,"template":"","format":"standard","meta":{"_jetpack_newsletter_access":"","_jetpack_dont_email_post_to_subs":false,"_jetpack_newsletter_tier_id":0,"_jetpack_memberships_contains_paywalled_content":false,"_jetpack_memberships_contains_paid_content":false,"footnotes":""},"categories":[74,40],"tags":[],"class_list":{"0":"post-14092","1":"post","2":"type-post","3":"status-publish","4":"format-standard","5":"has-post-thumbnail","7":"category-celaya","8":"category-deportes"},"yoast_head":"<!-- This site is optimized with the Yoast SEO plugin v27.3 - https:\/\/yoast.com\/product\/yoast-seo-wordpress\/ -->\n<title>Celaya se pone la capa: carrera \u201cSuperh\u00e9roes 2026\u201d busca reunir a 1,500 participantes por una causa que s\u00ed importa. - El Hijo del llanero solititito<\/title>\n<meta name=\"robots\" content=\"index, follow, max-snippet:-1, max-image-preview:large, max-video-preview:-1\" \/>\n<link rel=\"canonical\" href=\"https:\/\/elhijodelllanero.mx\/index.php\/2026\/04\/23\/celaya-se-pone-la-capa-carrera-superheroes-2026-busca-reunir-a-1500-participantes-por-una-causa-que-si-importa\/\" \/>\n<meta property=\"og:locale\" content=\"es_ES\" \/>\n<meta property=\"og:type\" content=\"article\" \/>\n<meta property=\"og:title\" content=\"Celaya se pone la capa: carrera \u201cSuperh\u00e9roes 2026\u201d busca reunir a 1,500 participantes por una causa que s\u00ed importa. - El Hijo del llanero solititito\" \/>\n<meta property=\"og:description\" content=\"Celaya, Gto. 23 de abril del 2026.-Con la meta de superar sus propias cifras, el grupo de corredores Clandestinos, encabezado por Adriana V\u00e1zquez y H\u00e9ctor Ram\u00edrez, alista la tercera edici\u00f3n de la carrera con causa \u201cSuperh\u00e9roes 2026\u201d, que se llevar\u00e1 a cabo el domingo 17 de mayo y espera convocar a mil 500 personas. El [&hellip;]\" \/>\n<meta property=\"og:url\" content=\"https:\/\/elhijodelllanero.mx\/index.php\/2026\/04\/23\/celaya-se-pone-la-capa-carrera-superheroes-2026-busca-reunir-a-1500-participantes-por-una-causa-que-si-importa\/\" \/>\n<meta property=\"og:site_name\" content=\"El Hijo del llanero solititito\" \/>\n<meta property=\"article:published_time\" content=\"2026-04-23T18:24:54+00:00\" \/>\n<meta property=\"og:image\" content=\"https:\/\/elhijodelllanero.mx\/wp-content\/uploads\/2026\/04\/3d4d84c4-7f13-4ac8-bd3d-c6769ce5ff03.jpeg\" \/>\n\t<meta property=\"og:image:width\" content=\"1600\" \/>\n\t<meta property=\"og:image:height\" content=\"1204\" \/>\n\t<meta property=\"og:image:type\" content=\"image\/jpeg\" \/>\n<meta name=\"author\" content=\"Mar\u00eda de la Paz Rodarte Ram\u00edrez\" \/>\n<meta name=\"twitter:card\" content=\"summary_large_image\" \/>\n<meta name=\"twitter:label1\" content=\"Escrito por\" \/>\n\t<meta name=\"twitter:data1\" content=\"Mar\u00eda de la Paz Rodarte Ram\u00edrez\" \/>\n\t<meta name=\"twitter:label2\" content=\"Tiempo de lectura\" \/>\n\t<meta name=\"twitter:data2\" content=\"2 minutos\" \/>\n<script type=\"application\/ld+json\" class=\"yoast-schema-graph\">{\"@context\":\"https:\\\/\\\/schema.org\",\"@graph\":[{\"@type\":\"Article\",\"@id\":\"https:\\\/\\\/elhijodelllanero.mx\\\/index.php\\\/2026\\\/04\\\/23\\\/celaya-se-pone-la-capa-carrera-superheroes-2026-busca-reunir-a-1500-participantes-por-una-causa-que-si-importa\\\/#article\",\"isPartOf\":{\"@id\":\"https:\\\/\\\/elhijodelllanero.mx\\\/index.php\\\/2026\\\/04\\\/23\\\/celaya-se-pone-la-capa-carrera-superheroes-2026-busca-reunir-a-1500-participantes-por-una-causa-que-si-importa\\\/\"},\"author\":{\"name\":\"Mar\u00eda de la Paz Rodarte Ram\u00edrez\",\"@id\":\"https:\\\/\\\/elhijodelllanero.mx\\\/#\\\/schema\\\/person\\\/c7f8c86c55c1eab44ae2b93a9628245f\"},\"headline\":\"Celaya se pone la capa: carrera \u201cSuperh\u00e9roes 2026\u201d busca reunir a 1,500 participantes por una causa que s\u00ed importa.\",\"datePublished\":\"2026-04-23T18:24:54+00:00\",\"mainEntityOfPage\":{\"@id\":\"https:\\\/\\\/elhijodelllanero.mx\\\/index.php\\\/2026\\\/04\\\/23\\\/celaya-se-pone-la-capa-carrera-superheroes-2026-busca-reunir-a-1500-participantes-por-una-causa-que-si-importa\\\/\"},\"wordCount\":346,\"commentCount\":0,\"image\":{\"@id\":\"https:\\\/\\\/elhijodelllanero.mx\\\/index.php\\\/2026\\\/04\\\/23\\\/celaya-se-pone-la-capa-carrera-superheroes-2026-busca-reunir-a-1500-participantes-por-una-causa-que-si-importa\\\/#primaryimage\"},\"thumbnailUrl\":\"https:\\\/\\\/i0.wp.com\\\/elhijodelllanero.mx\\\/wp-content\\\/uploads\\\/2026\\\/04\\\/3d4d84c4-7f13-4ac8-bd3d-c6769ce5ff03.jpeg?fit=1600%2C1204&ssl=1\",\"articleSection\":[\"CELAYA\",\"DEPORTES\"],\"inLanguage\":\"es\",\"potentialAction\":[{\"@type\":\"CommentAction\",\"name\":\"Comment\",\"target\":[\"https:\\\/\\\/elhijodelllanero.mx\\\/index.php\\\/2026\\\/04\\\/23\\\/celaya-se-pone-la-capa-carrera-superheroes-2026-busca-reunir-a-1500-participantes-por-una-causa-que-si-importa\\\/#respond\"]}]},{\"@type\":\"WebPage\",\"@id\":\"https:\\\/\\\/elhijodelllanero.mx\\\/index.php\\\/2026\\\/04\\\/23\\\/celaya-se-pone-la-capa-carrera-superheroes-2026-busca-reunir-a-1500-participantes-por-una-causa-que-si-importa\\\/\",\"url\":\"https:\\\/\\\/elhijodelllanero.mx\\\/index.php\\\/2026\\\/04\\\/23\\\/celaya-se-pone-la-capa-carrera-superheroes-2026-busca-reunir-a-1500-participantes-por-una-causa-que-si-importa\\\/\",\"name\":\"Celaya se pone la capa: carrera \u201cSuperh\u00e9roes 2026\u201d busca reunir a 1,500 participantes por una causa que s\u00ed importa. - El Hijo del llanero solititito\",\"isPartOf\":{\"@id\":\"https:\\\/\\\/elhijodelllanero.mx\\\/#website\"},\"primaryImageOfPage\":{\"@id\":\"https:\\\/\\\/elhijodelllanero.mx\\\/index.php\\\/2026\\\/04\\\/23\\\/celaya-se-pone-la-capa-carrera-superheroes-2026-busca-reunir-a-1500-participantes-por-una-causa-que-si-importa\\\/#primaryimage\"},\"image\":{\"@id\":\"https:\\\/\\\/elhijodelllanero.mx\\\/index.php\\\/2026\\\/04\\\/23\\\/celaya-se-pone-la-capa-carrera-superheroes-2026-busca-reunir-a-1500-participantes-por-una-causa-que-si-importa\\\/#primaryimage\"},\"thumbnailUrl\":\"https:\\\/\\\/i0.wp.com\\\/elhijodelllanero.mx\\\/wp-content\\\/uploads\\\/2026\\\/04\\\/3d4d84c4-7f13-4ac8-bd3d-c6769ce5ff03.jpeg?fit=1600%2C1204&ssl=1\",\"datePublished\":\"2026-04-23T18:24:54+00:00\",\"author\":{\"@id\":\"https:\\\/\\\/elhijodelllanero.mx\\\/#\\\/schema\\\/person\\\/c7f8c86c55c1eab44ae2b93a9628245f\"},\"breadcrumb\":{\"@id\":\"https:\\\/\\\/elhijodelllanero.mx\\\/index.php\\\/2026\\\/04\\\/23\\\/celaya-se-pone-la-capa-carrera-superheroes-2026-busca-reunir-a-1500-participantes-por-una-causa-que-si-importa\\\/#breadcrumb\"},\"inLanguage\":\"es\",\"potentialAction\":[{\"@type\":\"ReadAction\",\"target\":[\"https:\\\/\\\/elhijodelllanero.mx\\\/index.php\\\/2026\\\/04\\\/23\\\/celaya-se-pone-la-capa-carrera-superheroes-2026-busca-reunir-a-1500-participantes-por-una-causa-que-si-importa\\\/\"]}]},{\"@type\":\"ImageObject\",\"inLanguage\":\"es\",\"@id\":\"https:\\\/\\\/elhijodelllanero.mx\\\/index.php\\\/2026\\\/04\\\/23\\\/celaya-se-pone-la-capa-carrera-superheroes-2026-busca-reunir-a-1500-participantes-por-una-causa-que-si-importa\\\/#primaryimage\",\"url\":\"https:\\\/\\\/i0.wp.com\\\/elhijodelllanero.mx\\\/wp-content\\\/uploads\\\/2026\\\/04\\\/3d4d84c4-7f13-4ac8-bd3d-c6769ce5ff03.jpeg?fit=1600%2C1204&ssl=1\",\"contentUrl\":\"https:\\\/\\\/i0.wp.com\\\/elhijodelllanero.mx\\\/wp-content\\\/uploads\\\/2026\\\/04\\\/3d4d84c4-7f13-4ac8-bd3d-c6769ce5ff03.jpeg?fit=1600%2C1204&ssl=1\",\"width\":1600,\"height\":1204},{\"@type\":\"BreadcrumbList\",\"@id\":\"https:\\\/\\\/elhijodelllanero.mx\\\/index.php\\\/2026\\\/04\\\/23\\\/celaya-se-pone-la-capa-carrera-superheroes-2026-busca-reunir-a-1500-participantes-por-una-causa-que-si-importa\\\/#breadcrumb\",\"itemListElement\":[{\"@type\":\"ListItem\",\"position\":1,\"name\":\"Portada\",\"item\":\"https:\\\/\\\/elhijodelllanero.mx\\\/\"},{\"@type\":\"ListItem\",\"position\":2,\"name\":\"Celaya se pone la capa: carrera \u201cSuperh\u00e9roes 2026\u201d busca reunir a 1,500 participantes por una causa que s\u00ed importa.\"}]},{\"@type\":\"WebSite\",\"@id\":\"https:\\\/\\\/elhijodelllanero.mx\\\/#website\",\"url\":\"https:\\\/\\\/elhijodelllanero.mx\\\/\",\"name\":\"El Hijo del llanero solititito\",\"description\":\"\",\"potentialAction\":[{\"@type\":\"SearchAction\",\"target\":{\"@type\":\"EntryPoint\",\"urlTemplate\":\"https:\\\/\\\/elhijodelllanero.mx\\\/?s={search_term_string}\"},\"query-input\":{\"@type\":\"PropertyValueSpecification\",\"valueRequired\":true,\"valueName\":\"search_term_string\"}}],\"inLanguage\":\"es\"},{\"@type\":\"Person\",\"@id\":\"https:\\\/\\\/elhijodelllanero.mx\\\/#\\\/schema\\\/person\\\/c7f8c86c55c1eab44ae2b93a9628245f\",\"name\":\"Mar\u00eda de la Paz Rodarte Ram\u00edrez\",\"image\":{\"@type\":\"ImageObject\",\"inLanguage\":\"es\",\"@id\":\"https:\\\/\\\/secure.gravatar.com\\\/avatar\\\/1f38f8518b09a266af73da2bce78d69e7d1275299970134ed62f572e0487e1d0?s=96&d=mm&r=g\",\"url\":\"https:\\\/\\\/secure.gravatar.com\\\/avatar\\\/1f38f8518b09a266af73da2bce78d69e7d1275299970134ed62f572e0487e1d0?s=96&d=mm&r=g\",\"contentUrl\":\"https:\\\/\\\/secure.gravatar.com\\\/avatar\\\/1f38f8518b09a266af73da2bce78d69e7d1275299970134ed62f572e0487e1d0?s=96&d=mm&r=g\",\"caption\":\"Mar\u00eda de la Paz Rodarte Ram\u00edrez\"},\"sameAs\":[\"https:\\\/\\\/www.elhijodelllanero.mx\"],\"url\":\"https:\\\/\\\/elhijodelllanero.mx\\\/index.php\\\/author\\\/maricuas\\\/\"}]}<\/script>\n<!-- \/ Yoast SEO plugin. -->","yoast_head_json":{"title":"Celaya se pone la capa: carrera \u201cSuperh\u00e9roes 2026\u201d busca reunir a 1,500 participantes por una causa que s\u00ed importa. - El Hijo del llanero solititito","robots":{"index":"index","follow":"follow","max-snippet":"max-snippet:-1","max-image-preview":"max-image-preview:large","max-video-preview":"max-video-preview:-1"},"canonical":"https:\/\/elhijodelllanero.mx\/index.php\/2026\/04\/23\/celaya-se-pone-la-capa-carrera-superheroes-2026-busca-reunir-a-1500-participantes-por-una-causa-que-si-importa\/","og_locale":"es_ES","og_type":"article","og_title":"Celaya se pone la capa: carrera \u201cSuperh\u00e9roes 2026\u201d busca reunir a 1,500 participantes por una causa que s\u00ed importa. - El Hijo del llanero solititito","og_description":"Celaya, Gto. 23 de abril del 2026.-Con la meta de superar sus propias cifras, el grupo de corredores Clandestinos, encabezado por Adriana V\u00e1zquez y H\u00e9ctor Ram\u00edrez, alista la tercera edici\u00f3n de la carrera con causa \u201cSuperh\u00e9roes 2026\u201d, que se llevar\u00e1 a cabo el domingo 17 de mayo y espera convocar a mil 500 personas. El [&hellip;]","og_url":"https:\/\/elhijodelllanero.mx\/index.php\/2026\/04\/23\/celaya-se-pone-la-capa-carrera-superheroes-2026-busca-reunir-a-1500-participantes-por-una-causa-que-si-importa\/","og_site_name":"El Hijo del llanero solititito","article_published_time":"2026-04-23T18:24:54+00:00","og_image":[{"width":1600,"height":1204,"url":"https:\/\/elhijodelllanero.mx\/wp-content\/uploads\/2026\/04\/3d4d84c4-7f13-4ac8-bd3d-c6769ce5ff03.jpeg","type":"image\/jpeg"}],"author":"Mar\u00eda de la Paz Rodarte Ram\u00edrez","twitter_card":"summary_large_image","twitter_misc":{"Escrito por":"Mar\u00eda de la Paz Rodarte Ram\u00edrez","Tiempo de lectura":"2 minutos"},"schema":{"@context":"https:\/\/schema.org","@graph":[{"@type":"Article","@id":"https:\/\/elhijodelllanero.mx\/index.php\/2026\/04\/23\/celaya-se-pone-la-capa-carrera-superheroes-2026-busca-reunir-a-1500-participantes-por-una-causa-que-si-importa\/#article","isPartOf":{"@id":"https:\/\/elhijodelllanero.mx\/index.php\/2026\/04\/23\/celaya-se-pone-la-capa-carrera-superheroes-2026-busca-reunir-a-1500-participantes-por-una-causa-que-si-importa\/"},"author":{"name":"Mar\u00eda de la Paz Rodarte Ram\u00edrez","@id":"https:\/\/elhijodelllanero.mx\/#\/schema\/person\/c7f8c86c55c1eab44ae2b93a9628245f"},"headline":"Celaya se pone la capa: carrera \u201cSuperh\u00e9roes 2026\u201d busca reunir a 1,500 participantes por una causa que s\u00ed importa.","datePublished":"2026-04-23T18:24:54+00:00","mainEntityOfPage":{"@id":"https:\/\/elhijodelllanero.mx\/index.php\/2026\/04\/23\/celaya-se-pone-la-capa-carrera-superheroes-2026-busca-reunir-a-1500-participantes-por-una-causa-que-si-importa\/"},"wordCount":346,"commentCount":0,"image":{"@id":"https:\/\/elhijodelllanero.mx\/index.php\/2026\/04\/23\/celaya-se-pone-la-capa-carrera-superheroes-2026-busca-reunir-a-1500-participantes-por-una-causa-que-si-importa\/#primaryimage"},"thumbnailUrl":"https:\/\/i0.wp.com\/elhijodelllanero.mx\/wp-content\/uploads\/2026\/04\/3d4d84c4-7f13-4ac8-bd3d-c6769ce5ff03.jpeg?fit=1600%2C1204&ssl=1","articleSection":["CELAYA","DEPORTES"],"inLanguage":"es","potentialAction":[{"@type":"CommentAction","name":"Comment","target":["https:\/\/elhijodelllanero.mx\/index.php\/2026\/04\/23\/celaya-se-pone-la-capa-carrera-superheroes-2026-busca-reunir-a-1500-participantes-por-una-causa-que-si-importa\/#respond"]}]},{"@type":"WebPage","@id":"https:\/\/elhijodelllanero.mx\/index.php\/2026\/04\/23\/celaya-se-pone-la-capa-carrera-superheroes-2026-busca-reunir-a-1500-participantes-por-una-causa-que-si-importa\/","url":"https:\/\/elhijodelllanero.mx\/index.php\/2026\/04\/23\/celaya-se-pone-la-capa-carrera-superheroes-2026-busca-reunir-a-1500-participantes-por-una-causa-que-si-importa\/","name":"Celaya se pone la capa: carrera \u201cSuperh\u00e9roes 2026\u201d busca reunir a 1,500 participantes por una causa que s\u00ed importa. - El Hijo del llanero solititito","isPartOf":{"@id":"https:\/\/elhijodelllanero.mx\/#website"},"primaryImageOfPage":{"@id":"https:\/\/elhijodelllanero.mx\/index.php\/2026\/04\/23\/celaya-se-pone-la-capa-carrera-superheroes-2026-busca-reunir-a-1500-participantes-por-una-causa-que-si-importa\/#primaryimage"},"image":{"@id":"https:\/\/elhijodelllanero.mx\/index.php\/2026\/04\/23\/celaya-se-pone-la-capa-carrera-superheroes-2026-busca-reunir-a-1500-participantes-por-una-causa-que-si-importa\/#primaryimage"},"thumbnailUrl":"https:\/\/i0.wp.com\/elhijodelllanero.mx\/wp-content\/uploads\/2026\/04\/3d4d84c4-7f13-4ac8-bd3d-c6769ce5ff03.jpeg?fit=1600%2C1204&ssl=1","datePublished":"2026-04-23T18:24:54+00:00","author":{"@id":"https:\/\/elhijodelllanero.mx\/#\/schema\/person\/c7f8c86c55c1eab44ae2b93a9628245f"},"breadcrumb":{"@id":"https:\/\/elhijodelllanero.mx\/index.php\/2026\/04\/23\/celaya-se-pone-la-capa-carrera-superheroes-2026-busca-reunir-a-1500-participantes-por-una-causa-que-si-importa\/#breadcrumb"},"inLanguage":"es","potentialAction":[{"@type":"ReadAction","target":["https:\/\/elhijodelllanero.mx\/index.php\/2026\/04\/23\/celaya-se-pone-la-capa-carrera-superheroes-2026-busca-reunir-a-1500-participantes-por-una-causa-que-si-importa\/"]}]},{"@type":"ImageObject","inLanguage":"es","@id":"https:\/\/elhijodelllanero.mx\/index.php\/2026\/04\/23\/celaya-se-pone-la-capa-carrera-superheroes-2026-busca-reunir-a-1500-participantes-por-una-causa-que-si-importa\/#primaryimage","url":"https:\/\/i0.wp.com\/elhijodelllanero.mx\/wp-content\/uploads\/2026\/04\/3d4d84c4-7f13-4ac8-bd3d-c6769ce5ff03.jpeg?fit=1600%2C1204&ssl=1","contentUrl":"https:\/\/i0.wp.com\/elhijodelllanero.mx\/wp-content\/uploads\/2026\/04\/3d4d84c4-7f13-4ac8-bd3d-c6769ce5ff03.jpeg?fit=1600%2C1204&ssl=1","width":1600,"height":1204},{"@type":"BreadcrumbList","@id":"https:\/\/elhijodelllanero.mx\/index.php\/2026\/04\/23\/celaya-se-pone-la-capa-carrera-superheroes-2026-busca-reunir-a-1500-participantes-por-una-causa-que-si-importa\/#breadcrumb","itemListElement":[{"@type":"ListItem","position":1,"name":"Portada","item":"https:\/\/elhijodelllanero.mx\/"},{"@type":"ListItem","position":2,"name":"Celaya se pone la capa: carrera \u201cSuperh\u00e9roes 2026\u201d busca reunir a 1,500 participantes por una causa que s\u00ed importa."}]},{"@type":"WebSite","@id":"https:\/\/elhijodelllanero.mx\/#website","url":"https:\/\/elhijodelllanero.mx\/","name":"El Hijo del llanero solititito","description":"","potentialAction":[{"@type":"SearchAction","target":{"@type":"EntryPoint","urlTemplate":"https:\/\/elhijodelllanero.mx\/?s={search_term_string}"},"query-input":{"@type":"PropertyValueSpecification","valueRequired":true,"valueName":"search_term_string"}}],"inLanguage":"es"},{"@type":"Person","@id":"https:\/\/elhijodelllanero.mx\/#\/schema\/person\/c7f8c86c55c1eab44ae2b93a9628245f","name":"Mar\u00eda de la Paz Rodarte Ram\u00edrez","image":{"@type":"ImageObject","inLanguage":"es","@id":"https:\/\/secure.gravatar.com\/avatar\/1f38f8518b09a266af73da2bce78d69e7d1275299970134ed62f572e0487e1d0?s=96&d=mm&r=g","url":"https:\/\/secure.gravatar.com\/avatar\/1f38f8518b09a266af73da2bce78d69e7d1275299970134ed62f572e0487e1d0?s=96&d=mm&r=g","contentUrl":"https:\/\/secure.gravatar.com\/avatar\/1f38f8518b09a266af73da2bce78d69e7d1275299970134ed62f572e0487e1d0?s=96&d=mm&r=g","caption":"Mar\u00eda de la Paz Rodarte Ram\u00edrez"},"sameAs":["https:\/\/www.elhijodelllanero.mx"],"url":"https:\/\/elhijodelllanero.mx\/index.php\/author\/maricuas\/"}]}},"jetpack_featured_media_url":"https:\/\/i0.wp.com\/elhijodelllanero.mx\/wp-content\/uploads\/2026\/04\/3d4d84c4-7f13-4ac8-bd3d-c6769ce5ff03.jpeg?fit=1600%2C1204&ssl=1","jetpack-related-posts":[],"jetpack_sharing_enabled":true,"_links":{"self":[{"href":"https:\/\/elhijodelllanero.mx\/index.php\/wp-json\/wp\/v2\/posts\/14092","targetHints":{"allow":["GET"]}}],"collection":[{"href":"https:\/\/elhijodelllanero.mx\/index.php\/wp-json\/wp\/v2\/posts"}],"about":[{"href":"https:\/\/elhijodelllanero.mx\/index.php\/wp-json\/wp\/v2\/types\/post"}],"author":[{"embeddable":true,"href":"https:\/\/elhijodelllanero.mx\/index.php\/wp-json\/wp\/v2\/users\/3"}],"replies":[{"embeddable":true,"href":"https:\/\/elhijodelllanero.mx\/index.php\/wp-json\/wp\/v2\/comments?post=14092"}],"version-history":[{"count":1,"href":"https:\/\/elhijodelllanero.mx\/index.php\/wp-json\/wp\/v2\/posts\/14092\/revisions"}],"predecessor-version":[{"id":14094,"href":"https:\/\/elhijodelllanero.mx\/index.php\/wp-json\/wp\/v2\/posts\/14092\/revisions\/14094"}],"wp:featuredmedia":[{"embeddable":true,"href":"https:\/\/elhijodelllanero.mx\/index.php\/wp-json\/wp\/v2\/media\/14093"}],"wp:attachment":[{"href":"https:\/\/elhijodelllanero.mx\/index.php\/wp-json\/wp\/v2\/media?parent=14092"}],"wp:term":[{"taxonomy":"category","embeddable":true,"href":"https:\/\/elhijodelllanero.mx\/index.php\/wp-json\/wp\/v2\/categories?post=14092"},{"taxonomy":"post_tag","embeddable":true,"href":"https:\/\/elhijodelllanero.mx\/index.php\/wp-json\/wp\/v2\/tags?post=14092"}],"curies":[{"name":"wp","href":"https:\/\/api.w.org\/{rel}","templated":true}]}}